{"id":380612,"date":"2026-01-26T05:08:37","date_gmt":"2026-01-26T08:08:37","guid":{"rendered":"https:\/\/www.notibras.com\/site\/?p=380612"},"modified":"2026-01-26T05:08:37","modified_gmt":"2026-01-26T08:08:37","slug":"grandes-mentes-colmeia-construidas-em-grupos","status":"publish","type":"post","link":"https:\/\/www.notibras.com\/site\/grandes-mentes-colmeia-construidas-em-grupos\/","title":{"rendered":"Grandes mentes-colmeia constru\u00eddas em grupos"},"content":{"rendered":"<p>Imagine um grupo de pessoas pensando, sentindo e fazendo coisas na mesma \u201cvibe\u201d, repetidamente, por muito tempo. Quando isso acontece, essa \u201cvibe\u201d come\u00e7a a ganhar uma certa coer\u00eancia e continuidade, pois n\u00e3o depende mais s\u00f3 de uma pessoa. Ela adquire uma esp\u00e9cie de \u201cpersonalidade pr\u00f3pria\u201d. Muita gente chama esse fen\u00f4meno de mente-colmeia. Inspirado em insetos sociais como as abelhas e as formigas, o grupo funciona como um superorganismo.<\/p>\n<p>Uma egr\u00e9gora \u00e9 uma forma de \u201cmente-colmeia\u201d feita de pensamentos, emo\u00e7\u00f5es e inten\u00e7\u00f5es de um grupo. Ela n\u00e3o \u00e9, necessariamente, um \u201cesp\u00edrito\u201d no sentido tradicional, nem um \u201cdeus\u201d pronto e acabado. Est\u00e1 mais para um \u201ccampo de consci\u00eancia compartilhado\u201d. Podemos dizer que uma egr\u00e9gora \u00e9 mental e real ao mesmo tempo. \u00c9 mental porque \u00e9 feita de consci\u00eancia, pensamento e emo\u00e7\u00e3o. \u00c9 real porque atua, molda comportamentos, cria movimentos hist\u00f3ricos e, em algumas linhas, existe como forma-energia objetiva no plano sutil. Tudo isso simultaneamente! Ao entrar nela, voc\u00ea come\u00e7a a ser influenciado, por\u00e9m a influencia em menor escala.<\/p>\n<p>N\u00f3s j\u00e1 vivemos, provavelmente sem saber, v\u00e1rios tipos de egr\u00e9goras na vida. Agora me conte: numa torcida de futebol, em que voc\u00ea e todo mundo gritam igual, xingam igual, vibram igual\u2026 voc\u00ea se sente mais corajoso, mais agressivo ou mais euf\u00f3rico que o \u201cnormal\u201d? Se sim, bem-vindo: voc\u00ea est\u00e1 ligado \u00e0 egr\u00e9gora do time. Os exemplos s\u00e3o abundantes. Pense no ambiente de trabalho do tipo empresa \u201cfam\u00edlia\u201d, empresa \u201ct\u00f3xica\u201d ou empresa de \u201cmotiva\u00e7\u00e3o for\u00e7ada\u201d, no qual, mesmo quando muda metade do time, a vibe geral continua parecida. Por que ser\u00e1?<\/p>\n<p>Isso \u00e9 o \u201ccampo mental\/emocional\u201d que j\u00e1 est\u00e1 ali, alimentado por anos. Da mesma forma, h\u00e1 a \u201creligi\u00e3o de fam\u00edlia\u201d que, mesmo que voc\u00ea a deixe formalmente, \u00e0s vezes ainda faz voc\u00ea sentir culpa, medo ou a sensa\u00e7\u00e3o de estar sendo \u201cobservado\u201d. Parte disso s\u00e3o quest\u00f5es emocionais e psicol\u00f3gicas individuais; a outra parte \u00e9 o peso da \u201cegr\u00e9gora religiosa\u201d que voc\u00ea frequentou.<\/p>\n<p>O novo exemplo de egr\u00e9gora, na vers\u00e3o internet, s\u00e3o as comunidades online, onde muita gente est\u00e1 obcecada pela mesma coisa, usando os mesmos memes, as mesmas g\u00edrias e reagindo de forma semelhante aos \u201cinimigos\u201d. Como uma egr\u00e9gora surge a partir de v\u00e1rios comportamentos e inten\u00e7\u00f5es, na internet esse fen\u00f4meno \u00e9 exponencialmente abrangente. Olhe s\u00f3 este exemplo: a \u201cvibe\u201d dos cantos e motiva\u00e7\u00f5es comuns vistos em rituais, cultos, reuni\u00f5es, torcidas etc. \u00e9 formada por pessoas focando na mesma coisa, com o mesmo sentimento, repetidamente. Da mesma forma, isso ocorre com o compartilhamento de s\u00edmbolos, como bandeiras, bras\u00f5es, miss\u00f5es e mitos.<\/p>\n<p>Com o passar do tempo, esse pacote todo cria uma bolha: quem entra ali come\u00e7a a pensar e sentir de um jeito que \u201ccombina\u201d com aquele lugar, e quem n\u00e3o est\u00e1 passa a ser visto como um \u201cinimigo potencial\u201d. De um ponto de vista mais \u201cpsicol\u00f3gico\u201d, uma egr\u00e9gora se assemelha a um \u201ccampo ps\u00edquico coletivo\u201d, formado por um conjunto de cren\u00e7as e pelas emo\u00e7\u00f5es que influenciam quem entra naquele grupo. Voc\u00ea o percebe como press\u00e3o para se comportar de certo jeito, como culpa ou medo quando pensa diferente e como entusiasmo quando est\u00e1 em sintonia.<\/p>\n<p>Pela \u00f3tica \u201cocultista\u201d, a egr\u00e9gora \u00e9 tratada quase como uma \u201centidade coletiva\u201d, com a qual \u00e9 poss\u00edvel se conectar, conversar, pedir ajuda, perceber e receber \u201crespostas\u201d simb\u00f3licas (sonhos, sincronicidades, insights). Se voc\u00ea \u00e9 mais c\u00e9tico, chama de \u201cinconsciente coletivo mais press\u00e3o social\u201d. Se \u00e9 mais m\u00edstico, chama de \u201cesp\u00edrito do grupo\u201d. Mas, na pr\u00e1tica, o efeito \u00e9 muito parecido. Em um contexto m\u00e1gico\/religioso, voc\u00ea sonha com s\u00edmbolos do grupo, relata sincronicidades ligadas \u00e0quela tradi\u00e7\u00e3o, al\u00e9m da sensa\u00e7\u00e3o de \u201cpresen\u00e7a\u201d quando faz pr\u00e1ticas ligadas ao grupo, mesmo sozinho. Voc\u00ea pode escolher conscientemente em quais egr\u00e9goras, tradi\u00e7\u00f5es e grupos vai se conectar. No in\u00edcio, as sensa\u00e7\u00f5es de pertencimento s\u00e3o iguais em qualquer egr\u00e9gora, e pertencimento \u00e9 fundamental para o ser humano. Pode ser a\u00ed que se esconda a grande armadilha.<\/p>\n<p>Existem egr\u00e9goras saud\u00e1veis e n\u00e3o saud\u00e1veis. Voc\u00ea percebe que entrou em uma egr\u00e9gora pouco saud\u00e1vel quando come\u00e7a a \u201cpensar e falar igual\u201d ao grupo e, sem perceber, coisas que antes pareciam absurdas passam a ser vistas como \u201cnormais\u201d. Voc\u00ea sente culpa ou ang\u00fastia s\u00f3 de cogitar ir contra o fluxo. Parece que \u201ctudo conspira\u201d para voc\u00ea ficar mais envolvido. Pessoas de fora do seu grupo estranham seu comportamento, mas, dentro, todo mundo acha lindo; o que, em geral, n\u00e3o \u00e9 um bom sinal. Mas, quando uma egr\u00e9gora se conduz de forma \u00e9tica e moral, inclusiva e fraterna, ela \u00e9 extremamente \u00fatil. Voc\u00ea entra em um caminho que j\u00e1 tem gente trilhando h\u00e1 muito tempo. Toda aquela aten\u00e7\u00e3o, devo\u00e7\u00e3o e energia j\u00e1 abrem um caminho ps\u00edquico mais \u201cf\u00e1cil\u201d.<\/p>\n<p>O sentimento de pertencimento a algo maior e humano pode tornar-se uma esp\u00e9cie de \u201csuporte emocional\u201d, auxiliando no desenvolvimento da disciplina, da f\u00e9\/confian\u00e7a e da sensa\u00e7\u00e3o de prote\u00e7\u00e3o. \u00c0s vezes, a egr\u00e9gora parece \u201cpux\u00e1-lo\u201d para certos temas e, de repente, os livros aparecem, pessoas surgem e eventos o empurram a trabalhar esses temas. N\u00e3o \u00e9 magia instant\u00e2nea. \u00c9 como pegar carona em um trem em movimento, em vez de sair abrindo trilha na mata sozinho. \u00c9 aprender a usar a for\u00e7a dessas egr\u00e9goras para estudar, ter disciplina e crescer individualmente e em grupo. Se essa egr\u00e9gora mant\u00e9m seu sagrado direito de escolha; o direito de sair quando ela deixa de fazer sentido, de observar, ter senso anal\u00edtico e cr\u00edtico e seguir princ\u00edpios \u00e9ticos e morais para com a humanidade; ela \u00e9 uma op\u00e7\u00e3o segura para o seu crescimento como pessoa e como ocultista.<\/p>\n<p>&#8230;&#8230;&#8230;&#8230;&#8230;&#8230;<\/p>\n<p><strong>Marco Mammoli, Mestre Conselheiro e membro do conselho do Col\u00e9gio de Magos e Sacerdotisas. Voc\u00ea pode entrar em contato com o Col\u00e9gio dos Magos e Sacerdotisas atrav\u00e9s da Bio, Direct e o Whatsapp: 81 997302139.<\/strong><\/p>\n","protected":false},"excerpt":{"rendered":"<p>Imagine um grupo de pessoas pensando, sentindo e fazendo coisas na mesma \u201cvibe\u201d, repetidamente, por muito tempo. Quando isso acontece, essa \u201cvibe\u201d come\u00e7a a ganhar uma certa coer\u00eancia e continuidade, pois n\u00e3o depende mais s\u00f3 de uma pessoa. Ela adquire uma esp\u00e9cie de \u201cpersonalidade pr\u00f3pria\u201d. Muita gente chama esse fen\u00f4meno de mente-colmeia. Inspirado em insetos [&hellip;]<\/p>\n","protected":false},"author":2,"featured_media":380613,"comment_status":"closed","ping_status":"closed","sticky":false,"template":"","format":"standard","meta":{"_acf_changed":false,"footnotes":""},"categories":[237],"tags":[],"class_list":["post-380612","post","type-post","status-publish","format-standard","has-post-thumbnail","hentry","category-oraculos"],"acf":[],"yoast_head":"<!-- This site is optimized with the Yoast SEO plugin v27.2 - https:\/\/yoast.com\/product\/yoast-seo-wordpress\/ -->\n<title>Grandes mentes-colmeia constru\u00eddas em grupos - Notibras<\/title>\n<meta name=\"robots\" content=\"index, follow, max-snippet:-1, max-image-preview:large, max-video-preview:-1\" \/>\n<link rel=\"canonical\" href=\"https:\/\/www.notibras.com\/site\/grandes-mentes-colmeia-construidas-em-grupos\/\" \/>\n<meta property=\"og:locale\" content=\"pt_BR\" \/>\n<meta property=\"og:type\" content=\"article\" \/>\n<meta property=\"og:title\" content=\"Grandes mentes-colmeia constru\u00eddas em grupos - Notibras\" \/>\n<meta property=\"og:description\" content=\"Imagine um grupo de pessoas pensando, sentindo e fazendo coisas na mesma \u201cvibe\u201d, repetidamente, por muito tempo. Quando isso acontece, essa \u201cvibe\u201d come\u00e7a a ganhar uma certa coer\u00eancia e continuidade, pois n\u00e3o depende mais s\u00f3 de uma pessoa. Ela adquire uma esp\u00e9cie de \u201cpersonalidade pr\u00f3pria\u201d. Muita gente chama esse fen\u00f4meno de mente-colmeia. Inspirado em insetos [&hellip;]\" \/>\n<meta property=\"og:url\" content=\"https:\/\/www.notibras.com\/site\/grandes-mentes-colmeia-construidas-em-grupos\/\" \/>\n<meta property=\"og:site_name\" content=\"Notibras\" \/>\n<meta property=\"article:publisher\" content=\"https:\/\/www.facebook.com\/notibras\/\" \/>\n<meta property=\"article:published_time\" content=\"2026-01-26T08:08:37+00:00\" \/>\n<meta property=\"og:image\" content=\"https:\/\/www.notibras.com\/site\/wp-content\/uploads\/2026\/01\/157fb16b-5289-455f-823d-46124ae3e54e.jpg\" \/>\n\t<meta property=\"og:image:width\" content=\"412\" \/>\n\t<meta property=\"og:image:height\" content=\"412\" \/>\n\t<meta property=\"og:image:type\" content=\"image\/jpeg\" \/>\n<meta name=\"author\" content=\"Reda\u00e7\u00e3o\" \/>\n<meta name=\"twitter:card\" content=\"summary_large_image\" \/>\n<meta name=\"twitter:creator\" content=\"@Notibras\" \/>\n<meta name=\"twitter:site\" content=\"@Notibras\" \/>\n<meta name=\"twitter:label1\" content=\"Escrito por\" \/>\n\t<meta name=\"twitter:data1\" content=\"Reda\u00e7\u00e3o\" \/>\n\t<meta name=\"twitter:label2\" content=\"Est. tempo de leitura\" \/>\n\t<meta name=\"twitter:data2\" content=\"6 minutos\" \/>\n<script type=\"application\/ld+json\" class=\"yoast-schema-graph\">{\"@context\":\"https:\/\/schema.org\",\"@graph\":[{\"@type\":\"Article\",\"@id\":\"https:\/\/www.notibras.com\/site\/grandes-mentes-colmeia-construidas-em-grupos\/#article\",\"isPartOf\":{\"@id\":\"https:\/\/www.notibras.com\/site\/grandes-mentes-colmeia-construidas-em-grupos\/\"},\"author\":{\"name\":\"Reda\u00e7\u00e3o\",\"@id\":\"https:\/\/www.notibras.com\/site\/#\/schema\/person\/36ab0979449956132d3e5b517ea76ac8\"},\"headline\":\"Grandes mentes-colmeia constru\u00eddas em grupos\",\"datePublished\":\"2026-01-26T08:08:37+00:00\",\"mainEntityOfPage\":{\"@id\":\"https:\/\/www.notibras.com\/site\/grandes-mentes-colmeia-construidas-em-grupos\/\"},\"wordCount\":1039,\"publisher\":{\"@id\":\"https:\/\/www.notibras.com\/site\/#organization\"},\"image\":{\"@id\":\"https:\/\/www.notibras.com\/site\/grandes-mentes-colmeia-construidas-em-grupos\/#primaryimage\"},\"thumbnailUrl\":\"https:\/\/www.notibras.com\/site\/wp-content\/uploads\/2026\/01\/157fb16b-5289-455f-823d-46124ae3e54e.jpg\",\"articleSection\":[\"Or\u00e1culos\"],\"inLanguage\":\"pt-BR\"},{\"@type\":\"WebPage\",\"@id\":\"https:\/\/www.notibras.com\/site\/grandes-mentes-colmeia-construidas-em-grupos\/\",\"url\":\"https:\/\/www.notibras.com\/site\/grandes-mentes-colmeia-construidas-em-grupos\/\",\"name\":\"Grandes mentes-colmeia constru\u00eddas em grupos - Notibras\",\"isPartOf\":{\"@id\":\"https:\/\/www.notibras.com\/site\/#website\"},\"primaryImageOfPage\":{\"@id\":\"https:\/\/www.notibras.com\/site\/grandes-mentes-colmeia-construidas-em-grupos\/#primaryimage\"},\"image\":{\"@id\":\"https:\/\/www.notibras.com\/site\/grandes-mentes-colmeia-construidas-em-grupos\/#primaryimage\"},\"thumbnailUrl\":\"https:\/\/www.notibras.com\/site\/wp-content\/uploads\/2026\/01\/157fb16b-5289-455f-823d-46124ae3e54e.jpg\",\"datePublished\":\"2026-01-26T08:08:37+00:00\",\"breadcrumb\":{\"@id\":\"https:\/\/www.notibras.com\/site\/grandes-mentes-colmeia-construidas-em-grupos\/#breadcrumb\"},\"inLanguage\":\"pt-BR\",\"potentialAction\":[{\"@type\":\"ReadAction\",\"target\":[\"https:\/\/www.notibras.com\/site\/grandes-mentes-colmeia-construidas-em-grupos\/\"]}]},{\"@type\":\"ImageObject\",\"inLanguage\":\"pt-BR\",\"@id\":\"https:\/\/www.notibras.com\/site\/grandes-mentes-colmeia-construidas-em-grupos\/#primaryimage\",\"url\":\"https:\/\/www.notibras.com\/site\/wp-content\/uploads\/2026\/01\/157fb16b-5289-455f-823d-46124ae3e54e.jpg\",\"contentUrl\":\"https:\/\/www.notibras.com\/site\/wp-content\/uploads\/2026\/01\/157fb16b-5289-455f-823d-46124ae3e54e.jpg\",\"width\":412,\"height\":412},{\"@type\":\"BreadcrumbList\",\"@id\":\"https:\/\/www.notibras.com\/site\/grandes-mentes-colmeia-construidas-em-grupos\/#breadcrumb\",\"itemListElement\":[{\"@type\":\"ListItem\",\"position\":1,\"name\":\"In\u00edcio\",\"item\":\"https:\/\/www.notibras.com\/site\/\"},{\"@type\":\"ListItem\",\"position\":2,\"name\":\"Grandes mentes-colmeia constru\u00eddas em grupos\"}]},{\"@type\":\"WebSite\",\"@id\":\"https:\/\/www.notibras.com\/site\/#website\",\"url\":\"https:\/\/www.notibras.com\/site\/\",\"name\":\"Notibras\",\"description\":\"Not\u00edcias de Bras\u00edlia, do Brasil e do Mundo\",\"publisher\":{\"@id\":\"https:\/\/www.notibras.com\/site\/#organization\"},\"potentialAction\":[{\"@type\":\"SearchAction\",\"target\":{\"@type\":\"EntryPoint\",\"urlTemplate\":\"https:\/\/www.notibras.com\/site\/?s={search_term_string}\"},\"query-input\":{\"@type\":\"PropertyValueSpecification\",\"valueRequired\":true,\"valueName\":\"search_term_string\"}}],\"inLanguage\":\"pt-BR\"},{\"@type\":\"Organization\",\"@id\":\"https:\/\/www.notibras.com\/site\/#organization\",\"name\":\"Grupo Notibras de Comunica\u00e7\u00e3o\",\"url\":\"https:\/\/www.notibras.com\/site\/\",\"logo\":{\"@type\":\"ImageObject\",\"inLanguage\":\"pt-BR\",\"@id\":\"https:\/\/www.notibras.com\/site\/#\/schema\/logo\/image\/\",\"url\":\"https:\/\/www.notibras.com\/site\/wp-content\/uploads\/2023\/01\/notibras23.png\",\"contentUrl\":\"https:\/\/www.notibras.com\/site\/wp-content\/uploads\/2023\/01\/notibras23.png\",\"width\":350,\"height\":87,\"caption\":\"Grupo Notibras de Comunica\u00e7\u00e3o\"},\"image\":{\"@id\":\"https:\/\/www.notibras.com\/site\/#\/schema\/logo\/image\/\"},\"sameAs\":[\"https:\/\/www.facebook.com\/notibras\/\",\"https:\/\/x.com\/Notibras\",\"https:\/\/www.instagram.com\/notibras\/\"]},{\"@type\":\"Person\",\"@id\":\"https:\/\/www.notibras.com\/site\/#\/schema\/person\/36ab0979449956132d3e5b517ea76ac8\",\"name\":\"Reda\u00e7\u00e3o\",\"image\":{\"@type\":\"ImageObject\",\"inLanguage\":\"pt-BR\",\"@id\":\"https:\/\/secure.gravatar.com\/avatar\/e0a867bdedb85fd243eadf09663511f96fc81e0720a4a42581f334ad4303aa6b?s=96&d=mm&r=g\",\"url\":\"https:\/\/secure.gravatar.com\/avatar\/e0a867bdedb85fd243eadf09663511f96fc81e0720a4a42581f334ad4303aa6b?s=96&d=mm&r=g\",\"contentUrl\":\"https:\/\/secure.gravatar.com\/avatar\/e0a867bdedb85fd243eadf09663511f96fc81e0720a4a42581f334ad4303aa6b?s=96&d=mm&r=g\",\"caption\":\"Reda\u00e7\u00e3o\"}}]}<\/script>\n<!-- \/ Yoast SEO plugin. -->","yoast_head_json":{"title":"Grandes mentes-colmeia constru\u00eddas em grupos - Notibras","robots":{"index":"index","follow":"follow","max-snippet":"max-snippet:-1","max-image-preview":"max-image-preview:large","max-video-preview":"max-video-preview:-1"},"canonical":"https:\/\/www.notibras.com\/site\/grandes-mentes-colmeia-construidas-em-grupos\/","og_locale":"pt_BR","og_type":"article","og_title":"Grandes mentes-colmeia constru\u00eddas em grupos - Notibras","og_description":"Imagine um grupo de pessoas pensando, sentindo e fazendo coisas na mesma \u201cvibe\u201d, repetidamente, por muito tempo. Quando isso acontece, essa \u201cvibe\u201d come\u00e7a a ganhar uma certa coer\u00eancia e continuidade, pois n\u00e3o depende mais s\u00f3 de uma pessoa. Ela adquire uma esp\u00e9cie de \u201cpersonalidade pr\u00f3pria\u201d. Muita gente chama esse fen\u00f4meno de mente-colmeia. Inspirado em insetos [&hellip;]","og_url":"https:\/\/www.notibras.com\/site\/grandes-mentes-colmeia-construidas-em-grupos\/","og_site_name":"Notibras","article_publisher":"https:\/\/www.facebook.com\/notibras\/","article_published_time":"2026-01-26T08:08:37+00:00","og_image":[{"width":412,"height":412,"url":"https:\/\/www.notibras.com\/site\/wp-content\/uploads\/2026\/01\/157fb16b-5289-455f-823d-46124ae3e54e.jpg","type":"image\/jpeg"}],"author":"Reda\u00e7\u00e3o","twitter_card":"summary_large_image","twitter_creator":"@Notibras","twitter_site":"@Notibras","twitter_misc":{"Escrito por":"Reda\u00e7\u00e3o","Est. tempo de leitura":"6 minutos"},"schema":{"@context":"https:\/\/schema.org","@graph":[{"@type":"Article","@id":"https:\/\/www.notibras.com\/site\/grandes-mentes-colmeia-construidas-em-grupos\/#article","isPartOf":{"@id":"https:\/\/www.notibras.com\/site\/grandes-mentes-colmeia-construidas-em-grupos\/"},"author":{"name":"Reda\u00e7\u00e3o","@id":"https:\/\/www.notibras.com\/site\/#\/schema\/person\/36ab0979449956132d3e5b517ea76ac8"},"headline":"Grandes mentes-colmeia constru\u00eddas em grupos","datePublished":"2026-01-26T08:08:37+00:00","mainEntityOfPage":{"@id":"https:\/\/www.notibras.com\/site\/grandes-mentes-colmeia-construidas-em-grupos\/"},"wordCount":1039,"publisher":{"@id":"https:\/\/www.notibras.com\/site\/#organization"},"image":{"@id":"https:\/\/www.notibras.com\/site\/grandes-mentes-colmeia-construidas-em-grupos\/#primaryimage"},"thumbnailUrl":"https:\/\/www.notibras.com\/site\/wp-content\/uploads\/2026\/01\/157fb16b-5289-455f-823d-46124ae3e54e.jpg","articleSection":["Or\u00e1culos"],"inLanguage":"pt-BR"},{"@type":"WebPage","@id":"https:\/\/www.notibras.com\/site\/grandes-mentes-colmeia-construidas-em-grupos\/","url":"https:\/\/www.notibras.com\/site\/grandes-mentes-colmeia-construidas-em-grupos\/","name":"Grandes mentes-colmeia constru\u00eddas em grupos - Notibras","isPartOf":{"@id":"https:\/\/www.notibras.com\/site\/#website"},"primaryImageOfPage":{"@id":"https:\/\/www.notibras.com\/site\/grandes-mentes-colmeia-construidas-em-grupos\/#primaryimage"},"image":{"@id":"https:\/\/www.notibras.com\/site\/grandes-mentes-colmeia-construidas-em-grupos\/#primaryimage"},"thumbnailUrl":"https:\/\/www.notibras.com\/site\/wp-content\/uploads\/2026\/01\/157fb16b-5289-455f-823d-46124ae3e54e.jpg","datePublished":"2026-01-26T08:08:37+00:00","breadcrumb":{"@id":"https:\/\/www.notibras.com\/site\/grandes-mentes-colmeia-construidas-em-grupos\/#breadcrumb"},"inLanguage":"pt-BR","potentialAction":[{"@type":"ReadAction","target":["https:\/\/www.notibras.com\/site\/grandes-mentes-colmeia-construidas-em-grupos\/"]}]},{"@type":"ImageObject","inLanguage":"pt-BR","@id":"https:\/\/www.notibras.com\/site\/grandes-mentes-colmeia-construidas-em-grupos\/#primaryimage","url":"https:\/\/www.notibras.com\/site\/wp-content\/uploads\/2026\/01\/157fb16b-5289-455f-823d-46124ae3e54e.jpg","contentUrl":"https:\/\/www.notibras.com\/site\/wp-content\/uploads\/2026\/01\/157fb16b-5289-455f-823d-46124ae3e54e.jpg","width":412,"height":412},{"@type":"BreadcrumbList","@id":"https:\/\/www.notibras.com\/site\/grandes-mentes-colmeia-construidas-em-grupos\/#breadcrumb","itemListElement":[{"@type":"ListItem","position":1,"name":"In\u00edcio","item":"https:\/\/www.notibras.com\/site\/"},{"@type":"ListItem","position":2,"name":"Grandes mentes-colmeia constru\u00eddas em grupos"}]},{"@type":"WebSite","@id":"https:\/\/www.notibras.com\/site\/#website","url":"https:\/\/www.notibras.com\/site\/","name":"Notibras","description":"Not\u00edcias de Bras\u00edlia, do Brasil e do Mundo","publisher":{"@id":"https:\/\/www.notibras.com\/site\/#organization"},"potentialAction":[{"@type":"SearchAction","target":{"@type":"EntryPoint","urlTemplate":"https:\/\/www.notibras.com\/site\/?s={search_term_string}"},"query-input":{"@type":"PropertyValueSpecification","valueRequired":true,"valueName":"search_term_string"}}],"inLanguage":"pt-BR"},{"@type":"Organization","@id":"https:\/\/www.notibras.com\/site\/#organization","name":"Grupo Notibras de Comunica\u00e7\u00e3o","url":"https:\/\/www.notibras.com\/site\/","logo":{"@type":"ImageObject","inLanguage":"pt-BR","@id":"https:\/\/www.notibras.com\/site\/#\/schema\/logo\/image\/","url":"https:\/\/www.notibras.com\/site\/wp-content\/uploads\/2023\/01\/notibras23.png","contentUrl":"https:\/\/www.notibras.com\/site\/wp-content\/uploads\/2023\/01\/notibras23.png","width":350,"height":87,"caption":"Grupo Notibras de Comunica\u00e7\u00e3o"},"image":{"@id":"https:\/\/www.notibras.com\/site\/#\/schema\/logo\/image\/"},"sameAs":["https:\/\/www.facebook.com\/notibras\/","https:\/\/x.com\/Notibras","https:\/\/www.instagram.com\/notibras\/"]},{"@type":"Person","@id":"https:\/\/www.notibras.com\/site\/#\/schema\/person\/36ab0979449956132d3e5b517ea76ac8","name":"Reda\u00e7\u00e3o","image":{"@type":"ImageObject","inLanguage":"pt-BR","@id":"https:\/\/secure.gravatar.com\/avatar\/e0a867bdedb85fd243eadf09663511f96fc81e0720a4a42581f334ad4303aa6b?s=96&d=mm&r=g","url":"https:\/\/secure.gravatar.com\/avatar\/e0a867bdedb85fd243eadf09663511f96fc81e0720a4a42581f334ad4303aa6b?s=96&d=mm&r=g","contentUrl":"https:\/\/secure.gravatar.com\/avatar\/e0a867bdedb85fd243eadf09663511f96fc81e0720a4a42581f334ad4303aa6b?s=96&d=mm&r=g","caption":"Reda\u00e7\u00e3o"}}]}},"amp_enabled":true,"_links":{"self":[{"href":"https:\/\/www.notibras.com\/site\/wp-json\/wp\/v2\/posts\/380612","targetHints":{"allow":["GET"]}}],"collection":[{"href":"https:\/\/www.notibras.com\/site\/wp-json\/wp\/v2\/posts"}],"about":[{"href":"https:\/\/www.notibras.com\/site\/wp-json\/wp\/v2\/types\/post"}],"author":[{"embeddable":true,"href":"https:\/\/www.notibras.com\/site\/wp-json\/wp\/v2\/users\/2"}],"replies":[{"embeddable":true,"href":"https:\/\/www.notibras.com\/site\/wp-json\/wp\/v2\/comments?post=380612"}],"version-history":[{"count":1,"href":"https:\/\/www.notibras.com\/site\/wp-json\/wp\/v2\/posts\/380612\/revisions"}],"predecessor-version":[{"id":380614,"href":"https:\/\/www.notibras.com\/site\/wp-json\/wp\/v2\/posts\/380612\/revisions\/380614"}],"wp:featuredmedia":[{"embeddable":true,"href":"https:\/\/www.notibras.com\/site\/wp-json\/wp\/v2\/media\/380613"}],"wp:attachment":[{"href":"https:\/\/www.notibras.com\/site\/wp-json\/wp\/v2\/media?parent=380612"}],"wp:term":[{"taxonomy":"category","embeddable":true,"href":"https:\/\/www.notibras.com\/site\/wp-json\/wp\/v2\/categories?post=380612"},{"taxonomy":"post_tag","embeddable":true,"href":"https:\/\/www.notibras.com\/site\/wp-json\/wp\/v2\/tags?post=380612"}],"curies":[{"name":"wp","href":"https:\/\/api.w.org\/{rel}","templated":true}]}}