{"id":380615,"date":"2026-01-26T00:14:16","date_gmt":"2026-01-26T03:14:16","guid":{"rendered":"https:\/\/www.notibras.com\/site\/?p=380615"},"modified":"2026-01-26T05:21:42","modified_gmt":"2026-01-26T08:21:42","slug":"ultima-semana-do-mes-vem-com-fase-de-transicao","status":"publish","type":"post","link":"https:\/\/www.notibras.com\/site\/ultima-semana-do-mes-vem-com-fase-de-transicao\/","title":{"rendered":"\u00daltima semana do m\u00eas vem com fase de transi\u00e7\u00e3o"},"content":{"rendered":"<p>A \u00faltima semana de janeiro chega com energia de transi\u00e7\u00e3o: o Sol avan\u00e7a firme por Aqu\u00e1rio, iluminando temas coletivos, escolhas racionais e a necessidade de olhar al\u00e9m do pr\u00f3prio umbigo.<\/p>\n<p>\u00c9 um per\u00edodo prop\u00edcio para reorganizar planos, revisar alian\u00e7as e perceber onde voc\u00ea est\u00e1 insistindo por h\u00e1bito \u2014 e n\u00e3o por convic\u00e7\u00e3o.<\/p>\n<p>H\u00e1 um chamado sutil para o desapego do que j\u00e1 cumpriu seu papel. Conversas francas, decis\u00f5es pr\u00e1ticas e uma dose de ousadia emocional podem fazer toda a diferen\u00e7a.<\/p>\n<p><strong>\u00c1ries<\/strong><br \/>\nA semana pede menos impulso e mais estrat\u00e9gia. Voc\u00ea pode sentir vontade de agir r\u00e1pido, mas os astros sugerem observar antes de partir para o ataque. No trabalho, alian\u00e7as inesperadas podem render frutos. No amor, evite disputas de poder: ouvir pode ser mais revolucion\u00e1rio do que falar.<\/p>\n<p><strong>Touro<\/strong><br \/>\nQuest\u00f5es profissionais ganham destaque e exigem maturidade. \u00c9 hora de assumir responsabilidades ou redefinir limites. Financeiramente, cuidado com gastos por conforto emocional. No campo afetivo, conversas s\u00e9rias fortalecem v\u00ednculos \u2014 desde que sejam honestas.<\/p>\n<p><strong>G\u00eameos<\/strong><br \/>\nA mente est\u00e1 afiada, curiosa e aberta ao novo. Excelente semana para estudos, viagens curtas ou planejamento de projetos que estavam engavetados. No amor, o di\u00e1logo flui, mas evite promessas que n\u00e3o poder\u00e1 cumprir. Leveza, sim; superficialidade, n\u00e3o.<\/p>\n<p><strong>C\u00e2ncer<\/strong><br \/>\nO per\u00edodo mexe com emo\u00e7\u00f5es profundas. Velhas mem\u00f3rias ou quest\u00f5es mal resolvidas podem ressurgir pedindo fechamento. N\u00e3o fuja. No trabalho, aten\u00e7\u00e3o a acordos e detalhes financeiros. No amor, a semana favorece intimidade e confian\u00e7a, desde que voc\u00ea n\u00e3o se feche em sil\u00eancio.<\/p>\n<p><strong>Le\u00e3o<\/strong><br \/>\nRelacionamentos est\u00e3o no centro do palco. Parcerias, afetivas ou profissionais, pedem equil\u00edbrio e respeito m\u00fatuo. \u00c9 hora de dividir o protagonismo. Se estiver solteiro, algu\u00e9m com ideias bem diferentes das suas pode despertar interesse \u2014 e provocar reflex\u00f5es.<\/p>\n<p><strong>Virgem<\/strong><br \/>\nOrganiza\u00e7\u00e3o \u00e9 a palavra-chave. A semana favorece ajustes na rotina, cuidados com a sa\u00fade e produtividade. No trabalho, pequenos detalhes fazem grande diferen\u00e7a. No amor, evite cobran\u00e7as excessivas: nem tudo precisa ser corrigido o tempo todo.<\/p>\n<p><strong>Libra<\/strong><br \/>\nCriatividade, prazer e express\u00e3o pessoal ganham for\u00e7a. Bom momento para retomar hobbies, projetos art\u00edsticos ou simplesmente se permitir mais alegria. No amor, a semana \u00e9 favor\u00e1vel a encontros e reconcilia\u00e7\u00f5es. S\u00f3 cuidado para n\u00e3o adiar decis\u00f5es importantes para agradar os outros.<\/p>\n<p><strong>Escorpi\u00e3o<\/strong><br \/>\nAssuntos familiares ou dom\u00e9sticos pedem aten\u00e7\u00e3o. Pode ser necess\u00e1rio rever din\u00e2micas antigas ou estabelecer novos limites. No trabalho, a semana pede discri\u00e7\u00e3o e estrat\u00e9gia. No amor, emo\u00e7\u00f5es intensas pedem cuidado para n\u00e3o se transformarem em controle.<\/p>\n<p><strong>Sagit\u00e1rio<\/strong><br \/>\nComunica\u00e7\u00e3o em destaque. Conversas importantes, mensagens aguardadas ou decis\u00f5es r\u00e1pidas marcam a semana. Bom momento para negociar e esclarecer mal-entendidos. No amor, palavras t\u00eam peso: use-as para aproximar, n\u00e3o para ferir.<\/p>\n<p><strong>Capric\u00f3rnio<\/strong><br \/>\nQuest\u00f5es financeiras e de seguran\u00e7a material entram em pauta. \u00c9 hora de avaliar gastos, investimentos e prioridades. No trabalho, reconhecimento pode vir, mas exige paci\u00eancia. No amor, a estabilidade emocional depende de voc\u00ea baixar um pouco a guarda.<\/p>\n<p><strong>Aqu\u00e1rio<\/strong><br \/>\nCom o Sol no seu signo, a semana traz vitalidade e senso de identidade. \u00d3timo per\u00edodo para iniciar projetos e se posicionar com mais autenticidade. No amor, o desejo de liberdade aumenta \u2014 s\u00f3 n\u00e3o confunda independ\u00eancia com distanciamento.<\/p>\n<p><strong>Peixes<\/strong><br \/>\nA semana pede recolhimento e escuta interior. Intui\u00e7\u00f5es est\u00e3o fortes, mas \u00e9 preciso filtrar fantasias. Evite assumir problemas que n\u00e3o s\u00e3o seus. No amor, gestos simples falam mais alto do que grandes promessas.<\/p>\n<p>&#8230;&#8230;&#8230;&#8230;&#8230;.<\/p>\n<p><strong>Anabelle Santa&#8217;cruz \u00e9 Editora de Or\u00e1culos<\/strong><\/p>\n","protected":false},"excerpt":{"rendered":"<p>A \u00faltima semana de janeiro chega com energia de transi\u00e7\u00e3o: o Sol avan\u00e7a firme por Aqu\u00e1rio, iluminando temas coletivos, escolhas racionais e a necessidade de olhar al\u00e9m do pr\u00f3prio umbigo. \u00c9 um per\u00edodo prop\u00edcio para reorganizar planos, revisar alian\u00e7as e perceber onde voc\u00ea est\u00e1 insistindo por h\u00e1bito \u2014 e n\u00e3o por convic\u00e7\u00e3o. H\u00e1 um chamado [&hellip;]<\/p>\n","protected":false},"author":2,"featured_media":380617,"comment_status":"closed","ping_status":"closed","sticky":false,"template":"","format":"standard","meta":{"_acf_changed":false,"footnotes":""},"categories":[237],"tags":[],"class_list":["post-380615","post","type-post","status-publish","format-standard","has-post-thumbnail","hentry","category-oraculos"],"acf":[],"yoast_head":"<!-- This site is optimized with the Yoast SEO plugin v27.2 - https:\/\/yoast.com\/product\/yoast-seo-wordpress\/ -->\n<title>\u00daltima semana do m\u00eas vem com fase de transi\u00e7\u00e3o - Notibras<\/title>\n<meta name=\"robots\" content=\"index, follow, max-snippet:-1, max-image-preview:large, max-video-preview:-1\" \/>\n<link rel=\"canonical\" href=\"https:\/\/www.notibras.com\/site\/ultima-semana-do-mes-vem-com-fase-de-transicao\/\" \/>\n<meta property=\"og:locale\" content=\"pt_BR\" \/>\n<meta property=\"og:type\" content=\"article\" \/>\n<meta property=\"og:title\" content=\"\u00daltima semana do m\u00eas vem com fase de transi\u00e7\u00e3o - Notibras\" \/>\n<meta property=\"og:description\" content=\"A \u00faltima semana de janeiro chega com energia de transi\u00e7\u00e3o: o Sol avan\u00e7a firme por Aqu\u00e1rio, iluminando temas coletivos, escolhas racionais e a necessidade de olhar al\u00e9m do pr\u00f3prio umbigo. \u00c9 um per\u00edodo prop\u00edcio para reorganizar planos, revisar alian\u00e7as e perceber onde voc\u00ea est\u00e1 insistindo por h\u00e1bito \u2014 e n\u00e3o por convic\u00e7\u00e3o. H\u00e1 um chamado [&hellip;]\" \/>\n<meta property=\"og:url\" content=\"https:\/\/www.notibras.com\/site\/ultima-semana-do-mes-vem-com-fase-de-transicao\/\" \/>\n<meta property=\"og:site_name\" content=\"Notibras\" \/>\n<meta property=\"article:publisher\" content=\"https:\/\/www.facebook.com\/notibras\/\" \/>\n<meta property=\"article:published_time\" content=\"2026-01-26T03:14:16+00:00\" \/>\n<meta property=\"article:modified_time\" content=\"2026-01-26T08:21:42+00:00\" \/>\n<meta property=\"og:image\" content=\"https:\/\/www.notibras.com\/site\/wp-content\/uploads\/2026\/01\/0fce241a-d709-4653-a03f-d5cd80803cf4.png\" \/>\n\t<meta property=\"og:image:width\" content=\"1024\" \/>\n\t<meta property=\"og:image:height\" content=\"1024\" \/>\n\t<meta property=\"og:image:type\" content=\"image\/png\" \/>\n<meta name=\"author\" content=\"Reda\u00e7\u00e3o\" \/>\n<meta name=\"twitter:card\" content=\"summary_large_image\" \/>\n<meta name=\"twitter:creator\" content=\"@Notibras\" \/>\n<meta name=\"twitter:site\" content=\"@Notibras\" \/>\n<meta name=\"twitter:label1\" content=\"Escrito por\" \/>\n\t<meta name=\"twitter:data1\" content=\"Reda\u00e7\u00e3o\" \/>\n\t<meta name=\"twitter:label2\" content=\"Est. tempo de leitura\" \/>\n\t<meta name=\"twitter:data2\" content=\"4 minutos\" \/>\n<script type=\"application\/ld+json\" class=\"yoast-schema-graph\">{\"@context\":\"https:\/\/schema.org\",\"@graph\":[{\"@type\":\"Article\",\"@id\":\"https:\/\/www.notibras.com\/site\/ultima-semana-do-mes-vem-com-fase-de-transicao\/#article\",\"isPartOf\":{\"@id\":\"https:\/\/www.notibras.com\/site\/ultima-semana-do-mes-vem-com-fase-de-transicao\/\"},\"author\":{\"name\":\"Reda\u00e7\u00e3o\",\"@id\":\"https:\/\/www.notibras.com\/site\/#\/schema\/person\/36ab0979449956132d3e5b517ea76ac8\"},\"headline\":\"\u00daltima semana do m\u00eas vem com fase de transi\u00e7\u00e3o\",\"datePublished\":\"2026-01-26T03:14:16+00:00\",\"dateModified\":\"2026-01-26T08:21:42+00:00\",\"mainEntityOfPage\":{\"@id\":\"https:\/\/www.notibras.com\/site\/ultima-semana-do-mes-vem-com-fase-de-transicao\/\"},\"wordCount\":630,\"publisher\":{\"@id\":\"https:\/\/www.notibras.com\/site\/#organization\"},\"image\":{\"@id\":\"https:\/\/www.notibras.com\/site\/ultima-semana-do-mes-vem-com-fase-de-transicao\/#primaryimage\"},\"thumbnailUrl\":\"https:\/\/www.notibras.com\/site\/wp-content\/uploads\/2026\/01\/0fce241a-d709-4653-a03f-d5cd80803cf4.png\",\"articleSection\":[\"Or\u00e1culos\"],\"inLanguage\":\"pt-BR\"},{\"@type\":\"WebPage\",\"@id\":\"https:\/\/www.notibras.com\/site\/ultima-semana-do-mes-vem-com-fase-de-transicao\/\",\"url\":\"https:\/\/www.notibras.com\/site\/ultima-semana-do-mes-vem-com-fase-de-transicao\/\",\"name\":\"\u00daltima semana do m\u00eas vem com fase de transi\u00e7\u00e3o - Notibras\",\"isPartOf\":{\"@id\":\"https:\/\/www.notibras.com\/site\/#website\"},\"primaryImageOfPage\":{\"@id\":\"https:\/\/www.notibras.com\/site\/ultima-semana-do-mes-vem-com-fase-de-transicao\/#primaryimage\"},\"image\":{\"@id\":\"https:\/\/www.notibras.com\/site\/ultima-semana-do-mes-vem-com-fase-de-transicao\/#primaryimage\"},\"thumbnailUrl\":\"https:\/\/www.notibras.com\/site\/wp-content\/uploads\/2026\/01\/0fce241a-d709-4653-a03f-d5cd80803cf4.png\",\"datePublished\":\"2026-01-26T03:14:16+00:00\",\"dateModified\":\"2026-01-26T08:21:42+00:00\",\"breadcrumb\":{\"@id\":\"https:\/\/www.notibras.com\/site\/ultima-semana-do-mes-vem-com-fase-de-transicao\/#breadcrumb\"},\"inLanguage\":\"pt-BR\",\"potentialAction\":[{\"@type\":\"ReadAction\",\"target\":[\"https:\/\/www.notibras.com\/site\/ultima-semana-do-mes-vem-com-fase-de-transicao\/\"]}]},{\"@type\":\"ImageObject\",\"inLanguage\":\"pt-BR\",\"@id\":\"https:\/\/www.notibras.com\/site\/ultima-semana-do-mes-vem-com-fase-de-transicao\/#primaryimage\",\"url\":\"https:\/\/www.notibras.com\/site\/wp-content\/uploads\/2026\/01\/0fce241a-d709-4653-a03f-d5cd80803cf4.png\",\"contentUrl\":\"https:\/\/www.notibras.com\/site\/wp-content\/uploads\/2026\/01\/0fce241a-d709-4653-a03f-d5cd80803cf4.png\",\"width\":1024,\"height\":1024},{\"@type\":\"BreadcrumbList\",\"@id\":\"https:\/\/www.notibras.com\/site\/ultima-semana-do-mes-vem-com-fase-de-transicao\/#breadcrumb\",\"itemListElement\":[{\"@type\":\"ListItem\",\"position\":1,\"name\":\"In\u00edcio\",\"item\":\"https:\/\/www.notibras.com\/site\/\"},{\"@type\":\"ListItem\",\"position\":2,\"name\":\"\u00daltima semana do m\u00eas vem com fase de transi\u00e7\u00e3o\"}]},{\"@type\":\"WebSite\",\"@id\":\"https:\/\/www.notibras.com\/site\/#website\",\"url\":\"https:\/\/www.notibras.com\/site\/\",\"name\":\"Notibras\",\"description\":\"Not\u00edcias de Bras\u00edlia, do Brasil e do Mundo\",\"publisher\":{\"@id\":\"https:\/\/www.notibras.com\/site\/#organization\"},\"potentialAction\":[{\"@type\":\"SearchAction\",\"target\":{\"@type\":\"EntryPoint\",\"urlTemplate\":\"https:\/\/www.notibras.com\/site\/?s={search_term_string}\"},\"query-input\":{\"@type\":\"PropertyValueSpecification\",\"valueRequired\":true,\"valueName\":\"search_term_string\"}}],\"inLanguage\":\"pt-BR\"},{\"@type\":\"Organization\",\"@id\":\"https:\/\/www.notibras.com\/site\/#organization\",\"name\":\"Grupo Notibras de Comunica\u00e7\u00e3o\",\"url\":\"https:\/\/www.notibras.com\/site\/\",\"logo\":{\"@type\":\"ImageObject\",\"inLanguage\":\"pt-BR\",\"@id\":\"https:\/\/www.notibras.com\/site\/#\/schema\/logo\/image\/\",\"url\":\"https:\/\/www.notibras.com\/site\/wp-content\/uploads\/2023\/01\/notibras23.png\",\"contentUrl\":\"https:\/\/www.notibras.com\/site\/wp-content\/uploads\/2023\/01\/notibras23.png\",\"width\":350,\"height\":87,\"caption\":\"Grupo Notibras de Comunica\u00e7\u00e3o\"},\"image\":{\"@id\":\"https:\/\/www.notibras.com\/site\/#\/schema\/logo\/image\/\"},\"sameAs\":[\"https:\/\/www.facebook.com\/notibras\/\",\"https:\/\/x.com\/Notibras\",\"https:\/\/www.instagram.com\/notibras\/\"]},{\"@type\":\"Person\",\"@id\":\"https:\/\/www.notibras.com\/site\/#\/schema\/person\/36ab0979449956132d3e5b517ea76ac8\",\"name\":\"Reda\u00e7\u00e3o\",\"image\":{\"@type\":\"ImageObject\",\"inLanguage\":\"pt-BR\",\"@id\":\"https:\/\/secure.gravatar.com\/avatar\/e0a867bdedb85fd243eadf09663511f96fc81e0720a4a42581f334ad4303aa6b?s=96&d=mm&r=g\",\"url\":\"https:\/\/secure.gravatar.com\/avatar\/e0a867bdedb85fd243eadf09663511f96fc81e0720a4a42581f334ad4303aa6b?s=96&d=mm&r=g\",\"contentUrl\":\"https:\/\/secure.gravatar.com\/avatar\/e0a867bdedb85fd243eadf09663511f96fc81e0720a4a42581f334ad4303aa6b?s=96&d=mm&r=g\",\"caption\":\"Reda\u00e7\u00e3o\"}}]}<\/script>\n<!-- \/ Yoast SEO plugin. -->","yoast_head_json":{"title":"\u00daltima semana do m\u00eas vem com fase de transi\u00e7\u00e3o - Notibras","robots":{"index":"index","follow":"follow","max-snippet":"max-snippet:-1","max-image-preview":"max-image-preview:large","max-video-preview":"max-video-preview:-1"},"canonical":"https:\/\/www.notibras.com\/site\/ultima-semana-do-mes-vem-com-fase-de-transicao\/","og_locale":"pt_BR","og_type":"article","og_title":"\u00daltima semana do m\u00eas vem com fase de transi\u00e7\u00e3o - Notibras","og_description":"A \u00faltima semana de janeiro chega com energia de transi\u00e7\u00e3o: o Sol avan\u00e7a firme por Aqu\u00e1rio, iluminando temas coletivos, escolhas racionais e a necessidade de olhar al\u00e9m do pr\u00f3prio umbigo. \u00c9 um per\u00edodo prop\u00edcio para reorganizar planos, revisar alian\u00e7as e perceber onde voc\u00ea est\u00e1 insistindo por h\u00e1bito \u2014 e n\u00e3o por convic\u00e7\u00e3o. H\u00e1 um chamado [&hellip;]","og_url":"https:\/\/www.notibras.com\/site\/ultima-semana-do-mes-vem-com-fase-de-transicao\/","og_site_name":"Notibras","article_publisher":"https:\/\/www.facebook.com\/notibras\/","article_published_time":"2026-01-26T03:14:16+00:00","article_modified_time":"2026-01-26T08:21:42+00:00","og_image":[{"width":1024,"height":1024,"url":"https:\/\/www.notibras.com\/site\/wp-content\/uploads\/2026\/01\/0fce241a-d709-4653-a03f-d5cd80803cf4.png","type":"image\/png"}],"author":"Reda\u00e7\u00e3o","twitter_card":"summary_large_image","twitter_creator":"@Notibras","twitter_site":"@Notibras","twitter_misc":{"Escrito por":"Reda\u00e7\u00e3o","Est. tempo de leitura":"4 minutos"},"schema":{"@context":"https:\/\/schema.org","@graph":[{"@type":"Article","@id":"https:\/\/www.notibras.com\/site\/ultima-semana-do-mes-vem-com-fase-de-transicao\/#article","isPartOf":{"@id":"https:\/\/www.notibras.com\/site\/ultima-semana-do-mes-vem-com-fase-de-transicao\/"},"author":{"name":"Reda\u00e7\u00e3o","@id":"https:\/\/www.notibras.com\/site\/#\/schema\/person\/36ab0979449956132d3e5b517ea76ac8"},"headline":"\u00daltima semana do m\u00eas vem com fase de transi\u00e7\u00e3o","datePublished":"2026-01-26T03:14:16+00:00","dateModified":"2026-01-26T08:21:42+00:00","mainEntityOfPage":{"@id":"https:\/\/www.notibras.com\/site\/ultima-semana-do-mes-vem-com-fase-de-transicao\/"},"wordCount":630,"publisher":{"@id":"https:\/\/www.notibras.com\/site\/#organization"},"image":{"@id":"https:\/\/www.notibras.com\/site\/ultima-semana-do-mes-vem-com-fase-de-transicao\/#primaryimage"},"thumbnailUrl":"https:\/\/www.notibras.com\/site\/wp-content\/uploads\/2026\/01\/0fce241a-d709-4653-a03f-d5cd80803cf4.png","articleSection":["Or\u00e1culos"],"inLanguage":"pt-BR"},{"@type":"WebPage","@id":"https:\/\/www.notibras.com\/site\/ultima-semana-do-mes-vem-com-fase-de-transicao\/","url":"https:\/\/www.notibras.com\/site\/ultima-semana-do-mes-vem-com-fase-de-transicao\/","name":"\u00daltima semana do m\u00eas vem com fase de transi\u00e7\u00e3o - Notibras","isPartOf":{"@id":"https:\/\/www.notibras.com\/site\/#website"},"primaryImageOfPage":{"@id":"https:\/\/www.notibras.com\/site\/ultima-semana-do-mes-vem-com-fase-de-transicao\/#primaryimage"},"image":{"@id":"https:\/\/www.notibras.com\/site\/ultima-semana-do-mes-vem-com-fase-de-transicao\/#primaryimage"},"thumbnailUrl":"https:\/\/www.notibras.com\/site\/wp-content\/uploads\/2026\/01\/0fce241a-d709-4653-a03f-d5cd80803cf4.png","datePublished":"2026-01-26T03:14:16+00:00","dateModified":"2026-01-26T08:21:42+00:00","breadcrumb":{"@id":"https:\/\/www.notibras.com\/site\/ultima-semana-do-mes-vem-com-fase-de-transicao\/#breadcrumb"},"inLanguage":"pt-BR","potentialAction":[{"@type":"ReadAction","target":["https:\/\/www.notibras.com\/site\/ultima-semana-do-mes-vem-com-fase-de-transicao\/"]}]},{"@type":"ImageObject","inLanguage":"pt-BR","@id":"https:\/\/www.notibras.com\/site\/ultima-semana-do-mes-vem-com-fase-de-transicao\/#primaryimage","url":"https:\/\/www.notibras.com\/site\/wp-content\/uploads\/2026\/01\/0fce241a-d709-4653-a03f-d5cd80803cf4.png","contentUrl":"https:\/\/www.notibras.com\/site\/wp-content\/uploads\/2026\/01\/0fce241a-d709-4653-a03f-d5cd80803cf4.png","width":1024,"height":1024},{"@type":"BreadcrumbList","@id":"https:\/\/www.notibras.com\/site\/ultima-semana-do-mes-vem-com-fase-de-transicao\/#breadcrumb","itemListElement":[{"@type":"ListItem","position":1,"name":"In\u00edcio","item":"https:\/\/www.notibras.com\/site\/"},{"@type":"ListItem","position":2,"name":"\u00daltima semana do m\u00eas vem com fase de transi\u00e7\u00e3o"}]},{"@type":"WebSite","@id":"https:\/\/www.notibras.com\/site\/#website","url":"https:\/\/www.notibras.com\/site\/","name":"Notibras","description":"Not\u00edcias de Bras\u00edlia, do Brasil e do Mundo","publisher":{"@id":"https:\/\/www.notibras.com\/site\/#organization"},"potentialAction":[{"@type":"SearchAction","target":{"@type":"EntryPoint","urlTemplate":"https:\/\/www.notibras.com\/site\/?s={search_term_string}"},"query-input":{"@type":"PropertyValueSpecification","valueRequired":true,"valueName":"search_term_string"}}],"inLanguage":"pt-BR"},{"@type":"Organization","@id":"https:\/\/www.notibras.com\/site\/#organization","name":"Grupo Notibras de Comunica\u00e7\u00e3o","url":"https:\/\/www.notibras.com\/site\/","logo":{"@type":"ImageObject","inLanguage":"pt-BR","@id":"https:\/\/www.notibras.com\/site\/#\/schema\/logo\/image\/","url":"https:\/\/www.notibras.com\/site\/wp-content\/uploads\/2023\/01\/notibras23.png","contentUrl":"https:\/\/www.notibras.com\/site\/wp-content\/uploads\/2023\/01\/notibras23.png","width":350,"height":87,"caption":"Grupo Notibras de Comunica\u00e7\u00e3o"},"image":{"@id":"https:\/\/www.notibras.com\/site\/#\/schema\/logo\/image\/"},"sameAs":["https:\/\/www.facebook.com\/notibras\/","https:\/\/x.com\/Notibras","https:\/\/www.instagram.com\/notibras\/"]},{"@type":"Person","@id":"https:\/\/www.notibras.com\/site\/#\/schema\/person\/36ab0979449956132d3e5b517ea76ac8","name":"Reda\u00e7\u00e3o","image":{"@type":"ImageObject","inLanguage":"pt-BR","@id":"https:\/\/secure.gravatar.com\/avatar\/e0a867bdedb85fd243eadf09663511f96fc81e0720a4a42581f334ad4303aa6b?s=96&d=mm&r=g","url":"https:\/\/secure.gravatar.com\/avatar\/e0a867bdedb85fd243eadf09663511f96fc81e0720a4a42581f334ad4303aa6b?s=96&d=mm&r=g","contentUrl":"https:\/\/secure.gravatar.com\/avatar\/e0a867bdedb85fd243eadf09663511f96fc81e0720a4a42581f334ad4303aa6b?s=96&d=mm&r=g","caption":"Reda\u00e7\u00e3o"}}]}},"amp_enabled":true,"_links":{"self":[{"href":"https:\/\/www.notibras.com\/site\/wp-json\/wp\/v2\/posts\/380615","targetHints":{"allow":["GET"]}}],"collection":[{"href":"https:\/\/www.notibras.com\/site\/wp-json\/wp\/v2\/posts"}],"about":[{"href":"https:\/\/www.notibras.com\/site\/wp-json\/wp\/v2\/types\/post"}],"author":[{"embeddable":true,"href":"https:\/\/www.notibras.com\/site\/wp-json\/wp\/v2\/users\/2"}],"replies":[{"embeddable":true,"href":"https:\/\/www.notibras.com\/site\/wp-json\/wp\/v2\/comments?post=380615"}],"version-history":[{"count":1,"href":"https:\/\/www.notibras.com\/site\/wp-json\/wp\/v2\/posts\/380615\/revisions"}],"predecessor-version":[{"id":380619,"href":"https:\/\/www.notibras.com\/site\/wp-json\/wp\/v2\/posts\/380615\/revisions\/380619"}],"wp:featuredmedia":[{"embeddable":true,"href":"https:\/\/www.notibras.com\/site\/wp-json\/wp\/v2\/media\/380617"}],"wp:attachment":[{"href":"https:\/\/www.notibras.com\/site\/wp-json\/wp\/v2\/media?parent=380615"}],"wp:term":[{"taxonomy":"category","embeddable":true,"href":"https:\/\/www.notibras.com\/site\/wp-json\/wp\/v2\/categories?post=380615"},{"taxonomy":"post_tag","embeddable":true,"href":"https:\/\/www.notibras.com\/site\/wp-json\/wp\/v2\/tags?post=380615"}],"curies":[{"name":"wp","href":"https:\/\/api.w.org\/{rel}","templated":true}]}}