{"id":380616,"date":"2026-01-28T01:00:55","date_gmt":"2026-01-28T04:00:55","guid":{"rendered":"https:\/\/www.notibras.com\/site\/?p=380616"},"modified":"2026-01-28T04:34:26","modified_gmt":"2026-01-28T07:34:26","slug":"olhares-sobre-porto-alegre-lancamento-do-selo-grao-dagua","status":"publish","type":"post","link":"https:\/\/www.notibras.com\/site\/olhares-sobre-porto-alegre-lancamento-do-selo-grao-dagua\/","title":{"rendered":"Olhares sobre Porto Alegre, lan\u00e7amento do Selo Gr\u00e3o D&#8217;\u00c1gua"},"content":{"rendered":"<p>No dia 6 de dezembro de 2025, o Quintana&#8217;s Bar, em Porto Alegre, foi o palco de um evento liter\u00e1rio inesquec\u00edvel: o lan\u00e7amento da colet\u00e2nea de contos <em>Olhares sobre Porto Alegre<\/em>, que re\u00fane hist\u00f3rias de 14 autores apaixonados pela capital ga\u00facha. O evento marcou a estreia do selo editorial Gr\u00e3o D&#8217;\u00c1gua, criado pelo escritor e editor Paulo Paveck com o objetivo de promover talentos liter\u00e1rios do Rio Grande do Sul.<\/p>\n<p>A noite foi repleta de aut\u00f3grafos, bate-papo e muita literatura de qualidade. Os autores da colet\u00e2nea s\u00e3o Adriana Schons, Amauri Confortin, Andr\u00e9 Hofmeister, Andr\u00e9 Roca, Bruno Dantas, Cecil Cury, Eduardo Mart\u00ednez, Emiliano Pim\u00e9, Marcelo Coelho, Mario Bertani, Paulo Paveck, Ricardo Medeiros, Ulisses Rambo e Waleks Rodrigues, cujas hist\u00f3rias que permeiam Porto Alegre encantaram o p\u00fablico.<\/p>\n<p><em>O menino, o cachorro e o carrinho de supermercado<\/em>, conto de Paulo Paveck, \u00e9 um dos destaques da colet\u00e2nea. Com sua habilidade em narrar hist\u00f3rias que tocam o cora\u00e7\u00e3o do leitor, Paveck \u00e9 um dos autores que se destacam na cena liter\u00e1ria ga\u00facha.<\/p>\n<p>A colet\u00e2nea <em>Olhares sobre Porto Alegre<\/em>\u00a0\u00e9 uma leitura imperd\u00edvel n\u00e3o apenas para os ga\u00fachos, mas para todos os amantes da literatura de qualidade. Com hist\u00f3rias que exploram a ess\u00eancia da capital ga\u00facha, o livro \u00e9 um tributo \u00e0 rica cultura e \u00e0 beleza de Porto Alegre.<\/p>\n<p>O selo Gr\u00e3o D&#8217;\u00c1gua \u00e9 uma iniciativa que promete revolucionar a cena liter\u00e1ria ga\u00facha, promovendo novos talentos e oferecendo uma plataforma para que os autores ga\u00fachos sejam lidos e apreciados. Parab\u00e9ns a Paulo Paveck e aos autores que contribu\u00edram para essa colet\u00e2nea!<\/p>\n<p><strong>&#8230;&#8230;&#8230;&#8230;&#8230;&#8230;&#8230;&#8230;&#8230;&#8230;&#8230;&#8230;&#8230;<\/strong><\/p>\n<p><strong>Instagram: graodagua_<\/strong><\/p>\n","protected":false},"excerpt":{"rendered":"<p>No dia 6 de dezembro de 2025, o Quintana&#8217;s Bar, em Porto Alegre, foi o palco de um evento liter\u00e1rio inesquec\u00edvel: o lan\u00e7amento da colet\u00e2nea de contos Olhares sobre Porto Alegre, que re\u00fane hist\u00f3rias de 14 autores apaixonados pela capital ga\u00facha. O evento marcou a estreia do selo editorial Gr\u00e3o D&#8217;\u00c1gua, criado pelo escritor e [&hellip;]<\/p>\n","protected":false},"author":21,"featured_media":380623,"comment_status":"closed","ping_status":"closed","sticky":false,"template":"","format":"standard","meta":{"_acf_changed":false,"footnotes":""},"categories":[234],"tags":[],"class_list":["post-380616","post","type-post","status-publish","format-standard","has-post-thumbnail","hentry","category-cafe-literario"],"acf":[],"yoast_head":"<!-- This site is optimized with the Yoast SEO plugin v27.2 - https:\/\/yoast.com\/product\/yoast-seo-wordpress\/ -->\n<title>Olhares sobre Porto Alegre, lan\u00e7amento do Selo Gr\u00e3o D&#039;\u00c1gua - Notibras<\/title>\n<meta name=\"robots\" content=\"index, follow, max-snippet:-1, max-image-preview:large, max-video-preview:-1\" \/>\n<link rel=\"canonical\" href=\"https:\/\/www.notibras.com\/site\/olhares-sobre-porto-alegre-lancamento-do-selo-grao-dagua\/\" \/>\n<meta property=\"og:locale\" content=\"pt_BR\" \/>\n<meta property=\"og:type\" content=\"article\" \/>\n<meta property=\"og:title\" content=\"Olhares sobre Porto Alegre, lan\u00e7amento do Selo Gr\u00e3o D&#039;\u00c1gua - Notibras\" \/>\n<meta property=\"og:description\" content=\"No dia 6 de dezembro de 2025, o Quintana&#8217;s Bar, em Porto Alegre, foi o palco de um evento liter\u00e1rio inesquec\u00edvel: o lan\u00e7amento da colet\u00e2nea de contos Olhares sobre Porto Alegre, que re\u00fane hist\u00f3rias de 14 autores apaixonados pela capital ga\u00facha. O evento marcou a estreia do selo editorial Gr\u00e3o D&#8217;\u00c1gua, criado pelo escritor e [&hellip;]\" \/>\n<meta property=\"og:url\" content=\"https:\/\/www.notibras.com\/site\/olhares-sobre-porto-alegre-lancamento-do-selo-grao-dagua\/\" \/>\n<meta property=\"og:site_name\" content=\"Notibras\" \/>\n<meta property=\"article:publisher\" content=\"https:\/\/www.facebook.com\/notibras\/\" \/>\n<meta property=\"article:published_time\" content=\"2026-01-28T04:00:55+00:00\" \/>\n<meta property=\"article:modified_time\" content=\"2026-01-28T07:34:26+00:00\" \/>\n<meta property=\"og:image\" content=\"https:\/\/www.notibras.com\/site\/wp-content\/uploads\/2026\/01\/IMG_0648.jpg\" \/>\n\t<meta property=\"og:image:width\" content=\"629\" \/>\n\t<meta property=\"og:image:height\" content=\"837\" \/>\n\t<meta property=\"og:image:type\" content=\"image\/jpeg\" \/>\n<meta name=\"author\" content=\"Eduardo Mart\u00ednez\" \/>\n<meta name=\"twitter:card\" content=\"summary_large_image\" \/>\n<meta name=\"twitter:creator\" content=\"@Notibras\" \/>\n<meta name=\"twitter:site\" content=\"@Notibras\" \/>\n<meta name=\"twitter:label1\" content=\"Escrito por\" \/>\n\t<meta name=\"twitter:data1\" content=\"Eduardo Mart\u00ednez\" \/>\n\t<meta name=\"twitter:label2\" content=\"Est. tempo de leitura\" \/>\n\t<meta name=\"twitter:data2\" content=\"2 minutos\" \/>\n<script type=\"application\/ld+json\" class=\"yoast-schema-graph\">{\"@context\":\"https:\/\/schema.org\",\"@graph\":[{\"@type\":\"Article\",\"@id\":\"https:\/\/www.notibras.com\/site\/olhares-sobre-porto-alegre-lancamento-do-selo-grao-dagua\/#article\",\"isPartOf\":{\"@id\":\"https:\/\/www.notibras.com\/site\/olhares-sobre-porto-alegre-lancamento-do-selo-grao-dagua\/\"},\"author\":{\"name\":\"Eduardo Mart\u00ednez\",\"@id\":\"https:\/\/www.notibras.com\/site\/#\/schema\/person\/5b7fabf2aedc3ada2105f03b22b4d3dd\"},\"headline\":\"Olhares sobre Porto Alegre, lan\u00e7amento do Selo Gr\u00e3o D&#8217;\u00c1gua\",\"datePublished\":\"2026-01-28T04:00:55+00:00\",\"dateModified\":\"2026-01-28T07:34:26+00:00\",\"mainEntityOfPage\":{\"@id\":\"https:\/\/www.notibras.com\/site\/olhares-sobre-porto-alegre-lancamento-do-selo-grao-dagua\/\"},\"wordCount\":297,\"publisher\":{\"@id\":\"https:\/\/www.notibras.com\/site\/#organization\"},\"image\":{\"@id\":\"https:\/\/www.notibras.com\/site\/olhares-sobre-porto-alegre-lancamento-do-selo-grao-dagua\/#primaryimage\"},\"thumbnailUrl\":\"https:\/\/www.notibras.com\/site\/wp-content\/uploads\/2026\/01\/IMG_0648.jpg\",\"articleSection\":[\"Caf\u00e9 Liter\u00e1rio\"],\"inLanguage\":\"pt-BR\"},{\"@type\":\"WebPage\",\"@id\":\"https:\/\/www.notibras.com\/site\/olhares-sobre-porto-alegre-lancamento-do-selo-grao-dagua\/\",\"url\":\"https:\/\/www.notibras.com\/site\/olhares-sobre-porto-alegre-lancamento-do-selo-grao-dagua\/\",\"name\":\"Olhares sobre Porto Alegre, lan\u00e7amento do Selo Gr\u00e3o D'\u00c1gua - Notibras\",\"isPartOf\":{\"@id\":\"https:\/\/www.notibras.com\/site\/#website\"},\"primaryImageOfPage\":{\"@id\":\"https:\/\/www.notibras.com\/site\/olhares-sobre-porto-alegre-lancamento-do-selo-grao-dagua\/#primaryimage\"},\"image\":{\"@id\":\"https:\/\/www.notibras.com\/site\/olhares-sobre-porto-alegre-lancamento-do-selo-grao-dagua\/#primaryimage\"},\"thumbnailUrl\":\"https:\/\/www.notibras.com\/site\/wp-content\/uploads\/2026\/01\/IMG_0648.jpg\",\"datePublished\":\"2026-01-28T04:00:55+00:00\",\"dateModified\":\"2026-01-28T07:34:26+00:00\",\"breadcrumb\":{\"@id\":\"https:\/\/www.notibras.com\/site\/olhares-sobre-porto-alegre-lancamento-do-selo-grao-dagua\/#breadcrumb\"},\"inLanguage\":\"pt-BR\",\"potentialAction\":[{\"@type\":\"ReadAction\",\"target\":[\"https:\/\/www.notibras.com\/site\/olhares-sobre-porto-alegre-lancamento-do-selo-grao-dagua\/\"]}]},{\"@type\":\"ImageObject\",\"inLanguage\":\"pt-BR\",\"@id\":\"https:\/\/www.notibras.com\/site\/olhares-sobre-porto-alegre-lancamento-do-selo-grao-dagua\/#primaryimage\",\"url\":\"https:\/\/www.notibras.com\/site\/wp-content\/uploads\/2026\/01\/IMG_0648.jpg\",\"contentUrl\":\"https:\/\/www.notibras.com\/site\/wp-content\/uploads\/2026\/01\/IMG_0648.jpg\",\"width\":629,\"height\":837,\"caption\":\"Screenshot\"},{\"@type\":\"BreadcrumbList\",\"@id\":\"https:\/\/www.notibras.com\/site\/olhares-sobre-porto-alegre-lancamento-do-selo-grao-dagua\/#breadcrumb\",\"itemListElement\":[{\"@type\":\"ListItem\",\"position\":1,\"name\":\"In\u00edcio\",\"item\":\"https:\/\/www.notibras.com\/site\/\"},{\"@type\":\"ListItem\",\"position\":2,\"name\":\"Olhares sobre Porto Alegre, lan\u00e7amento do Selo Gr\u00e3o D&#8217;\u00c1gua\"}]},{\"@type\":\"WebSite\",\"@id\":\"https:\/\/www.notibras.com\/site\/#website\",\"url\":\"https:\/\/www.notibras.com\/site\/\",\"name\":\"Notibras\",\"description\":\"Not\u00edcias de Bras\u00edlia, do Brasil e do Mundo\",\"publisher\":{\"@id\":\"https:\/\/www.notibras.com\/site\/#organization\"},\"potentialAction\":[{\"@type\":\"SearchAction\",\"target\":{\"@type\":\"EntryPoint\",\"urlTemplate\":\"https:\/\/www.notibras.com\/site\/?s={search_term_string}\"},\"query-input\":{\"@type\":\"PropertyValueSpecification\",\"valueRequired\":true,\"valueName\":\"search_term_string\"}}],\"inLanguage\":\"pt-BR\"},{\"@type\":\"Organization\",\"@id\":\"https:\/\/www.notibras.com\/site\/#organization\",\"name\":\"Grupo Notibras de Comunica\u00e7\u00e3o\",\"url\":\"https:\/\/www.notibras.com\/site\/\",\"logo\":{\"@type\":\"ImageObject\",\"inLanguage\":\"pt-BR\",\"@id\":\"https:\/\/www.notibras.com\/site\/#\/schema\/logo\/image\/\",\"url\":\"https:\/\/www.notibras.com\/site\/wp-content\/uploads\/2023\/01\/notibras23.png\",\"contentUrl\":\"https:\/\/www.notibras.com\/site\/wp-content\/uploads\/2023\/01\/notibras23.png\",\"width\":350,\"height\":87,\"caption\":\"Grupo Notibras de Comunica\u00e7\u00e3o\"},\"image\":{\"@id\":\"https:\/\/www.notibras.com\/site\/#\/schema\/logo\/image\/\"},\"sameAs\":[\"https:\/\/www.facebook.com\/notibras\/\",\"https:\/\/x.com\/Notibras\",\"https:\/\/www.instagram.com\/notibras\/\"]},{\"@type\":\"Person\",\"@id\":\"https:\/\/www.notibras.com\/site\/#\/schema\/person\/5b7fabf2aedc3ada2105f03b22b4d3dd\",\"name\":\"Eduardo Mart\u00ednez\",\"image\":{\"@type\":\"ImageObject\",\"inLanguage\":\"pt-BR\",\"@id\":\"https:\/\/secure.gravatar.com\/avatar\/7902f906289926289cbcda644b5197c796b893c6ffd7b9a536a42d290f7704a0?s=96&d=mm&r=g\",\"url\":\"https:\/\/secure.gravatar.com\/avatar\/7902f906289926289cbcda644b5197c796b893c6ffd7b9a536a42d290f7704a0?s=96&d=mm&r=g\",\"contentUrl\":\"https:\/\/secure.gravatar.com\/avatar\/7902f906289926289cbcda644b5197c796b893c6ffd7b9a536a42d290f7704a0?s=96&d=mm&r=g\",\"caption\":\"Eduardo Mart\u00ednez\"}}]}<\/script>\n<!-- \/ Yoast SEO plugin. -->","yoast_head_json":{"title":"Olhares sobre Porto Alegre, lan\u00e7amento do Selo Gr\u00e3o D'\u00c1gua - Notibras","robots":{"index":"index","follow":"follow","max-snippet":"max-snippet:-1","max-image-preview":"max-image-preview:large","max-video-preview":"max-video-preview:-1"},"canonical":"https:\/\/www.notibras.com\/site\/olhares-sobre-porto-alegre-lancamento-do-selo-grao-dagua\/","og_locale":"pt_BR","og_type":"article","og_title":"Olhares sobre Porto Alegre, lan\u00e7amento do Selo Gr\u00e3o D'\u00c1gua - Notibras","og_description":"No dia 6 de dezembro de 2025, o Quintana&#8217;s Bar, em Porto Alegre, foi o palco de um evento liter\u00e1rio inesquec\u00edvel: o lan\u00e7amento da colet\u00e2nea de contos Olhares sobre Porto Alegre, que re\u00fane hist\u00f3rias de 14 autores apaixonados pela capital ga\u00facha. O evento marcou a estreia do selo editorial Gr\u00e3o D&#8217;\u00c1gua, criado pelo escritor e [&hellip;]","og_url":"https:\/\/www.notibras.com\/site\/olhares-sobre-porto-alegre-lancamento-do-selo-grao-dagua\/","og_site_name":"Notibras","article_publisher":"https:\/\/www.facebook.com\/notibras\/","article_published_time":"2026-01-28T04:00:55+00:00","article_modified_time":"2026-01-28T07:34:26+00:00","og_image":[{"width":629,"height":837,"url":"https:\/\/www.notibras.com\/site\/wp-content\/uploads\/2026\/01\/IMG_0648.jpg","type":"image\/jpeg"}],"author":"Eduardo Mart\u00ednez","twitter_card":"summary_large_image","twitter_creator":"@Notibras","twitter_site":"@Notibras","twitter_misc":{"Escrito por":"Eduardo Mart\u00ednez","Est. tempo de leitura":"2 minutos"},"schema":{"@context":"https:\/\/schema.org","@graph":[{"@type":"Article","@id":"https:\/\/www.notibras.com\/site\/olhares-sobre-porto-alegre-lancamento-do-selo-grao-dagua\/#article","isPartOf":{"@id":"https:\/\/www.notibras.com\/site\/olhares-sobre-porto-alegre-lancamento-do-selo-grao-dagua\/"},"author":{"name":"Eduardo Mart\u00ednez","@id":"https:\/\/www.notibras.com\/site\/#\/schema\/person\/5b7fabf2aedc3ada2105f03b22b4d3dd"},"headline":"Olhares sobre Porto Alegre, lan\u00e7amento do Selo Gr\u00e3o D&#8217;\u00c1gua","datePublished":"2026-01-28T04:00:55+00:00","dateModified":"2026-01-28T07:34:26+00:00","mainEntityOfPage":{"@id":"https:\/\/www.notibras.com\/site\/olhares-sobre-porto-alegre-lancamento-do-selo-grao-dagua\/"},"wordCount":297,"publisher":{"@id":"https:\/\/www.notibras.com\/site\/#organization"},"image":{"@id":"https:\/\/www.notibras.com\/site\/olhares-sobre-porto-alegre-lancamento-do-selo-grao-dagua\/#primaryimage"},"thumbnailUrl":"https:\/\/www.notibras.com\/site\/wp-content\/uploads\/2026\/01\/IMG_0648.jpg","articleSection":["Caf\u00e9 Liter\u00e1rio"],"inLanguage":"pt-BR"},{"@type":"WebPage","@id":"https:\/\/www.notibras.com\/site\/olhares-sobre-porto-alegre-lancamento-do-selo-grao-dagua\/","url":"https:\/\/www.notibras.com\/site\/olhares-sobre-porto-alegre-lancamento-do-selo-grao-dagua\/","name":"Olhares sobre Porto Alegre, lan\u00e7amento do Selo Gr\u00e3o D'\u00c1gua - Notibras","isPartOf":{"@id":"https:\/\/www.notibras.com\/site\/#website"},"primaryImageOfPage":{"@id":"https:\/\/www.notibras.com\/site\/olhares-sobre-porto-alegre-lancamento-do-selo-grao-dagua\/#primaryimage"},"image":{"@id":"https:\/\/www.notibras.com\/site\/olhares-sobre-porto-alegre-lancamento-do-selo-grao-dagua\/#primaryimage"},"thumbnailUrl":"https:\/\/www.notibras.com\/site\/wp-content\/uploads\/2026\/01\/IMG_0648.jpg","datePublished":"2026-01-28T04:00:55+00:00","dateModified":"2026-01-28T07:34:26+00:00","breadcrumb":{"@id":"https:\/\/www.notibras.com\/site\/olhares-sobre-porto-alegre-lancamento-do-selo-grao-dagua\/#breadcrumb"},"inLanguage":"pt-BR","potentialAction":[{"@type":"ReadAction","target":["https:\/\/www.notibras.com\/site\/olhares-sobre-porto-alegre-lancamento-do-selo-grao-dagua\/"]}]},{"@type":"ImageObject","inLanguage":"pt-BR","@id":"https:\/\/www.notibras.com\/site\/olhares-sobre-porto-alegre-lancamento-do-selo-grao-dagua\/#primaryimage","url":"https:\/\/www.notibras.com\/site\/wp-content\/uploads\/2026\/01\/IMG_0648.jpg","contentUrl":"https:\/\/www.notibras.com\/site\/wp-content\/uploads\/2026\/01\/IMG_0648.jpg","width":629,"height":837,"caption":"Screenshot"},{"@type":"BreadcrumbList","@id":"https:\/\/www.notibras.com\/site\/olhares-sobre-porto-alegre-lancamento-do-selo-grao-dagua\/#breadcrumb","itemListElement":[{"@type":"ListItem","position":1,"name":"In\u00edcio","item":"https:\/\/www.notibras.com\/site\/"},{"@type":"ListItem","position":2,"name":"Olhares sobre Porto Alegre, lan\u00e7amento do Selo Gr\u00e3o D&#8217;\u00c1gua"}]},{"@type":"WebSite","@id":"https:\/\/www.notibras.com\/site\/#website","url":"https:\/\/www.notibras.com\/site\/","name":"Notibras","description":"Not\u00edcias de Bras\u00edlia, do Brasil e do Mundo","publisher":{"@id":"https:\/\/www.notibras.com\/site\/#organization"},"potentialAction":[{"@type":"SearchAction","target":{"@type":"EntryPoint","urlTemplate":"https:\/\/www.notibras.com\/site\/?s={search_term_string}"},"query-input":{"@type":"PropertyValueSpecification","valueRequired":true,"valueName":"search_term_string"}}],"inLanguage":"pt-BR"},{"@type":"Organization","@id":"https:\/\/www.notibras.com\/site\/#organization","name":"Grupo Notibras de Comunica\u00e7\u00e3o","url":"https:\/\/www.notibras.com\/site\/","logo":{"@type":"ImageObject","inLanguage":"pt-BR","@id":"https:\/\/www.notibras.com\/site\/#\/schema\/logo\/image\/","url":"https:\/\/www.notibras.com\/site\/wp-content\/uploads\/2023\/01\/notibras23.png","contentUrl":"https:\/\/www.notibras.com\/site\/wp-content\/uploads\/2023\/01\/notibras23.png","width":350,"height":87,"caption":"Grupo Notibras de Comunica\u00e7\u00e3o"},"image":{"@id":"https:\/\/www.notibras.com\/site\/#\/schema\/logo\/image\/"},"sameAs":["https:\/\/www.facebook.com\/notibras\/","https:\/\/x.com\/Notibras","https:\/\/www.instagram.com\/notibras\/"]},{"@type":"Person","@id":"https:\/\/www.notibras.com\/site\/#\/schema\/person\/5b7fabf2aedc3ada2105f03b22b4d3dd","name":"Eduardo Mart\u00ednez","image":{"@type":"ImageObject","inLanguage":"pt-BR","@id":"https:\/\/secure.gravatar.com\/avatar\/7902f906289926289cbcda644b5197c796b893c6ffd7b9a536a42d290f7704a0?s=96&d=mm&r=g","url":"https:\/\/secure.gravatar.com\/avatar\/7902f906289926289cbcda644b5197c796b893c6ffd7b9a536a42d290f7704a0?s=96&d=mm&r=g","contentUrl":"https:\/\/secure.gravatar.com\/avatar\/7902f906289926289cbcda644b5197c796b893c6ffd7b9a536a42d290f7704a0?s=96&d=mm&r=g","caption":"Eduardo Mart\u00ednez"}}]}},"amp_enabled":true,"_links":{"self":[{"href":"https:\/\/www.notibras.com\/site\/wp-json\/wp\/v2\/posts\/380616","targetHints":{"allow":["GET"]}}],"collection":[{"href":"https:\/\/www.notibras.com\/site\/wp-json\/wp\/v2\/posts"}],"about":[{"href":"https:\/\/www.notibras.com\/site\/wp-json\/wp\/v2\/types\/post"}],"author":[{"embeddable":true,"href":"https:\/\/www.notibras.com\/site\/wp-json\/wp\/v2\/users\/21"}],"replies":[{"embeddable":true,"href":"https:\/\/www.notibras.com\/site\/wp-json\/wp\/v2\/comments?post=380616"}],"version-history":[{"count":4,"href":"https:\/\/www.notibras.com\/site\/wp-json\/wp\/v2\/posts\/380616\/revisions"}],"predecessor-version":[{"id":380625,"href":"https:\/\/www.notibras.com\/site\/wp-json\/wp\/v2\/posts\/380616\/revisions\/380625"}],"wp:featuredmedia":[{"embeddable":true,"href":"https:\/\/www.notibras.com\/site\/wp-json\/wp\/v2\/media\/380623"}],"wp:attachment":[{"href":"https:\/\/www.notibras.com\/site\/wp-json\/wp\/v2\/media?parent=380616"}],"wp:term":[{"taxonomy":"category","embeddable":true,"href":"https:\/\/www.notibras.com\/site\/wp-json\/wp\/v2\/categories?post=380616"},{"taxonomy":"post_tag","embeddable":true,"href":"https:\/\/www.notibras.com\/site\/wp-json\/wp\/v2\/tags?post=380616"}],"curies":[{"name":"wp","href":"https:\/\/api.w.org\/{rel}","templated":true}]}}