{"id":380621,"date":"2026-01-26T05:38:25","date_gmt":"2026-01-26T08:38:25","guid":{"rendered":"https:\/\/www.notibras.com\/site\/?p=380621"},"modified":"2026-01-26T05:38:25","modified_gmt":"2026-01-26T08:38:25","slug":"nikolas-aprende-que-com-chuva-nao-se-deixa-gado-junto-da-cerca","status":"publish","type":"post","link":"https:\/\/www.notibras.com\/site\/nikolas-aprende-que-com-chuva-nao-se-deixa-gado-junto-da-cerca\/","title":{"rendered":"Nikolas aprende que com chuva n\u00e3o se deixa gado junto da cerca"},"content":{"rendered":"<div class=\"gs\">\n<div class=\"\">\n<div id=\":lw\" class=\"ii gt\">\n<div id=\":lv\" class=\"a3s aiL\">\n<div id=\"avWBGd-17\">\n<div dir=\"ltr\">\n<p>Toc toc toc. Quem bate? \u00c9 Nikolas, o menino chatinho! E o que \u00e9 voc\u00ea quer? Seus p\u00e9s inchados n\u00e3o enganam ningu\u00e9m! Ali\u00e1s, como eles incharam se a maior parte de sua espalhafatosa caminhada foi feita sobre a carroceria ou na cabine da caminhonete vermelha? Deixa isso pra l\u00e1, S\u00e3o Pedro. Estou ligando para saber a raz\u00e3o de tanta sacanagem. Depois de me imaginar caminhando 740 km, me autoconcedi um abatimento, fiquei nos 240km, mas vossa reverend\u00edssima (\u00e9 isso mesmo?) n\u00e3o permitiu que eu chegasse nos calcanhares de Alexandre de Moraes. Nos de Lula eu sabia que seria imposs\u00edvel. Por que esse castigo?<\/p>\n<p>Prezado S\u00e3o Pedro, apresentei 22 projetos para liberar verbas para que sua festa fosse bem melhor do que a de S\u00e3o Jo\u00e3o e, sem mais e nem menos, o senhor me apronta essa. N\u00f3s hav\u00edamos combinado uma chuvinha que molhasse somente os p\u00e9s do meu gado. Mas vossa santidade me aprontou algo muito pior do que a vit\u00f3ria de Luiz In\u00e1cio sobre meu \u00eddolo emocional, sensorial e sexual, o homem que amou os pobres, acolheu os doentes e orou pelos atingidos pela febre da Covid. Com a honra de Deus, eu tamb\u00e9m sou gado, mas ele \u00e9 um santo. E o senhor me solta dois raios seguidos no mesmo lugar. Um contra mim e outro contra quem nunca odiou nem um sapo.<\/p>\n<p>Com todo respeito papal, mas, pior do que sua cara de paisagem ao saber da transfer\u00eancia de papi Jair da pens\u00e3o da Pol\u00edcia Federal para a Papudinha, foi me segregar na Pra\u00e7a do Cruzeiro de Bras\u00edlia. Se o senhor n\u00e3o me conhece, sou a excel\u00eancia Nikolas Ferreira, o chupetinha do PL do Valdemar. Merecia mais respeito. A chuva que vossa divindade derramou sobre a Capital do Brasil que eu amo mesmo debaixo de temporal terminou com meu show bem antes do tempo. Me perdoe, mas haver\u00e1 forra para essa brincadeira de mau gosto. Para agradar o gado, tive de me mostrar como um pinto molhado. Logo eu, uma excel\u00eancia que j\u00e1 fez c\u00f3cegas nas costas tosquiadas de Donald Trump e fez cachos na careca do Eduardo, o 03.<\/p>\n<p>Definitivamente, acho que vossa majestade celestial realmente n\u00e3o me conhece. Se conhecesse, n\u00e3o me deixaria discursar para os gatos pingados que sobraram de minha caminhada logo na Pra\u00e7a do Cruzeiro, local onde simbolicamente vive o comunista sacramentado e atleticano roxo Juscelino Kubistchek. N\u00e3o conheci o tal JK, mas soube que foi dele o projeto para constru\u00e7\u00e3o do Pal\u00e1cio do Planalto defronte ao pr\u00e9dio do Supremo Tribunal Federal e bem longe da Papudinha, onde, com toda injusti\u00e7a de Xand\u00e3o, meu guru Papud\u00e3o descansa o sono dos justos.<\/p>\n<p>S\u00e3o Pedro, vossa sapient\u00edssima figura agiu como um desses pastores que mentem diariamente tentando estimular suas ovelhas a aumentar o d\u00edzimo. Me puniu apenas porque surrupiei alguns kms do que havia prometido? O senhor me obrigou a rezar para um bando de gente que achou que eu iria mesmo soltar o Bolsonaro. Logo eu que sempre associei liberdade \u00e0quele bairro oriental de S\u00e3o Paulo. Eu j\u00e1 sou um santo e tenho horror aos que se dizem anjos, mas mentem que s\u00e3o mitos, se elegem presidente e n\u00e3o produzem nada de \u00fatil para o pa\u00eds, para seu povo, muito menos para mim. Sim\u00e3o Pedro, o padroeiro dos pescadores, ouviu calado enquanto pensava o que fazer.<\/p>\n<p>Reagiu ap\u00f3s o ap\u00f3stolo de Jair blasfemar e dizer que, caso fizesse sol na Capital, poderia repensar e at\u00e9 votar em Lula em outubro. Associando a blasf\u00eamia \u00e0 poss\u00edvel candidatura de Nikolas contra 01, S\u00e3o Pedro n\u00e3o pensou duas vezes, perdeu o controle das \u00e1guas que caem dos c\u00e9us e sequer teve tempo de um embargo auricular com Zeus, o principal deus do raio na mitologia grega. O resultado? A caminhada terminou mais sem gra\u00e7a do que come\u00e7ou. Xand\u00e3o almo\u00e7ou em paz, o gado se encolheu com tanta \u00e1gua e Bolsonaro continua preso. Mito por mito, a moral da hist\u00f3ria \u00e9 simples: com S\u00e3o Pedro n\u00e3o se brinca. Qualquer trabalhador da ro\u00e7a sabe que, em dia de chuva, n\u00e3o se deixa o gado perto da cerca. O risco \u00e9 grande da queda de um raio que o parta.<\/p>\n<p>&#8230;&#8230;&#8230;<\/p>\n<p><strong>Wenceslau Ara\u00fajo \u00e9 Editor-Chefe de Notibras<\/strong><\/p>\n<\/div>\n<\/div>\n<\/div>\n<\/div>\n<\/div>\n<\/div>\n","protected":false},"excerpt":{"rendered":"<p>Toc toc toc. Quem bate? \u00c9 Nikolas, o menino chatinho! E o que \u00e9 voc\u00ea quer? Seus p\u00e9s inchados n\u00e3o enganam ningu\u00e9m! Ali\u00e1s, como eles incharam se a maior parte de sua espalhafatosa caminhada foi feita sobre a carroceria ou na cabine da caminhonete vermelha? Deixa isso pra l\u00e1, S\u00e3o Pedro. Estou ligando para saber [&hellip;]<\/p>\n","protected":false},"author":2,"featured_media":380627,"comment_status":"closed","ping_status":"closed","sticky":false,"template":"","format":"standard","meta":{"_acf_changed":false,"footnotes":""},"categories":[16],"tags":[],"class_list":["post-380621","post","type-post","status-publish","format-standard","has-post-thumbnail","hentry","category-brasil"],"acf":[],"yoast_head":"<!-- This site is optimized with the Yoast SEO plugin v27.2 - https:\/\/yoast.com\/product\/yoast-seo-wordpress\/ -->\n<title>Nikolas aprende que com chuva n\u00e3o se deixa gado junto da cerca - Notibras<\/title>\n<meta name=\"robots\" content=\"index, follow, max-snippet:-1, max-image-preview:large, max-video-preview:-1\" \/>\n<link rel=\"canonical\" href=\"https:\/\/www.notibras.com\/site\/nikolas-aprende-que-com-chuva-nao-se-deixa-gado-junto-da-cerca\/\" \/>\n<meta property=\"og:locale\" content=\"pt_BR\" \/>\n<meta property=\"og:type\" content=\"article\" \/>\n<meta property=\"og:title\" content=\"Nikolas aprende que com chuva n\u00e3o se deixa gado junto da cerca - Notibras\" \/>\n<meta property=\"og:description\" content=\"Toc toc toc. Quem bate? \u00c9 Nikolas, o menino chatinho! E o que \u00e9 voc\u00ea quer? Seus p\u00e9s inchados n\u00e3o enganam ningu\u00e9m! Ali\u00e1s, como eles incharam se a maior parte de sua espalhafatosa caminhada foi feita sobre a carroceria ou na cabine da caminhonete vermelha? Deixa isso pra l\u00e1, S\u00e3o Pedro. Estou ligando para saber [&hellip;]\" \/>\n<meta property=\"og:url\" content=\"https:\/\/www.notibras.com\/site\/nikolas-aprende-que-com-chuva-nao-se-deixa-gado-junto-da-cerca\/\" \/>\n<meta property=\"og:site_name\" content=\"Notibras\" \/>\n<meta property=\"article:publisher\" content=\"https:\/\/www.facebook.com\/notibras\/\" \/>\n<meta property=\"article:published_time\" content=\"2026-01-26T08:38:25+00:00\" \/>\n<meta property=\"og:image\" content=\"https:\/\/www.notibras.com\/site\/wp-content\/uploads\/2026\/01\/raio-atinge-manifestantes-em-passeata-de-nikolas-em-brasilia-17693974886309.jpg\" \/>\n\t<meta property=\"og:image:width\" content=\"800\" \/>\n\t<meta property=\"og:image:height\" content=\"450\" \/>\n\t<meta property=\"og:image:type\" content=\"image\/jpeg\" \/>\n<meta name=\"author\" content=\"Reda\u00e7\u00e3o\" \/>\n<meta name=\"twitter:card\" content=\"summary_large_image\" \/>\n<meta name=\"twitter:creator\" content=\"@Notibras\" \/>\n<meta name=\"twitter:site\" content=\"@Notibras\" \/>\n<meta name=\"twitter:label1\" content=\"Escrito por\" \/>\n\t<meta name=\"twitter:data1\" content=\"Reda\u00e7\u00e3o\" \/>\n\t<meta name=\"twitter:label2\" content=\"Est. tempo de leitura\" \/>\n\t<meta name=\"twitter:data2\" content=\"5 minutos\" \/>\n<script type=\"application\/ld+json\" class=\"yoast-schema-graph\">{\"@context\":\"https:\/\/schema.org\",\"@graph\":[{\"@type\":\"Article\",\"@id\":\"https:\/\/www.notibras.com\/site\/nikolas-aprende-que-com-chuva-nao-se-deixa-gado-junto-da-cerca\/#article\",\"isPartOf\":{\"@id\":\"https:\/\/www.notibras.com\/site\/nikolas-aprende-que-com-chuva-nao-se-deixa-gado-junto-da-cerca\/\"},\"author\":{\"name\":\"Reda\u00e7\u00e3o\",\"@id\":\"https:\/\/www.notibras.com\/site\/#\/schema\/person\/36ab0979449956132d3e5b517ea76ac8\"},\"headline\":\"Nikolas aprende que com chuva n\u00e3o se deixa gado junto da cerca\",\"datePublished\":\"2026-01-26T08:38:25+00:00\",\"mainEntityOfPage\":{\"@id\":\"https:\/\/www.notibras.com\/site\/nikolas-aprende-que-com-chuva-nao-se-deixa-gado-junto-da-cerca\/\"},\"wordCount\":760,\"publisher\":{\"@id\":\"https:\/\/www.notibras.com\/site\/#organization\"},\"image\":{\"@id\":\"https:\/\/www.notibras.com\/site\/nikolas-aprende-que-com-chuva-nao-se-deixa-gado-junto-da-cerca\/#primaryimage\"},\"thumbnailUrl\":\"https:\/\/www.notibras.com\/site\/wp-content\/uploads\/2026\/01\/raio-atinge-manifestantes-em-passeata-de-nikolas-em-brasilia-17693974886309.jpg\",\"articleSection\":[\"Brasil\"],\"inLanguage\":\"pt-BR\"},{\"@type\":\"WebPage\",\"@id\":\"https:\/\/www.notibras.com\/site\/nikolas-aprende-que-com-chuva-nao-se-deixa-gado-junto-da-cerca\/\",\"url\":\"https:\/\/www.notibras.com\/site\/nikolas-aprende-que-com-chuva-nao-se-deixa-gado-junto-da-cerca\/\",\"name\":\"Nikolas aprende que com chuva n\u00e3o se deixa gado junto da cerca - Notibras\",\"isPartOf\":{\"@id\":\"https:\/\/www.notibras.com\/site\/#website\"},\"primaryImageOfPage\":{\"@id\":\"https:\/\/www.notibras.com\/site\/nikolas-aprende-que-com-chuva-nao-se-deixa-gado-junto-da-cerca\/#primaryimage\"},\"image\":{\"@id\":\"https:\/\/www.notibras.com\/site\/nikolas-aprende-que-com-chuva-nao-se-deixa-gado-junto-da-cerca\/#primaryimage\"},\"thumbnailUrl\":\"https:\/\/www.notibras.com\/site\/wp-content\/uploads\/2026\/01\/raio-atinge-manifestantes-em-passeata-de-nikolas-em-brasilia-17693974886309.jpg\",\"datePublished\":\"2026-01-26T08:38:25+00:00\",\"breadcrumb\":{\"@id\":\"https:\/\/www.notibras.com\/site\/nikolas-aprende-que-com-chuva-nao-se-deixa-gado-junto-da-cerca\/#breadcrumb\"},\"inLanguage\":\"pt-BR\",\"potentialAction\":[{\"@type\":\"ReadAction\",\"target\":[\"https:\/\/www.notibras.com\/site\/nikolas-aprende-que-com-chuva-nao-se-deixa-gado-junto-da-cerca\/\"]}]},{\"@type\":\"ImageObject\",\"inLanguage\":\"pt-BR\",\"@id\":\"https:\/\/www.notibras.com\/site\/nikolas-aprende-que-com-chuva-nao-se-deixa-gado-junto-da-cerca\/#primaryimage\",\"url\":\"https:\/\/www.notibras.com\/site\/wp-content\/uploads\/2026\/01\/raio-atinge-manifestantes-em-passeata-de-nikolas-em-brasilia-17693974886309.jpg\",\"contentUrl\":\"https:\/\/www.notibras.com\/site\/wp-content\/uploads\/2026\/01\/raio-atinge-manifestantes-em-passeata-de-nikolas-em-brasilia-17693974886309.jpg\",\"width\":800,\"height\":450},{\"@type\":\"BreadcrumbList\",\"@id\":\"https:\/\/www.notibras.com\/site\/nikolas-aprende-que-com-chuva-nao-se-deixa-gado-junto-da-cerca\/#breadcrumb\",\"itemListElement\":[{\"@type\":\"ListItem\",\"position\":1,\"name\":\"In\u00edcio\",\"item\":\"https:\/\/www.notibras.com\/site\/\"},{\"@type\":\"ListItem\",\"position\":2,\"name\":\"Nikolas aprende que com chuva n\u00e3o se deixa gado junto da cerca\"}]},{\"@type\":\"WebSite\",\"@id\":\"https:\/\/www.notibras.com\/site\/#website\",\"url\":\"https:\/\/www.notibras.com\/site\/\",\"name\":\"Notibras\",\"description\":\"Not\u00edcias de Bras\u00edlia, do Brasil e do Mundo\",\"publisher\":{\"@id\":\"https:\/\/www.notibras.com\/site\/#organization\"},\"potentialAction\":[{\"@type\":\"SearchAction\",\"target\":{\"@type\":\"EntryPoint\",\"urlTemplate\":\"https:\/\/www.notibras.com\/site\/?s={search_term_string}\"},\"query-input\":{\"@type\":\"PropertyValueSpecification\",\"valueRequired\":true,\"valueName\":\"search_term_string\"}}],\"inLanguage\":\"pt-BR\"},{\"@type\":\"Organization\",\"@id\":\"https:\/\/www.notibras.com\/site\/#organization\",\"name\":\"Grupo Notibras de Comunica\u00e7\u00e3o\",\"url\":\"https:\/\/www.notibras.com\/site\/\",\"logo\":{\"@type\":\"ImageObject\",\"inLanguage\":\"pt-BR\",\"@id\":\"https:\/\/www.notibras.com\/site\/#\/schema\/logo\/image\/\",\"url\":\"https:\/\/www.notibras.com\/site\/wp-content\/uploads\/2023\/01\/notibras23.png\",\"contentUrl\":\"https:\/\/www.notibras.com\/site\/wp-content\/uploads\/2023\/01\/notibras23.png\",\"width\":350,\"height\":87,\"caption\":\"Grupo Notibras de Comunica\u00e7\u00e3o\"},\"image\":{\"@id\":\"https:\/\/www.notibras.com\/site\/#\/schema\/logo\/image\/\"},\"sameAs\":[\"https:\/\/www.facebook.com\/notibras\/\",\"https:\/\/x.com\/Notibras\",\"https:\/\/www.instagram.com\/notibras\/\"]},{\"@type\":\"Person\",\"@id\":\"https:\/\/www.notibras.com\/site\/#\/schema\/person\/36ab0979449956132d3e5b517ea76ac8\",\"name\":\"Reda\u00e7\u00e3o\",\"image\":{\"@type\":\"ImageObject\",\"inLanguage\":\"pt-BR\",\"@id\":\"https:\/\/secure.gravatar.com\/avatar\/e0a867bdedb85fd243eadf09663511f96fc81e0720a4a42581f334ad4303aa6b?s=96&d=mm&r=g\",\"url\":\"https:\/\/secure.gravatar.com\/avatar\/e0a867bdedb85fd243eadf09663511f96fc81e0720a4a42581f334ad4303aa6b?s=96&d=mm&r=g\",\"contentUrl\":\"https:\/\/secure.gravatar.com\/avatar\/e0a867bdedb85fd243eadf09663511f96fc81e0720a4a42581f334ad4303aa6b?s=96&d=mm&r=g\",\"caption\":\"Reda\u00e7\u00e3o\"}}]}<\/script>\n<!-- \/ Yoast SEO plugin. -->","yoast_head_json":{"title":"Nikolas aprende que com chuva n\u00e3o se deixa gado junto da cerca - Notibras","robots":{"index":"index","follow":"follow","max-snippet":"max-snippet:-1","max-image-preview":"max-image-preview:large","max-video-preview":"max-video-preview:-1"},"canonical":"https:\/\/www.notibras.com\/site\/nikolas-aprende-que-com-chuva-nao-se-deixa-gado-junto-da-cerca\/","og_locale":"pt_BR","og_type":"article","og_title":"Nikolas aprende que com chuva n\u00e3o se deixa gado junto da cerca - Notibras","og_description":"Toc toc toc. Quem bate? \u00c9 Nikolas, o menino chatinho! E o que \u00e9 voc\u00ea quer? Seus p\u00e9s inchados n\u00e3o enganam ningu\u00e9m! Ali\u00e1s, como eles incharam se a maior parte de sua espalhafatosa caminhada foi feita sobre a carroceria ou na cabine da caminhonete vermelha? Deixa isso pra l\u00e1, S\u00e3o Pedro. Estou ligando para saber [&hellip;]","og_url":"https:\/\/www.notibras.com\/site\/nikolas-aprende-que-com-chuva-nao-se-deixa-gado-junto-da-cerca\/","og_site_name":"Notibras","article_publisher":"https:\/\/www.facebook.com\/notibras\/","article_published_time":"2026-01-26T08:38:25+00:00","og_image":[{"width":800,"height":450,"url":"https:\/\/www.notibras.com\/site\/wp-content\/uploads\/2026\/01\/raio-atinge-manifestantes-em-passeata-de-nikolas-em-brasilia-17693974886309.jpg","type":"image\/jpeg"}],"author":"Reda\u00e7\u00e3o","twitter_card":"summary_large_image","twitter_creator":"@Notibras","twitter_site":"@Notibras","twitter_misc":{"Escrito por":"Reda\u00e7\u00e3o","Est. tempo de leitura":"5 minutos"},"schema":{"@context":"https:\/\/schema.org","@graph":[{"@type":"Article","@id":"https:\/\/www.notibras.com\/site\/nikolas-aprende-que-com-chuva-nao-se-deixa-gado-junto-da-cerca\/#article","isPartOf":{"@id":"https:\/\/www.notibras.com\/site\/nikolas-aprende-que-com-chuva-nao-se-deixa-gado-junto-da-cerca\/"},"author":{"name":"Reda\u00e7\u00e3o","@id":"https:\/\/www.notibras.com\/site\/#\/schema\/person\/36ab0979449956132d3e5b517ea76ac8"},"headline":"Nikolas aprende que com chuva n\u00e3o se deixa gado junto da cerca","datePublished":"2026-01-26T08:38:25+00:00","mainEntityOfPage":{"@id":"https:\/\/www.notibras.com\/site\/nikolas-aprende-que-com-chuva-nao-se-deixa-gado-junto-da-cerca\/"},"wordCount":760,"publisher":{"@id":"https:\/\/www.notibras.com\/site\/#organization"},"image":{"@id":"https:\/\/www.notibras.com\/site\/nikolas-aprende-que-com-chuva-nao-se-deixa-gado-junto-da-cerca\/#primaryimage"},"thumbnailUrl":"https:\/\/www.notibras.com\/site\/wp-content\/uploads\/2026\/01\/raio-atinge-manifestantes-em-passeata-de-nikolas-em-brasilia-17693974886309.jpg","articleSection":["Brasil"],"inLanguage":"pt-BR"},{"@type":"WebPage","@id":"https:\/\/www.notibras.com\/site\/nikolas-aprende-que-com-chuva-nao-se-deixa-gado-junto-da-cerca\/","url":"https:\/\/www.notibras.com\/site\/nikolas-aprende-que-com-chuva-nao-se-deixa-gado-junto-da-cerca\/","name":"Nikolas aprende que com chuva n\u00e3o se deixa gado junto da cerca - Notibras","isPartOf":{"@id":"https:\/\/www.notibras.com\/site\/#website"},"primaryImageOfPage":{"@id":"https:\/\/www.notibras.com\/site\/nikolas-aprende-que-com-chuva-nao-se-deixa-gado-junto-da-cerca\/#primaryimage"},"image":{"@id":"https:\/\/www.notibras.com\/site\/nikolas-aprende-que-com-chuva-nao-se-deixa-gado-junto-da-cerca\/#primaryimage"},"thumbnailUrl":"https:\/\/www.notibras.com\/site\/wp-content\/uploads\/2026\/01\/raio-atinge-manifestantes-em-passeata-de-nikolas-em-brasilia-17693974886309.jpg","datePublished":"2026-01-26T08:38:25+00:00","breadcrumb":{"@id":"https:\/\/www.notibras.com\/site\/nikolas-aprende-que-com-chuva-nao-se-deixa-gado-junto-da-cerca\/#breadcrumb"},"inLanguage":"pt-BR","potentialAction":[{"@type":"ReadAction","target":["https:\/\/www.notibras.com\/site\/nikolas-aprende-que-com-chuva-nao-se-deixa-gado-junto-da-cerca\/"]}]},{"@type":"ImageObject","inLanguage":"pt-BR","@id":"https:\/\/www.notibras.com\/site\/nikolas-aprende-que-com-chuva-nao-se-deixa-gado-junto-da-cerca\/#primaryimage","url":"https:\/\/www.notibras.com\/site\/wp-content\/uploads\/2026\/01\/raio-atinge-manifestantes-em-passeata-de-nikolas-em-brasilia-17693974886309.jpg","contentUrl":"https:\/\/www.notibras.com\/site\/wp-content\/uploads\/2026\/01\/raio-atinge-manifestantes-em-passeata-de-nikolas-em-brasilia-17693974886309.jpg","width":800,"height":450},{"@type":"BreadcrumbList","@id":"https:\/\/www.notibras.com\/site\/nikolas-aprende-que-com-chuva-nao-se-deixa-gado-junto-da-cerca\/#breadcrumb","itemListElement":[{"@type":"ListItem","position":1,"name":"In\u00edcio","item":"https:\/\/www.notibras.com\/site\/"},{"@type":"ListItem","position":2,"name":"Nikolas aprende que com chuva n\u00e3o se deixa gado junto da cerca"}]},{"@type":"WebSite","@id":"https:\/\/www.notibras.com\/site\/#website","url":"https:\/\/www.notibras.com\/site\/","name":"Notibras","description":"Not\u00edcias de Bras\u00edlia, do Brasil e do Mundo","publisher":{"@id":"https:\/\/www.notibras.com\/site\/#organization"},"potentialAction":[{"@type":"SearchAction","target":{"@type":"EntryPoint","urlTemplate":"https:\/\/www.notibras.com\/site\/?s={search_term_string}"},"query-input":{"@type":"PropertyValueSpecification","valueRequired":true,"valueName":"search_term_string"}}],"inLanguage":"pt-BR"},{"@type":"Organization","@id":"https:\/\/www.notibras.com\/site\/#organization","name":"Grupo Notibras de Comunica\u00e7\u00e3o","url":"https:\/\/www.notibras.com\/site\/","logo":{"@type":"ImageObject","inLanguage":"pt-BR","@id":"https:\/\/www.notibras.com\/site\/#\/schema\/logo\/image\/","url":"https:\/\/www.notibras.com\/site\/wp-content\/uploads\/2023\/01\/notibras23.png","contentUrl":"https:\/\/www.notibras.com\/site\/wp-content\/uploads\/2023\/01\/notibras23.png","width":350,"height":87,"caption":"Grupo Notibras de Comunica\u00e7\u00e3o"},"image":{"@id":"https:\/\/www.notibras.com\/site\/#\/schema\/logo\/image\/"},"sameAs":["https:\/\/www.facebook.com\/notibras\/","https:\/\/x.com\/Notibras","https:\/\/www.instagram.com\/notibras\/"]},{"@type":"Person","@id":"https:\/\/www.notibras.com\/site\/#\/schema\/person\/36ab0979449956132d3e5b517ea76ac8","name":"Reda\u00e7\u00e3o","image":{"@type":"ImageObject","inLanguage":"pt-BR","@id":"https:\/\/secure.gravatar.com\/avatar\/e0a867bdedb85fd243eadf09663511f96fc81e0720a4a42581f334ad4303aa6b?s=96&d=mm&r=g","url":"https:\/\/secure.gravatar.com\/avatar\/e0a867bdedb85fd243eadf09663511f96fc81e0720a4a42581f334ad4303aa6b?s=96&d=mm&r=g","contentUrl":"https:\/\/secure.gravatar.com\/avatar\/e0a867bdedb85fd243eadf09663511f96fc81e0720a4a42581f334ad4303aa6b?s=96&d=mm&r=g","caption":"Reda\u00e7\u00e3o"}}]}},"amp_enabled":true,"_links":{"self":[{"href":"https:\/\/www.notibras.com\/site\/wp-json\/wp\/v2\/posts\/380621","targetHints":{"allow":["GET"]}}],"collection":[{"href":"https:\/\/www.notibras.com\/site\/wp-json\/wp\/v2\/posts"}],"about":[{"href":"https:\/\/www.notibras.com\/site\/wp-json\/wp\/v2\/types\/post"}],"author":[{"embeddable":true,"href":"https:\/\/www.notibras.com\/site\/wp-json\/wp\/v2\/users\/2"}],"replies":[{"embeddable":true,"href":"https:\/\/www.notibras.com\/site\/wp-json\/wp\/v2\/comments?post=380621"}],"version-history":[{"count":1,"href":"https:\/\/www.notibras.com\/site\/wp-json\/wp\/v2\/posts\/380621\/revisions"}],"predecessor-version":[{"id":380628,"href":"https:\/\/www.notibras.com\/site\/wp-json\/wp\/v2\/posts\/380621\/revisions\/380628"}],"wp:featuredmedia":[{"embeddable":true,"href":"https:\/\/www.notibras.com\/site\/wp-json\/wp\/v2\/media\/380627"}],"wp:attachment":[{"href":"https:\/\/www.notibras.com\/site\/wp-json\/wp\/v2\/media?parent=380621"}],"wp:term":[{"taxonomy":"category","embeddable":true,"href":"https:\/\/www.notibras.com\/site\/wp-json\/wp\/v2\/categories?post=380621"},{"taxonomy":"post_tag","embeddable":true,"href":"https:\/\/www.notibras.com\/site\/wp-json\/wp\/v2\/tags?post=380621"}],"curies":[{"name":"wp","href":"https:\/\/api.w.org\/{rel}","templated":true}]}}