{"id":380629,"date":"2026-01-26T05:00:26","date_gmt":"2026-01-26T08:00:26","guid":{"rendered":"https:\/\/www.notibras.com\/site\/?p=380629"},"modified":"2026-01-26T05:47:39","modified_gmt":"2026-01-26T08:47:39","slug":"eleitor-do-mito-vai-demorar-para-ter-autoestima-e-cidadania-valorizada","status":"publish","type":"post","link":"https:\/\/www.notibras.com\/site\/eleitor-do-mito-vai-demorar-para-ter-autoestima-e-cidadania-valorizada\/","title":{"rendered":"Eleitor do mito vai demorar para ter autoestima e cidadania valorizada"},"content":{"rendered":"<p>Estou em alfa desde a queda livre de um cidad\u00e3o que, ap\u00f3s amea\u00e7ar explodir quart\u00e9is e espa\u00e7os populares, se apresentou ao distinto p\u00fablico brasileiro como salvador de uma p\u00e1tria que ele nunca levou a s\u00e9rio. Do baix\u00edssimo clero, mas com um poder de destrui\u00e7\u00e3o acima da m\u00e9dia da mediocridade do Parlamento brasileiro, pelo menos garantiu, por antecipa\u00e7\u00e3o, o t\u00edtulo de pior presidente que o Brasil j\u00e1 teve desde a Proclama\u00e7\u00e3o da Rep\u00fablica, em 1889. Com seu visceral apego ao caos e ao golpismo violento, iniciou a trajet\u00f3ria presidencial como tenente (capit\u00e3o no soldo).<\/p>\n<p>Todavia, gra\u00e7as ao destino s\u00e9rio e implac\u00e1vel, ainda n\u00e3o est\u00e1 afastada a possibilidade de o ex-chefe supremo das For\u00e7as Armadas ser rebaixado \u00e0 condi\u00e7\u00e3o de soldado raso. Talvez nem isso, pois, no atual uniforme, n\u00e3o cabem divisas, distintivos ou estrelas. E, ao que parece, o presente do capit\u00e3o encalacrado est\u00e1 logo ali, mas o futuro se escafedeu. A quebra de seus sigilos emocionais e f\u00edsicos foi reveladora, do tipo cada checagem um flash. Ali\u00e1s, como diz a g\u00edria, a derrubada dos segredos pessoais do casal das ar\u00e1bias virou ouro. Hoje, pelas mesmas vias que ele usou contra os advers\u00e1rios, o mundo inteiro acompanha seu ocaso.<\/p>\n<p>Conspirador em\u00e9rito contra a vida do povo brasileiro, em especial daqueles com os quais n\u00e3o cerrou fileiras, o Rolando Lero do Cerrado levou uma fieira de homens \u201c\u00edntegros\u201d e \u201cprobos\u201d para a orgia econ\u00f4mico-financeira em que se transformou o governo outrora conhecido como \u201cterrivelmente honesto\u201d. Al\u00e9m da institui\u00e7\u00e3o For\u00e7as Armadas, foram para o buraco negro generais da ativa e da reserva, coron\u00e9is da PMDF, parlamentares novos e antigos, empres\u00e1rios mal-acostumados de setores diversos e advogados que s\u00f3 apareceram no cen\u00e1rio do Judici\u00e1rio como mantenedores de marginais e recompradores de rel\u00f3gios que n\u00e3o eram seus e nem de quem ordenou a recompra.<\/p>\n<p>Pol\u00edtico antigo, mas de atua\u00e7\u00e3o p\u00edfia, em 27 anos de mandato n\u00e3o conseguiu aprovar um projeto que prestasse. Portanto, irrespons\u00e1veis e estultos foram os brasileiros que apostaram nele e acreditaram na facada milagrosa de 2018. Por conta desses, os demais ainda levar\u00e3o tempo para recuperar a autoestima e os valores de cidadania perdidos. Pior ser\u00e1 resgatar o volumoso montante de recursos p\u00fablicos que foi parar no ralo administrado pelos espertalh\u00f5es. Tudo passa, tudo muda e ele tamb\u00e9m passou. No entanto, mesmo que estejamos experimentando o fim de uma odisseia que j\u00e1 come\u00e7ou fora do tom, \u00e9 bom que saibamos que, entre a alegria plena e a felicidade geral da na\u00e7\u00e3o, h\u00e1 um mar revolto.<\/p>\n<p>Diria que revolto, mas ainda naveg\u00e1vel. Otimista por defini\u00e7\u00e3o e crist\u00e3o por devo\u00e7\u00e3o, reitero que n\u00e3o me faz bem a desgra\u00e7a alheia. Nem mesmo daquele que, em plena pandemia, negou a ci\u00eancia, fez galhofa com os que manifestamente se contaminaram com o v\u00edrus da Covid e contribuiu diretamente para a morte de mais de 700 mil brasileiros. Por essa e outras raz\u00f5es de somenos import\u00e2ncia, certamente n\u00e3o estamos conseguindo dormir o sono dos justos: ele na pris\u00e3o e eu com medo de perder a comemora\u00e7\u00e3o.<\/p>\n<p>Para n\u00e3o correr qualquer tipo de risco, desde j\u00e1 autorizo amigos, inimigos e afins a me ligarem de manh\u00e3, de tarde, de noite ou de madrugada para que dividam comigo detalhes do glorioso resultado das elei\u00e7\u00f5es de outubro, cujas urnas dever\u00e3o representar o ep\u00edlogo pol\u00edtico da fam\u00edlia do capit\u00e3o. Quanto \u00e0queles que permanecem com o roscofe na seringa, tiveram as emendas suspensas e n\u00e3o conseguem mais receber PIX para uma lauta sobreviv\u00eancia, as sirenes das ambul\u00e2ncias do Samu devem ser confundidas com as da Pol\u00edcia Federal e soarem como bombas de efeito demorado.<\/p>\n","protected":false},"excerpt":{"rendered":"<p>Estou em alfa desde a queda livre de um cidad\u00e3o que, ap\u00f3s amea\u00e7ar explodir quart\u00e9is e espa\u00e7os populares, se apresentou ao distinto p\u00fablico brasileiro como salvador de uma p\u00e1tria que ele nunca levou a s\u00e9rio. Do baix\u00edssimo clero, mas com um poder de destrui\u00e7\u00e3o acima da m\u00e9dia da mediocridade do Parlamento brasileiro, pelo menos garantiu, [&hellip;]<\/p>\n","protected":false},"author":2,"featured_media":380632,"comment_status":"closed","ping_status":"closed","sticky":false,"template":"","format":"standard","meta":{"_acf_changed":false,"footnotes":""},"categories":[16],"tags":[],"class_list":["post-380629","post","type-post","status-publish","format-standard","has-post-thumbnail","hentry","category-brasil"],"acf":[],"yoast_head":"<!-- This site is optimized with the Yoast SEO plugin v27.2 - https:\/\/yoast.com\/product\/yoast-seo-wordpress\/ -->\n<title>Eleitor do mito vai demorar para ter autoestima e cidadania valorizada - Notibras<\/title>\n<meta name=\"robots\" content=\"index, follow, max-snippet:-1, max-image-preview:large, max-video-preview:-1\" \/>\n<link rel=\"canonical\" href=\"https:\/\/www.notibras.com\/site\/eleitor-do-mito-vai-demorar-para-ter-autoestima-e-cidadania-valorizada\/\" \/>\n<meta property=\"og:locale\" content=\"pt_BR\" \/>\n<meta property=\"og:type\" content=\"article\" \/>\n<meta property=\"og:title\" content=\"Eleitor do mito vai demorar para ter autoestima e cidadania valorizada - Notibras\" \/>\n<meta property=\"og:description\" content=\"Estou em alfa desde a queda livre de um cidad\u00e3o que, ap\u00f3s amea\u00e7ar explodir quart\u00e9is e espa\u00e7os populares, se apresentou ao distinto p\u00fablico brasileiro como salvador de uma p\u00e1tria que ele nunca levou a s\u00e9rio. Do baix\u00edssimo clero, mas com um poder de destrui\u00e7\u00e3o acima da m\u00e9dia da mediocridade do Parlamento brasileiro, pelo menos garantiu, [&hellip;]\" \/>\n<meta property=\"og:url\" content=\"https:\/\/www.notibras.com\/site\/eleitor-do-mito-vai-demorar-para-ter-autoestima-e-cidadania-valorizada\/\" \/>\n<meta property=\"og:site_name\" content=\"Notibras\" \/>\n<meta property=\"article:publisher\" content=\"https:\/\/www.facebook.com\/notibras\/\" \/>\n<meta property=\"article:published_time\" content=\"2026-01-26T08:00:26+00:00\" \/>\n<meta property=\"article:modified_time\" content=\"2026-01-26T08:47:39+00:00\" \/>\n<meta property=\"og:image\" content=\"https:\/\/www.notibras.com\/site\/wp-content\/uploads\/2026\/01\/dc804bea-7737-4456-8925-7e3ad1ca1ee0.jpg\" \/>\n\t<meta property=\"og:image:width\" content=\"1599\" \/>\n\t<meta property=\"og:image:height\" content=\"899\" \/>\n\t<meta property=\"og:image:type\" content=\"image\/jpeg\" \/>\n<meta name=\"author\" content=\"Reda\u00e7\u00e3o\" \/>\n<meta name=\"twitter:card\" content=\"summary_large_image\" \/>\n<meta name=\"twitter:creator\" content=\"@Notibras\" \/>\n<meta name=\"twitter:site\" content=\"@Notibras\" \/>\n<meta name=\"twitter:label1\" content=\"Escrito por\" \/>\n\t<meta name=\"twitter:data1\" content=\"Reda\u00e7\u00e3o\" \/>\n\t<meta name=\"twitter:label2\" content=\"Est. tempo de leitura\" \/>\n\t<meta name=\"twitter:data2\" content=\"4 minutos\" \/>\n<script type=\"application\/ld+json\" class=\"yoast-schema-graph\">{\"@context\":\"https:\/\/schema.org\",\"@graph\":[{\"@type\":\"Article\",\"@id\":\"https:\/\/www.notibras.com\/site\/eleitor-do-mito-vai-demorar-para-ter-autoestima-e-cidadania-valorizada\/#article\",\"isPartOf\":{\"@id\":\"https:\/\/www.notibras.com\/site\/eleitor-do-mito-vai-demorar-para-ter-autoestima-e-cidadania-valorizada\/\"},\"author\":{\"name\":\"Reda\u00e7\u00e3o\",\"@id\":\"https:\/\/www.notibras.com\/site\/#\/schema\/person\/36ab0979449956132d3e5b517ea76ac8\"},\"headline\":\"Eleitor do mito vai demorar para ter autoestima e cidadania valorizada\",\"datePublished\":\"2026-01-26T08:00:26+00:00\",\"dateModified\":\"2026-01-26T08:47:39+00:00\",\"mainEntityOfPage\":{\"@id\":\"https:\/\/www.notibras.com\/site\/eleitor-do-mito-vai-demorar-para-ter-autoestima-e-cidadania-valorizada\/\"},\"wordCount\":673,\"publisher\":{\"@id\":\"https:\/\/www.notibras.com\/site\/#organization\"},\"image\":{\"@id\":\"https:\/\/www.notibras.com\/site\/eleitor-do-mito-vai-demorar-para-ter-autoestima-e-cidadania-valorizada\/#primaryimage\"},\"thumbnailUrl\":\"https:\/\/www.notibras.com\/site\/wp-content\/uploads\/2026\/01\/dc804bea-7737-4456-8925-7e3ad1ca1ee0.jpg\",\"articleSection\":[\"Brasil\"],\"inLanguage\":\"pt-BR\"},{\"@type\":\"WebPage\",\"@id\":\"https:\/\/www.notibras.com\/site\/eleitor-do-mito-vai-demorar-para-ter-autoestima-e-cidadania-valorizada\/\",\"url\":\"https:\/\/www.notibras.com\/site\/eleitor-do-mito-vai-demorar-para-ter-autoestima-e-cidadania-valorizada\/\",\"name\":\"Eleitor do mito vai demorar para ter autoestima e cidadania valorizada - Notibras\",\"isPartOf\":{\"@id\":\"https:\/\/www.notibras.com\/site\/#website\"},\"primaryImageOfPage\":{\"@id\":\"https:\/\/www.notibras.com\/site\/eleitor-do-mito-vai-demorar-para-ter-autoestima-e-cidadania-valorizada\/#primaryimage\"},\"image\":{\"@id\":\"https:\/\/www.notibras.com\/site\/eleitor-do-mito-vai-demorar-para-ter-autoestima-e-cidadania-valorizada\/#primaryimage\"},\"thumbnailUrl\":\"https:\/\/www.notibras.com\/site\/wp-content\/uploads\/2026\/01\/dc804bea-7737-4456-8925-7e3ad1ca1ee0.jpg\",\"datePublished\":\"2026-01-26T08:00:26+00:00\",\"dateModified\":\"2026-01-26T08:47:39+00:00\",\"breadcrumb\":{\"@id\":\"https:\/\/www.notibras.com\/site\/eleitor-do-mito-vai-demorar-para-ter-autoestima-e-cidadania-valorizada\/#breadcrumb\"},\"inLanguage\":\"pt-BR\",\"potentialAction\":[{\"@type\":\"ReadAction\",\"target\":[\"https:\/\/www.notibras.com\/site\/eleitor-do-mito-vai-demorar-para-ter-autoestima-e-cidadania-valorizada\/\"]}]},{\"@type\":\"ImageObject\",\"inLanguage\":\"pt-BR\",\"@id\":\"https:\/\/www.notibras.com\/site\/eleitor-do-mito-vai-demorar-para-ter-autoestima-e-cidadania-valorizada\/#primaryimage\",\"url\":\"https:\/\/www.notibras.com\/site\/wp-content\/uploads\/2026\/01\/dc804bea-7737-4456-8925-7e3ad1ca1ee0.jpg\",\"contentUrl\":\"https:\/\/www.notibras.com\/site\/wp-content\/uploads\/2026\/01\/dc804bea-7737-4456-8925-7e3ad1ca1ee0.jpg\",\"width\":1599,\"height\":899},{\"@type\":\"BreadcrumbList\",\"@id\":\"https:\/\/www.notibras.com\/site\/eleitor-do-mito-vai-demorar-para-ter-autoestima-e-cidadania-valorizada\/#breadcrumb\",\"itemListElement\":[{\"@type\":\"ListItem\",\"position\":1,\"name\":\"In\u00edcio\",\"item\":\"https:\/\/www.notibras.com\/site\/\"},{\"@type\":\"ListItem\",\"position\":2,\"name\":\"Eleitor do mito vai demorar para ter autoestima e cidadania valorizada\"}]},{\"@type\":\"WebSite\",\"@id\":\"https:\/\/www.notibras.com\/site\/#website\",\"url\":\"https:\/\/www.notibras.com\/site\/\",\"name\":\"Notibras\",\"description\":\"Not\u00edcias de Bras\u00edlia, do Brasil e do Mundo\",\"publisher\":{\"@id\":\"https:\/\/www.notibras.com\/site\/#organization\"},\"potentialAction\":[{\"@type\":\"SearchAction\",\"target\":{\"@type\":\"EntryPoint\",\"urlTemplate\":\"https:\/\/www.notibras.com\/site\/?s={search_term_string}\"},\"query-input\":{\"@type\":\"PropertyValueSpecification\",\"valueRequired\":true,\"valueName\":\"search_term_string\"}}],\"inLanguage\":\"pt-BR\"},{\"@type\":\"Organization\",\"@id\":\"https:\/\/www.notibras.com\/site\/#organization\",\"name\":\"Grupo Notibras de Comunica\u00e7\u00e3o\",\"url\":\"https:\/\/www.notibras.com\/site\/\",\"logo\":{\"@type\":\"ImageObject\",\"inLanguage\":\"pt-BR\",\"@id\":\"https:\/\/www.notibras.com\/site\/#\/schema\/logo\/image\/\",\"url\":\"https:\/\/www.notibras.com\/site\/wp-content\/uploads\/2023\/01\/notibras23.png\",\"contentUrl\":\"https:\/\/www.notibras.com\/site\/wp-content\/uploads\/2023\/01\/notibras23.png\",\"width\":350,\"height\":87,\"caption\":\"Grupo Notibras de Comunica\u00e7\u00e3o\"},\"image\":{\"@id\":\"https:\/\/www.notibras.com\/site\/#\/schema\/logo\/image\/\"},\"sameAs\":[\"https:\/\/www.facebook.com\/notibras\/\",\"https:\/\/x.com\/Notibras\",\"https:\/\/www.instagram.com\/notibras\/\"]},{\"@type\":\"Person\",\"@id\":\"https:\/\/www.notibras.com\/site\/#\/schema\/person\/36ab0979449956132d3e5b517ea76ac8\",\"name\":\"Reda\u00e7\u00e3o\",\"image\":{\"@type\":\"ImageObject\",\"inLanguage\":\"pt-BR\",\"@id\":\"https:\/\/secure.gravatar.com\/avatar\/e0a867bdedb85fd243eadf09663511f96fc81e0720a4a42581f334ad4303aa6b?s=96&d=mm&r=g\",\"url\":\"https:\/\/secure.gravatar.com\/avatar\/e0a867bdedb85fd243eadf09663511f96fc81e0720a4a42581f334ad4303aa6b?s=96&d=mm&r=g\",\"contentUrl\":\"https:\/\/secure.gravatar.com\/avatar\/e0a867bdedb85fd243eadf09663511f96fc81e0720a4a42581f334ad4303aa6b?s=96&d=mm&r=g\",\"caption\":\"Reda\u00e7\u00e3o\"}}]}<\/script>\n<!-- \/ Yoast SEO plugin. -->","yoast_head_json":{"title":"Eleitor do mito vai demorar para ter autoestima e cidadania valorizada - Notibras","robots":{"index":"index","follow":"follow","max-snippet":"max-snippet:-1","max-image-preview":"max-image-preview:large","max-video-preview":"max-video-preview:-1"},"canonical":"https:\/\/www.notibras.com\/site\/eleitor-do-mito-vai-demorar-para-ter-autoestima-e-cidadania-valorizada\/","og_locale":"pt_BR","og_type":"article","og_title":"Eleitor do mito vai demorar para ter autoestima e cidadania valorizada - Notibras","og_description":"Estou em alfa desde a queda livre de um cidad\u00e3o que, ap\u00f3s amea\u00e7ar explodir quart\u00e9is e espa\u00e7os populares, se apresentou ao distinto p\u00fablico brasileiro como salvador de uma p\u00e1tria que ele nunca levou a s\u00e9rio. Do baix\u00edssimo clero, mas com um poder de destrui\u00e7\u00e3o acima da m\u00e9dia da mediocridade do Parlamento brasileiro, pelo menos garantiu, [&hellip;]","og_url":"https:\/\/www.notibras.com\/site\/eleitor-do-mito-vai-demorar-para-ter-autoestima-e-cidadania-valorizada\/","og_site_name":"Notibras","article_publisher":"https:\/\/www.facebook.com\/notibras\/","article_published_time":"2026-01-26T08:00:26+00:00","article_modified_time":"2026-01-26T08:47:39+00:00","og_image":[{"width":1599,"height":899,"url":"https:\/\/www.notibras.com\/site\/wp-content\/uploads\/2026\/01\/dc804bea-7737-4456-8925-7e3ad1ca1ee0.jpg","type":"image\/jpeg"}],"author":"Reda\u00e7\u00e3o","twitter_card":"summary_large_image","twitter_creator":"@Notibras","twitter_site":"@Notibras","twitter_misc":{"Escrito por":"Reda\u00e7\u00e3o","Est. tempo de leitura":"4 minutos"},"schema":{"@context":"https:\/\/schema.org","@graph":[{"@type":"Article","@id":"https:\/\/www.notibras.com\/site\/eleitor-do-mito-vai-demorar-para-ter-autoestima-e-cidadania-valorizada\/#article","isPartOf":{"@id":"https:\/\/www.notibras.com\/site\/eleitor-do-mito-vai-demorar-para-ter-autoestima-e-cidadania-valorizada\/"},"author":{"name":"Reda\u00e7\u00e3o","@id":"https:\/\/www.notibras.com\/site\/#\/schema\/person\/36ab0979449956132d3e5b517ea76ac8"},"headline":"Eleitor do mito vai demorar para ter autoestima e cidadania valorizada","datePublished":"2026-01-26T08:00:26+00:00","dateModified":"2026-01-26T08:47:39+00:00","mainEntityOfPage":{"@id":"https:\/\/www.notibras.com\/site\/eleitor-do-mito-vai-demorar-para-ter-autoestima-e-cidadania-valorizada\/"},"wordCount":673,"publisher":{"@id":"https:\/\/www.notibras.com\/site\/#organization"},"image":{"@id":"https:\/\/www.notibras.com\/site\/eleitor-do-mito-vai-demorar-para-ter-autoestima-e-cidadania-valorizada\/#primaryimage"},"thumbnailUrl":"https:\/\/www.notibras.com\/site\/wp-content\/uploads\/2026\/01\/dc804bea-7737-4456-8925-7e3ad1ca1ee0.jpg","articleSection":["Brasil"],"inLanguage":"pt-BR"},{"@type":"WebPage","@id":"https:\/\/www.notibras.com\/site\/eleitor-do-mito-vai-demorar-para-ter-autoestima-e-cidadania-valorizada\/","url":"https:\/\/www.notibras.com\/site\/eleitor-do-mito-vai-demorar-para-ter-autoestima-e-cidadania-valorizada\/","name":"Eleitor do mito vai demorar para ter autoestima e cidadania valorizada - Notibras","isPartOf":{"@id":"https:\/\/www.notibras.com\/site\/#website"},"primaryImageOfPage":{"@id":"https:\/\/www.notibras.com\/site\/eleitor-do-mito-vai-demorar-para-ter-autoestima-e-cidadania-valorizada\/#primaryimage"},"image":{"@id":"https:\/\/www.notibras.com\/site\/eleitor-do-mito-vai-demorar-para-ter-autoestima-e-cidadania-valorizada\/#primaryimage"},"thumbnailUrl":"https:\/\/www.notibras.com\/site\/wp-content\/uploads\/2026\/01\/dc804bea-7737-4456-8925-7e3ad1ca1ee0.jpg","datePublished":"2026-01-26T08:00:26+00:00","dateModified":"2026-01-26T08:47:39+00:00","breadcrumb":{"@id":"https:\/\/www.notibras.com\/site\/eleitor-do-mito-vai-demorar-para-ter-autoestima-e-cidadania-valorizada\/#breadcrumb"},"inLanguage":"pt-BR","potentialAction":[{"@type":"ReadAction","target":["https:\/\/www.notibras.com\/site\/eleitor-do-mito-vai-demorar-para-ter-autoestima-e-cidadania-valorizada\/"]}]},{"@type":"ImageObject","inLanguage":"pt-BR","@id":"https:\/\/www.notibras.com\/site\/eleitor-do-mito-vai-demorar-para-ter-autoestima-e-cidadania-valorizada\/#primaryimage","url":"https:\/\/www.notibras.com\/site\/wp-content\/uploads\/2026\/01\/dc804bea-7737-4456-8925-7e3ad1ca1ee0.jpg","contentUrl":"https:\/\/www.notibras.com\/site\/wp-content\/uploads\/2026\/01\/dc804bea-7737-4456-8925-7e3ad1ca1ee0.jpg","width":1599,"height":899},{"@type":"BreadcrumbList","@id":"https:\/\/www.notibras.com\/site\/eleitor-do-mito-vai-demorar-para-ter-autoestima-e-cidadania-valorizada\/#breadcrumb","itemListElement":[{"@type":"ListItem","position":1,"name":"In\u00edcio","item":"https:\/\/www.notibras.com\/site\/"},{"@type":"ListItem","position":2,"name":"Eleitor do mito vai demorar para ter autoestima e cidadania valorizada"}]},{"@type":"WebSite","@id":"https:\/\/www.notibras.com\/site\/#website","url":"https:\/\/www.notibras.com\/site\/","name":"Notibras","description":"Not\u00edcias de Bras\u00edlia, do Brasil e do Mundo","publisher":{"@id":"https:\/\/www.notibras.com\/site\/#organization"},"potentialAction":[{"@type":"SearchAction","target":{"@type":"EntryPoint","urlTemplate":"https:\/\/www.notibras.com\/site\/?s={search_term_string}"},"query-input":{"@type":"PropertyValueSpecification","valueRequired":true,"valueName":"search_term_string"}}],"inLanguage":"pt-BR"},{"@type":"Organization","@id":"https:\/\/www.notibras.com\/site\/#organization","name":"Grupo Notibras de Comunica\u00e7\u00e3o","url":"https:\/\/www.notibras.com\/site\/","logo":{"@type":"ImageObject","inLanguage":"pt-BR","@id":"https:\/\/www.notibras.com\/site\/#\/schema\/logo\/image\/","url":"https:\/\/www.notibras.com\/site\/wp-content\/uploads\/2023\/01\/notibras23.png","contentUrl":"https:\/\/www.notibras.com\/site\/wp-content\/uploads\/2023\/01\/notibras23.png","width":350,"height":87,"caption":"Grupo Notibras de Comunica\u00e7\u00e3o"},"image":{"@id":"https:\/\/www.notibras.com\/site\/#\/schema\/logo\/image\/"},"sameAs":["https:\/\/www.facebook.com\/notibras\/","https:\/\/x.com\/Notibras","https:\/\/www.instagram.com\/notibras\/"]},{"@type":"Person","@id":"https:\/\/www.notibras.com\/site\/#\/schema\/person\/36ab0979449956132d3e5b517ea76ac8","name":"Reda\u00e7\u00e3o","image":{"@type":"ImageObject","inLanguage":"pt-BR","@id":"https:\/\/secure.gravatar.com\/avatar\/e0a867bdedb85fd243eadf09663511f96fc81e0720a4a42581f334ad4303aa6b?s=96&d=mm&r=g","url":"https:\/\/secure.gravatar.com\/avatar\/e0a867bdedb85fd243eadf09663511f96fc81e0720a4a42581f334ad4303aa6b?s=96&d=mm&r=g","contentUrl":"https:\/\/secure.gravatar.com\/avatar\/e0a867bdedb85fd243eadf09663511f96fc81e0720a4a42581f334ad4303aa6b?s=96&d=mm&r=g","caption":"Reda\u00e7\u00e3o"}}]}},"amp_enabled":true,"_links":{"self":[{"href":"https:\/\/www.notibras.com\/site\/wp-json\/wp\/v2\/posts\/380629","targetHints":{"allow":["GET"]}}],"collection":[{"href":"https:\/\/www.notibras.com\/site\/wp-json\/wp\/v2\/posts"}],"about":[{"href":"https:\/\/www.notibras.com\/site\/wp-json\/wp\/v2\/types\/post"}],"author":[{"embeddable":true,"href":"https:\/\/www.notibras.com\/site\/wp-json\/wp\/v2\/users\/2"}],"replies":[{"embeddable":true,"href":"https:\/\/www.notibras.com\/site\/wp-json\/wp\/v2\/comments?post=380629"}],"version-history":[{"count":3,"href":"https:\/\/www.notibras.com\/site\/wp-json\/wp\/v2\/posts\/380629\/revisions"}],"predecessor-version":[{"id":380635,"href":"https:\/\/www.notibras.com\/site\/wp-json\/wp\/v2\/posts\/380629\/revisions\/380635"}],"wp:featuredmedia":[{"embeddable":true,"href":"https:\/\/www.notibras.com\/site\/wp-json\/wp\/v2\/media\/380632"}],"wp:attachment":[{"href":"https:\/\/www.notibras.com\/site\/wp-json\/wp\/v2\/media?parent=380629"}],"wp:term":[{"taxonomy":"category","embeddable":true,"href":"https:\/\/www.notibras.com\/site\/wp-json\/wp\/v2\/categories?post=380629"},{"taxonomy":"post_tag","embeddable":true,"href":"https:\/\/www.notibras.com\/site\/wp-json\/wp\/v2\/tags?post=380629"}],"curies":[{"name":"wp","href":"https:\/\/api.w.org\/{rel}","templated":true}]}}