{"id":380630,"date":"2026-01-27T01:15:11","date_gmt":"2026-01-27T04:15:11","guid":{"rendered":"https:\/\/www.notibras.com\/site\/?p=380630"},"modified":"2026-01-26T20:12:24","modified_gmt":"2026-01-26T23:12:24","slug":"pragas-urbanas-o-risco-que-mora-dentro-de-casa","status":"publish","type":"post","link":"https:\/\/www.notibras.com\/site\/pragas-urbanas-o-risco-que-mora-dentro-de-casa\/","title":{"rendered":"Pragas urbanas, o risco que mora dentro de casa"},"content":{"rendered":"<p>O controle de insetos e roedores em \u00e1reas urbanas deixou de ser apenas uma quest\u00e3o est\u00e9tica para se tornar uma prioridade de sa\u00fade p\u00fablica. Especialistas alertam que o conv\u00edvio com pragas comuns no dia a dia pode esconder riscos biol\u00f3gicos severos. Baratas e formigas, embora pare\u00e7am inofensivas, s\u00e3o grandes transportadoras de microrganismos, contaminando utens\u00edlios e alimentos com bact\u00e9rias que causam infec\u00e7\u00f5es intestinais.<\/p>\n<p>O perigo se intensifica com animais pe\u00e7onhentos. Escorpi\u00f5es e lacraias buscam abrigo em frestas e entulhos, e suas picadas representam um risco cr\u00edtico, especialmente para crian\u00e7as e idosos. J\u00e1 no caso de pulgas e carrapatos, o problema vai al\u00e9m dos animais de estima\u00e7\u00e3o, podendo transmitir doen\u00e7as graves aos humanos. Outro ponto de alerta s\u00e3o os ratos, transmissores de doen\u00e7as letais como a leptospirose e o hantav\u00edrus. Isso sem falar nos cupins, que destroem m\u00f3veis e chegam a abalar estruturas da resid\u00eancia.<\/p>\n<p>Para evitar infesta\u00e7\u00f5es, a recomenda\u00e7\u00e3o \u00e9 o monitoramento constante e a interven\u00e7\u00e3o t\u00e9cnica, j\u00e1 que o uso de inseticidas comuns muitas vezes apenas dispersa as pragas sem eliminar o foco principal.<\/p>\n<p><strong>Servi\u00e7o Especializado no Distrito Federal<\/strong><\/p>\n<p>Para quem busca suporte t\u00e9cnico no combate a essas amea\u00e7as, a Solu Insetos DF Ltda atua no Distrito Federal com m\u00e9todos de controle de pragas (dedetiza\u00e7\u00e3o e desratiza\u00e7\u00e3o). A empresa opera de forma criteriosa, atendendo resid\u00eancias, condom\u00ednios, \u00e1reas comerciais e canteiros de obras.<\/p>\n<p><strong>O diferencial do atendimento est\u00e1 na aplica\u00e7\u00e3o estrat\u00e9gica:<\/strong><\/p>\n<p>\u2022 Controle de Insetos: Utiliza\u00e7\u00e3o de produtos homologados pela Vigil\u00e2ncia Sanit\u00e1ria em spray, gel, p\u00f3 ou l\u00edquido, dependendo da esp\u00e9cie (como baratinhas francesinhas, aranhas, tra\u00e7as, formigas, cupins e lacraias). No caso de esgotos, o tratamento inclui a veda\u00e7\u00e3o das caixas.<\/p>\n<p>\u2022 Desratiza\u00e7\u00e3o: Uso de porta-iscas com quatro tipos de venenos espec\u00edficos para garantir a efic\u00e1cia.<\/p>\n<p>\u2022 Certifica\u00e7\u00e3o: A empresa atua em conformidade com todas as licen\u00e7as e autoriza\u00e7\u00f5es ambientais e sanit\u00e1rias exigidas.<\/p>\n<p><strong>Informa\u00e7\u00f5es de Contato:<\/strong><\/p>\n<p>A Solu Insetos DF \u00e9 uma empresa familiar localizada na CLN 116 Bloco D loja 27, Asa Norte.<br \/>\n\u2022 Telefone: (61) 99815-1411<br \/>\n\u2022 Site: www.soluinsetosdf.com.br<br \/>\n\u2022 E-mail: soluinsetosdf@gmail.com<br \/>\n\u2022 Redes Sociais: Instagram @soluinsetos | Facebook @SoluinsetosDF<\/p>\n","protected":false},"excerpt":{"rendered":"<p>O controle de insetos e roedores em \u00e1reas urbanas deixou de ser apenas uma quest\u00e3o est\u00e9tica para se tornar uma prioridade de sa\u00fade p\u00fablica. Especialistas alertam que o conv\u00edvio com pragas comuns no dia a dia pode esconder riscos biol\u00f3gicos severos. Baratas e formigas, embora pare\u00e7am inofensivas, s\u00e3o grandes transportadoras de microrganismos, contaminando utens\u00edlios e [&hellip;]<\/p>\n","protected":false},"author":21,"featured_media":380636,"comment_status":"closed","ping_status":"closed","sticky":false,"template":"","format":"standard","meta":{"_acf_changed":false,"footnotes":""},"categories":[161],"tags":[],"class_list":["post-380630","post","type-post","status-publish","format-standard","has-post-thumbnail","hentry","category-quadradinho-em-foco"],"acf":[],"yoast_head":"<!-- This site is optimized with the Yoast SEO plugin v27.2 - https:\/\/yoast.com\/product\/yoast-seo-wordpress\/ -->\n<title>Pragas urbanas, o risco que mora dentro de casa - Notibras<\/title>\n<meta name=\"robots\" content=\"index, follow, max-snippet:-1, max-image-preview:large, max-video-preview:-1\" \/>\n<link rel=\"canonical\" href=\"https:\/\/www.notibras.com\/site\/pragas-urbanas-o-risco-que-mora-dentro-de-casa\/\" \/>\n<meta property=\"og:locale\" content=\"pt_BR\" \/>\n<meta property=\"og:type\" content=\"article\" \/>\n<meta property=\"og:title\" content=\"Pragas urbanas, o risco que mora dentro de casa - Notibras\" \/>\n<meta property=\"og:description\" content=\"O controle de insetos e roedores em \u00e1reas urbanas deixou de ser apenas uma quest\u00e3o est\u00e9tica para se tornar uma prioridade de sa\u00fade p\u00fablica. Especialistas alertam que o conv\u00edvio com pragas comuns no dia a dia pode esconder riscos biol\u00f3gicos severos. Baratas e formigas, embora pare\u00e7am inofensivas, s\u00e3o grandes transportadoras de microrganismos, contaminando utens\u00edlios e [&hellip;]\" \/>\n<meta property=\"og:url\" content=\"https:\/\/www.notibras.com\/site\/pragas-urbanas-o-risco-que-mora-dentro-de-casa\/\" \/>\n<meta property=\"og:site_name\" content=\"Notibras\" \/>\n<meta property=\"article:publisher\" content=\"https:\/\/www.facebook.com\/notibras\/\" \/>\n<meta property=\"article:published_time\" content=\"2026-01-27T04:15:11+00:00\" \/>\n<meta property=\"og:image\" content=\"https:\/\/www.notibras.com\/site\/wp-content\/uploads\/2026\/01\/pragas-urbanas-tecprag.png\" \/>\n\t<meta property=\"og:image:width\" content=\"690\" \/>\n\t<meta property=\"og:image:height\" content=\"509\" \/>\n\t<meta property=\"og:image:type\" content=\"image\/png\" \/>\n<meta name=\"author\" content=\"Eduardo Mart\u00ednez\" \/>\n<meta name=\"twitter:card\" content=\"summary_large_image\" \/>\n<meta name=\"twitter:creator\" content=\"@Notibras\" \/>\n<meta name=\"twitter:site\" content=\"@Notibras\" \/>\n<meta name=\"twitter:label1\" content=\"Escrito por\" \/>\n\t<meta name=\"twitter:data1\" content=\"Eduardo Mart\u00ednez\" \/>\n\t<meta name=\"twitter:label2\" content=\"Est. tempo de leitura\" \/>\n\t<meta name=\"twitter:data2\" content=\"3 minutos\" \/>\n<script type=\"application\/ld+json\" class=\"yoast-schema-graph\">{\"@context\":\"https:\/\/schema.org\",\"@graph\":[{\"@type\":\"Article\",\"@id\":\"https:\/\/www.notibras.com\/site\/pragas-urbanas-o-risco-que-mora-dentro-de-casa\/#article\",\"isPartOf\":{\"@id\":\"https:\/\/www.notibras.com\/site\/pragas-urbanas-o-risco-que-mora-dentro-de-casa\/\"},\"author\":{\"name\":\"Eduardo Mart\u00ednez\",\"@id\":\"https:\/\/www.notibras.com\/site\/#\/schema\/person\/5b7fabf2aedc3ada2105f03b22b4d3dd\"},\"headline\":\"Pragas urbanas, o risco que mora dentro de casa\",\"datePublished\":\"2026-01-27T04:15:11+00:00\",\"mainEntityOfPage\":{\"@id\":\"https:\/\/www.notibras.com\/site\/pragas-urbanas-o-risco-que-mora-dentro-de-casa\/\"},\"wordCount\":394,\"publisher\":{\"@id\":\"https:\/\/www.notibras.com\/site\/#organization\"},\"image\":{\"@id\":\"https:\/\/www.notibras.com\/site\/pragas-urbanas-o-risco-que-mora-dentro-de-casa\/#primaryimage\"},\"thumbnailUrl\":\"https:\/\/www.notibras.com\/site\/wp-content\/uploads\/2026\/01\/pragas-urbanas-tecprag.png\",\"articleSection\":[\"Quadradinho em Foco\"],\"inLanguage\":\"pt-BR\"},{\"@type\":\"WebPage\",\"@id\":\"https:\/\/www.notibras.com\/site\/pragas-urbanas-o-risco-que-mora-dentro-de-casa\/\",\"url\":\"https:\/\/www.notibras.com\/site\/pragas-urbanas-o-risco-que-mora-dentro-de-casa\/\",\"name\":\"Pragas urbanas, o risco que mora dentro de casa - Notibras\",\"isPartOf\":{\"@id\":\"https:\/\/www.notibras.com\/site\/#website\"},\"primaryImageOfPage\":{\"@id\":\"https:\/\/www.notibras.com\/site\/pragas-urbanas-o-risco-que-mora-dentro-de-casa\/#primaryimage\"},\"image\":{\"@id\":\"https:\/\/www.notibras.com\/site\/pragas-urbanas-o-risco-que-mora-dentro-de-casa\/#primaryimage\"},\"thumbnailUrl\":\"https:\/\/www.notibras.com\/site\/wp-content\/uploads\/2026\/01\/pragas-urbanas-tecprag.png\",\"datePublished\":\"2026-01-27T04:15:11+00:00\",\"breadcrumb\":{\"@id\":\"https:\/\/www.notibras.com\/site\/pragas-urbanas-o-risco-que-mora-dentro-de-casa\/#breadcrumb\"},\"inLanguage\":\"pt-BR\",\"potentialAction\":[{\"@type\":\"ReadAction\",\"target\":[\"https:\/\/www.notibras.com\/site\/pragas-urbanas-o-risco-que-mora-dentro-de-casa\/\"]}]},{\"@type\":\"ImageObject\",\"inLanguage\":\"pt-BR\",\"@id\":\"https:\/\/www.notibras.com\/site\/pragas-urbanas-o-risco-que-mora-dentro-de-casa\/#primaryimage\",\"url\":\"https:\/\/www.notibras.com\/site\/wp-content\/uploads\/2026\/01\/pragas-urbanas-tecprag.png\",\"contentUrl\":\"https:\/\/www.notibras.com\/site\/wp-content\/uploads\/2026\/01\/pragas-urbanas-tecprag.png\",\"width\":690,\"height\":509},{\"@type\":\"BreadcrumbList\",\"@id\":\"https:\/\/www.notibras.com\/site\/pragas-urbanas-o-risco-que-mora-dentro-de-casa\/#breadcrumb\",\"itemListElement\":[{\"@type\":\"ListItem\",\"position\":1,\"name\":\"In\u00edcio\",\"item\":\"https:\/\/www.notibras.com\/site\/\"},{\"@type\":\"ListItem\",\"position\":2,\"name\":\"Pragas urbanas, o risco que mora dentro de casa\"}]},{\"@type\":\"WebSite\",\"@id\":\"https:\/\/www.notibras.com\/site\/#website\",\"url\":\"https:\/\/www.notibras.com\/site\/\",\"name\":\"Notibras\",\"description\":\"Not\u00edcias de Bras\u00edlia, do Brasil e do Mundo\",\"publisher\":{\"@id\":\"https:\/\/www.notibras.com\/site\/#organization\"},\"potentialAction\":[{\"@type\":\"SearchAction\",\"target\":{\"@type\":\"EntryPoint\",\"urlTemplate\":\"https:\/\/www.notibras.com\/site\/?s={search_term_string}\"},\"query-input\":{\"@type\":\"PropertyValueSpecification\",\"valueRequired\":true,\"valueName\":\"search_term_string\"}}],\"inLanguage\":\"pt-BR\"},{\"@type\":\"Organization\",\"@id\":\"https:\/\/www.notibras.com\/site\/#organization\",\"name\":\"Grupo Notibras de Comunica\u00e7\u00e3o\",\"url\":\"https:\/\/www.notibras.com\/site\/\",\"logo\":{\"@type\":\"ImageObject\",\"inLanguage\":\"pt-BR\",\"@id\":\"https:\/\/www.notibras.com\/site\/#\/schema\/logo\/image\/\",\"url\":\"https:\/\/www.notibras.com\/site\/wp-content\/uploads\/2023\/01\/notibras23.png\",\"contentUrl\":\"https:\/\/www.notibras.com\/site\/wp-content\/uploads\/2023\/01\/notibras23.png\",\"width\":350,\"height\":87,\"caption\":\"Grupo Notibras de Comunica\u00e7\u00e3o\"},\"image\":{\"@id\":\"https:\/\/www.notibras.com\/site\/#\/schema\/logo\/image\/\"},\"sameAs\":[\"https:\/\/www.facebook.com\/notibras\/\",\"https:\/\/x.com\/Notibras\",\"https:\/\/www.instagram.com\/notibras\/\"]},{\"@type\":\"Person\",\"@id\":\"https:\/\/www.notibras.com\/site\/#\/schema\/person\/5b7fabf2aedc3ada2105f03b22b4d3dd\",\"name\":\"Eduardo Mart\u00ednez\",\"image\":{\"@type\":\"ImageObject\",\"inLanguage\":\"pt-BR\",\"@id\":\"https:\/\/secure.gravatar.com\/avatar\/7902f906289926289cbcda644b5197c796b893c6ffd7b9a536a42d290f7704a0?s=96&d=mm&r=g\",\"url\":\"https:\/\/secure.gravatar.com\/avatar\/7902f906289926289cbcda644b5197c796b893c6ffd7b9a536a42d290f7704a0?s=96&d=mm&r=g\",\"contentUrl\":\"https:\/\/secure.gravatar.com\/avatar\/7902f906289926289cbcda644b5197c796b893c6ffd7b9a536a42d290f7704a0?s=96&d=mm&r=g\",\"caption\":\"Eduardo Mart\u00ednez\"}}]}<\/script>\n<!-- \/ Yoast SEO plugin. -->","yoast_head_json":{"title":"Pragas urbanas, o risco que mora dentro de casa - Notibras","robots":{"index":"index","follow":"follow","max-snippet":"max-snippet:-1","max-image-preview":"max-image-preview:large","max-video-preview":"max-video-preview:-1"},"canonical":"https:\/\/www.notibras.com\/site\/pragas-urbanas-o-risco-que-mora-dentro-de-casa\/","og_locale":"pt_BR","og_type":"article","og_title":"Pragas urbanas, o risco que mora dentro de casa - Notibras","og_description":"O controle de insetos e roedores em \u00e1reas urbanas deixou de ser apenas uma quest\u00e3o est\u00e9tica para se tornar uma prioridade de sa\u00fade p\u00fablica. Especialistas alertam que o conv\u00edvio com pragas comuns no dia a dia pode esconder riscos biol\u00f3gicos severos. Baratas e formigas, embora pare\u00e7am inofensivas, s\u00e3o grandes transportadoras de microrganismos, contaminando utens\u00edlios e [&hellip;]","og_url":"https:\/\/www.notibras.com\/site\/pragas-urbanas-o-risco-que-mora-dentro-de-casa\/","og_site_name":"Notibras","article_publisher":"https:\/\/www.facebook.com\/notibras\/","article_published_time":"2026-01-27T04:15:11+00:00","og_image":[{"width":690,"height":509,"url":"https:\/\/www.notibras.com\/site\/wp-content\/uploads\/2026\/01\/pragas-urbanas-tecprag.png","type":"image\/png"}],"author":"Eduardo Mart\u00ednez","twitter_card":"summary_large_image","twitter_creator":"@Notibras","twitter_site":"@Notibras","twitter_misc":{"Escrito por":"Eduardo Mart\u00ednez","Est. tempo de leitura":"3 minutos"},"schema":{"@context":"https:\/\/schema.org","@graph":[{"@type":"Article","@id":"https:\/\/www.notibras.com\/site\/pragas-urbanas-o-risco-que-mora-dentro-de-casa\/#article","isPartOf":{"@id":"https:\/\/www.notibras.com\/site\/pragas-urbanas-o-risco-que-mora-dentro-de-casa\/"},"author":{"name":"Eduardo Mart\u00ednez","@id":"https:\/\/www.notibras.com\/site\/#\/schema\/person\/5b7fabf2aedc3ada2105f03b22b4d3dd"},"headline":"Pragas urbanas, o risco que mora dentro de casa","datePublished":"2026-01-27T04:15:11+00:00","mainEntityOfPage":{"@id":"https:\/\/www.notibras.com\/site\/pragas-urbanas-o-risco-que-mora-dentro-de-casa\/"},"wordCount":394,"publisher":{"@id":"https:\/\/www.notibras.com\/site\/#organization"},"image":{"@id":"https:\/\/www.notibras.com\/site\/pragas-urbanas-o-risco-que-mora-dentro-de-casa\/#primaryimage"},"thumbnailUrl":"https:\/\/www.notibras.com\/site\/wp-content\/uploads\/2026\/01\/pragas-urbanas-tecprag.png","articleSection":["Quadradinho em Foco"],"inLanguage":"pt-BR"},{"@type":"WebPage","@id":"https:\/\/www.notibras.com\/site\/pragas-urbanas-o-risco-que-mora-dentro-de-casa\/","url":"https:\/\/www.notibras.com\/site\/pragas-urbanas-o-risco-que-mora-dentro-de-casa\/","name":"Pragas urbanas, o risco que mora dentro de casa - Notibras","isPartOf":{"@id":"https:\/\/www.notibras.com\/site\/#website"},"primaryImageOfPage":{"@id":"https:\/\/www.notibras.com\/site\/pragas-urbanas-o-risco-que-mora-dentro-de-casa\/#primaryimage"},"image":{"@id":"https:\/\/www.notibras.com\/site\/pragas-urbanas-o-risco-que-mora-dentro-de-casa\/#primaryimage"},"thumbnailUrl":"https:\/\/www.notibras.com\/site\/wp-content\/uploads\/2026\/01\/pragas-urbanas-tecprag.png","datePublished":"2026-01-27T04:15:11+00:00","breadcrumb":{"@id":"https:\/\/www.notibras.com\/site\/pragas-urbanas-o-risco-que-mora-dentro-de-casa\/#breadcrumb"},"inLanguage":"pt-BR","potentialAction":[{"@type":"ReadAction","target":["https:\/\/www.notibras.com\/site\/pragas-urbanas-o-risco-que-mora-dentro-de-casa\/"]}]},{"@type":"ImageObject","inLanguage":"pt-BR","@id":"https:\/\/www.notibras.com\/site\/pragas-urbanas-o-risco-que-mora-dentro-de-casa\/#primaryimage","url":"https:\/\/www.notibras.com\/site\/wp-content\/uploads\/2026\/01\/pragas-urbanas-tecprag.png","contentUrl":"https:\/\/www.notibras.com\/site\/wp-content\/uploads\/2026\/01\/pragas-urbanas-tecprag.png","width":690,"height":509},{"@type":"BreadcrumbList","@id":"https:\/\/www.notibras.com\/site\/pragas-urbanas-o-risco-que-mora-dentro-de-casa\/#breadcrumb","itemListElement":[{"@type":"ListItem","position":1,"name":"In\u00edcio","item":"https:\/\/www.notibras.com\/site\/"},{"@type":"ListItem","position":2,"name":"Pragas urbanas, o risco que mora dentro de casa"}]},{"@type":"WebSite","@id":"https:\/\/www.notibras.com\/site\/#website","url":"https:\/\/www.notibras.com\/site\/","name":"Notibras","description":"Not\u00edcias de Bras\u00edlia, do Brasil e do Mundo","publisher":{"@id":"https:\/\/www.notibras.com\/site\/#organization"},"potentialAction":[{"@type":"SearchAction","target":{"@type":"EntryPoint","urlTemplate":"https:\/\/www.notibras.com\/site\/?s={search_term_string}"},"query-input":{"@type":"PropertyValueSpecification","valueRequired":true,"valueName":"search_term_string"}}],"inLanguage":"pt-BR"},{"@type":"Organization","@id":"https:\/\/www.notibras.com\/site\/#organization","name":"Grupo Notibras de Comunica\u00e7\u00e3o","url":"https:\/\/www.notibras.com\/site\/","logo":{"@type":"ImageObject","inLanguage":"pt-BR","@id":"https:\/\/www.notibras.com\/site\/#\/schema\/logo\/image\/","url":"https:\/\/www.notibras.com\/site\/wp-content\/uploads\/2023\/01\/notibras23.png","contentUrl":"https:\/\/www.notibras.com\/site\/wp-content\/uploads\/2023\/01\/notibras23.png","width":350,"height":87,"caption":"Grupo Notibras de Comunica\u00e7\u00e3o"},"image":{"@id":"https:\/\/www.notibras.com\/site\/#\/schema\/logo\/image\/"},"sameAs":["https:\/\/www.facebook.com\/notibras\/","https:\/\/x.com\/Notibras","https:\/\/www.instagram.com\/notibras\/"]},{"@type":"Person","@id":"https:\/\/www.notibras.com\/site\/#\/schema\/person\/5b7fabf2aedc3ada2105f03b22b4d3dd","name":"Eduardo Mart\u00ednez","image":{"@type":"ImageObject","inLanguage":"pt-BR","@id":"https:\/\/secure.gravatar.com\/avatar\/7902f906289926289cbcda644b5197c796b893c6ffd7b9a536a42d290f7704a0?s=96&d=mm&r=g","url":"https:\/\/secure.gravatar.com\/avatar\/7902f906289926289cbcda644b5197c796b893c6ffd7b9a536a42d290f7704a0?s=96&d=mm&r=g","contentUrl":"https:\/\/secure.gravatar.com\/avatar\/7902f906289926289cbcda644b5197c796b893c6ffd7b9a536a42d290f7704a0?s=96&d=mm&r=g","caption":"Eduardo Mart\u00ednez"}}]}},"amp_enabled":true,"_links":{"self":[{"href":"https:\/\/www.notibras.com\/site\/wp-json\/wp\/v2\/posts\/380630","targetHints":{"allow":["GET"]}}],"collection":[{"href":"https:\/\/www.notibras.com\/site\/wp-json\/wp\/v2\/posts"}],"about":[{"href":"https:\/\/www.notibras.com\/site\/wp-json\/wp\/v2\/types\/post"}],"author":[{"embeddable":true,"href":"https:\/\/www.notibras.com\/site\/wp-json\/wp\/v2\/users\/21"}],"replies":[{"embeddable":true,"href":"https:\/\/www.notibras.com\/site\/wp-json\/wp\/v2\/comments?post=380630"}],"version-history":[{"count":6,"href":"https:\/\/www.notibras.com\/site\/wp-json\/wp\/v2\/posts\/380630\/revisions"}],"predecessor-version":[{"id":380698,"href":"https:\/\/www.notibras.com\/site\/wp-json\/wp\/v2\/posts\/380630\/revisions\/380698"}],"wp:featuredmedia":[{"embeddable":true,"href":"https:\/\/www.notibras.com\/site\/wp-json\/wp\/v2\/media\/380636"}],"wp:attachment":[{"href":"https:\/\/www.notibras.com\/site\/wp-json\/wp\/v2\/media?parent=380630"}],"wp:term":[{"taxonomy":"category","embeddable":true,"href":"https:\/\/www.notibras.com\/site\/wp-json\/wp\/v2\/categories?post=380630"},{"taxonomy":"post_tag","embeddable":true,"href":"https:\/\/www.notibras.com\/site\/wp-json\/wp\/v2\/tags?post=380630"}],"curies":[{"name":"wp","href":"https:\/\/api.w.org\/{rel}","templated":true}]}}