{"id":380642,"date":"2026-01-26T06:30:05","date_gmt":"2026-01-26T09:30:05","guid":{"rendered":"https:\/\/www.notibras.com\/site\/?p=380642"},"modified":"2026-01-26T06:31:42","modified_gmt":"2026-01-26T09:31:42","slug":"brasilia-amanhece-com-um-veu-branco-frio-cobrindo-predios-e-longas-avenidas","status":"publish","type":"post","link":"https:\/\/www.notibras.com\/site\/brasilia-amanhece-com-um-veu-branco-frio-cobrindo-predios-e-longas-avenidas\/","title":{"rendered":"Bras\u00edlia amanhece com um v\u00e9u branco frio cobrindo pr\u00e9dios e longas avenidas"},"content":{"rendered":"<p data-start=\"215\" data-end=\"486\">Bras\u00edlia amanheceu coberta por um v\u00e9u branco nesta segunda-feira, 26. A neblina tomou avenidas, diluiu contornos e transformou a paisagem r\u00edgida da capital em algo provis\u00f3rio, quase on\u00edrico. Por algumas horas, a cidade pareceu suspensa. Menos concreta, menos definitiva e mais fria.<\/p>\n<p data-start=\"488\" data-end=\"741\">Os pr\u00e9dios surgiam pela metade, como ideias interrompidas. Os eixos se alongavam no nada, e o horizonte desaparecia, devolvendo ao olhar uma Bras\u00edlia rara de que n\u00e3o se imp\u00f5e, que n\u00e3o se explica de imediato. A capital do tra\u00e7o reto acordou sinuosa.<\/p>\n<p data-start=\"743\" data-end=\"1010\">A neblina exige cuidado, mas tamb\u00e9m convida \u00e0 desacelera\u00e7\u00e3o. Motoristas avan\u00e7am com prud\u00eancia, pedestres caminham mais atentos, como se todos, mesmo sem combinar, respeitassem o sil\u00eancio imposto pelo fen\u00f4meno. \u00c9 quando o cotidiano perde velocidade e ganha observa\u00e7\u00e3o.<\/p>\n<p data-start=\"1012\" data-end=\"1277\">H\u00e1 algo de igualit\u00e1rio na neblina. Ela cobre pal\u00e1cios e quadras residenciais com a mesma delicadeza, apaga hierarquias visuais, suaviza o excesso de nitidez que costuma marcar as manh\u00e3s da cidade. Por instantes, Bras\u00edlia deixa de ser monumento e se torna atmosfera.<\/p>\n<p data-start=\"1279\" data-end=\"1541\">Quando o sol come\u00e7a a subir \u2014 e aqui ele sempre sobe com autoridade \u2014 a neblina se desfaz sem protesto. N\u00e3o h\u00e1 espet\u00e1culo, apenas o retorno gradual da forma, da pressa, da clareza. A cidade reaparece como sempre, mas quem esteve atento percebe que algo ficou no ar.<\/p>\n<p data-start=\"1543\" data-end=\"1782\">Talvez seja essa a fun\u00e7\u00e3o da neblina no Planalto. Lembrar, logo cedo, que nem tudo precisa estar claro de imediato. Que at\u00e9 a capital das certezas, de vez em quando, tamb\u00e9m pode acordar envolta em d\u00favida, e, ainda assim, seguir em frente.<\/p>\n<p data-start=\"1543\" data-end=\"1782\">&#8230;&#8230;&#8230;&#8230;&#8230;&#8230;.<\/p>\n<p data-start=\"1543\" data-end=\"1782\"><strong>Carolina Paiva \u00e9 Editora do Quadradinho em Foco<\/strong><\/p>\n","protected":false},"excerpt":{"rendered":"<p>Bras\u00edlia amanheceu coberta por um v\u00e9u branco nesta segunda-feira, 26. A neblina tomou avenidas, diluiu contornos e transformou a paisagem r\u00edgida da capital em algo provis\u00f3rio, quase on\u00edrico. Por algumas horas, a cidade pareceu suspensa. Menos concreta, menos definitiva e mais fria. Os pr\u00e9dios surgiam pela metade, como ideias interrompidas. Os eixos se alongavam no [&hellip;]<\/p>\n","protected":false},"author":2,"featured_media":380643,"comment_status":"closed","ping_status":"closed","sticky":false,"template":"","format":"standard","meta":{"_acf_changed":false,"footnotes":""},"categories":[161],"tags":[],"class_list":["post-380642","post","type-post","status-publish","format-standard","has-post-thumbnail","hentry","category-quadradinho-em-foco"],"acf":[],"yoast_head":"<!-- This site is optimized with the Yoast SEO plugin v27.2 - https:\/\/yoast.com\/product\/yoast-seo-wordpress\/ -->\n<title>Bras\u00edlia amanhece com um v\u00e9u branco frio cobrindo pr\u00e9dios e longas avenidas - Notibras<\/title>\n<meta name=\"robots\" content=\"index, follow, max-snippet:-1, max-image-preview:large, max-video-preview:-1\" \/>\n<link rel=\"canonical\" href=\"https:\/\/www.notibras.com\/site\/brasilia-amanhece-com-um-veu-branco-frio-cobrindo-predios-e-longas-avenidas\/\" \/>\n<meta property=\"og:locale\" content=\"pt_BR\" \/>\n<meta property=\"og:type\" content=\"article\" \/>\n<meta property=\"og:title\" content=\"Bras\u00edlia amanhece com um v\u00e9u branco frio cobrindo pr\u00e9dios e longas avenidas - Notibras\" \/>\n<meta property=\"og:description\" content=\"Bras\u00edlia amanheceu coberta por um v\u00e9u branco nesta segunda-feira, 26. A neblina tomou avenidas, diluiu contornos e transformou a paisagem r\u00edgida da capital em algo provis\u00f3rio, quase on\u00edrico. Por algumas horas, a cidade pareceu suspensa. Menos concreta, menos definitiva e mais fria. Os pr\u00e9dios surgiam pela metade, como ideias interrompidas. Os eixos se alongavam no [&hellip;]\" \/>\n<meta property=\"og:url\" content=\"https:\/\/www.notibras.com\/site\/brasilia-amanhece-com-um-veu-branco-frio-cobrindo-predios-e-longas-avenidas\/\" \/>\n<meta property=\"og:site_name\" content=\"Notibras\" \/>\n<meta property=\"article:publisher\" content=\"https:\/\/www.facebook.com\/notibras\/\" \/>\n<meta property=\"article:published_time\" content=\"2026-01-26T09:30:05+00:00\" \/>\n<meta property=\"article:modified_time\" content=\"2026-01-26T09:31:42+00:00\" \/>\n<meta property=\"og:image\" content=\"https:\/\/www.notibras.com\/site\/wp-content\/uploads\/2026\/01\/c9626eed-b857-472e-92e7-300913307606.jpg\" \/>\n\t<meta property=\"og:image:width\" content=\"1600\" \/>\n\t<meta property=\"og:image:height\" content=\"900\" \/>\n\t<meta property=\"og:image:type\" content=\"image\/jpeg\" \/>\n<meta name=\"author\" content=\"Reda\u00e7\u00e3o\" \/>\n<meta name=\"twitter:card\" content=\"summary_large_image\" \/>\n<meta name=\"twitter:creator\" content=\"@Notibras\" \/>\n<meta name=\"twitter:site\" content=\"@Notibras\" \/>\n<meta name=\"twitter:label1\" content=\"Escrito por\" \/>\n\t<meta name=\"twitter:data1\" content=\"Reda\u00e7\u00e3o\" \/>\n\t<meta name=\"twitter:label2\" content=\"Est. tempo de leitura\" \/>\n\t<meta name=\"twitter:data2\" content=\"2 minutos\" \/>\n<script type=\"application\/ld+json\" class=\"yoast-schema-graph\">{\"@context\":\"https:\/\/schema.org\",\"@graph\":[{\"@type\":\"Article\",\"@id\":\"https:\/\/www.notibras.com\/site\/brasilia-amanhece-com-um-veu-branco-frio-cobrindo-predios-e-longas-avenidas\/#article\",\"isPartOf\":{\"@id\":\"https:\/\/www.notibras.com\/site\/brasilia-amanhece-com-um-veu-branco-frio-cobrindo-predios-e-longas-avenidas\/\"},\"author\":{\"name\":\"Reda\u00e7\u00e3o\",\"@id\":\"https:\/\/www.notibras.com\/site\/#\/schema\/person\/36ab0979449956132d3e5b517ea76ac8\"},\"headline\":\"Bras\u00edlia amanhece com um v\u00e9u branco frio cobrindo pr\u00e9dios e longas avenidas\",\"datePublished\":\"2026-01-26T09:30:05+00:00\",\"dateModified\":\"2026-01-26T09:31:42+00:00\",\"mainEntityOfPage\":{\"@id\":\"https:\/\/www.notibras.com\/site\/brasilia-amanhece-com-um-veu-branco-frio-cobrindo-predios-e-longas-avenidas\/\"},\"wordCount\":300,\"publisher\":{\"@id\":\"https:\/\/www.notibras.com\/site\/#organization\"},\"image\":{\"@id\":\"https:\/\/www.notibras.com\/site\/brasilia-amanhece-com-um-veu-branco-frio-cobrindo-predios-e-longas-avenidas\/#primaryimage\"},\"thumbnailUrl\":\"https:\/\/www.notibras.com\/site\/wp-content\/uploads\/2026\/01\/c9626eed-b857-472e-92e7-300913307606.jpg\",\"articleSection\":[\"Quadradinho em Foco\"],\"inLanguage\":\"pt-BR\"},{\"@type\":\"WebPage\",\"@id\":\"https:\/\/www.notibras.com\/site\/brasilia-amanhece-com-um-veu-branco-frio-cobrindo-predios-e-longas-avenidas\/\",\"url\":\"https:\/\/www.notibras.com\/site\/brasilia-amanhece-com-um-veu-branco-frio-cobrindo-predios-e-longas-avenidas\/\",\"name\":\"Bras\u00edlia amanhece com um v\u00e9u branco frio cobrindo pr\u00e9dios e longas avenidas - Notibras\",\"isPartOf\":{\"@id\":\"https:\/\/www.notibras.com\/site\/#website\"},\"primaryImageOfPage\":{\"@id\":\"https:\/\/www.notibras.com\/site\/brasilia-amanhece-com-um-veu-branco-frio-cobrindo-predios-e-longas-avenidas\/#primaryimage\"},\"image\":{\"@id\":\"https:\/\/www.notibras.com\/site\/brasilia-amanhece-com-um-veu-branco-frio-cobrindo-predios-e-longas-avenidas\/#primaryimage\"},\"thumbnailUrl\":\"https:\/\/www.notibras.com\/site\/wp-content\/uploads\/2026\/01\/c9626eed-b857-472e-92e7-300913307606.jpg\",\"datePublished\":\"2026-01-26T09:30:05+00:00\",\"dateModified\":\"2026-01-26T09:31:42+00:00\",\"breadcrumb\":{\"@id\":\"https:\/\/www.notibras.com\/site\/brasilia-amanhece-com-um-veu-branco-frio-cobrindo-predios-e-longas-avenidas\/#breadcrumb\"},\"inLanguage\":\"pt-BR\",\"potentialAction\":[{\"@type\":\"ReadAction\",\"target\":[\"https:\/\/www.notibras.com\/site\/brasilia-amanhece-com-um-veu-branco-frio-cobrindo-predios-e-longas-avenidas\/\"]}]},{\"@type\":\"ImageObject\",\"inLanguage\":\"pt-BR\",\"@id\":\"https:\/\/www.notibras.com\/site\/brasilia-amanhece-com-um-veu-branco-frio-cobrindo-predios-e-longas-avenidas\/#primaryimage\",\"url\":\"https:\/\/www.notibras.com\/site\/wp-content\/uploads\/2026\/01\/c9626eed-b857-472e-92e7-300913307606.jpg\",\"contentUrl\":\"https:\/\/www.notibras.com\/site\/wp-content\/uploads\/2026\/01\/c9626eed-b857-472e-92e7-300913307606.jpg\",\"width\":1600,\"height\":900},{\"@type\":\"BreadcrumbList\",\"@id\":\"https:\/\/www.notibras.com\/site\/brasilia-amanhece-com-um-veu-branco-frio-cobrindo-predios-e-longas-avenidas\/#breadcrumb\",\"itemListElement\":[{\"@type\":\"ListItem\",\"position\":1,\"name\":\"In\u00edcio\",\"item\":\"https:\/\/www.notibras.com\/site\/\"},{\"@type\":\"ListItem\",\"position\":2,\"name\":\"Bras\u00edlia amanhece com um v\u00e9u branco frio cobrindo pr\u00e9dios e longas avenidas\"}]},{\"@type\":\"WebSite\",\"@id\":\"https:\/\/www.notibras.com\/site\/#website\",\"url\":\"https:\/\/www.notibras.com\/site\/\",\"name\":\"Notibras\",\"description\":\"Not\u00edcias de Bras\u00edlia, do Brasil e do Mundo\",\"publisher\":{\"@id\":\"https:\/\/www.notibras.com\/site\/#organization\"},\"potentialAction\":[{\"@type\":\"SearchAction\",\"target\":{\"@type\":\"EntryPoint\",\"urlTemplate\":\"https:\/\/www.notibras.com\/site\/?s={search_term_string}\"},\"query-input\":{\"@type\":\"PropertyValueSpecification\",\"valueRequired\":true,\"valueName\":\"search_term_string\"}}],\"inLanguage\":\"pt-BR\"},{\"@type\":\"Organization\",\"@id\":\"https:\/\/www.notibras.com\/site\/#organization\",\"name\":\"Grupo Notibras de Comunica\u00e7\u00e3o\",\"url\":\"https:\/\/www.notibras.com\/site\/\",\"logo\":{\"@type\":\"ImageObject\",\"inLanguage\":\"pt-BR\",\"@id\":\"https:\/\/www.notibras.com\/site\/#\/schema\/logo\/image\/\",\"url\":\"https:\/\/www.notibras.com\/site\/wp-content\/uploads\/2023\/01\/notibras23.png\",\"contentUrl\":\"https:\/\/www.notibras.com\/site\/wp-content\/uploads\/2023\/01\/notibras23.png\",\"width\":350,\"height\":87,\"caption\":\"Grupo Notibras de Comunica\u00e7\u00e3o\"},\"image\":{\"@id\":\"https:\/\/www.notibras.com\/site\/#\/schema\/logo\/image\/\"},\"sameAs\":[\"https:\/\/www.facebook.com\/notibras\/\",\"https:\/\/x.com\/Notibras\",\"https:\/\/www.instagram.com\/notibras\/\"]},{\"@type\":\"Person\",\"@id\":\"https:\/\/www.notibras.com\/site\/#\/schema\/person\/36ab0979449956132d3e5b517ea76ac8\",\"name\":\"Reda\u00e7\u00e3o\",\"image\":{\"@type\":\"ImageObject\",\"inLanguage\":\"pt-BR\",\"@id\":\"https:\/\/secure.gravatar.com\/avatar\/e0a867bdedb85fd243eadf09663511f96fc81e0720a4a42581f334ad4303aa6b?s=96&d=mm&r=g\",\"url\":\"https:\/\/secure.gravatar.com\/avatar\/e0a867bdedb85fd243eadf09663511f96fc81e0720a4a42581f334ad4303aa6b?s=96&d=mm&r=g\",\"contentUrl\":\"https:\/\/secure.gravatar.com\/avatar\/e0a867bdedb85fd243eadf09663511f96fc81e0720a4a42581f334ad4303aa6b?s=96&d=mm&r=g\",\"caption\":\"Reda\u00e7\u00e3o\"}}]}<\/script>\n<!-- \/ Yoast SEO plugin. -->","yoast_head_json":{"title":"Bras\u00edlia amanhece com um v\u00e9u branco frio cobrindo pr\u00e9dios e longas avenidas - Notibras","robots":{"index":"index","follow":"follow","max-snippet":"max-snippet:-1","max-image-preview":"max-image-preview:large","max-video-preview":"max-video-preview:-1"},"canonical":"https:\/\/www.notibras.com\/site\/brasilia-amanhece-com-um-veu-branco-frio-cobrindo-predios-e-longas-avenidas\/","og_locale":"pt_BR","og_type":"article","og_title":"Bras\u00edlia amanhece com um v\u00e9u branco frio cobrindo pr\u00e9dios e longas avenidas - Notibras","og_description":"Bras\u00edlia amanheceu coberta por um v\u00e9u branco nesta segunda-feira, 26. A neblina tomou avenidas, diluiu contornos e transformou a paisagem r\u00edgida da capital em algo provis\u00f3rio, quase on\u00edrico. Por algumas horas, a cidade pareceu suspensa. Menos concreta, menos definitiva e mais fria. Os pr\u00e9dios surgiam pela metade, como ideias interrompidas. Os eixos se alongavam no [&hellip;]","og_url":"https:\/\/www.notibras.com\/site\/brasilia-amanhece-com-um-veu-branco-frio-cobrindo-predios-e-longas-avenidas\/","og_site_name":"Notibras","article_publisher":"https:\/\/www.facebook.com\/notibras\/","article_published_time":"2026-01-26T09:30:05+00:00","article_modified_time":"2026-01-26T09:31:42+00:00","og_image":[{"width":1600,"height":900,"url":"https:\/\/www.notibras.com\/site\/wp-content\/uploads\/2026\/01\/c9626eed-b857-472e-92e7-300913307606.jpg","type":"image\/jpeg"}],"author":"Reda\u00e7\u00e3o","twitter_card":"summary_large_image","twitter_creator":"@Notibras","twitter_site":"@Notibras","twitter_misc":{"Escrito por":"Reda\u00e7\u00e3o","Est. tempo de leitura":"2 minutos"},"schema":{"@context":"https:\/\/schema.org","@graph":[{"@type":"Article","@id":"https:\/\/www.notibras.com\/site\/brasilia-amanhece-com-um-veu-branco-frio-cobrindo-predios-e-longas-avenidas\/#article","isPartOf":{"@id":"https:\/\/www.notibras.com\/site\/brasilia-amanhece-com-um-veu-branco-frio-cobrindo-predios-e-longas-avenidas\/"},"author":{"name":"Reda\u00e7\u00e3o","@id":"https:\/\/www.notibras.com\/site\/#\/schema\/person\/36ab0979449956132d3e5b517ea76ac8"},"headline":"Bras\u00edlia amanhece com um v\u00e9u branco frio cobrindo pr\u00e9dios e longas avenidas","datePublished":"2026-01-26T09:30:05+00:00","dateModified":"2026-01-26T09:31:42+00:00","mainEntityOfPage":{"@id":"https:\/\/www.notibras.com\/site\/brasilia-amanhece-com-um-veu-branco-frio-cobrindo-predios-e-longas-avenidas\/"},"wordCount":300,"publisher":{"@id":"https:\/\/www.notibras.com\/site\/#organization"},"image":{"@id":"https:\/\/www.notibras.com\/site\/brasilia-amanhece-com-um-veu-branco-frio-cobrindo-predios-e-longas-avenidas\/#primaryimage"},"thumbnailUrl":"https:\/\/www.notibras.com\/site\/wp-content\/uploads\/2026\/01\/c9626eed-b857-472e-92e7-300913307606.jpg","articleSection":["Quadradinho em Foco"],"inLanguage":"pt-BR"},{"@type":"WebPage","@id":"https:\/\/www.notibras.com\/site\/brasilia-amanhece-com-um-veu-branco-frio-cobrindo-predios-e-longas-avenidas\/","url":"https:\/\/www.notibras.com\/site\/brasilia-amanhece-com-um-veu-branco-frio-cobrindo-predios-e-longas-avenidas\/","name":"Bras\u00edlia amanhece com um v\u00e9u branco frio cobrindo pr\u00e9dios e longas avenidas - Notibras","isPartOf":{"@id":"https:\/\/www.notibras.com\/site\/#website"},"primaryImageOfPage":{"@id":"https:\/\/www.notibras.com\/site\/brasilia-amanhece-com-um-veu-branco-frio-cobrindo-predios-e-longas-avenidas\/#primaryimage"},"image":{"@id":"https:\/\/www.notibras.com\/site\/brasilia-amanhece-com-um-veu-branco-frio-cobrindo-predios-e-longas-avenidas\/#primaryimage"},"thumbnailUrl":"https:\/\/www.notibras.com\/site\/wp-content\/uploads\/2026\/01\/c9626eed-b857-472e-92e7-300913307606.jpg","datePublished":"2026-01-26T09:30:05+00:00","dateModified":"2026-01-26T09:31:42+00:00","breadcrumb":{"@id":"https:\/\/www.notibras.com\/site\/brasilia-amanhece-com-um-veu-branco-frio-cobrindo-predios-e-longas-avenidas\/#breadcrumb"},"inLanguage":"pt-BR","potentialAction":[{"@type":"ReadAction","target":["https:\/\/www.notibras.com\/site\/brasilia-amanhece-com-um-veu-branco-frio-cobrindo-predios-e-longas-avenidas\/"]}]},{"@type":"ImageObject","inLanguage":"pt-BR","@id":"https:\/\/www.notibras.com\/site\/brasilia-amanhece-com-um-veu-branco-frio-cobrindo-predios-e-longas-avenidas\/#primaryimage","url":"https:\/\/www.notibras.com\/site\/wp-content\/uploads\/2026\/01\/c9626eed-b857-472e-92e7-300913307606.jpg","contentUrl":"https:\/\/www.notibras.com\/site\/wp-content\/uploads\/2026\/01\/c9626eed-b857-472e-92e7-300913307606.jpg","width":1600,"height":900},{"@type":"BreadcrumbList","@id":"https:\/\/www.notibras.com\/site\/brasilia-amanhece-com-um-veu-branco-frio-cobrindo-predios-e-longas-avenidas\/#breadcrumb","itemListElement":[{"@type":"ListItem","position":1,"name":"In\u00edcio","item":"https:\/\/www.notibras.com\/site\/"},{"@type":"ListItem","position":2,"name":"Bras\u00edlia amanhece com um v\u00e9u branco frio cobrindo pr\u00e9dios e longas avenidas"}]},{"@type":"WebSite","@id":"https:\/\/www.notibras.com\/site\/#website","url":"https:\/\/www.notibras.com\/site\/","name":"Notibras","description":"Not\u00edcias de Bras\u00edlia, do Brasil e do Mundo","publisher":{"@id":"https:\/\/www.notibras.com\/site\/#organization"},"potentialAction":[{"@type":"SearchAction","target":{"@type":"EntryPoint","urlTemplate":"https:\/\/www.notibras.com\/site\/?s={search_term_string}"},"query-input":{"@type":"PropertyValueSpecification","valueRequired":true,"valueName":"search_term_string"}}],"inLanguage":"pt-BR"},{"@type":"Organization","@id":"https:\/\/www.notibras.com\/site\/#organization","name":"Grupo Notibras de Comunica\u00e7\u00e3o","url":"https:\/\/www.notibras.com\/site\/","logo":{"@type":"ImageObject","inLanguage":"pt-BR","@id":"https:\/\/www.notibras.com\/site\/#\/schema\/logo\/image\/","url":"https:\/\/www.notibras.com\/site\/wp-content\/uploads\/2023\/01\/notibras23.png","contentUrl":"https:\/\/www.notibras.com\/site\/wp-content\/uploads\/2023\/01\/notibras23.png","width":350,"height":87,"caption":"Grupo Notibras de Comunica\u00e7\u00e3o"},"image":{"@id":"https:\/\/www.notibras.com\/site\/#\/schema\/logo\/image\/"},"sameAs":["https:\/\/www.facebook.com\/notibras\/","https:\/\/x.com\/Notibras","https:\/\/www.instagram.com\/notibras\/"]},{"@type":"Person","@id":"https:\/\/www.notibras.com\/site\/#\/schema\/person\/36ab0979449956132d3e5b517ea76ac8","name":"Reda\u00e7\u00e3o","image":{"@type":"ImageObject","inLanguage":"pt-BR","@id":"https:\/\/secure.gravatar.com\/avatar\/e0a867bdedb85fd243eadf09663511f96fc81e0720a4a42581f334ad4303aa6b?s=96&d=mm&r=g","url":"https:\/\/secure.gravatar.com\/avatar\/e0a867bdedb85fd243eadf09663511f96fc81e0720a4a42581f334ad4303aa6b?s=96&d=mm&r=g","contentUrl":"https:\/\/secure.gravatar.com\/avatar\/e0a867bdedb85fd243eadf09663511f96fc81e0720a4a42581f334ad4303aa6b?s=96&d=mm&r=g","caption":"Reda\u00e7\u00e3o"}}]}},"amp_enabled":true,"_links":{"self":[{"href":"https:\/\/www.notibras.com\/site\/wp-json\/wp\/v2\/posts\/380642","targetHints":{"allow":["GET"]}}],"collection":[{"href":"https:\/\/www.notibras.com\/site\/wp-json\/wp\/v2\/posts"}],"about":[{"href":"https:\/\/www.notibras.com\/site\/wp-json\/wp\/v2\/types\/post"}],"author":[{"embeddable":true,"href":"https:\/\/www.notibras.com\/site\/wp-json\/wp\/v2\/users\/2"}],"replies":[{"embeddable":true,"href":"https:\/\/www.notibras.com\/site\/wp-json\/wp\/v2\/comments?post=380642"}],"version-history":[{"count":2,"href":"https:\/\/www.notibras.com\/site\/wp-json\/wp\/v2\/posts\/380642\/revisions"}],"predecessor-version":[{"id":380645,"href":"https:\/\/www.notibras.com\/site\/wp-json\/wp\/v2\/posts\/380642\/revisions\/380645"}],"wp:featuredmedia":[{"embeddable":true,"href":"https:\/\/www.notibras.com\/site\/wp-json\/wp\/v2\/media\/380643"}],"wp:attachment":[{"href":"https:\/\/www.notibras.com\/site\/wp-json\/wp\/v2\/media?parent=380642"}],"wp:term":[{"taxonomy":"category","embeddable":true,"href":"https:\/\/www.notibras.com\/site\/wp-json\/wp\/v2\/categories?post=380642"},{"taxonomy":"post_tag","embeddable":true,"href":"https:\/\/www.notibras.com\/site\/wp-json\/wp\/v2\/tags?post=380642"}],"curies":[{"name":"wp","href":"https:\/\/api.w.org\/{rel}","templated":true}]}}