{"id":380646,"date":"2026-01-26T00:00:05","date_gmt":"2026-01-26T03:00:05","guid":{"rendered":"https:\/\/www.notibras.com\/site\/?p=380646"},"modified":"2026-01-26T06:42:26","modified_gmt":"2026-01-26T09:42:26","slug":"tragedia-anunciada-diz-mae-de-vitimas-de-barragem","status":"publish","type":"post","link":"https:\/\/www.notibras.com\/site\/tragedia-anunciada-diz-mae-de-vitimas-de-barragem\/","title":{"rendered":"&#8220;Trag\u00e9dia anunciada&#8221;, diz m\u00e3e de v\u00edtimas de barragem"},"content":{"rendered":"<p>Sentadas no ch\u00e3o da Avenida Paulista, em S\u00e3o Paulo, crian\u00e7as v\u00e3o amassando a argila e fazendo pequenos vasinhos para acomodar as sementes ou as plantinhas que receberam e que futuramente v\u00e3o germinar e dar frutos. O manuseio desse barro \u00e9 um ato simb\u00f3lico para relembrar os sete anos de uma das maiores trag\u00e9dias do pa\u00eds, quando 272 pessoas morreram ap\u00f3s o rompimento da barragem da mineradora Vale, em Brumadinho.<\/p>\n<p>O ato foi promovido pelo Instituto Camila e Luiz Taliberti, entidade que foi criada em homenagem aos dois filhos de Helena Taliberti, mortos em consequ\u00eancia do rompimento da barragem. Ambos estavam hospedados na Pousada Nova Est\u00e2ncia, engolida pelos rejeitos.<\/p>\n<p>Al\u00e9m dos filhos, Helena perdeu ainda a nora, Fernanda Damian, que estava gr\u00e1vida de cinco meses do primeiro filho. Nessa mesma viagem morreram ainda o ex-marido, pai de Camila e de Luiz, que estava acompanhado de sua ent\u00e3o esposa.<\/p>\n<p>\u201cEstou um pouco emocionada porque n\u00e3o vou ter netos mais. Mas eu acho que ainda tenho obriga\u00e7\u00e3o de zelar pelo futuro dessas gera\u00e7\u00f5es para que elas entendam o que \u00e9 o meio ambiente. O meio ambiente n\u00e3o \u00e9 l\u00e1 na Amaz\u00f4nia, o meio ambiente n\u00e3o \u00e9 l\u00e1 no Pantanal&#8221;, lamentou.<\/p>\n<p>A ativista ressalta a necessidade de se cuidar de todos os biomas e que a capital S\u00e3o Paulo est\u00e1 incrustada na Mata Atl\u00e2ntica, mas s\u00f3 tem 12% do bioma original.<\/p>\n<p>&#8220;A gente precisa sim criar, dentro das nossas cidades, nichos importantes de respiro do planeta. S\u00e3o Paulo precisa ter respiros e um trabalho muito importante com as pr\u00f3ximas gera\u00e7\u00f5es para que n\u00e3o seja uma cidade invi\u00e1vel do ponto de vista de moradia\u201d, refor\u00e7ou.<\/p>\n<p>Al\u00e9m da oficina de argila com as crian\u00e7as, uma sirene foi tocada na Avenida Paulista, \u00e0s 12h28, para marcar o hor\u00e1rio em que a trag\u00e9dia de Brumadinho teve in\u00edcio e relembrar que, em 25 de janeiro, h\u00e1 sete anos, a sirene de alerta n\u00e3o tocou para avisar as pessoas sobre o rompimento da barragem.<\/p>\n<p>\u201cPelas investiga\u00e7\u00f5es que ocorreram, a gente soube que a empresa sabia que a barragem estava com problemas e que precisava de manuten\u00e7\u00e3o, mas n\u00e3o fez a manuten\u00e7\u00e3o adequadamente. Aquela trag\u00e9dia poderia ter sido evitada&#8221;, ressalta. Helena enfatiza que se a sirene tivesse tocado, teria evitado mortes.<\/p>\n<p>&#8220;A import\u00e2ncia de chamarmos a aten\u00e7\u00e3o para essa trag\u00e9dia \u00e9 para que ela n\u00e3o se repita e, mais do que isso, precisamos lembrar que aconteceu em Mariana antes de Brumadinho. Mariana, na verdade, foi a verdadeira sirene de Brumadinho e que ningu\u00e9m ouviu\u201d, destacou Helena.<\/p>\n<p><strong>Sem justi\u00e7a<\/strong><br \/>\nPassados sete anos da trag\u00e9dia, ainda n\u00e3o houve responsabiliza\u00e7\u00e3o criminal, ou seja, ningu\u00e9m respondeu pelo crime. Um processo tramita na Justi\u00e7a mineira e vai julgar 15 pessoas pelo epis\u00f3dio.<\/p>\n<p>\u201cA Justi\u00e7a n\u00e3o foi feita\u201d, conclui Helena. \u201c\u00c9 importante que se saiba que a repara\u00e7\u00e3o est\u00e1 sendo muito lenta, n\u00e3o tem sido adequada e as pessoas que foram atingidas perderam tudo o que tinham &#8211; como suas casas, suas lavouras, seus animais &#8211; e isso n\u00e3o foi reposto, n\u00e3o foi reparado&#8221;, lamentou.<\/p>\n<p>Helena refor\u00e7a que repara\u00e7\u00e3o \u00e9 um termo duvidoso, porque n\u00e3o se pode reparar a morte de algu\u00e9m. &#8220;Isso n\u00e3o existe. Mas a repara\u00e7\u00e3o para os atingidos precisa acontecer. E tamb\u00e9m a justi\u00e7a, para que as pessoas envolvidas sejam responsabilizadas pelo que fizeram\u201d, ressaltou.<\/p>\n<p>Segundo a ativista, a responsabiliza\u00e7\u00e3o \u00e9 importante, inclusive, para evitar que novas trag\u00e9dias como semelhantes aconte\u00e7am no pa\u00eds. \u201cA impunidade \u00e9 a porta para acontecer de novo. E a gente n\u00e3o pode permitir que isso aconte\u00e7a de novo\u201d.<\/p>\n","protected":false},"excerpt":{"rendered":"<p>Sentadas no ch\u00e3o da Avenida Paulista, em S\u00e3o Paulo, crian\u00e7as v\u00e3o amassando a argila e fazendo pequenos vasinhos para acomodar as sementes ou as plantinhas que receberam e que futuramente v\u00e3o germinar e dar frutos. O manuseio desse barro \u00e9 um ato simb\u00f3lico para relembrar os sete anos de uma das maiores trag\u00e9dias do pa\u00eds, [&hellip;]<\/p>\n","protected":false},"author":2,"featured_media":380647,"comment_status":"closed","ping_status":"closed","sticky":false,"template":"","format":"standard","meta":{"_acf_changed":false,"footnotes":""},"categories":[16],"tags":[],"class_list":["post-380646","post","type-post","status-publish","format-standard","has-post-thumbnail","hentry","category-brasil"],"acf":[],"yoast_head":"<!-- This site is optimized with the Yoast SEO plugin v27.2 - https:\/\/yoast.com\/product\/yoast-seo-wordpress\/ -->\n<title>&quot;Trag\u00e9dia anunciada&quot;, diz m\u00e3e de v\u00edtimas de barragem - Notibras<\/title>\n<meta name=\"robots\" content=\"index, follow, max-snippet:-1, max-image-preview:large, max-video-preview:-1\" \/>\n<link rel=\"canonical\" href=\"https:\/\/www.notibras.com\/site\/tragedia-anunciada-diz-mae-de-vitimas-de-barragem\/\" \/>\n<meta property=\"og:locale\" content=\"pt_BR\" \/>\n<meta property=\"og:type\" content=\"article\" \/>\n<meta property=\"og:title\" content=\"&quot;Trag\u00e9dia anunciada&quot;, diz m\u00e3e de v\u00edtimas de barragem - Notibras\" \/>\n<meta property=\"og:description\" content=\"Sentadas no ch\u00e3o da Avenida Paulista, em S\u00e3o Paulo, crian\u00e7as v\u00e3o amassando a argila e fazendo pequenos vasinhos para acomodar as sementes ou as plantinhas que receberam e que futuramente v\u00e3o germinar e dar frutos. O manuseio desse barro \u00e9 um ato simb\u00f3lico para relembrar os sete anos de uma das maiores trag\u00e9dias do pa\u00eds, [&hellip;]\" \/>\n<meta property=\"og:url\" content=\"https:\/\/www.notibras.com\/site\/tragedia-anunciada-diz-mae-de-vitimas-de-barragem\/\" \/>\n<meta property=\"og:site_name\" content=\"Notibras\" \/>\n<meta property=\"article:publisher\" content=\"https:\/\/www.facebook.com\/notibras\/\" \/>\n<meta property=\"article:published_time\" content=\"2026-01-26T03:00:05+00:00\" \/>\n<meta property=\"article:modified_time\" content=\"2026-01-26T09:42:26+00:00\" \/>\n<meta property=\"og:image\" content=\"https:\/\/www.notibras.com\/site\/wp-content\/uploads\/2026\/01\/brumadinho_07.webp\" \/>\n\t<meta property=\"og:image:width\" content=\"1170\" \/>\n\t<meta property=\"og:image:height\" content=\"700\" \/>\n\t<meta property=\"og:image:type\" content=\"image\/webp\" \/>\n<meta name=\"author\" content=\"Reda\u00e7\u00e3o\" \/>\n<meta name=\"twitter:card\" content=\"summary_large_image\" \/>\n<meta name=\"twitter:creator\" content=\"@Notibras\" \/>\n<meta name=\"twitter:site\" content=\"@Notibras\" \/>\n<meta name=\"twitter:label1\" content=\"Escrito por\" \/>\n\t<meta name=\"twitter:data1\" content=\"Reda\u00e7\u00e3o\" \/>\n\t<meta name=\"twitter:label2\" content=\"Est. tempo de leitura\" \/>\n\t<meta name=\"twitter:data2\" content=\"4 minutos\" \/>\n<script type=\"application\/ld+json\" class=\"yoast-schema-graph\">{\"@context\":\"https:\/\/schema.org\",\"@graph\":[{\"@type\":\"Article\",\"@id\":\"https:\/\/www.notibras.com\/site\/tragedia-anunciada-diz-mae-de-vitimas-de-barragem\/#article\",\"isPartOf\":{\"@id\":\"https:\/\/www.notibras.com\/site\/tragedia-anunciada-diz-mae-de-vitimas-de-barragem\/\"},\"author\":{\"name\":\"Reda\u00e7\u00e3o\",\"@id\":\"https:\/\/www.notibras.com\/site\/#\/schema\/person\/36ab0979449956132d3e5b517ea76ac8\"},\"headline\":\"&#8220;Trag\u00e9dia anunciada&#8221;, diz m\u00e3e de v\u00edtimas de barragem\",\"datePublished\":\"2026-01-26T03:00:05+00:00\",\"dateModified\":\"2026-01-26T09:42:26+00:00\",\"mainEntityOfPage\":{\"@id\":\"https:\/\/www.notibras.com\/site\/tragedia-anunciada-diz-mae-de-vitimas-de-barragem\/\"},\"wordCount\":648,\"publisher\":{\"@id\":\"https:\/\/www.notibras.com\/site\/#organization\"},\"image\":{\"@id\":\"https:\/\/www.notibras.com\/site\/tragedia-anunciada-diz-mae-de-vitimas-de-barragem\/#primaryimage\"},\"thumbnailUrl\":\"https:\/\/www.notibras.com\/site\/wp-content\/uploads\/2026\/01\/brumadinho_07.webp\",\"articleSection\":[\"Brasil\"],\"inLanguage\":\"pt-BR\"},{\"@type\":\"WebPage\",\"@id\":\"https:\/\/www.notibras.com\/site\/tragedia-anunciada-diz-mae-de-vitimas-de-barragem\/\",\"url\":\"https:\/\/www.notibras.com\/site\/tragedia-anunciada-diz-mae-de-vitimas-de-barragem\/\",\"name\":\"\\\"Trag\u00e9dia anunciada\\\", diz m\u00e3e de v\u00edtimas de barragem - Notibras\",\"isPartOf\":{\"@id\":\"https:\/\/www.notibras.com\/site\/#website\"},\"primaryImageOfPage\":{\"@id\":\"https:\/\/www.notibras.com\/site\/tragedia-anunciada-diz-mae-de-vitimas-de-barragem\/#primaryimage\"},\"image\":{\"@id\":\"https:\/\/www.notibras.com\/site\/tragedia-anunciada-diz-mae-de-vitimas-de-barragem\/#primaryimage\"},\"thumbnailUrl\":\"https:\/\/www.notibras.com\/site\/wp-content\/uploads\/2026\/01\/brumadinho_07.webp\",\"datePublished\":\"2026-01-26T03:00:05+00:00\",\"dateModified\":\"2026-01-26T09:42:26+00:00\",\"breadcrumb\":{\"@id\":\"https:\/\/www.notibras.com\/site\/tragedia-anunciada-diz-mae-de-vitimas-de-barragem\/#breadcrumb\"},\"inLanguage\":\"pt-BR\",\"potentialAction\":[{\"@type\":\"ReadAction\",\"target\":[\"https:\/\/www.notibras.com\/site\/tragedia-anunciada-diz-mae-de-vitimas-de-barragem\/\"]}]},{\"@type\":\"ImageObject\",\"inLanguage\":\"pt-BR\",\"@id\":\"https:\/\/www.notibras.com\/site\/tragedia-anunciada-diz-mae-de-vitimas-de-barragem\/#primaryimage\",\"url\":\"https:\/\/www.notibras.com\/site\/wp-content\/uploads\/2026\/01\/brumadinho_07.webp\",\"contentUrl\":\"https:\/\/www.notibras.com\/site\/wp-content\/uploads\/2026\/01\/brumadinho_07.webp\",\"width\":1170,\"height\":700},{\"@type\":\"BreadcrumbList\",\"@id\":\"https:\/\/www.notibras.com\/site\/tragedia-anunciada-diz-mae-de-vitimas-de-barragem\/#breadcrumb\",\"itemListElement\":[{\"@type\":\"ListItem\",\"position\":1,\"name\":\"In\u00edcio\",\"item\":\"https:\/\/www.notibras.com\/site\/\"},{\"@type\":\"ListItem\",\"position\":2,\"name\":\"&#8220;Trag\u00e9dia anunciada&#8221;, diz m\u00e3e de v\u00edtimas de barragem\"}]},{\"@type\":\"WebSite\",\"@id\":\"https:\/\/www.notibras.com\/site\/#website\",\"url\":\"https:\/\/www.notibras.com\/site\/\",\"name\":\"Notibras\",\"description\":\"Not\u00edcias de Bras\u00edlia, do Brasil e do Mundo\",\"publisher\":{\"@id\":\"https:\/\/www.notibras.com\/site\/#organization\"},\"potentialAction\":[{\"@type\":\"SearchAction\",\"target\":{\"@type\":\"EntryPoint\",\"urlTemplate\":\"https:\/\/www.notibras.com\/site\/?s={search_term_string}\"},\"query-input\":{\"@type\":\"PropertyValueSpecification\",\"valueRequired\":true,\"valueName\":\"search_term_string\"}}],\"inLanguage\":\"pt-BR\"},{\"@type\":\"Organization\",\"@id\":\"https:\/\/www.notibras.com\/site\/#organization\",\"name\":\"Grupo Notibras de Comunica\u00e7\u00e3o\",\"url\":\"https:\/\/www.notibras.com\/site\/\",\"logo\":{\"@type\":\"ImageObject\",\"inLanguage\":\"pt-BR\",\"@id\":\"https:\/\/www.notibras.com\/site\/#\/schema\/logo\/image\/\",\"url\":\"https:\/\/www.notibras.com\/site\/wp-content\/uploads\/2023\/01\/notibras23.png\",\"contentUrl\":\"https:\/\/www.notibras.com\/site\/wp-content\/uploads\/2023\/01\/notibras23.png\",\"width\":350,\"height\":87,\"caption\":\"Grupo Notibras de Comunica\u00e7\u00e3o\"},\"image\":{\"@id\":\"https:\/\/www.notibras.com\/site\/#\/schema\/logo\/image\/\"},\"sameAs\":[\"https:\/\/www.facebook.com\/notibras\/\",\"https:\/\/x.com\/Notibras\",\"https:\/\/www.instagram.com\/notibras\/\"]},{\"@type\":\"Person\",\"@id\":\"https:\/\/www.notibras.com\/site\/#\/schema\/person\/36ab0979449956132d3e5b517ea76ac8\",\"name\":\"Reda\u00e7\u00e3o\",\"image\":{\"@type\":\"ImageObject\",\"inLanguage\":\"pt-BR\",\"@id\":\"https:\/\/secure.gravatar.com\/avatar\/e0a867bdedb85fd243eadf09663511f96fc81e0720a4a42581f334ad4303aa6b?s=96&d=mm&r=g\",\"url\":\"https:\/\/secure.gravatar.com\/avatar\/e0a867bdedb85fd243eadf09663511f96fc81e0720a4a42581f334ad4303aa6b?s=96&d=mm&r=g\",\"contentUrl\":\"https:\/\/secure.gravatar.com\/avatar\/e0a867bdedb85fd243eadf09663511f96fc81e0720a4a42581f334ad4303aa6b?s=96&d=mm&r=g\",\"caption\":\"Reda\u00e7\u00e3o\"}}]}<\/script>\n<!-- \/ Yoast SEO plugin. -->","yoast_head_json":{"title":"\"Trag\u00e9dia anunciada\", diz m\u00e3e de v\u00edtimas de barragem - Notibras","robots":{"index":"index","follow":"follow","max-snippet":"max-snippet:-1","max-image-preview":"max-image-preview:large","max-video-preview":"max-video-preview:-1"},"canonical":"https:\/\/www.notibras.com\/site\/tragedia-anunciada-diz-mae-de-vitimas-de-barragem\/","og_locale":"pt_BR","og_type":"article","og_title":"\"Trag\u00e9dia anunciada\", diz m\u00e3e de v\u00edtimas de barragem - Notibras","og_description":"Sentadas no ch\u00e3o da Avenida Paulista, em S\u00e3o Paulo, crian\u00e7as v\u00e3o amassando a argila e fazendo pequenos vasinhos para acomodar as sementes ou as plantinhas que receberam e que futuramente v\u00e3o germinar e dar frutos. O manuseio desse barro \u00e9 um ato simb\u00f3lico para relembrar os sete anos de uma das maiores trag\u00e9dias do pa\u00eds, [&hellip;]","og_url":"https:\/\/www.notibras.com\/site\/tragedia-anunciada-diz-mae-de-vitimas-de-barragem\/","og_site_name":"Notibras","article_publisher":"https:\/\/www.facebook.com\/notibras\/","article_published_time":"2026-01-26T03:00:05+00:00","article_modified_time":"2026-01-26T09:42:26+00:00","og_image":[{"width":1170,"height":700,"url":"https:\/\/www.notibras.com\/site\/wp-content\/uploads\/2026\/01\/brumadinho_07.webp","type":"image\/webp"}],"author":"Reda\u00e7\u00e3o","twitter_card":"summary_large_image","twitter_creator":"@Notibras","twitter_site":"@Notibras","twitter_misc":{"Escrito por":"Reda\u00e7\u00e3o","Est. tempo de leitura":"4 minutos"},"schema":{"@context":"https:\/\/schema.org","@graph":[{"@type":"Article","@id":"https:\/\/www.notibras.com\/site\/tragedia-anunciada-diz-mae-de-vitimas-de-barragem\/#article","isPartOf":{"@id":"https:\/\/www.notibras.com\/site\/tragedia-anunciada-diz-mae-de-vitimas-de-barragem\/"},"author":{"name":"Reda\u00e7\u00e3o","@id":"https:\/\/www.notibras.com\/site\/#\/schema\/person\/36ab0979449956132d3e5b517ea76ac8"},"headline":"&#8220;Trag\u00e9dia anunciada&#8221;, diz m\u00e3e de v\u00edtimas de barragem","datePublished":"2026-01-26T03:00:05+00:00","dateModified":"2026-01-26T09:42:26+00:00","mainEntityOfPage":{"@id":"https:\/\/www.notibras.com\/site\/tragedia-anunciada-diz-mae-de-vitimas-de-barragem\/"},"wordCount":648,"publisher":{"@id":"https:\/\/www.notibras.com\/site\/#organization"},"image":{"@id":"https:\/\/www.notibras.com\/site\/tragedia-anunciada-diz-mae-de-vitimas-de-barragem\/#primaryimage"},"thumbnailUrl":"https:\/\/www.notibras.com\/site\/wp-content\/uploads\/2026\/01\/brumadinho_07.webp","articleSection":["Brasil"],"inLanguage":"pt-BR"},{"@type":"WebPage","@id":"https:\/\/www.notibras.com\/site\/tragedia-anunciada-diz-mae-de-vitimas-de-barragem\/","url":"https:\/\/www.notibras.com\/site\/tragedia-anunciada-diz-mae-de-vitimas-de-barragem\/","name":"\"Trag\u00e9dia anunciada\", diz m\u00e3e de v\u00edtimas de barragem - Notibras","isPartOf":{"@id":"https:\/\/www.notibras.com\/site\/#website"},"primaryImageOfPage":{"@id":"https:\/\/www.notibras.com\/site\/tragedia-anunciada-diz-mae-de-vitimas-de-barragem\/#primaryimage"},"image":{"@id":"https:\/\/www.notibras.com\/site\/tragedia-anunciada-diz-mae-de-vitimas-de-barragem\/#primaryimage"},"thumbnailUrl":"https:\/\/www.notibras.com\/site\/wp-content\/uploads\/2026\/01\/brumadinho_07.webp","datePublished":"2026-01-26T03:00:05+00:00","dateModified":"2026-01-26T09:42:26+00:00","breadcrumb":{"@id":"https:\/\/www.notibras.com\/site\/tragedia-anunciada-diz-mae-de-vitimas-de-barragem\/#breadcrumb"},"inLanguage":"pt-BR","potentialAction":[{"@type":"ReadAction","target":["https:\/\/www.notibras.com\/site\/tragedia-anunciada-diz-mae-de-vitimas-de-barragem\/"]}]},{"@type":"ImageObject","inLanguage":"pt-BR","@id":"https:\/\/www.notibras.com\/site\/tragedia-anunciada-diz-mae-de-vitimas-de-barragem\/#primaryimage","url":"https:\/\/www.notibras.com\/site\/wp-content\/uploads\/2026\/01\/brumadinho_07.webp","contentUrl":"https:\/\/www.notibras.com\/site\/wp-content\/uploads\/2026\/01\/brumadinho_07.webp","width":1170,"height":700},{"@type":"BreadcrumbList","@id":"https:\/\/www.notibras.com\/site\/tragedia-anunciada-diz-mae-de-vitimas-de-barragem\/#breadcrumb","itemListElement":[{"@type":"ListItem","position":1,"name":"In\u00edcio","item":"https:\/\/www.notibras.com\/site\/"},{"@type":"ListItem","position":2,"name":"&#8220;Trag\u00e9dia anunciada&#8221;, diz m\u00e3e de v\u00edtimas de barragem"}]},{"@type":"WebSite","@id":"https:\/\/www.notibras.com\/site\/#website","url":"https:\/\/www.notibras.com\/site\/","name":"Notibras","description":"Not\u00edcias de Bras\u00edlia, do Brasil e do Mundo","publisher":{"@id":"https:\/\/www.notibras.com\/site\/#organization"},"potentialAction":[{"@type":"SearchAction","target":{"@type":"EntryPoint","urlTemplate":"https:\/\/www.notibras.com\/site\/?s={search_term_string}"},"query-input":{"@type":"PropertyValueSpecification","valueRequired":true,"valueName":"search_term_string"}}],"inLanguage":"pt-BR"},{"@type":"Organization","@id":"https:\/\/www.notibras.com\/site\/#organization","name":"Grupo Notibras de Comunica\u00e7\u00e3o","url":"https:\/\/www.notibras.com\/site\/","logo":{"@type":"ImageObject","inLanguage":"pt-BR","@id":"https:\/\/www.notibras.com\/site\/#\/schema\/logo\/image\/","url":"https:\/\/www.notibras.com\/site\/wp-content\/uploads\/2023\/01\/notibras23.png","contentUrl":"https:\/\/www.notibras.com\/site\/wp-content\/uploads\/2023\/01\/notibras23.png","width":350,"height":87,"caption":"Grupo Notibras de Comunica\u00e7\u00e3o"},"image":{"@id":"https:\/\/www.notibras.com\/site\/#\/schema\/logo\/image\/"},"sameAs":["https:\/\/www.facebook.com\/notibras\/","https:\/\/x.com\/Notibras","https:\/\/www.instagram.com\/notibras\/"]},{"@type":"Person","@id":"https:\/\/www.notibras.com\/site\/#\/schema\/person\/36ab0979449956132d3e5b517ea76ac8","name":"Reda\u00e7\u00e3o","image":{"@type":"ImageObject","inLanguage":"pt-BR","@id":"https:\/\/secure.gravatar.com\/avatar\/e0a867bdedb85fd243eadf09663511f96fc81e0720a4a42581f334ad4303aa6b?s=96&d=mm&r=g","url":"https:\/\/secure.gravatar.com\/avatar\/e0a867bdedb85fd243eadf09663511f96fc81e0720a4a42581f334ad4303aa6b?s=96&d=mm&r=g","contentUrl":"https:\/\/secure.gravatar.com\/avatar\/e0a867bdedb85fd243eadf09663511f96fc81e0720a4a42581f334ad4303aa6b?s=96&d=mm&r=g","caption":"Reda\u00e7\u00e3o"}}]}},"amp_enabled":true,"_links":{"self":[{"href":"https:\/\/www.notibras.com\/site\/wp-json\/wp\/v2\/posts\/380646","targetHints":{"allow":["GET"]}}],"collection":[{"href":"https:\/\/www.notibras.com\/site\/wp-json\/wp\/v2\/posts"}],"about":[{"href":"https:\/\/www.notibras.com\/site\/wp-json\/wp\/v2\/types\/post"}],"author":[{"embeddable":true,"href":"https:\/\/www.notibras.com\/site\/wp-json\/wp\/v2\/users\/2"}],"replies":[{"embeddable":true,"href":"https:\/\/www.notibras.com\/site\/wp-json\/wp\/v2\/comments?post=380646"}],"version-history":[{"count":1,"href":"https:\/\/www.notibras.com\/site\/wp-json\/wp\/v2\/posts\/380646\/revisions"}],"predecessor-version":[{"id":380648,"href":"https:\/\/www.notibras.com\/site\/wp-json\/wp\/v2\/posts\/380646\/revisions\/380648"}],"wp:featuredmedia":[{"embeddable":true,"href":"https:\/\/www.notibras.com\/site\/wp-json\/wp\/v2\/media\/380647"}],"wp:attachment":[{"href":"https:\/\/www.notibras.com\/site\/wp-json\/wp\/v2\/media?parent=380646"}],"wp:term":[{"taxonomy":"category","embeddable":true,"href":"https:\/\/www.notibras.com\/site\/wp-json\/wp\/v2\/categories?post=380646"},{"taxonomy":"post_tag","embeddable":true,"href":"https:\/\/www.notibras.com\/site\/wp-json\/wp\/v2\/tags?post=380646"}],"curies":[{"name":"wp","href":"https:\/\/api.w.org\/{rel}","templated":true}]}}