{"id":380652,"date":"2026-01-26T00:01:01","date_gmt":"2026-01-26T03:01:01","guid":{"rendered":"https:\/\/www.notibras.com\/site\/?p=380652"},"modified":"2026-01-26T06:53:04","modified_gmt":"2026-01-26T09:53:04","slug":"programa-gas-do-povo-chega-a-todas-as-capitais","status":"publish","type":"post","link":"https:\/\/www.notibras.com\/site\/programa-gas-do-povo-chega-a-todas-as-capitais\/","title":{"rendered":"Programa G\u00e1s do Povo chega a todas as capitais"},"content":{"rendered":"<p>O Programa G\u00e1s do Povo passa a atender todas as capitais brasileiras a partir desta segunda-feira (26). Nesta fase, 950 mil novas fam\u00edlias de 17 capitais passam a receber o vale para recarga gratuita do botij\u00e3o de g\u00e1s de cozinha (GLP) de 13 quilos (kg), que pode ser utilizado em mais de 10 mil revendedoras credenciadas em todo o pa\u00eds.<\/p>\n<p>Segundo o Minist\u00e9rio do Desenvolvimento, Assist\u00eancia Social , Fam\u00edlia e Combate \u00e0 Fome (MDS), o G\u00e1s do Povo deve estar em pleno funcionamento em mar\u00e7o, quando 15 milh\u00f5es de fam\u00edlias ser\u00e3o beneficiadas. O programa pretende combater a pobreza energ\u00e9tica, definida como a dificuldade de uma fam\u00edlia em ter acesso a servi\u00e7os de energia essenciais e modernos, como ilumina\u00e7\u00e3o, aquecimento, refrigera\u00e7\u00e3o e energia para cozinhar.<\/p>\n<p>De acordo com o governo, o programa traz vantagens n\u00e3o apenas para as fam\u00edlias de baixa renda, mas para a sa\u00fade p\u00fablica. O MDS ressalta que o acesso ao botij\u00e3o reduz o uso de alternativas perigosas (como lenha, carv\u00e3o e querosene) para o cozimento, diminui riscos de doen\u00e7as respirat\u00f3rias e queimaduras e garante acesso a fontes de energia limpas e seguras.<\/p>\n<p>O ministro do Desenvolvimento e Assist\u00eancia Social, Wellington Dias, ressalta que o programa ajuda diretamente no or\u00e7amento das fam\u00edlias. \u201cO benef\u00edcio alivia o or\u00e7amento familiar dos mais pobres, que podem destinar o dinheiro que gastariam no botij\u00e3o para comprar alimentos ou suprir outra necessidade b\u00e1sica\u201d, afirma. O Aux\u00edlio G\u00e1s, benef\u00edcio atual que permite a compra de um botij\u00e3o de 13 kg a cada dois meses por cerca de 4,4 milh\u00f5es de fam\u00edlias de baixa renda, ser\u00e1 substitu\u00eddo.<\/p>\n<p><strong>O que muda <\/strong><br \/>\n\u2022 Inclus\u00e3o de 950 mil novas fam\u00edlias no programa<\/p>\n<p>\u2022 Expans\u00e3o para 17 capitais que ainda n\u00e3o participavam<\/p>\n<p>\u2022 Cobertura passa a alcan\u00e7ar todas as capitais do pa\u00eds<\/p>\n<p>\u2022 Vale pode ser usado em mais de 10 mil revendas credenciadas<\/p>\n<p><strong>Capitais inclu\u00eddas<\/strong><br \/>\n\u2022 Aracaju (SE)<\/p>\n<p>\u2022 Boa Vista (RR)<\/p>\n<p>\u2022 Bras\u00edlia (DF)<\/p>\n<p>\u2022 Campo Grande (MS)<\/p>\n<p>\u2022 Cuiab\u00e1 (MT)<\/p>\n<p>\u2022 Curitiba (PR)<\/p>\n<p>\u2022 Florian\u00f3polis (SC)<\/p>\n<p>\u2022 Jo\u00e3o Pessoa (PB)<\/p>\n<p>\u2022 Macap\u00e1 (AP)<\/p>\n<p>\u2022 Macei\u00f3 (AL)<\/p>\n<p>\u2022 Manaus (AM)<\/p>\n<p>\u2022 Palmas (TO)<\/p>\n<p>\u2022 Porto Velho (RO)<\/p>\n<p>\u2022 Rio Branco (AC)<\/p>\n<p>\u2022 Rio de Janeiro (RJ)<\/p>\n<p>\u2022 S\u00e3o Lu\u00eds (MA)<\/p>\n<p>\u2022 Vit\u00f3ria (ES)<\/p>\n<p><strong>Quem tem direito<\/strong><br \/>\nPara receber o benef\u00edcio, a fam\u00edlia precisa:<\/p>\n<p>\u2022 Ser benefici\u00e1ria do Bolsa Fam\u00edlia;<\/p>\n<p>\u2022 Ter ao menos duas pessoas no n\u00facleo familiar;<\/p>\n<p>\u2022 Ter renda per capita de at\u00e9 meio sal\u00e1rio-m\u00ednimo;<\/p>\n<p>\u2022 Estar com o Cadastro \u00danico atualizado nos \u00faltimos 24 meses;<\/p>\n<p>\u2022 Ter o Cadastro de Pessoas F\u00edsicas (CPF) do Respons\u00e1vel Familiar regular, sem pend\u00eancias.<\/p>\n<p><strong>Como usar o vale do g\u00e1s<\/strong><br \/>\nO benef\u00edcio pode ser acessado de diferentes formas:<\/p>\n<p>\u2022 Aplicativo Meu Social \u2013 G\u00e1s do Povo;<\/p>\n<p>\u2022 Cart\u00e3o do Bolsa Fam\u00edlia (com chip);<\/p>\n<p>\u2022 Cart\u00e3o de d\u00e9bito da Caixa;<\/p>\n<p>\u2022 Informar o CPF do Respons\u00e1vel Familiar na maquininha da revenda e receber c\u00f3digo por SMS.<\/p>\n<p><strong>Onde consultar o benef\u00edcio<\/strong><br \/>\n\u2022 Aplicativo Meu Social \u2013 G\u00e1s do Povo, dispon\u00edvel para os celulares dos sistemas Android e iOS;<\/p>\n<p>\u2022 P\u00e1gina oficial do G\u00e1s do Povo no site do MDS;<\/p>\n<p>\u2022 Portal Cidad\u00e3o Caixa;<\/p>\n<p>\u2022 Caixa Cidad\u00e3o: 0800-726-0207.<\/p>\n<p><strong>Canais para tirar d\u00favidas<\/strong><br \/>\n\u2022 Disque Social 121 (MDS);<\/p>\n<p>\u2022 FalaBR, do Governo Federal &lt;https:\/\/falabr.cgu.gov.br\/web\/home&gt;;<\/p>\n<p>\u2022 SAC Caixa: 0800-726-0101;<\/p>\n<p><strong>Pr\u00f3ximos passos do programa<\/strong><br \/>\n\u2022 Cobertura em todos os 5.571 munic\u00edpios do pa\u00eds at\u00e9 mar\u00e7o;<\/p>\n<p>\u2022 Atendimento de 15 milh\u00f5es de fam\u00edlias nos pr\u00f3ximos dois meses;<\/p>\n<p>\u2022 Substitui\u00e7\u00e3o definitiva do antigo Aux\u00edlio G\u00e1s, com foco na recarga direta do botij\u00e3o.<\/p>\n","protected":false},"excerpt":{"rendered":"<p>O Programa G\u00e1s do Povo passa a atender todas as capitais brasileiras a partir desta segunda-feira (26). Nesta fase, 950 mil novas fam\u00edlias de 17 capitais passam a receber o vale para recarga gratuita do botij\u00e3o de g\u00e1s de cozinha (GLP) de 13 quilos (kg), que pode ser utilizado em mais de 10 mil revendedoras [&hellip;]<\/p>\n","protected":false},"author":2,"featured_media":380653,"comment_status":"closed","ping_status":"closed","sticky":false,"template":"","format":"standard","meta":{"_acf_changed":false,"footnotes":""},"categories":[16],"tags":[],"class_list":["post-380652","post","type-post","status-publish","format-standard","has-post-thumbnail","hentry","category-brasil"],"acf":[],"yoast_head":"<!-- This site is optimized with the Yoast SEO plugin v27.2 - https:\/\/yoast.com\/product\/yoast-seo-wordpress\/ -->\n<title>Programa G\u00e1s do Povo chega a todas as capitais - Notibras<\/title>\n<meta name=\"robots\" content=\"index, follow, max-snippet:-1, max-image-preview:large, max-video-preview:-1\" \/>\n<link rel=\"canonical\" href=\"https:\/\/www.notibras.com\/site\/programa-gas-do-povo-chega-a-todas-as-capitais\/\" \/>\n<meta property=\"og:locale\" content=\"pt_BR\" \/>\n<meta property=\"og:type\" content=\"article\" \/>\n<meta property=\"og:title\" content=\"Programa G\u00e1s do Povo chega a todas as capitais - Notibras\" \/>\n<meta property=\"og:description\" content=\"O Programa G\u00e1s do Povo passa a atender todas as capitais brasileiras a partir desta segunda-feira (26). Nesta fase, 950 mil novas fam\u00edlias de 17 capitais passam a receber o vale para recarga gratuita do botij\u00e3o de g\u00e1s de cozinha (GLP) de 13 quilos (kg), que pode ser utilizado em mais de 10 mil revendedoras [&hellip;]\" \/>\n<meta property=\"og:url\" content=\"https:\/\/www.notibras.com\/site\/programa-gas-do-povo-chega-a-todas-as-capitais\/\" \/>\n<meta property=\"og:site_name\" content=\"Notibras\" \/>\n<meta property=\"article:publisher\" content=\"https:\/\/www.facebook.com\/notibras\/\" \/>\n<meta property=\"article:published_time\" content=\"2026-01-26T03:01:01+00:00\" \/>\n<meta property=\"article:modified_time\" content=\"2026-01-26T09:53:04+00:00\" \/>\n<meta property=\"og:image\" content=\"https:\/\/www.notibras.com\/site\/wp-content\/uploads\/2026\/01\/tmcj_0025-1.webp\" \/>\n\t<meta property=\"og:image:width\" content=\"1170\" \/>\n\t<meta property=\"og:image:height\" content=\"700\" \/>\n\t<meta property=\"og:image:type\" content=\"image\/webp\" \/>\n<meta name=\"author\" content=\"Reda\u00e7\u00e3o\" \/>\n<meta name=\"twitter:card\" content=\"summary_large_image\" \/>\n<meta name=\"twitter:creator\" content=\"@Notibras\" \/>\n<meta name=\"twitter:site\" content=\"@Notibras\" \/>\n<meta name=\"twitter:label1\" content=\"Escrito por\" \/>\n\t<meta name=\"twitter:data1\" content=\"Reda\u00e7\u00e3o\" \/>\n\t<meta name=\"twitter:label2\" content=\"Est. tempo de leitura\" \/>\n\t<meta name=\"twitter:data2\" content=\"4 minutos\" \/>\n<script type=\"application\/ld+json\" class=\"yoast-schema-graph\">{\"@context\":\"https:\/\/schema.org\",\"@graph\":[{\"@type\":\"Article\",\"@id\":\"https:\/\/www.notibras.com\/site\/programa-gas-do-povo-chega-a-todas-as-capitais\/#article\",\"isPartOf\":{\"@id\":\"https:\/\/www.notibras.com\/site\/programa-gas-do-povo-chega-a-todas-as-capitais\/\"},\"author\":{\"name\":\"Reda\u00e7\u00e3o\",\"@id\":\"https:\/\/www.notibras.com\/site\/#\/schema\/person\/36ab0979449956132d3e5b517ea76ac8\"},\"headline\":\"Programa G\u00e1s do Povo chega a todas as capitais\",\"datePublished\":\"2026-01-26T03:01:01+00:00\",\"dateModified\":\"2026-01-26T09:53:04+00:00\",\"mainEntityOfPage\":{\"@id\":\"https:\/\/www.notibras.com\/site\/programa-gas-do-povo-chega-a-todas-as-capitais\/\"},\"wordCount\":627,\"publisher\":{\"@id\":\"https:\/\/www.notibras.com\/site\/#organization\"},\"image\":{\"@id\":\"https:\/\/www.notibras.com\/site\/programa-gas-do-povo-chega-a-todas-as-capitais\/#primaryimage\"},\"thumbnailUrl\":\"https:\/\/www.notibras.com\/site\/wp-content\/uploads\/2026\/01\/tmcj_0025-1.webp\",\"articleSection\":[\"Brasil\"],\"inLanguage\":\"pt-BR\"},{\"@type\":\"WebPage\",\"@id\":\"https:\/\/www.notibras.com\/site\/programa-gas-do-povo-chega-a-todas-as-capitais\/\",\"url\":\"https:\/\/www.notibras.com\/site\/programa-gas-do-povo-chega-a-todas-as-capitais\/\",\"name\":\"Programa G\u00e1s do Povo chega a todas as capitais - Notibras\",\"isPartOf\":{\"@id\":\"https:\/\/www.notibras.com\/site\/#website\"},\"primaryImageOfPage\":{\"@id\":\"https:\/\/www.notibras.com\/site\/programa-gas-do-povo-chega-a-todas-as-capitais\/#primaryimage\"},\"image\":{\"@id\":\"https:\/\/www.notibras.com\/site\/programa-gas-do-povo-chega-a-todas-as-capitais\/#primaryimage\"},\"thumbnailUrl\":\"https:\/\/www.notibras.com\/site\/wp-content\/uploads\/2026\/01\/tmcj_0025-1.webp\",\"datePublished\":\"2026-01-26T03:01:01+00:00\",\"dateModified\":\"2026-01-26T09:53:04+00:00\",\"breadcrumb\":{\"@id\":\"https:\/\/www.notibras.com\/site\/programa-gas-do-povo-chega-a-todas-as-capitais\/#breadcrumb\"},\"inLanguage\":\"pt-BR\",\"potentialAction\":[{\"@type\":\"ReadAction\",\"target\":[\"https:\/\/www.notibras.com\/site\/programa-gas-do-povo-chega-a-todas-as-capitais\/\"]}]},{\"@type\":\"ImageObject\",\"inLanguage\":\"pt-BR\",\"@id\":\"https:\/\/www.notibras.com\/site\/programa-gas-do-povo-chega-a-todas-as-capitais\/#primaryimage\",\"url\":\"https:\/\/www.notibras.com\/site\/wp-content\/uploads\/2026\/01\/tmcj_0025-1.webp\",\"contentUrl\":\"https:\/\/www.notibras.com\/site\/wp-content\/uploads\/2026\/01\/tmcj_0025-1.webp\",\"width\":1170,\"height\":700},{\"@type\":\"BreadcrumbList\",\"@id\":\"https:\/\/www.notibras.com\/site\/programa-gas-do-povo-chega-a-todas-as-capitais\/#breadcrumb\",\"itemListElement\":[{\"@type\":\"ListItem\",\"position\":1,\"name\":\"In\u00edcio\",\"item\":\"https:\/\/www.notibras.com\/site\/\"},{\"@type\":\"ListItem\",\"position\":2,\"name\":\"Programa G\u00e1s do Povo chega a todas as capitais\"}]},{\"@type\":\"WebSite\",\"@id\":\"https:\/\/www.notibras.com\/site\/#website\",\"url\":\"https:\/\/www.notibras.com\/site\/\",\"name\":\"Notibras\",\"description\":\"Not\u00edcias de Bras\u00edlia, do Brasil e do Mundo\",\"publisher\":{\"@id\":\"https:\/\/www.notibras.com\/site\/#organization\"},\"potentialAction\":[{\"@type\":\"SearchAction\",\"target\":{\"@type\":\"EntryPoint\",\"urlTemplate\":\"https:\/\/www.notibras.com\/site\/?s={search_term_string}\"},\"query-input\":{\"@type\":\"PropertyValueSpecification\",\"valueRequired\":true,\"valueName\":\"search_term_string\"}}],\"inLanguage\":\"pt-BR\"},{\"@type\":\"Organization\",\"@id\":\"https:\/\/www.notibras.com\/site\/#organization\",\"name\":\"Grupo Notibras de Comunica\u00e7\u00e3o\",\"url\":\"https:\/\/www.notibras.com\/site\/\",\"logo\":{\"@type\":\"ImageObject\",\"inLanguage\":\"pt-BR\",\"@id\":\"https:\/\/www.notibras.com\/site\/#\/schema\/logo\/image\/\",\"url\":\"https:\/\/www.notibras.com\/site\/wp-content\/uploads\/2023\/01\/notibras23.png\",\"contentUrl\":\"https:\/\/www.notibras.com\/site\/wp-content\/uploads\/2023\/01\/notibras23.png\",\"width\":350,\"height\":87,\"caption\":\"Grupo Notibras de Comunica\u00e7\u00e3o\"},\"image\":{\"@id\":\"https:\/\/www.notibras.com\/site\/#\/schema\/logo\/image\/\"},\"sameAs\":[\"https:\/\/www.facebook.com\/notibras\/\",\"https:\/\/x.com\/Notibras\",\"https:\/\/www.instagram.com\/notibras\/\"]},{\"@type\":\"Person\",\"@id\":\"https:\/\/www.notibras.com\/site\/#\/schema\/person\/36ab0979449956132d3e5b517ea76ac8\",\"name\":\"Reda\u00e7\u00e3o\",\"image\":{\"@type\":\"ImageObject\",\"inLanguage\":\"pt-BR\",\"@id\":\"https:\/\/secure.gravatar.com\/avatar\/e0a867bdedb85fd243eadf09663511f96fc81e0720a4a42581f334ad4303aa6b?s=96&d=mm&r=g\",\"url\":\"https:\/\/secure.gravatar.com\/avatar\/e0a867bdedb85fd243eadf09663511f96fc81e0720a4a42581f334ad4303aa6b?s=96&d=mm&r=g\",\"contentUrl\":\"https:\/\/secure.gravatar.com\/avatar\/e0a867bdedb85fd243eadf09663511f96fc81e0720a4a42581f334ad4303aa6b?s=96&d=mm&r=g\",\"caption\":\"Reda\u00e7\u00e3o\"}}]}<\/script>\n<!-- \/ Yoast SEO plugin. -->","yoast_head_json":{"title":"Programa G\u00e1s do Povo chega a todas as capitais - Notibras","robots":{"index":"index","follow":"follow","max-snippet":"max-snippet:-1","max-image-preview":"max-image-preview:large","max-video-preview":"max-video-preview:-1"},"canonical":"https:\/\/www.notibras.com\/site\/programa-gas-do-povo-chega-a-todas-as-capitais\/","og_locale":"pt_BR","og_type":"article","og_title":"Programa G\u00e1s do Povo chega a todas as capitais - Notibras","og_description":"O Programa G\u00e1s do Povo passa a atender todas as capitais brasileiras a partir desta segunda-feira (26). Nesta fase, 950 mil novas fam\u00edlias de 17 capitais passam a receber o vale para recarga gratuita do botij\u00e3o de g\u00e1s de cozinha (GLP) de 13 quilos (kg), que pode ser utilizado em mais de 10 mil revendedoras [&hellip;]","og_url":"https:\/\/www.notibras.com\/site\/programa-gas-do-povo-chega-a-todas-as-capitais\/","og_site_name":"Notibras","article_publisher":"https:\/\/www.facebook.com\/notibras\/","article_published_time":"2026-01-26T03:01:01+00:00","article_modified_time":"2026-01-26T09:53:04+00:00","og_image":[{"width":1170,"height":700,"url":"https:\/\/www.notibras.com\/site\/wp-content\/uploads\/2026\/01\/tmcj_0025-1.webp","type":"image\/webp"}],"author":"Reda\u00e7\u00e3o","twitter_card":"summary_large_image","twitter_creator":"@Notibras","twitter_site":"@Notibras","twitter_misc":{"Escrito por":"Reda\u00e7\u00e3o","Est. tempo de leitura":"4 minutos"},"schema":{"@context":"https:\/\/schema.org","@graph":[{"@type":"Article","@id":"https:\/\/www.notibras.com\/site\/programa-gas-do-povo-chega-a-todas-as-capitais\/#article","isPartOf":{"@id":"https:\/\/www.notibras.com\/site\/programa-gas-do-povo-chega-a-todas-as-capitais\/"},"author":{"name":"Reda\u00e7\u00e3o","@id":"https:\/\/www.notibras.com\/site\/#\/schema\/person\/36ab0979449956132d3e5b517ea76ac8"},"headline":"Programa G\u00e1s do Povo chega a todas as capitais","datePublished":"2026-01-26T03:01:01+00:00","dateModified":"2026-01-26T09:53:04+00:00","mainEntityOfPage":{"@id":"https:\/\/www.notibras.com\/site\/programa-gas-do-povo-chega-a-todas-as-capitais\/"},"wordCount":627,"publisher":{"@id":"https:\/\/www.notibras.com\/site\/#organization"},"image":{"@id":"https:\/\/www.notibras.com\/site\/programa-gas-do-povo-chega-a-todas-as-capitais\/#primaryimage"},"thumbnailUrl":"https:\/\/www.notibras.com\/site\/wp-content\/uploads\/2026\/01\/tmcj_0025-1.webp","articleSection":["Brasil"],"inLanguage":"pt-BR"},{"@type":"WebPage","@id":"https:\/\/www.notibras.com\/site\/programa-gas-do-povo-chega-a-todas-as-capitais\/","url":"https:\/\/www.notibras.com\/site\/programa-gas-do-povo-chega-a-todas-as-capitais\/","name":"Programa G\u00e1s do Povo chega a todas as capitais - Notibras","isPartOf":{"@id":"https:\/\/www.notibras.com\/site\/#website"},"primaryImageOfPage":{"@id":"https:\/\/www.notibras.com\/site\/programa-gas-do-povo-chega-a-todas-as-capitais\/#primaryimage"},"image":{"@id":"https:\/\/www.notibras.com\/site\/programa-gas-do-povo-chega-a-todas-as-capitais\/#primaryimage"},"thumbnailUrl":"https:\/\/www.notibras.com\/site\/wp-content\/uploads\/2026\/01\/tmcj_0025-1.webp","datePublished":"2026-01-26T03:01:01+00:00","dateModified":"2026-01-26T09:53:04+00:00","breadcrumb":{"@id":"https:\/\/www.notibras.com\/site\/programa-gas-do-povo-chega-a-todas-as-capitais\/#breadcrumb"},"inLanguage":"pt-BR","potentialAction":[{"@type":"ReadAction","target":["https:\/\/www.notibras.com\/site\/programa-gas-do-povo-chega-a-todas-as-capitais\/"]}]},{"@type":"ImageObject","inLanguage":"pt-BR","@id":"https:\/\/www.notibras.com\/site\/programa-gas-do-povo-chega-a-todas-as-capitais\/#primaryimage","url":"https:\/\/www.notibras.com\/site\/wp-content\/uploads\/2026\/01\/tmcj_0025-1.webp","contentUrl":"https:\/\/www.notibras.com\/site\/wp-content\/uploads\/2026\/01\/tmcj_0025-1.webp","width":1170,"height":700},{"@type":"BreadcrumbList","@id":"https:\/\/www.notibras.com\/site\/programa-gas-do-povo-chega-a-todas-as-capitais\/#breadcrumb","itemListElement":[{"@type":"ListItem","position":1,"name":"In\u00edcio","item":"https:\/\/www.notibras.com\/site\/"},{"@type":"ListItem","position":2,"name":"Programa G\u00e1s do Povo chega a todas as capitais"}]},{"@type":"WebSite","@id":"https:\/\/www.notibras.com\/site\/#website","url":"https:\/\/www.notibras.com\/site\/","name":"Notibras","description":"Not\u00edcias de Bras\u00edlia, do Brasil e do Mundo","publisher":{"@id":"https:\/\/www.notibras.com\/site\/#organization"},"potentialAction":[{"@type":"SearchAction","target":{"@type":"EntryPoint","urlTemplate":"https:\/\/www.notibras.com\/site\/?s={search_term_string}"},"query-input":{"@type":"PropertyValueSpecification","valueRequired":true,"valueName":"search_term_string"}}],"inLanguage":"pt-BR"},{"@type":"Organization","@id":"https:\/\/www.notibras.com\/site\/#organization","name":"Grupo Notibras de Comunica\u00e7\u00e3o","url":"https:\/\/www.notibras.com\/site\/","logo":{"@type":"ImageObject","inLanguage":"pt-BR","@id":"https:\/\/www.notibras.com\/site\/#\/schema\/logo\/image\/","url":"https:\/\/www.notibras.com\/site\/wp-content\/uploads\/2023\/01\/notibras23.png","contentUrl":"https:\/\/www.notibras.com\/site\/wp-content\/uploads\/2023\/01\/notibras23.png","width":350,"height":87,"caption":"Grupo Notibras de Comunica\u00e7\u00e3o"},"image":{"@id":"https:\/\/www.notibras.com\/site\/#\/schema\/logo\/image\/"},"sameAs":["https:\/\/www.facebook.com\/notibras\/","https:\/\/x.com\/Notibras","https:\/\/www.instagram.com\/notibras\/"]},{"@type":"Person","@id":"https:\/\/www.notibras.com\/site\/#\/schema\/person\/36ab0979449956132d3e5b517ea76ac8","name":"Reda\u00e7\u00e3o","image":{"@type":"ImageObject","inLanguage":"pt-BR","@id":"https:\/\/secure.gravatar.com\/avatar\/e0a867bdedb85fd243eadf09663511f96fc81e0720a4a42581f334ad4303aa6b?s=96&d=mm&r=g","url":"https:\/\/secure.gravatar.com\/avatar\/e0a867bdedb85fd243eadf09663511f96fc81e0720a4a42581f334ad4303aa6b?s=96&d=mm&r=g","contentUrl":"https:\/\/secure.gravatar.com\/avatar\/e0a867bdedb85fd243eadf09663511f96fc81e0720a4a42581f334ad4303aa6b?s=96&d=mm&r=g","caption":"Reda\u00e7\u00e3o"}}]}},"amp_enabled":true,"_links":{"self":[{"href":"https:\/\/www.notibras.com\/site\/wp-json\/wp\/v2\/posts\/380652","targetHints":{"allow":["GET"]}}],"collection":[{"href":"https:\/\/www.notibras.com\/site\/wp-json\/wp\/v2\/posts"}],"about":[{"href":"https:\/\/www.notibras.com\/site\/wp-json\/wp\/v2\/types\/post"}],"author":[{"embeddable":true,"href":"https:\/\/www.notibras.com\/site\/wp-json\/wp\/v2\/users\/2"}],"replies":[{"embeddable":true,"href":"https:\/\/www.notibras.com\/site\/wp-json\/wp\/v2\/comments?post=380652"}],"version-history":[{"count":1,"href":"https:\/\/www.notibras.com\/site\/wp-json\/wp\/v2\/posts\/380652\/revisions"}],"predecessor-version":[{"id":380654,"href":"https:\/\/www.notibras.com\/site\/wp-json\/wp\/v2\/posts\/380652\/revisions\/380654"}],"wp:featuredmedia":[{"embeddable":true,"href":"https:\/\/www.notibras.com\/site\/wp-json\/wp\/v2\/media\/380653"}],"wp:attachment":[{"href":"https:\/\/www.notibras.com\/site\/wp-json\/wp\/v2\/media?parent=380652"}],"wp:term":[{"taxonomy":"category","embeddable":true,"href":"https:\/\/www.notibras.com\/site\/wp-json\/wp\/v2\/categories?post=380652"},{"taxonomy":"post_tag","embeddable":true,"href":"https:\/\/www.notibras.com\/site\/wp-json\/wp\/v2\/tags?post=380652"}],"curies":[{"name":"wp","href":"https:\/\/api.w.org\/{rel}","templated":true}]}}