{"id":380655,"date":"2026-01-26T00:01:44","date_gmt":"2026-01-26T03:01:44","guid":{"rendered":"https:\/\/www.notibras.com\/site\/?p=380655"},"modified":"2026-01-26T07:24:59","modified_gmt":"2026-01-26T10:24:59","slug":"ia-e-a-principal-preocupacao-de-seguranca-para-os-negocios","status":"publish","type":"post","link":"https:\/\/www.notibras.com\/site\/ia-e-a-principal-preocupacao-de-seguranca-para-os-negocios\/","title":{"rendered":"IA \u00e9 a principal preocupa\u00e7\u00e3o de seguran\u00e7a para os neg\u00f3cios"},"content":{"rendered":"<p>Um ranking de riscos empresariais elaborado pela seguradora corporativa do Grupo Allianz, a Allianz Commercial, mostra que a intelig\u00eancia artificial \u00e9 a principal preocupa\u00e7\u00e3o do setor de neg\u00f3cios no Brasil. Essa \u00e9 a primeira vez que a IA aparece como o principal risco empresarial apontado pelos executivos brasileiros.<\/p>\n<p>Segundo o levantamento, a intelig\u00eancia artificial segue sendo vista como uma poderosa alavanca estrat\u00e9gica para os neg\u00f3cios, mas tamb\u00e9m como uma fonte crescente de riscos operacionais, legais e reputacionais, superando a capacidade das empresas de estruturar governan\u00e7a, acompanhar a regula\u00e7\u00e3o e preparar adequadamente suas equipes.<\/p>\n<p>\u201cConsiderando a crescente import\u00e2ncia da IA \u200b\u200bna sociedade e na ind\u00fastria, n\u00e3o \u00e9 surpreendente que ela seja o principal fator de varia\u00e7\u00e3o no Allianz Risk Barometer. Al\u00e9m de trazer enormes oportunidades, seu potencial transformador, aliado \u00e0 r\u00e1pida evolu\u00e7\u00e3o e ado\u00e7\u00e3o, est\u00e1 remodelando o cen\u00e1rio de riscos, tornando-se uma preocupa\u00e7\u00e3o central para empresas\u201d, destacou o CEO da Allianz Commercial, Thomas Lillelund.<\/p>\n<p>As principais preocupa\u00e7\u00f5es apontadas pelos empres\u00e1rios no ranking s\u00e3o:<\/p>\n<p>Intelig\u00eancia artificial (32% de cita\u00e7\u00f5es);<br \/>\nIncidentes cibern\u00e9ticos (31%);<br \/>\nMudan\u00e7as na legisla\u00e7\u00e3o e regulamenta\u00e7\u00e3o (28%);<br \/>\nMudan\u00e7as clim\u00e1ticas (27%) e<br \/>\nCat\u00e1strofes naturais (21%).<\/p>\n","protected":false},"excerpt":{"rendered":"<p>Um ranking de riscos empresariais elaborado pela seguradora corporativa do Grupo Allianz, a Allianz Commercial, mostra que a intelig\u00eancia artificial \u00e9 a principal preocupa\u00e7\u00e3o do setor de neg\u00f3cios no Brasil. Essa \u00e9 a primeira vez que a IA aparece como o principal risco empresarial apontado pelos executivos brasileiros. Segundo o levantamento, a intelig\u00eancia artificial segue [&hellip;]<\/p>\n","protected":false},"author":2,"featured_media":280449,"comment_status":"closed","ping_status":"closed","sticky":false,"template":"","format":"standard","meta":{"_acf_changed":false,"footnotes":""},"categories":[16],"tags":[],"class_list":["post-380655","post","type-post","status-publish","format-standard","has-post-thumbnail","hentry","category-brasil"],"acf":[],"yoast_head":"<!-- This site is optimized with the Yoast SEO plugin v27.2 - https:\/\/yoast.com\/product\/yoast-seo-wordpress\/ -->\n<title>IA \u00e9 a principal preocupa\u00e7\u00e3o de seguran\u00e7a para os neg\u00f3cios - Notibras<\/title>\n<meta name=\"robots\" content=\"index, follow, max-snippet:-1, max-image-preview:large, max-video-preview:-1\" \/>\n<link rel=\"canonical\" href=\"https:\/\/www.notibras.com\/site\/ia-e-a-principal-preocupacao-de-seguranca-para-os-negocios\/\" \/>\n<meta property=\"og:locale\" content=\"pt_BR\" \/>\n<meta property=\"og:type\" content=\"article\" \/>\n<meta property=\"og:title\" content=\"IA \u00e9 a principal preocupa\u00e7\u00e3o de seguran\u00e7a para os neg\u00f3cios - Notibras\" \/>\n<meta property=\"og:description\" content=\"Um ranking de riscos empresariais elaborado pela seguradora corporativa do Grupo Allianz, a Allianz Commercial, mostra que a intelig\u00eancia artificial \u00e9 a principal preocupa\u00e7\u00e3o do setor de neg\u00f3cios no Brasil. Essa \u00e9 a primeira vez que a IA aparece como o principal risco empresarial apontado pelos executivos brasileiros. Segundo o levantamento, a intelig\u00eancia artificial segue [&hellip;]\" \/>\n<meta property=\"og:url\" content=\"https:\/\/www.notibras.com\/site\/ia-e-a-principal-preocupacao-de-seguranca-para-os-negocios\/\" \/>\n<meta property=\"og:site_name\" content=\"Notibras\" \/>\n<meta property=\"article:publisher\" content=\"https:\/\/www.facebook.com\/notibras\/\" \/>\n<meta property=\"article:published_time\" content=\"2026-01-26T03:01:44+00:00\" \/>\n<meta property=\"article:modified_time\" content=\"2026-01-26T10:24:59+00:00\" \/>\n<meta property=\"og:image\" content=\"https:\/\/www.notibras.com\/site\/wp-content\/uploads\/2022\/02\/hacker-1944688_1280.jpg\" \/>\n\t<meta property=\"og:image:width\" content=\"620\" \/>\n\t<meta property=\"og:image:height\" content=\"430\" \/>\n\t<meta property=\"og:image:type\" content=\"image\/jpeg\" \/>\n<meta name=\"author\" content=\"Reda\u00e7\u00e3o\" \/>\n<meta name=\"twitter:card\" content=\"summary_large_image\" \/>\n<meta name=\"twitter:creator\" content=\"@Notibras\" \/>\n<meta name=\"twitter:site\" content=\"@Notibras\" \/>\n<meta name=\"twitter:label1\" content=\"Escrito por\" \/>\n\t<meta name=\"twitter:data1\" content=\"Reda\u00e7\u00e3o\" \/>\n\t<meta name=\"twitter:label2\" content=\"Est. tempo de leitura\" \/>\n\t<meta name=\"twitter:data2\" content=\"2 minutos\" \/>\n<script type=\"application\/ld+json\" class=\"yoast-schema-graph\">{\"@context\":\"https:\/\/schema.org\",\"@graph\":[{\"@type\":\"Article\",\"@id\":\"https:\/\/www.notibras.com\/site\/ia-e-a-principal-preocupacao-de-seguranca-para-os-negocios\/#article\",\"isPartOf\":{\"@id\":\"https:\/\/www.notibras.com\/site\/ia-e-a-principal-preocupacao-de-seguranca-para-os-negocios\/\"},\"author\":{\"name\":\"Reda\u00e7\u00e3o\",\"@id\":\"https:\/\/www.notibras.com\/site\/#\/schema\/person\/36ab0979449956132d3e5b517ea76ac8\"},\"headline\":\"IA \u00e9 a principal preocupa\u00e7\u00e3o de seguran\u00e7a para os neg\u00f3cios\",\"datePublished\":\"2026-01-26T03:01:44+00:00\",\"dateModified\":\"2026-01-26T10:24:59+00:00\",\"mainEntityOfPage\":{\"@id\":\"https:\/\/www.notibras.com\/site\/ia-e-a-principal-preocupacao-de-seguranca-para-os-negocios\/\"},\"wordCount\":217,\"publisher\":{\"@id\":\"https:\/\/www.notibras.com\/site\/#organization\"},\"image\":{\"@id\":\"https:\/\/www.notibras.com\/site\/ia-e-a-principal-preocupacao-de-seguranca-para-os-negocios\/#primaryimage\"},\"thumbnailUrl\":\"https:\/\/www.notibras.com\/site\/wp-content\/uploads\/2022\/02\/hacker-1944688_1280.jpg\",\"articleSection\":[\"Brasil\"],\"inLanguage\":\"pt-BR\"},{\"@type\":\"WebPage\",\"@id\":\"https:\/\/www.notibras.com\/site\/ia-e-a-principal-preocupacao-de-seguranca-para-os-negocios\/\",\"url\":\"https:\/\/www.notibras.com\/site\/ia-e-a-principal-preocupacao-de-seguranca-para-os-negocios\/\",\"name\":\"IA \u00e9 a principal preocupa\u00e7\u00e3o de seguran\u00e7a para os neg\u00f3cios - Notibras\",\"isPartOf\":{\"@id\":\"https:\/\/www.notibras.com\/site\/#website\"},\"primaryImageOfPage\":{\"@id\":\"https:\/\/www.notibras.com\/site\/ia-e-a-principal-preocupacao-de-seguranca-para-os-negocios\/#primaryimage\"},\"image\":{\"@id\":\"https:\/\/www.notibras.com\/site\/ia-e-a-principal-preocupacao-de-seguranca-para-os-negocios\/#primaryimage\"},\"thumbnailUrl\":\"https:\/\/www.notibras.com\/site\/wp-content\/uploads\/2022\/02\/hacker-1944688_1280.jpg\",\"datePublished\":\"2026-01-26T03:01:44+00:00\",\"dateModified\":\"2026-01-26T10:24:59+00:00\",\"breadcrumb\":{\"@id\":\"https:\/\/www.notibras.com\/site\/ia-e-a-principal-preocupacao-de-seguranca-para-os-negocios\/#breadcrumb\"},\"inLanguage\":\"pt-BR\",\"potentialAction\":[{\"@type\":\"ReadAction\",\"target\":[\"https:\/\/www.notibras.com\/site\/ia-e-a-principal-preocupacao-de-seguranca-para-os-negocios\/\"]}]},{\"@type\":\"ImageObject\",\"inLanguage\":\"pt-BR\",\"@id\":\"https:\/\/www.notibras.com\/site\/ia-e-a-principal-preocupacao-de-seguranca-para-os-negocios\/#primaryimage\",\"url\":\"https:\/\/www.notibras.com\/site\/wp-content\/uploads\/2022\/02\/hacker-1944688_1280.jpg\",\"contentUrl\":\"https:\/\/www.notibras.com\/site\/wp-content\/uploads\/2022\/02\/hacker-1944688_1280.jpg\",\"width\":620,\"height\":430},{\"@type\":\"BreadcrumbList\",\"@id\":\"https:\/\/www.notibras.com\/site\/ia-e-a-principal-preocupacao-de-seguranca-para-os-negocios\/#breadcrumb\",\"itemListElement\":[{\"@type\":\"ListItem\",\"position\":1,\"name\":\"In\u00edcio\",\"item\":\"https:\/\/www.notibras.com\/site\/\"},{\"@type\":\"ListItem\",\"position\":2,\"name\":\"IA \u00e9 a principal preocupa\u00e7\u00e3o de seguran\u00e7a para os neg\u00f3cios\"}]},{\"@type\":\"WebSite\",\"@id\":\"https:\/\/www.notibras.com\/site\/#website\",\"url\":\"https:\/\/www.notibras.com\/site\/\",\"name\":\"Notibras\",\"description\":\"Not\u00edcias de Bras\u00edlia, do Brasil e do Mundo\",\"publisher\":{\"@id\":\"https:\/\/www.notibras.com\/site\/#organization\"},\"potentialAction\":[{\"@type\":\"SearchAction\",\"target\":{\"@type\":\"EntryPoint\",\"urlTemplate\":\"https:\/\/www.notibras.com\/site\/?s={search_term_string}\"},\"query-input\":{\"@type\":\"PropertyValueSpecification\",\"valueRequired\":true,\"valueName\":\"search_term_string\"}}],\"inLanguage\":\"pt-BR\"},{\"@type\":\"Organization\",\"@id\":\"https:\/\/www.notibras.com\/site\/#organization\",\"name\":\"Grupo Notibras de Comunica\u00e7\u00e3o\",\"url\":\"https:\/\/www.notibras.com\/site\/\",\"logo\":{\"@type\":\"ImageObject\",\"inLanguage\":\"pt-BR\",\"@id\":\"https:\/\/www.notibras.com\/site\/#\/schema\/logo\/image\/\",\"url\":\"https:\/\/www.notibras.com\/site\/wp-content\/uploads\/2023\/01\/notibras23.png\",\"contentUrl\":\"https:\/\/www.notibras.com\/site\/wp-content\/uploads\/2023\/01\/notibras23.png\",\"width\":350,\"height\":87,\"caption\":\"Grupo Notibras de Comunica\u00e7\u00e3o\"},\"image\":{\"@id\":\"https:\/\/www.notibras.com\/site\/#\/schema\/logo\/image\/\"},\"sameAs\":[\"https:\/\/www.facebook.com\/notibras\/\",\"https:\/\/x.com\/Notibras\",\"https:\/\/www.instagram.com\/notibras\/\"]},{\"@type\":\"Person\",\"@id\":\"https:\/\/www.notibras.com\/site\/#\/schema\/person\/36ab0979449956132d3e5b517ea76ac8\",\"name\":\"Reda\u00e7\u00e3o\",\"image\":{\"@type\":\"ImageObject\",\"inLanguage\":\"pt-BR\",\"@id\":\"https:\/\/secure.gravatar.com\/avatar\/e0a867bdedb85fd243eadf09663511f96fc81e0720a4a42581f334ad4303aa6b?s=96&d=mm&r=g\",\"url\":\"https:\/\/secure.gravatar.com\/avatar\/e0a867bdedb85fd243eadf09663511f96fc81e0720a4a42581f334ad4303aa6b?s=96&d=mm&r=g\",\"contentUrl\":\"https:\/\/secure.gravatar.com\/avatar\/e0a867bdedb85fd243eadf09663511f96fc81e0720a4a42581f334ad4303aa6b?s=96&d=mm&r=g\",\"caption\":\"Reda\u00e7\u00e3o\"}}]}<\/script>\n<!-- \/ Yoast SEO plugin. -->","yoast_head_json":{"title":"IA \u00e9 a principal preocupa\u00e7\u00e3o de seguran\u00e7a para os neg\u00f3cios - Notibras","robots":{"index":"index","follow":"follow","max-snippet":"max-snippet:-1","max-image-preview":"max-image-preview:large","max-video-preview":"max-video-preview:-1"},"canonical":"https:\/\/www.notibras.com\/site\/ia-e-a-principal-preocupacao-de-seguranca-para-os-negocios\/","og_locale":"pt_BR","og_type":"article","og_title":"IA \u00e9 a principal preocupa\u00e7\u00e3o de seguran\u00e7a para os neg\u00f3cios - Notibras","og_description":"Um ranking de riscos empresariais elaborado pela seguradora corporativa do Grupo Allianz, a Allianz Commercial, mostra que a intelig\u00eancia artificial \u00e9 a principal preocupa\u00e7\u00e3o do setor de neg\u00f3cios no Brasil. Essa \u00e9 a primeira vez que a IA aparece como o principal risco empresarial apontado pelos executivos brasileiros. Segundo o levantamento, a intelig\u00eancia artificial segue [&hellip;]","og_url":"https:\/\/www.notibras.com\/site\/ia-e-a-principal-preocupacao-de-seguranca-para-os-negocios\/","og_site_name":"Notibras","article_publisher":"https:\/\/www.facebook.com\/notibras\/","article_published_time":"2026-01-26T03:01:44+00:00","article_modified_time":"2026-01-26T10:24:59+00:00","og_image":[{"width":620,"height":430,"url":"https:\/\/www.notibras.com\/site\/wp-content\/uploads\/2022\/02\/hacker-1944688_1280.jpg","type":"image\/jpeg"}],"author":"Reda\u00e7\u00e3o","twitter_card":"summary_large_image","twitter_creator":"@Notibras","twitter_site":"@Notibras","twitter_misc":{"Escrito por":"Reda\u00e7\u00e3o","Est. tempo de leitura":"2 minutos"},"schema":{"@context":"https:\/\/schema.org","@graph":[{"@type":"Article","@id":"https:\/\/www.notibras.com\/site\/ia-e-a-principal-preocupacao-de-seguranca-para-os-negocios\/#article","isPartOf":{"@id":"https:\/\/www.notibras.com\/site\/ia-e-a-principal-preocupacao-de-seguranca-para-os-negocios\/"},"author":{"name":"Reda\u00e7\u00e3o","@id":"https:\/\/www.notibras.com\/site\/#\/schema\/person\/36ab0979449956132d3e5b517ea76ac8"},"headline":"IA \u00e9 a principal preocupa\u00e7\u00e3o de seguran\u00e7a para os neg\u00f3cios","datePublished":"2026-01-26T03:01:44+00:00","dateModified":"2026-01-26T10:24:59+00:00","mainEntityOfPage":{"@id":"https:\/\/www.notibras.com\/site\/ia-e-a-principal-preocupacao-de-seguranca-para-os-negocios\/"},"wordCount":217,"publisher":{"@id":"https:\/\/www.notibras.com\/site\/#organization"},"image":{"@id":"https:\/\/www.notibras.com\/site\/ia-e-a-principal-preocupacao-de-seguranca-para-os-negocios\/#primaryimage"},"thumbnailUrl":"https:\/\/www.notibras.com\/site\/wp-content\/uploads\/2022\/02\/hacker-1944688_1280.jpg","articleSection":["Brasil"],"inLanguage":"pt-BR"},{"@type":"WebPage","@id":"https:\/\/www.notibras.com\/site\/ia-e-a-principal-preocupacao-de-seguranca-para-os-negocios\/","url":"https:\/\/www.notibras.com\/site\/ia-e-a-principal-preocupacao-de-seguranca-para-os-negocios\/","name":"IA \u00e9 a principal preocupa\u00e7\u00e3o de seguran\u00e7a para os neg\u00f3cios - Notibras","isPartOf":{"@id":"https:\/\/www.notibras.com\/site\/#website"},"primaryImageOfPage":{"@id":"https:\/\/www.notibras.com\/site\/ia-e-a-principal-preocupacao-de-seguranca-para-os-negocios\/#primaryimage"},"image":{"@id":"https:\/\/www.notibras.com\/site\/ia-e-a-principal-preocupacao-de-seguranca-para-os-negocios\/#primaryimage"},"thumbnailUrl":"https:\/\/www.notibras.com\/site\/wp-content\/uploads\/2022\/02\/hacker-1944688_1280.jpg","datePublished":"2026-01-26T03:01:44+00:00","dateModified":"2026-01-26T10:24:59+00:00","breadcrumb":{"@id":"https:\/\/www.notibras.com\/site\/ia-e-a-principal-preocupacao-de-seguranca-para-os-negocios\/#breadcrumb"},"inLanguage":"pt-BR","potentialAction":[{"@type":"ReadAction","target":["https:\/\/www.notibras.com\/site\/ia-e-a-principal-preocupacao-de-seguranca-para-os-negocios\/"]}]},{"@type":"ImageObject","inLanguage":"pt-BR","@id":"https:\/\/www.notibras.com\/site\/ia-e-a-principal-preocupacao-de-seguranca-para-os-negocios\/#primaryimage","url":"https:\/\/www.notibras.com\/site\/wp-content\/uploads\/2022\/02\/hacker-1944688_1280.jpg","contentUrl":"https:\/\/www.notibras.com\/site\/wp-content\/uploads\/2022\/02\/hacker-1944688_1280.jpg","width":620,"height":430},{"@type":"BreadcrumbList","@id":"https:\/\/www.notibras.com\/site\/ia-e-a-principal-preocupacao-de-seguranca-para-os-negocios\/#breadcrumb","itemListElement":[{"@type":"ListItem","position":1,"name":"In\u00edcio","item":"https:\/\/www.notibras.com\/site\/"},{"@type":"ListItem","position":2,"name":"IA \u00e9 a principal preocupa\u00e7\u00e3o de seguran\u00e7a para os neg\u00f3cios"}]},{"@type":"WebSite","@id":"https:\/\/www.notibras.com\/site\/#website","url":"https:\/\/www.notibras.com\/site\/","name":"Notibras","description":"Not\u00edcias de Bras\u00edlia, do Brasil e do Mundo","publisher":{"@id":"https:\/\/www.notibras.com\/site\/#organization"},"potentialAction":[{"@type":"SearchAction","target":{"@type":"EntryPoint","urlTemplate":"https:\/\/www.notibras.com\/site\/?s={search_term_string}"},"query-input":{"@type":"PropertyValueSpecification","valueRequired":true,"valueName":"search_term_string"}}],"inLanguage":"pt-BR"},{"@type":"Organization","@id":"https:\/\/www.notibras.com\/site\/#organization","name":"Grupo Notibras de Comunica\u00e7\u00e3o","url":"https:\/\/www.notibras.com\/site\/","logo":{"@type":"ImageObject","inLanguage":"pt-BR","@id":"https:\/\/www.notibras.com\/site\/#\/schema\/logo\/image\/","url":"https:\/\/www.notibras.com\/site\/wp-content\/uploads\/2023\/01\/notibras23.png","contentUrl":"https:\/\/www.notibras.com\/site\/wp-content\/uploads\/2023\/01\/notibras23.png","width":350,"height":87,"caption":"Grupo Notibras de Comunica\u00e7\u00e3o"},"image":{"@id":"https:\/\/www.notibras.com\/site\/#\/schema\/logo\/image\/"},"sameAs":["https:\/\/www.facebook.com\/notibras\/","https:\/\/x.com\/Notibras","https:\/\/www.instagram.com\/notibras\/"]},{"@type":"Person","@id":"https:\/\/www.notibras.com\/site\/#\/schema\/person\/36ab0979449956132d3e5b517ea76ac8","name":"Reda\u00e7\u00e3o","image":{"@type":"ImageObject","inLanguage":"pt-BR","@id":"https:\/\/secure.gravatar.com\/avatar\/e0a867bdedb85fd243eadf09663511f96fc81e0720a4a42581f334ad4303aa6b?s=96&d=mm&r=g","url":"https:\/\/secure.gravatar.com\/avatar\/e0a867bdedb85fd243eadf09663511f96fc81e0720a4a42581f334ad4303aa6b?s=96&d=mm&r=g","contentUrl":"https:\/\/secure.gravatar.com\/avatar\/e0a867bdedb85fd243eadf09663511f96fc81e0720a4a42581f334ad4303aa6b?s=96&d=mm&r=g","caption":"Reda\u00e7\u00e3o"}}]}},"amp_enabled":true,"_links":{"self":[{"href":"https:\/\/www.notibras.com\/site\/wp-json\/wp\/v2\/posts\/380655","targetHints":{"allow":["GET"]}}],"collection":[{"href":"https:\/\/www.notibras.com\/site\/wp-json\/wp\/v2\/posts"}],"about":[{"href":"https:\/\/www.notibras.com\/site\/wp-json\/wp\/v2\/types\/post"}],"author":[{"embeddable":true,"href":"https:\/\/www.notibras.com\/site\/wp-json\/wp\/v2\/users\/2"}],"replies":[{"embeddable":true,"href":"https:\/\/www.notibras.com\/site\/wp-json\/wp\/v2\/comments?post=380655"}],"version-history":[{"count":1,"href":"https:\/\/www.notibras.com\/site\/wp-json\/wp\/v2\/posts\/380655\/revisions"}],"predecessor-version":[{"id":380656,"href":"https:\/\/www.notibras.com\/site\/wp-json\/wp\/v2\/posts\/380655\/revisions\/380656"}],"wp:featuredmedia":[{"embeddable":true,"href":"https:\/\/www.notibras.com\/site\/wp-json\/wp\/v2\/media\/280449"}],"wp:attachment":[{"href":"https:\/\/www.notibras.com\/site\/wp-json\/wp\/v2\/media?parent=380655"}],"wp:term":[{"taxonomy":"category","embeddable":true,"href":"https:\/\/www.notibras.com\/site\/wp-json\/wp\/v2\/categories?post=380655"},{"taxonomy":"post_tag","embeddable":true,"href":"https:\/\/www.notibras.com\/site\/wp-json\/wp\/v2\/tags?post=380655"}],"curies":[{"name":"wp","href":"https:\/\/api.w.org\/{rel}","templated":true}]}}