{"id":380657,"date":"2026-01-26T07:34:38","date_gmt":"2026-01-26T10:34:38","guid":{"rendered":"https:\/\/www.notibras.com\/site\/?p=380657"},"modified":"2026-01-26T07:37:18","modified_gmt":"2026-01-26T10:37:18","slug":"nordeste-vai-provar-ter-praias-boas-para-todos","status":"publish","type":"post","link":"https:\/\/www.notibras.com\/site\/nordeste-vai-provar-ter-praias-boas-para-todos\/","title":{"rendered":"Nordeste vai provar ter praias boas para todos"},"content":{"rendered":"<p>As inscri\u00e7\u00f5es de praias e marinas brasileiras para a obten\u00e7\u00e3o do Selo Bandeira Azul da temporada 2026\/2027 ser\u00e3o recebidas em abril pelo Instituto Ambientes em Rede, respons\u00e1vel pelo Programa Bandeira Azul no Brasil. A certifica\u00e7\u00e3o internacional reconhece que o cumprimento de crit\u00e9rios de qualidade da \u00e1gua, gest\u00e3o ambiental, seguran\u00e7a e educa\u00e7\u00e3o ambiental.<\/p>\n<p>No caso das praias, a inscri\u00e7\u00e3o deve ser feita pelas prefeituras, que s\u00e3o os respons\u00e1veis legais. Se a praia estiver dentro de uma unidade de conserva\u00e7\u00e3o federal ou estadual, a inscri\u00e7\u00e3o deve ser feita conjuntamente com a Uni\u00e3o, que responde pela maioria dos servi\u00e7os, como coleta de lixo e contrata\u00e7\u00e3o de guarda-vidas. J\u00e1 no caso das marinas, s\u00e3o os donos dos locais que fazem a inscri\u00e7\u00e3o.<\/p>\n<p>Os relat\u00f3rios enviados com as candidaturas ser\u00e3o analisados em maio, quando tamb\u00e9m ser\u00e1 realizada uma oficina sobre a premia\u00e7\u00e3o, para que, em junho, o j\u00fari nacional se re\u00fana e decida quais ser\u00e3o aprovadas.<\/p>\n<p>As candidaturas selecionadas ser\u00e3o submetidas ao j\u00fari internacional, que se re\u00fane em setembro, em Copenhague, na Dinamarca, para dar a palavra final. A coordenadora nacional do Instituto Ambientes em Rede, Leana Bernardi disse \u00e0 Ag\u00eancia Brasil que as informa\u00e7\u00f5es apresentadas ser\u00e3o checadas.<\/p>\n<p>\u201cNesse meio tempo, a equipe t\u00e9cnica do programa vai fazendo as visitas \u00e0s praias e marinas inscritas, para verificar se o que est\u00e1 na documenta\u00e7\u00e3o \u00e9 encontrado de fato nas praias\u201d.<\/p>\n<p>O instituto entregar\u00e1 a bandeira azul aos munic\u00edpios participantes no in\u00edcio de novembro deste ano, em cerimonia nacional. Cada munic\u00edpio decidir\u00e1, ent\u00e3o, se inicia sua temporada durante o m\u00eas de novembro ou come\u00e7o de dezembro.<\/p>\n<p>No hemisf\u00e9rio sul, a temporada inclui dois anos, porque o per\u00edodo de maior calor come\u00e7a em novembro e a alta temporada termina em mar\u00e7o. J\u00e1 no hemisf\u00e9rio norte, a temporada dura um ano s\u00f3. Leana explicou que, enquanto a bandeira estiver hasteada, todos os crit\u00e9rios precisam ser cumpridos diariamente.<\/p>\n<p><strong>Crit\u00e9rios<\/strong><br \/>\nAtualmente em 50 pa\u00edses, a certifica\u00e7\u00e3o tem crit\u00e9rios adaptados \u00e0s legisla\u00e7\u00f5es nacionais, mas que se mant\u00eam praticamente os mesmos no mundo todo, afirmou Leana. Um dos principais \u00e9 a qualidade da \u00e1gua, que tem de ser comprovada por meio de testes de balneabilidade.<\/p>\n<p>Outro ponto avaliado \u00e9 a gest\u00e3o ambiental, ou seja, como o munic\u00edpio faz a gest\u00e3o dos res\u00edduos e de todos os servi\u00e7os nas praias e nos equipamentos de apoio aos usu\u00e1rios, como estacionamento, banheiros, rampa de acesso e posto de guarda-vidas, por exemplo.<\/p>\n<p>O terceiro crit\u00e9rio envolve a educa\u00e7\u00e3o ambiental, porque se o programa busca mudan\u00e7a de comportamento e sustentabilidade. \u201cTodas as praias e marinas com o Selo Bandeira Azul t\u00eam que fazer a\u00e7\u00f5es de informa\u00e7\u00e3o e educa\u00e7\u00e3o ambiental, sinalizar com placas ou totens com QRCode sobre o meio ambiente da regi\u00e3o, sobre unidade de conserva\u00e7\u00e3o, sobre restinga e fazer a\u00e7\u00f5es de educa\u00e7\u00e3o ambiental ativas, envolvendo estudantes e trabalhadores da praia\u201d, explicou a coordenadora nacional.<\/p>\n<p>O quarto crit\u00e9rio que deve ser atendido est\u00e1 relacionado \u00e0 seguran\u00e7a em todos os sentidos, desde a presen\u00e7a de guarda-vidas a policiamento, se necess\u00e1rio, al\u00e9m de seguran\u00e7a dos equipamentos, para que as pessoas tenham uma experi\u00eancia tranquila na praia.<\/p>\n<p><strong>Temporada atual<\/strong><br \/>\nNa atual temporada 2025\/2026, o Brasil obteve 60 bandeiras, sendo 50 praias e dez marinas. Duas praias, entretanto, perderam o selo pelo descumprimento das determina\u00e7\u00f5es: um trecho da Praia da Reserva, no Rio de Janeiro, em frente ao Parque Natural Municipal Nelson Mandela, por quest\u00f5es n\u00e3o resolvidas com a Uni\u00e3o; e a Praia da Barra do Rio Pi\u00e7arras, em Santa Catarina, onde a prefeitura iniciou alargamento da faixa de areia.<\/p>\n<p>Apesar disso, Santa Catarina continua na lideran\u00e7a brasileira, com 25 praias e cinco marinas com o Selo Bandeira Azul; seguida pelo Rio de Janeiro, com 17 praias e uma marina; Bahia, com quatro praias e uma marina; S\u00e3o Paulo, com uma praia e tr\u00eas marinas; e Alagoas, com uma praia.<\/p>\n<p>Leana Bernardi revelou que h\u00e1 expectativa de crescimento do n\u00famero de candidatos e que mais de 25 praias est\u00e3o em fase piloto, entre elas, uma praia no Cear\u00e1, e marinas no Rio Grande do Sul e no Paran\u00e1.<\/p>\n<p>O Selo Bandeira Azul foi criado na Fran\u00e7a, em 1987, conseguindo ades\u00e3o de mais tr\u00eas pa\u00edses no ano seguinte. No Brasil, foi iniciada a prepara\u00e7\u00e3o das primeiras praias para concorrer ao selo em 2006, mas a primeira praia do pa\u00eds foi aprovada s\u00f3 em 2009. A primeira praia com o Selo de Bandeira Azul foi a Jurer\u00ea Internacional, em Florian\u00f3polis (SC) mas, ao n\u00e3o cumprir crit\u00e9rios estabelecidos, saiu da lista. Na temporada 2010\/2011, o lugar foi ocupado pela Praia do Tombo, no Guaruj\u00e1 (SP).<\/p>\n<p>Das 48 praias brasileiras com Selo Bandeira Azul, apenas a indicadas a seguir est\u00e3o no Nordeste:<\/p>\n<p><strong>Praia do Patacho, Porto de Pedras \u2013 AL<\/strong><br \/>\n<strong>Praia do Para\u00edso \u2013 Guarajuba, Cama\u00e7ari \u2013 BA<\/strong><br \/>\n<strong>Praia da Espera \u2013 Itacimirim, Cama\u00e7ari \u2013 BA<\/strong><br \/>\n<strong>Praia da Vira\u00e7\u00e3o \u2013 Ilhas dos Frades, Salvador \u2013 BA<\/strong><br \/>\n<strong>Ponta de Nossa Senhora de Guadalupe \u2013 Ilha dos Frades, Salvador \u2013 BA<\/strong><\/p>\n","protected":false},"excerpt":{"rendered":"<p>As inscri\u00e7\u00f5es de praias e marinas brasileiras para a obten\u00e7\u00e3o do Selo Bandeira Azul da temporada 2026\/2027 ser\u00e3o recebidas em abril pelo Instituto Ambientes em Rede, respons\u00e1vel pelo Programa Bandeira Azul no Brasil. A certifica\u00e7\u00e3o internacional reconhece que o cumprimento de crit\u00e9rios de qualidade da \u00e1gua, gest\u00e3o ambiental, seguran\u00e7a e educa\u00e7\u00e3o ambiental. No caso das [&hellip;]<\/p>\n","protected":false},"author":2,"featured_media":345735,"comment_status":"closed","ping_status":"closed","sticky":false,"template":"","format":"standard","meta":{"_acf_changed":false,"footnotes":""},"categories":[165],"tags":[],"class_list":["post-380657","post","type-post","status-publish","format-standard","has-post-thumbnail","hentry","category-nordeste"],"acf":[],"yoast_head":"<!-- This site is optimized with the Yoast SEO plugin v27.2 - https:\/\/yoast.com\/product\/yoast-seo-wordpress\/ -->\n<title>Nordeste vai provar ter praias boas para todos - Notibras<\/title>\n<meta name=\"robots\" content=\"index, follow, max-snippet:-1, max-image-preview:large, max-video-preview:-1\" \/>\n<link rel=\"canonical\" href=\"https:\/\/www.notibras.com\/site\/nordeste-vai-provar-ter-praias-boas-para-todos\/\" \/>\n<meta property=\"og:locale\" content=\"pt_BR\" \/>\n<meta property=\"og:type\" content=\"article\" \/>\n<meta property=\"og:title\" content=\"Nordeste vai provar ter praias boas para todos - Notibras\" \/>\n<meta property=\"og:description\" content=\"As inscri\u00e7\u00f5es de praias e marinas brasileiras para a obten\u00e7\u00e3o do Selo Bandeira Azul da temporada 2026\/2027 ser\u00e3o recebidas em abril pelo Instituto Ambientes em Rede, respons\u00e1vel pelo Programa Bandeira Azul no Brasil. A certifica\u00e7\u00e3o internacional reconhece que o cumprimento de crit\u00e9rios de qualidade da \u00e1gua, gest\u00e3o ambiental, seguran\u00e7a e educa\u00e7\u00e3o ambiental. No caso das [&hellip;]\" \/>\n<meta property=\"og:url\" content=\"https:\/\/www.notibras.com\/site\/nordeste-vai-provar-ter-praias-boas-para-todos\/\" \/>\n<meta property=\"og:site_name\" content=\"Notibras\" \/>\n<meta property=\"article:publisher\" content=\"https:\/\/www.facebook.com\/notibras\/\" \/>\n<meta property=\"article:published_time\" content=\"2026-01-26T10:34:38+00:00\" \/>\n<meta property=\"article:modified_time\" content=\"2026-01-26T10:37:18+00:00\" \/>\n<meta property=\"og:image\" content=\"https:\/\/www.notibras.com\/site\/wp-content\/uploads\/2025\/01\/praia-da-enseada_diego-bachiega.webp\" \/>\n\t<meta property=\"og:image:width\" content=\"1170\" \/>\n\t<meta property=\"og:image:height\" content=\"700\" \/>\n\t<meta property=\"og:image:type\" content=\"image\/webp\" \/>\n<meta name=\"author\" content=\"Reda\u00e7\u00e3o\" \/>\n<meta name=\"twitter:card\" content=\"summary_large_image\" \/>\n<meta name=\"twitter:creator\" content=\"@Notibras\" \/>\n<meta name=\"twitter:site\" content=\"@Notibras\" \/>\n<meta name=\"twitter:label1\" content=\"Escrito por\" \/>\n\t<meta name=\"twitter:data1\" content=\"Reda\u00e7\u00e3o\" \/>\n\t<meta name=\"twitter:label2\" content=\"Est. tempo de leitura\" \/>\n\t<meta name=\"twitter:data2\" content=\"5 minutos\" \/>\n<script type=\"application\/ld+json\" class=\"yoast-schema-graph\">{\"@context\":\"https:\/\/schema.org\",\"@graph\":[{\"@type\":\"Article\",\"@id\":\"https:\/\/www.notibras.com\/site\/nordeste-vai-provar-ter-praias-boas-para-todos\/#article\",\"isPartOf\":{\"@id\":\"https:\/\/www.notibras.com\/site\/nordeste-vai-provar-ter-praias-boas-para-todos\/\"},\"author\":{\"name\":\"Reda\u00e7\u00e3o\",\"@id\":\"https:\/\/www.notibras.com\/site\/#\/schema\/person\/36ab0979449956132d3e5b517ea76ac8\"},\"headline\":\"Nordeste vai provar ter praias boas para todos\",\"datePublished\":\"2026-01-26T10:34:38+00:00\",\"dateModified\":\"2026-01-26T10:37:18+00:00\",\"mainEntityOfPage\":{\"@id\":\"https:\/\/www.notibras.com\/site\/nordeste-vai-provar-ter-praias-boas-para-todos\/\"},\"wordCount\":894,\"publisher\":{\"@id\":\"https:\/\/www.notibras.com\/site\/#organization\"},\"image\":{\"@id\":\"https:\/\/www.notibras.com\/site\/nordeste-vai-provar-ter-praias-boas-para-todos\/#primaryimage\"},\"thumbnailUrl\":\"https:\/\/www.notibras.com\/site\/wp-content\/uploads\/2025\/01\/praia-da-enseada_diego-bachiega.webp\",\"articleSection\":[\"Nordeste\"],\"inLanguage\":\"pt-BR\"},{\"@type\":\"WebPage\",\"@id\":\"https:\/\/www.notibras.com\/site\/nordeste-vai-provar-ter-praias-boas-para-todos\/\",\"url\":\"https:\/\/www.notibras.com\/site\/nordeste-vai-provar-ter-praias-boas-para-todos\/\",\"name\":\"Nordeste vai provar ter praias boas para todos - Notibras\",\"isPartOf\":{\"@id\":\"https:\/\/www.notibras.com\/site\/#website\"},\"primaryImageOfPage\":{\"@id\":\"https:\/\/www.notibras.com\/site\/nordeste-vai-provar-ter-praias-boas-para-todos\/#primaryimage\"},\"image\":{\"@id\":\"https:\/\/www.notibras.com\/site\/nordeste-vai-provar-ter-praias-boas-para-todos\/#primaryimage\"},\"thumbnailUrl\":\"https:\/\/www.notibras.com\/site\/wp-content\/uploads\/2025\/01\/praia-da-enseada_diego-bachiega.webp\",\"datePublished\":\"2026-01-26T10:34:38+00:00\",\"dateModified\":\"2026-01-26T10:37:18+00:00\",\"breadcrumb\":{\"@id\":\"https:\/\/www.notibras.com\/site\/nordeste-vai-provar-ter-praias-boas-para-todos\/#breadcrumb\"},\"inLanguage\":\"pt-BR\",\"potentialAction\":[{\"@type\":\"ReadAction\",\"target\":[\"https:\/\/www.notibras.com\/site\/nordeste-vai-provar-ter-praias-boas-para-todos\/\"]}]},{\"@type\":\"ImageObject\",\"inLanguage\":\"pt-BR\",\"@id\":\"https:\/\/www.notibras.com\/site\/nordeste-vai-provar-ter-praias-boas-para-todos\/#primaryimage\",\"url\":\"https:\/\/www.notibras.com\/site\/wp-content\/uploads\/2025\/01\/praia-da-enseada_diego-bachiega.webp\",\"contentUrl\":\"https:\/\/www.notibras.com\/site\/wp-content\/uploads\/2025\/01\/praia-da-enseada_diego-bachiega.webp\",\"width\":1170,\"height\":700},{\"@type\":\"BreadcrumbList\",\"@id\":\"https:\/\/www.notibras.com\/site\/nordeste-vai-provar-ter-praias-boas-para-todos\/#breadcrumb\",\"itemListElement\":[{\"@type\":\"ListItem\",\"position\":1,\"name\":\"In\u00edcio\",\"item\":\"https:\/\/www.notibras.com\/site\/\"},{\"@type\":\"ListItem\",\"position\":2,\"name\":\"Nordeste vai provar ter praias boas para todos\"}]},{\"@type\":\"WebSite\",\"@id\":\"https:\/\/www.notibras.com\/site\/#website\",\"url\":\"https:\/\/www.notibras.com\/site\/\",\"name\":\"Notibras\",\"description\":\"Not\u00edcias de Bras\u00edlia, do Brasil e do Mundo\",\"publisher\":{\"@id\":\"https:\/\/www.notibras.com\/site\/#organization\"},\"potentialAction\":[{\"@type\":\"SearchAction\",\"target\":{\"@type\":\"EntryPoint\",\"urlTemplate\":\"https:\/\/www.notibras.com\/site\/?s={search_term_string}\"},\"query-input\":{\"@type\":\"PropertyValueSpecification\",\"valueRequired\":true,\"valueName\":\"search_term_string\"}}],\"inLanguage\":\"pt-BR\"},{\"@type\":\"Organization\",\"@id\":\"https:\/\/www.notibras.com\/site\/#organization\",\"name\":\"Grupo Notibras de Comunica\u00e7\u00e3o\",\"url\":\"https:\/\/www.notibras.com\/site\/\",\"logo\":{\"@type\":\"ImageObject\",\"inLanguage\":\"pt-BR\",\"@id\":\"https:\/\/www.notibras.com\/site\/#\/schema\/logo\/image\/\",\"url\":\"https:\/\/www.notibras.com\/site\/wp-content\/uploads\/2023\/01\/notibras23.png\",\"contentUrl\":\"https:\/\/www.notibras.com\/site\/wp-content\/uploads\/2023\/01\/notibras23.png\",\"width\":350,\"height\":87,\"caption\":\"Grupo Notibras de Comunica\u00e7\u00e3o\"},\"image\":{\"@id\":\"https:\/\/www.notibras.com\/site\/#\/schema\/logo\/image\/\"},\"sameAs\":[\"https:\/\/www.facebook.com\/notibras\/\",\"https:\/\/x.com\/Notibras\",\"https:\/\/www.instagram.com\/notibras\/\"]},{\"@type\":\"Person\",\"@id\":\"https:\/\/www.notibras.com\/site\/#\/schema\/person\/36ab0979449956132d3e5b517ea76ac8\",\"name\":\"Reda\u00e7\u00e3o\",\"image\":{\"@type\":\"ImageObject\",\"inLanguage\":\"pt-BR\",\"@id\":\"https:\/\/secure.gravatar.com\/avatar\/e0a867bdedb85fd243eadf09663511f96fc81e0720a4a42581f334ad4303aa6b?s=96&d=mm&r=g\",\"url\":\"https:\/\/secure.gravatar.com\/avatar\/e0a867bdedb85fd243eadf09663511f96fc81e0720a4a42581f334ad4303aa6b?s=96&d=mm&r=g\",\"contentUrl\":\"https:\/\/secure.gravatar.com\/avatar\/e0a867bdedb85fd243eadf09663511f96fc81e0720a4a42581f334ad4303aa6b?s=96&d=mm&r=g\",\"caption\":\"Reda\u00e7\u00e3o\"}}]}<\/script>\n<!-- \/ Yoast SEO plugin. -->","yoast_head_json":{"title":"Nordeste vai provar ter praias boas para todos - Notibras","robots":{"index":"index","follow":"follow","max-snippet":"max-snippet:-1","max-image-preview":"max-image-preview:large","max-video-preview":"max-video-preview:-1"},"canonical":"https:\/\/www.notibras.com\/site\/nordeste-vai-provar-ter-praias-boas-para-todos\/","og_locale":"pt_BR","og_type":"article","og_title":"Nordeste vai provar ter praias boas para todos - Notibras","og_description":"As inscri\u00e7\u00f5es de praias e marinas brasileiras para a obten\u00e7\u00e3o do Selo Bandeira Azul da temporada 2026\/2027 ser\u00e3o recebidas em abril pelo Instituto Ambientes em Rede, respons\u00e1vel pelo Programa Bandeira Azul no Brasil. A certifica\u00e7\u00e3o internacional reconhece que o cumprimento de crit\u00e9rios de qualidade da \u00e1gua, gest\u00e3o ambiental, seguran\u00e7a e educa\u00e7\u00e3o ambiental. No caso das [&hellip;]","og_url":"https:\/\/www.notibras.com\/site\/nordeste-vai-provar-ter-praias-boas-para-todos\/","og_site_name":"Notibras","article_publisher":"https:\/\/www.facebook.com\/notibras\/","article_published_time":"2026-01-26T10:34:38+00:00","article_modified_time":"2026-01-26T10:37:18+00:00","og_image":[{"width":1170,"height":700,"url":"https:\/\/www.notibras.com\/site\/wp-content\/uploads\/2025\/01\/praia-da-enseada_diego-bachiega.webp","type":"image\/webp"}],"author":"Reda\u00e7\u00e3o","twitter_card":"summary_large_image","twitter_creator":"@Notibras","twitter_site":"@Notibras","twitter_misc":{"Escrito por":"Reda\u00e7\u00e3o","Est. tempo de leitura":"5 minutos"},"schema":{"@context":"https:\/\/schema.org","@graph":[{"@type":"Article","@id":"https:\/\/www.notibras.com\/site\/nordeste-vai-provar-ter-praias-boas-para-todos\/#article","isPartOf":{"@id":"https:\/\/www.notibras.com\/site\/nordeste-vai-provar-ter-praias-boas-para-todos\/"},"author":{"name":"Reda\u00e7\u00e3o","@id":"https:\/\/www.notibras.com\/site\/#\/schema\/person\/36ab0979449956132d3e5b517ea76ac8"},"headline":"Nordeste vai provar ter praias boas para todos","datePublished":"2026-01-26T10:34:38+00:00","dateModified":"2026-01-26T10:37:18+00:00","mainEntityOfPage":{"@id":"https:\/\/www.notibras.com\/site\/nordeste-vai-provar-ter-praias-boas-para-todos\/"},"wordCount":894,"publisher":{"@id":"https:\/\/www.notibras.com\/site\/#organization"},"image":{"@id":"https:\/\/www.notibras.com\/site\/nordeste-vai-provar-ter-praias-boas-para-todos\/#primaryimage"},"thumbnailUrl":"https:\/\/www.notibras.com\/site\/wp-content\/uploads\/2025\/01\/praia-da-enseada_diego-bachiega.webp","articleSection":["Nordeste"],"inLanguage":"pt-BR"},{"@type":"WebPage","@id":"https:\/\/www.notibras.com\/site\/nordeste-vai-provar-ter-praias-boas-para-todos\/","url":"https:\/\/www.notibras.com\/site\/nordeste-vai-provar-ter-praias-boas-para-todos\/","name":"Nordeste vai provar ter praias boas para todos - Notibras","isPartOf":{"@id":"https:\/\/www.notibras.com\/site\/#website"},"primaryImageOfPage":{"@id":"https:\/\/www.notibras.com\/site\/nordeste-vai-provar-ter-praias-boas-para-todos\/#primaryimage"},"image":{"@id":"https:\/\/www.notibras.com\/site\/nordeste-vai-provar-ter-praias-boas-para-todos\/#primaryimage"},"thumbnailUrl":"https:\/\/www.notibras.com\/site\/wp-content\/uploads\/2025\/01\/praia-da-enseada_diego-bachiega.webp","datePublished":"2026-01-26T10:34:38+00:00","dateModified":"2026-01-26T10:37:18+00:00","breadcrumb":{"@id":"https:\/\/www.notibras.com\/site\/nordeste-vai-provar-ter-praias-boas-para-todos\/#breadcrumb"},"inLanguage":"pt-BR","potentialAction":[{"@type":"ReadAction","target":["https:\/\/www.notibras.com\/site\/nordeste-vai-provar-ter-praias-boas-para-todos\/"]}]},{"@type":"ImageObject","inLanguage":"pt-BR","@id":"https:\/\/www.notibras.com\/site\/nordeste-vai-provar-ter-praias-boas-para-todos\/#primaryimage","url":"https:\/\/www.notibras.com\/site\/wp-content\/uploads\/2025\/01\/praia-da-enseada_diego-bachiega.webp","contentUrl":"https:\/\/www.notibras.com\/site\/wp-content\/uploads\/2025\/01\/praia-da-enseada_diego-bachiega.webp","width":1170,"height":700},{"@type":"BreadcrumbList","@id":"https:\/\/www.notibras.com\/site\/nordeste-vai-provar-ter-praias-boas-para-todos\/#breadcrumb","itemListElement":[{"@type":"ListItem","position":1,"name":"In\u00edcio","item":"https:\/\/www.notibras.com\/site\/"},{"@type":"ListItem","position":2,"name":"Nordeste vai provar ter praias boas para todos"}]},{"@type":"WebSite","@id":"https:\/\/www.notibras.com\/site\/#website","url":"https:\/\/www.notibras.com\/site\/","name":"Notibras","description":"Not\u00edcias de Bras\u00edlia, do Brasil e do Mundo","publisher":{"@id":"https:\/\/www.notibras.com\/site\/#organization"},"potentialAction":[{"@type":"SearchAction","target":{"@type":"EntryPoint","urlTemplate":"https:\/\/www.notibras.com\/site\/?s={search_term_string}"},"query-input":{"@type":"PropertyValueSpecification","valueRequired":true,"valueName":"search_term_string"}}],"inLanguage":"pt-BR"},{"@type":"Organization","@id":"https:\/\/www.notibras.com\/site\/#organization","name":"Grupo Notibras de Comunica\u00e7\u00e3o","url":"https:\/\/www.notibras.com\/site\/","logo":{"@type":"ImageObject","inLanguage":"pt-BR","@id":"https:\/\/www.notibras.com\/site\/#\/schema\/logo\/image\/","url":"https:\/\/www.notibras.com\/site\/wp-content\/uploads\/2023\/01\/notibras23.png","contentUrl":"https:\/\/www.notibras.com\/site\/wp-content\/uploads\/2023\/01\/notibras23.png","width":350,"height":87,"caption":"Grupo Notibras de Comunica\u00e7\u00e3o"},"image":{"@id":"https:\/\/www.notibras.com\/site\/#\/schema\/logo\/image\/"},"sameAs":["https:\/\/www.facebook.com\/notibras\/","https:\/\/x.com\/Notibras","https:\/\/www.instagram.com\/notibras\/"]},{"@type":"Person","@id":"https:\/\/www.notibras.com\/site\/#\/schema\/person\/36ab0979449956132d3e5b517ea76ac8","name":"Reda\u00e7\u00e3o","image":{"@type":"ImageObject","inLanguage":"pt-BR","@id":"https:\/\/secure.gravatar.com\/avatar\/e0a867bdedb85fd243eadf09663511f96fc81e0720a4a42581f334ad4303aa6b?s=96&d=mm&r=g","url":"https:\/\/secure.gravatar.com\/avatar\/e0a867bdedb85fd243eadf09663511f96fc81e0720a4a42581f334ad4303aa6b?s=96&d=mm&r=g","contentUrl":"https:\/\/secure.gravatar.com\/avatar\/e0a867bdedb85fd243eadf09663511f96fc81e0720a4a42581f334ad4303aa6b?s=96&d=mm&r=g","caption":"Reda\u00e7\u00e3o"}}]}},"amp_enabled":true,"_links":{"self":[{"href":"https:\/\/www.notibras.com\/site\/wp-json\/wp\/v2\/posts\/380657","targetHints":{"allow":["GET"]}}],"collection":[{"href":"https:\/\/www.notibras.com\/site\/wp-json\/wp\/v2\/posts"}],"about":[{"href":"https:\/\/www.notibras.com\/site\/wp-json\/wp\/v2\/types\/post"}],"author":[{"embeddable":true,"href":"https:\/\/www.notibras.com\/site\/wp-json\/wp\/v2\/users\/2"}],"replies":[{"embeddable":true,"href":"https:\/\/www.notibras.com\/site\/wp-json\/wp\/v2\/comments?post=380657"}],"version-history":[{"count":4,"href":"https:\/\/www.notibras.com\/site\/wp-json\/wp\/v2\/posts\/380657\/revisions"}],"predecessor-version":[{"id":380661,"href":"https:\/\/www.notibras.com\/site\/wp-json\/wp\/v2\/posts\/380657\/revisions\/380661"}],"wp:featuredmedia":[{"embeddable":true,"href":"https:\/\/www.notibras.com\/site\/wp-json\/wp\/v2\/media\/345735"}],"wp:attachment":[{"href":"https:\/\/www.notibras.com\/site\/wp-json\/wp\/v2\/media?parent=380657"}],"wp:term":[{"taxonomy":"category","embeddable":true,"href":"https:\/\/www.notibras.com\/site\/wp-json\/wp\/v2\/categories?post=380657"},{"taxonomy":"post_tag","embeddable":true,"href":"https:\/\/www.notibras.com\/site\/wp-json\/wp\/v2\/tags?post=380657"}],"curies":[{"name":"wp","href":"https:\/\/api.w.org\/{rel}","templated":true}]}}