{"id":380685,"date":"2026-01-26T10:28:17","date_gmt":"2026-01-26T13:28:17","guid":{"rendered":"https:\/\/www.notibras.com\/site\/?p=380685"},"modified":"2026-01-26T12:32:29","modified_gmt":"2026-01-26T15:32:29","slug":"delcy-eleva-tom-com-trump-e-rejeita-receber-ordens-de-washington","status":"publish","type":"post","link":"https:\/\/www.notibras.com\/site\/delcy-eleva-tom-com-trump-e-rejeita-receber-ordens-de-washington\/","title":{"rendered":"Delcy eleva tom com Trump e rejeita receber ordens de Washington"},"content":{"rendered":"<p>Delcy Rodr\u00edguez, presidente interina da Venezuela, disse durante um evento com petroleiros que n\u00e3o deseja mais receber ordens do governo norte-americano.<\/p>\n<p>\u201cJ\u00e1 basta de ordens de Washington sobre pol\u00edticos na Venezuela. Que seja a pol\u00edtica Venezuelana que resolva nossas diverg\u00eancias e nossos conflitos internos. J\u00e1 basta de pot\u00eancias estrangeiras\u201d. A declara\u00e7\u00e3o de Rodriguez foi registrada e transmitida tamb\u00e9m pela Telesur, TV estatal venezuelana.<\/p>\n<p>A reuni\u00e3o com os trabalhadores aconteceu no estado de Anzo\u00e1tegui, no domingo0, 25.<\/p>\n<p>Delcy afirmou ainda que \u201cj\u00e1 custou muito caro \u00e0 Rep\u00fablica ter que encarar as consequ\u00eancias do fascismo e extremismo em nosso pa\u00eds\u201d.<\/p>\n<p>Desde que sequestrou o presidente Nicol\u00e1s Maduro, no dia 3 de janeiro, o governo dos Estados Unidos, atrav\u00e9s de Donald Trump, vem afirmando que est\u00e1 no controle da Venezuela. Os EUA tamb\u00e9m passaram a gerenciam o petr\u00f3leo produzido pelo pa\u00eds sul-americano.<\/p>\n<p>Desde que Delcy assumiu a presid\u00eancia houve uma coopera\u00e7\u00e3o com o governo Trump, que decidiu manter no poder a vice-presidente de Maduro. A atual mandat\u00e1ria da Venezuela j\u00e1 foi amea\u00e7ada por Trump, que afirmou que \u201cse ela n\u00e3o fizer o que \u00e9 certo, vai pagar um pre\u00e7o muito alto\u201d.<\/p>\n<p>Mas o l\u00edder norte-americano tamb\u00e9m j\u00e1 elogiou a presidente venezuelana e at\u00e9 a convidou para uma visita \u00e0 Casa Branca.<\/p>\n","protected":false},"excerpt":{"rendered":"<p>Delcy Rodr\u00edguez, presidente interina da Venezuela, disse durante um evento com petroleiros que n\u00e3o deseja mais receber ordens do governo norte-americano. \u201cJ\u00e1 basta de ordens de Washington sobre pol\u00edticos na Venezuela. Que seja a pol\u00edtica Venezuelana que resolva nossas diverg\u00eancias e nossos conflitos internos. J\u00e1 basta de pot\u00eancias estrangeiras\u201d. A declara\u00e7\u00e3o de Rodriguez foi registrada [&hellip;]<\/p>\n","protected":false},"author":2,"featured_media":380686,"comment_status":"closed","ping_status":"closed","sticky":false,"template":"","format":"standard","meta":{"_acf_changed":false,"footnotes":""},"categories":[159],"tags":[95],"class_list":["post-380685","post","type-post","status-publish","format-standard","has-post-thumbnail","hentry","category-apocalipse","tag-capa"],"acf":[],"yoast_head":"<!-- This site is optimized with the Yoast SEO plugin v27.2 - https:\/\/yoast.com\/product\/yoast-seo-wordpress\/ -->\n<title>Delcy eleva tom com Trump e rejeita receber ordens de Washington - Notibras<\/title>\n<meta name=\"robots\" content=\"index, follow, max-snippet:-1, max-image-preview:large, max-video-preview:-1\" \/>\n<link rel=\"canonical\" href=\"https:\/\/www.notibras.com\/site\/delcy-eleva-tom-com-trump-e-rejeita-receber-ordens-de-washington\/\" \/>\n<meta property=\"og:locale\" content=\"pt_BR\" \/>\n<meta property=\"og:type\" content=\"article\" \/>\n<meta property=\"og:title\" content=\"Delcy eleva tom com Trump e rejeita receber ordens de Washington - Notibras\" \/>\n<meta property=\"og:description\" content=\"Delcy Rodr\u00edguez, presidente interina da Venezuela, disse durante um evento com petroleiros que n\u00e3o deseja mais receber ordens do governo norte-americano. \u201cJ\u00e1 basta de ordens de Washington sobre pol\u00edticos na Venezuela. Que seja a pol\u00edtica Venezuelana que resolva nossas diverg\u00eancias e nossos conflitos internos. J\u00e1 basta de pot\u00eancias estrangeiras\u201d. A declara\u00e7\u00e3o de Rodriguez foi registrada [&hellip;]\" \/>\n<meta property=\"og:url\" content=\"https:\/\/www.notibras.com\/site\/delcy-eleva-tom-com-trump-e-rejeita-receber-ordens-de-washington\/\" \/>\n<meta property=\"og:site_name\" content=\"Notibras\" \/>\n<meta property=\"article:publisher\" content=\"https:\/\/www.facebook.com\/notibras\/\" \/>\n<meta property=\"article:published_time\" content=\"2026-01-26T13:28:17+00:00\" \/>\n<meta property=\"article:modified_time\" content=\"2026-01-26T15:32:29+00:00\" \/>\n<meta property=\"og:image\" content=\"https:\/\/www.notibras.com\/site\/wp-content\/uploads\/2026\/01\/2026-01-15t204951z_787000833_rc2r1ja7hdv7_rtrmadp_3_usa-venezuela-rodriguez.webp\" \/>\n\t<meta property=\"og:image:width\" content=\"1170\" \/>\n\t<meta property=\"og:image:height\" content=\"700\" \/>\n\t<meta property=\"og:image:type\" content=\"image\/webp\" \/>\n<meta name=\"author\" content=\"Reda\u00e7\u00e3o\" \/>\n<meta name=\"twitter:card\" content=\"summary_large_image\" \/>\n<meta name=\"twitter:creator\" content=\"@Notibras\" \/>\n<meta name=\"twitter:site\" content=\"@Notibras\" \/>\n<meta name=\"twitter:label1\" content=\"Escrito por\" \/>\n\t<meta name=\"twitter:data1\" content=\"Reda\u00e7\u00e3o\" \/>\n\t<meta name=\"twitter:label2\" content=\"Est. tempo de leitura\" \/>\n\t<meta name=\"twitter:data2\" content=\"2 minutos\" \/>\n<script type=\"application\/ld+json\" class=\"yoast-schema-graph\">{\"@context\":\"https:\/\/schema.org\",\"@graph\":[{\"@type\":\"Article\",\"@id\":\"https:\/\/www.notibras.com\/site\/delcy-eleva-tom-com-trump-e-rejeita-receber-ordens-de-washington\/#article\",\"isPartOf\":{\"@id\":\"https:\/\/www.notibras.com\/site\/delcy-eleva-tom-com-trump-e-rejeita-receber-ordens-de-washington\/\"},\"author\":{\"name\":\"Reda\u00e7\u00e3o\",\"@id\":\"https:\/\/www.notibras.com\/site\/#\/schema\/person\/36ab0979449956132d3e5b517ea76ac8\"},\"headline\":\"Delcy eleva tom com Trump e rejeita receber ordens de Washington\",\"datePublished\":\"2026-01-26T13:28:17+00:00\",\"dateModified\":\"2026-01-26T15:32:29+00:00\",\"mainEntityOfPage\":{\"@id\":\"https:\/\/www.notibras.com\/site\/delcy-eleva-tom-com-trump-e-rejeita-receber-ordens-de-washington\/\"},\"wordCount\":240,\"publisher\":{\"@id\":\"https:\/\/www.notibras.com\/site\/#organization\"},\"image\":{\"@id\":\"https:\/\/www.notibras.com\/site\/delcy-eleva-tom-com-trump-e-rejeita-receber-ordens-de-washington\/#primaryimage\"},\"thumbnailUrl\":\"https:\/\/www.notibras.com\/site\/wp-content\/uploads\/2026\/01\/2026-01-15t204951z_787000833_rc2r1ja7hdv7_rtrmadp_3_usa-venezuela-rodriguez.webp\",\"keywords\":[\"capa\"],\"articleSection\":[\"Apocalipse\"],\"inLanguage\":\"pt-BR\"},{\"@type\":\"WebPage\",\"@id\":\"https:\/\/www.notibras.com\/site\/delcy-eleva-tom-com-trump-e-rejeita-receber-ordens-de-washington\/\",\"url\":\"https:\/\/www.notibras.com\/site\/delcy-eleva-tom-com-trump-e-rejeita-receber-ordens-de-washington\/\",\"name\":\"Delcy eleva tom com Trump e rejeita receber ordens de Washington - Notibras\",\"isPartOf\":{\"@id\":\"https:\/\/www.notibras.com\/site\/#website\"},\"primaryImageOfPage\":{\"@id\":\"https:\/\/www.notibras.com\/site\/delcy-eleva-tom-com-trump-e-rejeita-receber-ordens-de-washington\/#primaryimage\"},\"image\":{\"@id\":\"https:\/\/www.notibras.com\/site\/delcy-eleva-tom-com-trump-e-rejeita-receber-ordens-de-washington\/#primaryimage\"},\"thumbnailUrl\":\"https:\/\/www.notibras.com\/site\/wp-content\/uploads\/2026\/01\/2026-01-15t204951z_787000833_rc2r1ja7hdv7_rtrmadp_3_usa-venezuela-rodriguez.webp\",\"datePublished\":\"2026-01-26T13:28:17+00:00\",\"dateModified\":\"2026-01-26T15:32:29+00:00\",\"breadcrumb\":{\"@id\":\"https:\/\/www.notibras.com\/site\/delcy-eleva-tom-com-trump-e-rejeita-receber-ordens-de-washington\/#breadcrumb\"},\"inLanguage\":\"pt-BR\",\"potentialAction\":[{\"@type\":\"ReadAction\",\"target\":[\"https:\/\/www.notibras.com\/site\/delcy-eleva-tom-com-trump-e-rejeita-receber-ordens-de-washington\/\"]}]},{\"@type\":\"ImageObject\",\"inLanguage\":\"pt-BR\",\"@id\":\"https:\/\/www.notibras.com\/site\/delcy-eleva-tom-com-trump-e-rejeita-receber-ordens-de-washington\/#primaryimage\",\"url\":\"https:\/\/www.notibras.com\/site\/wp-content\/uploads\/2026\/01\/2026-01-15t204951z_787000833_rc2r1ja7hdv7_rtrmadp_3_usa-venezuela-rodriguez.webp\",\"contentUrl\":\"https:\/\/www.notibras.com\/site\/wp-content\/uploads\/2026\/01\/2026-01-15t204951z_787000833_rc2r1ja7hdv7_rtrmadp_3_usa-venezuela-rodriguez.webp\",\"width\":1170,\"height\":700},{\"@type\":\"BreadcrumbList\",\"@id\":\"https:\/\/www.notibras.com\/site\/delcy-eleva-tom-com-trump-e-rejeita-receber-ordens-de-washington\/#breadcrumb\",\"itemListElement\":[{\"@type\":\"ListItem\",\"position\":1,\"name\":\"In\u00edcio\",\"item\":\"https:\/\/www.notibras.com\/site\/\"},{\"@type\":\"ListItem\",\"position\":2,\"name\":\"Delcy eleva tom com Trump e rejeita receber ordens de Washington\"}]},{\"@type\":\"WebSite\",\"@id\":\"https:\/\/www.notibras.com\/site\/#website\",\"url\":\"https:\/\/www.notibras.com\/site\/\",\"name\":\"Notibras\",\"description\":\"Not\u00edcias de Bras\u00edlia, do Brasil e do Mundo\",\"publisher\":{\"@id\":\"https:\/\/www.notibras.com\/site\/#organization\"},\"potentialAction\":[{\"@type\":\"SearchAction\",\"target\":{\"@type\":\"EntryPoint\",\"urlTemplate\":\"https:\/\/www.notibras.com\/site\/?s={search_term_string}\"},\"query-input\":{\"@type\":\"PropertyValueSpecification\",\"valueRequired\":true,\"valueName\":\"search_term_string\"}}],\"inLanguage\":\"pt-BR\"},{\"@type\":\"Organization\",\"@id\":\"https:\/\/www.notibras.com\/site\/#organization\",\"name\":\"Grupo Notibras de Comunica\u00e7\u00e3o\",\"url\":\"https:\/\/www.notibras.com\/site\/\",\"logo\":{\"@type\":\"ImageObject\",\"inLanguage\":\"pt-BR\",\"@id\":\"https:\/\/www.notibras.com\/site\/#\/schema\/logo\/image\/\",\"url\":\"https:\/\/www.notibras.com\/site\/wp-content\/uploads\/2023\/01\/notibras23.png\",\"contentUrl\":\"https:\/\/www.notibras.com\/site\/wp-content\/uploads\/2023\/01\/notibras23.png\",\"width\":350,\"height\":87,\"caption\":\"Grupo Notibras de Comunica\u00e7\u00e3o\"},\"image\":{\"@id\":\"https:\/\/www.notibras.com\/site\/#\/schema\/logo\/image\/\"},\"sameAs\":[\"https:\/\/www.facebook.com\/notibras\/\",\"https:\/\/x.com\/Notibras\",\"https:\/\/www.instagram.com\/notibras\/\"]},{\"@type\":\"Person\",\"@id\":\"https:\/\/www.notibras.com\/site\/#\/schema\/person\/36ab0979449956132d3e5b517ea76ac8\",\"name\":\"Reda\u00e7\u00e3o\",\"image\":{\"@type\":\"ImageObject\",\"inLanguage\":\"pt-BR\",\"@id\":\"https:\/\/secure.gravatar.com\/avatar\/e0a867bdedb85fd243eadf09663511f96fc81e0720a4a42581f334ad4303aa6b?s=96&d=mm&r=g\",\"url\":\"https:\/\/secure.gravatar.com\/avatar\/e0a867bdedb85fd243eadf09663511f96fc81e0720a4a42581f334ad4303aa6b?s=96&d=mm&r=g\",\"contentUrl\":\"https:\/\/secure.gravatar.com\/avatar\/e0a867bdedb85fd243eadf09663511f96fc81e0720a4a42581f334ad4303aa6b?s=96&d=mm&r=g\",\"caption\":\"Reda\u00e7\u00e3o\"}}]}<\/script>\n<!-- \/ Yoast SEO plugin. -->","yoast_head_json":{"title":"Delcy eleva tom com Trump e rejeita receber ordens de Washington - Notibras","robots":{"index":"index","follow":"follow","max-snippet":"max-snippet:-1","max-image-preview":"max-image-preview:large","max-video-preview":"max-video-preview:-1"},"canonical":"https:\/\/www.notibras.com\/site\/delcy-eleva-tom-com-trump-e-rejeita-receber-ordens-de-washington\/","og_locale":"pt_BR","og_type":"article","og_title":"Delcy eleva tom com Trump e rejeita receber ordens de Washington - Notibras","og_description":"Delcy Rodr\u00edguez, presidente interina da Venezuela, disse durante um evento com petroleiros que n\u00e3o deseja mais receber ordens do governo norte-americano. \u201cJ\u00e1 basta de ordens de Washington sobre pol\u00edticos na Venezuela. Que seja a pol\u00edtica Venezuelana que resolva nossas diverg\u00eancias e nossos conflitos internos. J\u00e1 basta de pot\u00eancias estrangeiras\u201d. A declara\u00e7\u00e3o de Rodriguez foi registrada [&hellip;]","og_url":"https:\/\/www.notibras.com\/site\/delcy-eleva-tom-com-trump-e-rejeita-receber-ordens-de-washington\/","og_site_name":"Notibras","article_publisher":"https:\/\/www.facebook.com\/notibras\/","article_published_time":"2026-01-26T13:28:17+00:00","article_modified_time":"2026-01-26T15:32:29+00:00","og_image":[{"width":1170,"height":700,"url":"https:\/\/www.notibras.com\/site\/wp-content\/uploads\/2026\/01\/2026-01-15t204951z_787000833_rc2r1ja7hdv7_rtrmadp_3_usa-venezuela-rodriguez.webp","type":"image\/webp"}],"author":"Reda\u00e7\u00e3o","twitter_card":"summary_large_image","twitter_creator":"@Notibras","twitter_site":"@Notibras","twitter_misc":{"Escrito por":"Reda\u00e7\u00e3o","Est. tempo de leitura":"2 minutos"},"schema":{"@context":"https:\/\/schema.org","@graph":[{"@type":"Article","@id":"https:\/\/www.notibras.com\/site\/delcy-eleva-tom-com-trump-e-rejeita-receber-ordens-de-washington\/#article","isPartOf":{"@id":"https:\/\/www.notibras.com\/site\/delcy-eleva-tom-com-trump-e-rejeita-receber-ordens-de-washington\/"},"author":{"name":"Reda\u00e7\u00e3o","@id":"https:\/\/www.notibras.com\/site\/#\/schema\/person\/36ab0979449956132d3e5b517ea76ac8"},"headline":"Delcy eleva tom com Trump e rejeita receber ordens de Washington","datePublished":"2026-01-26T13:28:17+00:00","dateModified":"2026-01-26T15:32:29+00:00","mainEntityOfPage":{"@id":"https:\/\/www.notibras.com\/site\/delcy-eleva-tom-com-trump-e-rejeita-receber-ordens-de-washington\/"},"wordCount":240,"publisher":{"@id":"https:\/\/www.notibras.com\/site\/#organization"},"image":{"@id":"https:\/\/www.notibras.com\/site\/delcy-eleva-tom-com-trump-e-rejeita-receber-ordens-de-washington\/#primaryimage"},"thumbnailUrl":"https:\/\/www.notibras.com\/site\/wp-content\/uploads\/2026\/01\/2026-01-15t204951z_787000833_rc2r1ja7hdv7_rtrmadp_3_usa-venezuela-rodriguez.webp","keywords":["capa"],"articleSection":["Apocalipse"],"inLanguage":"pt-BR"},{"@type":"WebPage","@id":"https:\/\/www.notibras.com\/site\/delcy-eleva-tom-com-trump-e-rejeita-receber-ordens-de-washington\/","url":"https:\/\/www.notibras.com\/site\/delcy-eleva-tom-com-trump-e-rejeita-receber-ordens-de-washington\/","name":"Delcy eleva tom com Trump e rejeita receber ordens de Washington - Notibras","isPartOf":{"@id":"https:\/\/www.notibras.com\/site\/#website"},"primaryImageOfPage":{"@id":"https:\/\/www.notibras.com\/site\/delcy-eleva-tom-com-trump-e-rejeita-receber-ordens-de-washington\/#primaryimage"},"image":{"@id":"https:\/\/www.notibras.com\/site\/delcy-eleva-tom-com-trump-e-rejeita-receber-ordens-de-washington\/#primaryimage"},"thumbnailUrl":"https:\/\/www.notibras.com\/site\/wp-content\/uploads\/2026\/01\/2026-01-15t204951z_787000833_rc2r1ja7hdv7_rtrmadp_3_usa-venezuela-rodriguez.webp","datePublished":"2026-01-26T13:28:17+00:00","dateModified":"2026-01-26T15:32:29+00:00","breadcrumb":{"@id":"https:\/\/www.notibras.com\/site\/delcy-eleva-tom-com-trump-e-rejeita-receber-ordens-de-washington\/#breadcrumb"},"inLanguage":"pt-BR","potentialAction":[{"@type":"ReadAction","target":["https:\/\/www.notibras.com\/site\/delcy-eleva-tom-com-trump-e-rejeita-receber-ordens-de-washington\/"]}]},{"@type":"ImageObject","inLanguage":"pt-BR","@id":"https:\/\/www.notibras.com\/site\/delcy-eleva-tom-com-trump-e-rejeita-receber-ordens-de-washington\/#primaryimage","url":"https:\/\/www.notibras.com\/site\/wp-content\/uploads\/2026\/01\/2026-01-15t204951z_787000833_rc2r1ja7hdv7_rtrmadp_3_usa-venezuela-rodriguez.webp","contentUrl":"https:\/\/www.notibras.com\/site\/wp-content\/uploads\/2026\/01\/2026-01-15t204951z_787000833_rc2r1ja7hdv7_rtrmadp_3_usa-venezuela-rodriguez.webp","width":1170,"height":700},{"@type":"BreadcrumbList","@id":"https:\/\/www.notibras.com\/site\/delcy-eleva-tom-com-trump-e-rejeita-receber-ordens-de-washington\/#breadcrumb","itemListElement":[{"@type":"ListItem","position":1,"name":"In\u00edcio","item":"https:\/\/www.notibras.com\/site\/"},{"@type":"ListItem","position":2,"name":"Delcy eleva tom com Trump e rejeita receber ordens de Washington"}]},{"@type":"WebSite","@id":"https:\/\/www.notibras.com\/site\/#website","url":"https:\/\/www.notibras.com\/site\/","name":"Notibras","description":"Not\u00edcias de Bras\u00edlia, do Brasil e do Mundo","publisher":{"@id":"https:\/\/www.notibras.com\/site\/#organization"},"potentialAction":[{"@type":"SearchAction","target":{"@type":"EntryPoint","urlTemplate":"https:\/\/www.notibras.com\/site\/?s={search_term_string}"},"query-input":{"@type":"PropertyValueSpecification","valueRequired":true,"valueName":"search_term_string"}}],"inLanguage":"pt-BR"},{"@type":"Organization","@id":"https:\/\/www.notibras.com\/site\/#organization","name":"Grupo Notibras de Comunica\u00e7\u00e3o","url":"https:\/\/www.notibras.com\/site\/","logo":{"@type":"ImageObject","inLanguage":"pt-BR","@id":"https:\/\/www.notibras.com\/site\/#\/schema\/logo\/image\/","url":"https:\/\/www.notibras.com\/site\/wp-content\/uploads\/2023\/01\/notibras23.png","contentUrl":"https:\/\/www.notibras.com\/site\/wp-content\/uploads\/2023\/01\/notibras23.png","width":350,"height":87,"caption":"Grupo Notibras de Comunica\u00e7\u00e3o"},"image":{"@id":"https:\/\/www.notibras.com\/site\/#\/schema\/logo\/image\/"},"sameAs":["https:\/\/www.facebook.com\/notibras\/","https:\/\/x.com\/Notibras","https:\/\/www.instagram.com\/notibras\/"]},{"@type":"Person","@id":"https:\/\/www.notibras.com\/site\/#\/schema\/person\/36ab0979449956132d3e5b517ea76ac8","name":"Reda\u00e7\u00e3o","image":{"@type":"ImageObject","inLanguage":"pt-BR","@id":"https:\/\/secure.gravatar.com\/avatar\/e0a867bdedb85fd243eadf09663511f96fc81e0720a4a42581f334ad4303aa6b?s=96&d=mm&r=g","url":"https:\/\/secure.gravatar.com\/avatar\/e0a867bdedb85fd243eadf09663511f96fc81e0720a4a42581f334ad4303aa6b?s=96&d=mm&r=g","contentUrl":"https:\/\/secure.gravatar.com\/avatar\/e0a867bdedb85fd243eadf09663511f96fc81e0720a4a42581f334ad4303aa6b?s=96&d=mm&r=g","caption":"Reda\u00e7\u00e3o"}}]}},"amp_enabled":true,"_links":{"self":[{"href":"https:\/\/www.notibras.com\/site\/wp-json\/wp\/v2\/posts\/380685","targetHints":{"allow":["GET"]}}],"collection":[{"href":"https:\/\/www.notibras.com\/site\/wp-json\/wp\/v2\/posts"}],"about":[{"href":"https:\/\/www.notibras.com\/site\/wp-json\/wp\/v2\/types\/post"}],"author":[{"embeddable":true,"href":"https:\/\/www.notibras.com\/site\/wp-json\/wp\/v2\/users\/2"}],"replies":[{"embeddable":true,"href":"https:\/\/www.notibras.com\/site\/wp-json\/wp\/v2\/comments?post=380685"}],"version-history":[{"count":1,"href":"https:\/\/www.notibras.com\/site\/wp-json\/wp\/v2\/posts\/380685\/revisions"}],"predecessor-version":[{"id":380687,"href":"https:\/\/www.notibras.com\/site\/wp-json\/wp\/v2\/posts\/380685\/revisions\/380687"}],"wp:featuredmedia":[{"embeddable":true,"href":"https:\/\/www.notibras.com\/site\/wp-json\/wp\/v2\/media\/380686"}],"wp:attachment":[{"href":"https:\/\/www.notibras.com\/site\/wp-json\/wp\/v2\/media?parent=380685"}],"wp:term":[{"taxonomy":"category","embeddable":true,"href":"https:\/\/www.notibras.com\/site\/wp-json\/wp\/v2\/categories?post=380685"},{"taxonomy":"post_tag","embeddable":true,"href":"https:\/\/www.notibras.com\/site\/wp-json\/wp\/v2\/tags?post=380685"}],"curies":[{"name":"wp","href":"https:\/\/api.w.org\/{rel}","templated":true}]}}