{"id":380689,"date":"2026-01-27T01:00:28","date_gmt":"2026-01-27T04:00:28","guid":{"rendered":"https:\/\/www.notibras.com\/site\/?p=380689"},"modified":"2026-01-27T06:17:09","modified_gmt":"2026-01-27T09:17:09","slug":"lei-do-quem-tem-mais-decide-quem-entra-em-coma-e-quem-fica-solto","status":"publish","type":"post","link":"https:\/\/www.notibras.com\/site\/lei-do-quem-tem-mais-decide-quem-entra-em-coma-e-quem-fica-solto\/","title":{"rendered":"Lei do &#8216;quem tem mais&#8217; decide quem entra em coma e quem fica solto"},"content":{"rendered":"<p>O que deveria ser uma noite comum de confraterniza\u00e7\u00e3o entre jovens transformou-se em um cen\u00e1rio de horror na Rua 6 de Vicente Pires, no Distrito Federal. Na \u00faltima quinta-feira, 22 de janeiro de 2026, uma intera\u00e7\u00e3o banal motivada pelo arremesso de um chiclete escalou para uma agress\u00e3o brutal, deixando um adolescente de 16 anos entre a vida e a morte. O caso, que choca pela futilidade do motivo, mobiliza as autoridades e levanta debates sobre a viol\u00eancia desmedida em conflitos cotidianos.<\/p>\n<p>O estopim da confus\u00e3o ocorreu quando Pedro Arthur Turra Basso, um piloto de automobilismo de 19 anos, jogou um chiclete em dire\u00e7\u00e3o a um grupo de amigos. O gesto, descrito pelo agressor como uma &#8220;brincadeira&#8221; habitual entre seu c\u00edrculo social, foi interpretado como uma ofensa pelo adolescente. Ap\u00f3s um r\u00e1pido confronto verbal, a situa\u00e7\u00e3o evoluiu para agress\u00e3o f\u00edsica. Imagens de c\u00e2meras de seguran\u00e7a registraram o momento em que os dois trocam socos, culminando em um golpe que fez o menor perder o equil\u00edbrio e bater a cabe\u00e7a violentamente contra a porta de um ve\u00edculo estacionado.<\/p>\n<p>O impacto foi devastador. O jovem caiu imediatamente desacordado e, segundo relat\u00f3rios m\u00e9dicos, sofreu um traumatismo craniano severo seguido de uma parada cardiorrespirat\u00f3ria que durou cerca de 12 minutos. O socorro emergencial o encaminhou para uma neurocirurgia de urg\u00eancia para drenagem de um co\u00e1gulo cerebral, mas o quadro cl\u00ednico permanece cr\u00edtico. O adolescente est\u00e1 atualmente na Unidade de Terapia Intensiva (UTI), onde luta pela sobreviv\u00eancia em uma situa\u00e7\u00e3o de extrema gravidade.<\/p>\n<p>Nesta segunda-feira, 26 de janeiro, o advogado da fam\u00edlia da v\u00edtima, Albert Halex, confirmou que o jovem encontra-se no n\u00edvel 3 da Escala de Glasgow. Esta \u00e9 a pontua\u00e7\u00e3o mais baixa poss\u00edvel na escala m\u00e9dica, indicando um estado de coma profundo, onde o paciente n\u00e3o apresenta qualquer resposta a est\u00edmulos f\u00edsicos. No domingo, uma tentativa de reduzir a seda\u00e7\u00e3o resultou em espasmos, for\u00e7ando a equipe m\u00e9dica a retomar o protocolo de coma induzido para proteger as fun\u00e7\u00f5es cerebrais ainda existentes.<\/p>\n<p>Enquanto a v\u00edtima luta pela vida, o desdobramento jur\u00eddico do caso gera indigna\u00e7\u00e3o. Pedro Turra, preso em flagrante pela 38\u00aa Delegacia de Pol\u00edcia logo ap\u00f3s o ocorrido, foi liberado no s\u00e1bado (24) ap\u00f3s audi\u00eancia de cust\u00f3dia. A Justi\u00e7a do Distrito Federal concedeu liberdade provis\u00f3ria ao piloto mediante o pagamento de uma fian\u00e7a de R$ 24.315,00, valor correspondente a 15 sal\u00e1rios m\u00ednimos. A decis\u00e3o judicial imp\u00f5e medidas cautelares, proibindo o agressor de deixar Bras\u00edlia e exigindo seu comparecimento a todos os atos processuais.<\/p>\n<p>Em seu depoimento \u00e0 Pol\u00edcia Civil, que durou menos de quatro minutos, Pedro alegou que n\u00e3o teve a inten\u00e7\u00e3o de causar danos permanentes. O piloto narrou que se sentiu desafiado ap\u00f3s o adolescente dizer que &#8220;o quebraria na porrada&#8221; caso o chiclete o atingisse. A defesa sustenta a tese de que o resultado foi uma fatalidade decorrente da queda, e n\u00e3o uma tentativa deliberada de homic\u00eddio, buscando classificar o ato como uma exalta\u00e7\u00e3o m\u00fatua que saiu do controle.<\/p>\n<p>Por outro lado, a fam\u00edlia e os amigos do menor realizam vig\u00edlias em frente ao hospital e clamam por justi\u00e7a. A libera\u00e7\u00e3o do agressor sob fian\u00e7a foi recebida com revolta, com manifestantes questionando a proporcionalidade da pena diante da gravidade das les\u00f5es. O Minist\u00e9rio P\u00fablico acompanha o inqu\u00e9rito para avaliar se o crime pode ser tipificado como dolo eventual \u2014 quando o agente assume o risco de matar ao desferir golpes desproporcionais por um motivo f\u00fatil.<\/p>\n<p>A investiga\u00e7\u00e3o tamb\u00e9m se estende aos espectadores do conflito. V\u00eddeos que circulam nas redes sociais mostram que v\u00e1rias pessoas presenciaram a briga e escolheram filmar a cena com celulares em vez de intervir ou prestar socorro imediato. A Pol\u00edcia Civil informou que est\u00e1 identificando esses indiv\u00edduos, que poder\u00e3o ser indiciados pelo crime de omiss\u00e3o de socorro, conforme previsto no C\u00f3digo Penal Brasileiro.<\/p>\n<p>Testemunhas ligadas ao agressor tentaram alegar que o adolescente estaria manuseando um &#8220;canivete&#8221; antes da briga, por\u00e9m, as imagens de seguran\u00e7a analisadas at\u00e9 o momento n\u00e3o corroboram essa vers\u00e3o. O foco das autoridades permanece na an\u00e1lise t\u00e9cnica dos v\u00eddeos e nos laudos m\u00e9dicos que detalham a extens\u00e3o dos danos neurol\u00f3gicos sofridos pelo jovem de 16 anos.<\/p>\n<p>Atualmente registrado como les\u00e3o corporal de natureza grav\u00edssima, a tipifica\u00e7\u00e3o do crime ainda pode ser alterada dependendo da evolu\u00e7\u00e3o cl\u00ednica da v\u00edtima nas pr\u00f3ximas 72 horas, consideradas cruciais. O epis\u00f3dio deixa uma marca sombria em Vicente Pires, servindo como um alerta tr\u00e1gico sobre como a falta de controle emocional e a banaliza\u00e7\u00e3o da viol\u00eancia podem destruir vidas em quest\u00e3o de segundos.<\/p>\n","protected":false},"excerpt":{"rendered":"<p>O que deveria ser uma noite comum de confraterniza\u00e7\u00e3o entre jovens transformou-se em um cen\u00e1rio de horror na Rua 6 de Vicente Pires, no Distrito Federal. Na \u00faltima quinta-feira, 22 de janeiro de 2026, uma intera\u00e7\u00e3o banal motivada pelo arremesso de um chiclete escalou para uma agress\u00e3o brutal, deixando um adolescente de 16 anos entre [&hellip;]<\/p>\n","protected":false},"author":21,"featured_media":380690,"comment_status":"closed","ping_status":"closed","sticky":false,"template":"","format":"standard","meta":{"_acf_changed":false,"footnotes":""},"categories":[161],"tags":[],"class_list":["post-380689","post","type-post","status-publish","format-standard","has-post-thumbnail","hentry","category-quadradinho-em-foco"],"acf":[],"yoast_head":"<!-- This site is optimized with the Yoast SEO plugin v27.2 - https:\/\/yoast.com\/product\/yoast-seo-wordpress\/ -->\n<title>Lei do &#039;quem tem mais&#039; decide quem entra em coma e quem fica solto - Notibras<\/title>\n<meta name=\"robots\" content=\"index, follow, max-snippet:-1, max-image-preview:large, max-video-preview:-1\" \/>\n<link rel=\"canonical\" href=\"https:\/\/www.notibras.com\/site\/lei-do-quem-tem-mais-decide-quem-entra-em-coma-e-quem-fica-solto\/\" \/>\n<meta property=\"og:locale\" content=\"pt_BR\" \/>\n<meta property=\"og:type\" content=\"article\" \/>\n<meta property=\"og:title\" content=\"Lei do &#039;quem tem mais&#039; decide quem entra em coma e quem fica solto - Notibras\" \/>\n<meta property=\"og:description\" content=\"O que deveria ser uma noite comum de confraterniza\u00e7\u00e3o entre jovens transformou-se em um cen\u00e1rio de horror na Rua 6 de Vicente Pires, no Distrito Federal. Na \u00faltima quinta-feira, 22 de janeiro de 2026, uma intera\u00e7\u00e3o banal motivada pelo arremesso de um chiclete escalou para uma agress\u00e3o brutal, deixando um adolescente de 16 anos entre [&hellip;]\" \/>\n<meta property=\"og:url\" content=\"https:\/\/www.notibras.com\/site\/lei-do-quem-tem-mais-decide-quem-entra-em-coma-e-quem-fica-solto\/\" \/>\n<meta property=\"og:site_name\" content=\"Notibras\" \/>\n<meta property=\"article:publisher\" content=\"https:\/\/www.facebook.com\/notibras\/\" \/>\n<meta property=\"article:published_time\" content=\"2026-01-27T04:00:28+00:00\" \/>\n<meta property=\"article:modified_time\" content=\"2026-01-27T09:17:09+00:00\" \/>\n<meta property=\"og:image\" content=\"https:\/\/www.notibras.com\/site\/wp-content\/uploads\/2026\/01\/WhatsApp-Image-2026-01-26-at-19.51.23.jpeg\" \/>\n\t<meta property=\"og:image:width\" content=\"984\" \/>\n\t<meta property=\"og:image:height\" content=\"675\" \/>\n\t<meta property=\"og:image:type\" content=\"image\/jpeg\" \/>\n<meta name=\"author\" content=\"Eduardo Mart\u00ednez\" \/>\n<meta name=\"twitter:card\" content=\"summary_large_image\" \/>\n<meta name=\"twitter:creator\" content=\"@Notibras\" \/>\n<meta name=\"twitter:site\" content=\"@Notibras\" \/>\n<meta name=\"twitter:label1\" content=\"Escrito por\" \/>\n\t<meta name=\"twitter:data1\" content=\"Eduardo Mart\u00ednez\" \/>\n\t<meta name=\"twitter:label2\" content=\"Est. tempo de leitura\" \/>\n\t<meta name=\"twitter:data2\" content=\"5 minutos\" \/>\n<script type=\"application\/ld+json\" class=\"yoast-schema-graph\">{\"@context\":\"https:\/\/schema.org\",\"@graph\":[{\"@type\":\"Article\",\"@id\":\"https:\/\/www.notibras.com\/site\/lei-do-quem-tem-mais-decide-quem-entra-em-coma-e-quem-fica-solto\/#article\",\"isPartOf\":{\"@id\":\"https:\/\/www.notibras.com\/site\/lei-do-quem-tem-mais-decide-quem-entra-em-coma-e-quem-fica-solto\/\"},\"author\":{\"name\":\"Eduardo Mart\u00ednez\",\"@id\":\"https:\/\/www.notibras.com\/site\/#\/schema\/person\/5b7fabf2aedc3ada2105f03b22b4d3dd\"},\"headline\":\"Lei do &#8216;quem tem mais&#8217; decide quem entra em coma e quem fica solto\",\"datePublished\":\"2026-01-27T04:00:28+00:00\",\"dateModified\":\"2026-01-27T09:17:09+00:00\",\"mainEntityOfPage\":{\"@id\":\"https:\/\/www.notibras.com\/site\/lei-do-quem-tem-mais-decide-quem-entra-em-coma-e-quem-fica-solto\/\"},\"wordCount\":845,\"publisher\":{\"@id\":\"https:\/\/www.notibras.com\/site\/#organization\"},\"image\":{\"@id\":\"https:\/\/www.notibras.com\/site\/lei-do-quem-tem-mais-decide-quem-entra-em-coma-e-quem-fica-solto\/#primaryimage\"},\"thumbnailUrl\":\"https:\/\/www.notibras.com\/site\/wp-content\/uploads\/2026\/01\/WhatsApp-Image-2026-01-26-at-19.51.23.jpeg\",\"articleSection\":[\"Quadradinho em Foco\"],\"inLanguage\":\"pt-BR\"},{\"@type\":\"WebPage\",\"@id\":\"https:\/\/www.notibras.com\/site\/lei-do-quem-tem-mais-decide-quem-entra-em-coma-e-quem-fica-solto\/\",\"url\":\"https:\/\/www.notibras.com\/site\/lei-do-quem-tem-mais-decide-quem-entra-em-coma-e-quem-fica-solto\/\",\"name\":\"Lei do 'quem tem mais' decide quem entra em coma e quem fica solto - Notibras\",\"isPartOf\":{\"@id\":\"https:\/\/www.notibras.com\/site\/#website\"},\"primaryImageOfPage\":{\"@id\":\"https:\/\/www.notibras.com\/site\/lei-do-quem-tem-mais-decide-quem-entra-em-coma-e-quem-fica-solto\/#primaryimage\"},\"image\":{\"@id\":\"https:\/\/www.notibras.com\/site\/lei-do-quem-tem-mais-decide-quem-entra-em-coma-e-quem-fica-solto\/#primaryimage\"},\"thumbnailUrl\":\"https:\/\/www.notibras.com\/site\/wp-content\/uploads\/2026\/01\/WhatsApp-Image-2026-01-26-at-19.51.23.jpeg\",\"datePublished\":\"2026-01-27T04:00:28+00:00\",\"dateModified\":\"2026-01-27T09:17:09+00:00\",\"breadcrumb\":{\"@id\":\"https:\/\/www.notibras.com\/site\/lei-do-quem-tem-mais-decide-quem-entra-em-coma-e-quem-fica-solto\/#breadcrumb\"},\"inLanguage\":\"pt-BR\",\"potentialAction\":[{\"@type\":\"ReadAction\",\"target\":[\"https:\/\/www.notibras.com\/site\/lei-do-quem-tem-mais-decide-quem-entra-em-coma-e-quem-fica-solto\/\"]}]},{\"@type\":\"ImageObject\",\"inLanguage\":\"pt-BR\",\"@id\":\"https:\/\/www.notibras.com\/site\/lei-do-quem-tem-mais-decide-quem-entra-em-coma-e-quem-fica-solto\/#primaryimage\",\"url\":\"https:\/\/www.notibras.com\/site\/wp-content\/uploads\/2026\/01\/WhatsApp-Image-2026-01-26-at-19.51.23.jpeg\",\"contentUrl\":\"https:\/\/www.notibras.com\/site\/wp-content\/uploads\/2026\/01\/WhatsApp-Image-2026-01-26-at-19.51.23.jpeg\",\"width\":984,\"height\":675},{\"@type\":\"BreadcrumbList\",\"@id\":\"https:\/\/www.notibras.com\/site\/lei-do-quem-tem-mais-decide-quem-entra-em-coma-e-quem-fica-solto\/#breadcrumb\",\"itemListElement\":[{\"@type\":\"ListItem\",\"position\":1,\"name\":\"In\u00edcio\",\"item\":\"https:\/\/www.notibras.com\/site\/\"},{\"@type\":\"ListItem\",\"position\":2,\"name\":\"Lei do &#8216;quem tem mais&#8217; decide quem entra em coma e quem fica solto\"}]},{\"@type\":\"WebSite\",\"@id\":\"https:\/\/www.notibras.com\/site\/#website\",\"url\":\"https:\/\/www.notibras.com\/site\/\",\"name\":\"Notibras\",\"description\":\"Not\u00edcias de Bras\u00edlia, do Brasil e do Mundo\",\"publisher\":{\"@id\":\"https:\/\/www.notibras.com\/site\/#organization\"},\"potentialAction\":[{\"@type\":\"SearchAction\",\"target\":{\"@type\":\"EntryPoint\",\"urlTemplate\":\"https:\/\/www.notibras.com\/site\/?s={search_term_string}\"},\"query-input\":{\"@type\":\"PropertyValueSpecification\",\"valueRequired\":true,\"valueName\":\"search_term_string\"}}],\"inLanguage\":\"pt-BR\"},{\"@type\":\"Organization\",\"@id\":\"https:\/\/www.notibras.com\/site\/#organization\",\"name\":\"Grupo Notibras de Comunica\u00e7\u00e3o\",\"url\":\"https:\/\/www.notibras.com\/site\/\",\"logo\":{\"@type\":\"ImageObject\",\"inLanguage\":\"pt-BR\",\"@id\":\"https:\/\/www.notibras.com\/site\/#\/schema\/logo\/image\/\",\"url\":\"https:\/\/www.notibras.com\/site\/wp-content\/uploads\/2023\/01\/notibras23.png\",\"contentUrl\":\"https:\/\/www.notibras.com\/site\/wp-content\/uploads\/2023\/01\/notibras23.png\",\"width\":350,\"height\":87,\"caption\":\"Grupo Notibras de Comunica\u00e7\u00e3o\"},\"image\":{\"@id\":\"https:\/\/www.notibras.com\/site\/#\/schema\/logo\/image\/\"},\"sameAs\":[\"https:\/\/www.facebook.com\/notibras\/\",\"https:\/\/x.com\/Notibras\",\"https:\/\/www.instagram.com\/notibras\/\"]},{\"@type\":\"Person\",\"@id\":\"https:\/\/www.notibras.com\/site\/#\/schema\/person\/5b7fabf2aedc3ada2105f03b22b4d3dd\",\"name\":\"Eduardo Mart\u00ednez\",\"image\":{\"@type\":\"ImageObject\",\"inLanguage\":\"pt-BR\",\"@id\":\"https:\/\/secure.gravatar.com\/avatar\/7902f906289926289cbcda644b5197c796b893c6ffd7b9a536a42d290f7704a0?s=96&d=mm&r=g\",\"url\":\"https:\/\/secure.gravatar.com\/avatar\/7902f906289926289cbcda644b5197c796b893c6ffd7b9a536a42d290f7704a0?s=96&d=mm&r=g\",\"contentUrl\":\"https:\/\/secure.gravatar.com\/avatar\/7902f906289926289cbcda644b5197c796b893c6ffd7b9a536a42d290f7704a0?s=96&d=mm&r=g\",\"caption\":\"Eduardo Mart\u00ednez\"}}]}<\/script>\n<!-- \/ Yoast SEO plugin. -->","yoast_head_json":{"title":"Lei do 'quem tem mais' decide quem entra em coma e quem fica solto - Notibras","robots":{"index":"index","follow":"follow","max-snippet":"max-snippet:-1","max-image-preview":"max-image-preview:large","max-video-preview":"max-video-preview:-1"},"canonical":"https:\/\/www.notibras.com\/site\/lei-do-quem-tem-mais-decide-quem-entra-em-coma-e-quem-fica-solto\/","og_locale":"pt_BR","og_type":"article","og_title":"Lei do 'quem tem mais' decide quem entra em coma e quem fica solto - Notibras","og_description":"O que deveria ser uma noite comum de confraterniza\u00e7\u00e3o entre jovens transformou-se em um cen\u00e1rio de horror na Rua 6 de Vicente Pires, no Distrito Federal. Na \u00faltima quinta-feira, 22 de janeiro de 2026, uma intera\u00e7\u00e3o banal motivada pelo arremesso de um chiclete escalou para uma agress\u00e3o brutal, deixando um adolescente de 16 anos entre [&hellip;]","og_url":"https:\/\/www.notibras.com\/site\/lei-do-quem-tem-mais-decide-quem-entra-em-coma-e-quem-fica-solto\/","og_site_name":"Notibras","article_publisher":"https:\/\/www.facebook.com\/notibras\/","article_published_time":"2026-01-27T04:00:28+00:00","article_modified_time":"2026-01-27T09:17:09+00:00","og_image":[{"width":984,"height":675,"url":"https:\/\/www.notibras.com\/site\/wp-content\/uploads\/2026\/01\/WhatsApp-Image-2026-01-26-at-19.51.23.jpeg","type":"image\/jpeg"}],"author":"Eduardo Mart\u00ednez","twitter_card":"summary_large_image","twitter_creator":"@Notibras","twitter_site":"@Notibras","twitter_misc":{"Escrito por":"Eduardo Mart\u00ednez","Est. tempo de leitura":"5 minutos"},"schema":{"@context":"https:\/\/schema.org","@graph":[{"@type":"Article","@id":"https:\/\/www.notibras.com\/site\/lei-do-quem-tem-mais-decide-quem-entra-em-coma-e-quem-fica-solto\/#article","isPartOf":{"@id":"https:\/\/www.notibras.com\/site\/lei-do-quem-tem-mais-decide-quem-entra-em-coma-e-quem-fica-solto\/"},"author":{"name":"Eduardo Mart\u00ednez","@id":"https:\/\/www.notibras.com\/site\/#\/schema\/person\/5b7fabf2aedc3ada2105f03b22b4d3dd"},"headline":"Lei do &#8216;quem tem mais&#8217; decide quem entra em coma e quem fica solto","datePublished":"2026-01-27T04:00:28+00:00","dateModified":"2026-01-27T09:17:09+00:00","mainEntityOfPage":{"@id":"https:\/\/www.notibras.com\/site\/lei-do-quem-tem-mais-decide-quem-entra-em-coma-e-quem-fica-solto\/"},"wordCount":845,"publisher":{"@id":"https:\/\/www.notibras.com\/site\/#organization"},"image":{"@id":"https:\/\/www.notibras.com\/site\/lei-do-quem-tem-mais-decide-quem-entra-em-coma-e-quem-fica-solto\/#primaryimage"},"thumbnailUrl":"https:\/\/www.notibras.com\/site\/wp-content\/uploads\/2026\/01\/WhatsApp-Image-2026-01-26-at-19.51.23.jpeg","articleSection":["Quadradinho em Foco"],"inLanguage":"pt-BR"},{"@type":"WebPage","@id":"https:\/\/www.notibras.com\/site\/lei-do-quem-tem-mais-decide-quem-entra-em-coma-e-quem-fica-solto\/","url":"https:\/\/www.notibras.com\/site\/lei-do-quem-tem-mais-decide-quem-entra-em-coma-e-quem-fica-solto\/","name":"Lei do 'quem tem mais' decide quem entra em coma e quem fica solto - Notibras","isPartOf":{"@id":"https:\/\/www.notibras.com\/site\/#website"},"primaryImageOfPage":{"@id":"https:\/\/www.notibras.com\/site\/lei-do-quem-tem-mais-decide-quem-entra-em-coma-e-quem-fica-solto\/#primaryimage"},"image":{"@id":"https:\/\/www.notibras.com\/site\/lei-do-quem-tem-mais-decide-quem-entra-em-coma-e-quem-fica-solto\/#primaryimage"},"thumbnailUrl":"https:\/\/www.notibras.com\/site\/wp-content\/uploads\/2026\/01\/WhatsApp-Image-2026-01-26-at-19.51.23.jpeg","datePublished":"2026-01-27T04:00:28+00:00","dateModified":"2026-01-27T09:17:09+00:00","breadcrumb":{"@id":"https:\/\/www.notibras.com\/site\/lei-do-quem-tem-mais-decide-quem-entra-em-coma-e-quem-fica-solto\/#breadcrumb"},"inLanguage":"pt-BR","potentialAction":[{"@type":"ReadAction","target":["https:\/\/www.notibras.com\/site\/lei-do-quem-tem-mais-decide-quem-entra-em-coma-e-quem-fica-solto\/"]}]},{"@type":"ImageObject","inLanguage":"pt-BR","@id":"https:\/\/www.notibras.com\/site\/lei-do-quem-tem-mais-decide-quem-entra-em-coma-e-quem-fica-solto\/#primaryimage","url":"https:\/\/www.notibras.com\/site\/wp-content\/uploads\/2026\/01\/WhatsApp-Image-2026-01-26-at-19.51.23.jpeg","contentUrl":"https:\/\/www.notibras.com\/site\/wp-content\/uploads\/2026\/01\/WhatsApp-Image-2026-01-26-at-19.51.23.jpeg","width":984,"height":675},{"@type":"BreadcrumbList","@id":"https:\/\/www.notibras.com\/site\/lei-do-quem-tem-mais-decide-quem-entra-em-coma-e-quem-fica-solto\/#breadcrumb","itemListElement":[{"@type":"ListItem","position":1,"name":"In\u00edcio","item":"https:\/\/www.notibras.com\/site\/"},{"@type":"ListItem","position":2,"name":"Lei do &#8216;quem tem mais&#8217; decide quem entra em coma e quem fica solto"}]},{"@type":"WebSite","@id":"https:\/\/www.notibras.com\/site\/#website","url":"https:\/\/www.notibras.com\/site\/","name":"Notibras","description":"Not\u00edcias de Bras\u00edlia, do Brasil e do Mundo","publisher":{"@id":"https:\/\/www.notibras.com\/site\/#organization"},"potentialAction":[{"@type":"SearchAction","target":{"@type":"EntryPoint","urlTemplate":"https:\/\/www.notibras.com\/site\/?s={search_term_string}"},"query-input":{"@type":"PropertyValueSpecification","valueRequired":true,"valueName":"search_term_string"}}],"inLanguage":"pt-BR"},{"@type":"Organization","@id":"https:\/\/www.notibras.com\/site\/#organization","name":"Grupo Notibras de Comunica\u00e7\u00e3o","url":"https:\/\/www.notibras.com\/site\/","logo":{"@type":"ImageObject","inLanguage":"pt-BR","@id":"https:\/\/www.notibras.com\/site\/#\/schema\/logo\/image\/","url":"https:\/\/www.notibras.com\/site\/wp-content\/uploads\/2023\/01\/notibras23.png","contentUrl":"https:\/\/www.notibras.com\/site\/wp-content\/uploads\/2023\/01\/notibras23.png","width":350,"height":87,"caption":"Grupo Notibras de Comunica\u00e7\u00e3o"},"image":{"@id":"https:\/\/www.notibras.com\/site\/#\/schema\/logo\/image\/"},"sameAs":["https:\/\/www.facebook.com\/notibras\/","https:\/\/x.com\/Notibras","https:\/\/www.instagram.com\/notibras\/"]},{"@type":"Person","@id":"https:\/\/www.notibras.com\/site\/#\/schema\/person\/5b7fabf2aedc3ada2105f03b22b4d3dd","name":"Eduardo Mart\u00ednez","image":{"@type":"ImageObject","inLanguage":"pt-BR","@id":"https:\/\/secure.gravatar.com\/avatar\/7902f906289926289cbcda644b5197c796b893c6ffd7b9a536a42d290f7704a0?s=96&d=mm&r=g","url":"https:\/\/secure.gravatar.com\/avatar\/7902f906289926289cbcda644b5197c796b893c6ffd7b9a536a42d290f7704a0?s=96&d=mm&r=g","contentUrl":"https:\/\/secure.gravatar.com\/avatar\/7902f906289926289cbcda644b5197c796b893c6ffd7b9a536a42d290f7704a0?s=96&d=mm&r=g","caption":"Eduardo Mart\u00ednez"}}]}},"amp_enabled":true,"_links":{"self":[{"href":"https:\/\/www.notibras.com\/site\/wp-json\/wp\/v2\/posts\/380689","targetHints":{"allow":["GET"]}}],"collection":[{"href":"https:\/\/www.notibras.com\/site\/wp-json\/wp\/v2\/posts"}],"about":[{"href":"https:\/\/www.notibras.com\/site\/wp-json\/wp\/v2\/types\/post"}],"author":[{"embeddable":true,"href":"https:\/\/www.notibras.com\/site\/wp-json\/wp\/v2\/users\/21"}],"replies":[{"embeddable":true,"href":"https:\/\/www.notibras.com\/site\/wp-json\/wp\/v2\/comments?post=380689"}],"version-history":[{"count":4,"href":"https:\/\/www.notibras.com\/site\/wp-json\/wp\/v2\/posts\/380689\/revisions"}],"predecessor-version":[{"id":380759,"href":"https:\/\/www.notibras.com\/site\/wp-json\/wp\/v2\/posts\/380689\/revisions\/380759"}],"wp:featuredmedia":[{"embeddable":true,"href":"https:\/\/www.notibras.com\/site\/wp-json\/wp\/v2\/media\/380690"}],"wp:attachment":[{"href":"https:\/\/www.notibras.com\/site\/wp-json\/wp\/v2\/media?parent=380689"}],"wp:term":[{"taxonomy":"category","embeddable":true,"href":"https:\/\/www.notibras.com\/site\/wp-json\/wp\/v2\/categories?post=380689"},{"taxonomy":"post_tag","embeddable":true,"href":"https:\/\/www.notibras.com\/site\/wp-json\/wp\/v2\/tags?post=380689"}],"curies":[{"name":"wp","href":"https:\/\/api.w.org\/{rel}","templated":true}]}}