{"id":380694,"date":"2026-01-27T00:45:59","date_gmt":"2026-01-27T03:45:59","guid":{"rendered":"https:\/\/www.notibras.com\/site\/?p=380694"},"modified":"2026-01-26T20:32:32","modified_gmt":"2026-01-26T23:32:32","slug":"mulher-e-encontrada-morta-com-sinais-de-espancamento","status":"publish","type":"post","link":"https:\/\/www.notibras.com\/site\/mulher-e-encontrada-morta-com-sinais-de-espancamento\/","title":{"rendered":"Mulher \u00e9 encontrada morta com sinais de espancamento"},"content":{"rendered":"<p>O corpo de uma mulher, ainda sem identifica\u00e7\u00e3o oficial, foi encontrado na manh\u00e3 deste domingo (25) com evidentes sinais de espancamento na regi\u00e3o da Estrutural, no Distrito Federal. O cad\u00e1ver estava em um barraco localizado atr\u00e1s do centro ol\u00edmpico local.<\/p>\n<p>A Pol\u00edcia Civil do DF est\u00e1 investigando o caso como feminic\u00eddio. At\u00e9 a \u00faltima atualiza\u00e7\u00e3o desta reportagem, nenhum suspeito havia sido preso. A identidade da v\u00edtima permanece sob sigilo.<\/p>\n<p>Se a investiga\u00e7\u00e3o confirmar o feminic\u00eddio, este ser\u00e1 o terceiro caso registrado no Distrito Federal em 2026. No mesmo per\u00edodo do ano passado, a regi\u00e3o havia contabilizado dois registros desse tipo de crime. Os dados indicam um aumento nas ocorr\u00eancias.<\/p>\n<p><strong>Onde denunciar viol\u00eancia contra a mulher<\/strong><\/p>\n<p>As autoridades refor\u00e7am a import\u00e2ncia da den\u00fancia em casos de viol\u00eancia dom\u00e9stica e familiar. Diversos canais est\u00e3o dispon\u00edveis para atendimento e prote\u00e7\u00e3o \u00e0s v\u00edtimas:<\/p>\n<p>Pol\u00edcia Militar (190): Atendimento 24 horas. Uma viatura \u00e9 enviada ao local da ocorr\u00eancia.<\/p>\n<p>Pol\u00edcia Civil (197 ou Delegacia Eletr\u00f4nica): Den\u00fancias an\u00f4nimas e gratuitas. O DF conta com as Delegacias Especiais de Atendimento \u00e0 Mulher (DEAM I e II), que funcionam 24h.<\/p>\n<p>Central de Atendimento \u00e0 Mulher (180): Do Minist\u00e9rio das Mulheres, oferece orienta\u00e7\u00e3o e encaminha den\u00fancias. Servi\u00e7o 24h e gratuito.<\/p>\n<p>Defensoria P\u00fablica do DF (129): Canal exclusivo para mulheres em situa\u00e7\u00e3o de viol\u00eancia, com atendimento em dias \u00fateis.<\/p>\n<p><strong>Entenda as medidas protetivas<\/strong><\/p>\n<p>Uma ferramenta crucial de amparo \u00e0s v\u00edtimas \u00e9 a medida protetiva de urg\u00eancia, que n\u00e3o exige a ocorr\u00eancia de agress\u00e3o f\u00edsica para ser solicitada.<\/p>\n<p><strong>Pontos-chave:<\/strong><\/p>\n<p>Abrang\u00eancia: Ci\u00fame excessivo, persegui\u00e7\u00e3o ou controle de patrim\u00f4nio j\u00e1 s\u00e3o motivos para solicita\u00e7\u00e3o.<\/p>\n<p>Procedimento: O pedido pode ser feito em qualquer delegacia. A autoridade policial remete o requerimento ao juiz(a), que tem at\u00e9 48 horas para decidir.<\/p>\n<p>Prote\u00e7\u00e3o: A medida pode obrigar o agressor a se afastar do lar e proibir contato com a v\u00edtima e familiares.<\/p>\n<p>Descumprimento: A viola\u00e7\u00e3o de uma medida protetiva concedida \u00e9 crime e deve ser imediatamente denunciada.<\/p>\n","protected":false},"excerpt":{"rendered":"<p>O corpo de uma mulher, ainda sem identifica\u00e7\u00e3o oficial, foi encontrado na manh\u00e3 deste domingo (25) com evidentes sinais de espancamento na regi\u00e3o da Estrutural, no Distrito Federal. O cad\u00e1ver estava em um barraco localizado atr\u00e1s do centro ol\u00edmpico local. A Pol\u00edcia Civil do DF est\u00e1 investigando o caso como feminic\u00eddio. At\u00e9 a \u00faltima atualiza\u00e7\u00e3o [&hellip;]<\/p>\n","protected":false},"author":21,"featured_media":380695,"comment_status":"closed","ping_status":"closed","sticky":false,"template":"","format":"standard","meta":{"_acf_changed":false,"footnotes":""},"categories":[161],"tags":[],"class_list":["post-380694","post","type-post","status-publish","format-standard","has-post-thumbnail","hentry","category-quadradinho-em-foco"],"acf":[],"yoast_head":"<!-- This site is optimized with the Yoast SEO plugin v27.2 - https:\/\/yoast.com\/product\/yoast-seo-wordpress\/ -->\n<title>Mulher \u00e9 encontrada morta com sinais de espancamento - Notibras<\/title>\n<meta name=\"robots\" content=\"index, follow, max-snippet:-1, max-image-preview:large, max-video-preview:-1\" \/>\n<link rel=\"canonical\" href=\"https:\/\/www.notibras.com\/site\/mulher-e-encontrada-morta-com-sinais-de-espancamento\/\" \/>\n<meta property=\"og:locale\" content=\"pt_BR\" \/>\n<meta property=\"og:type\" content=\"article\" \/>\n<meta property=\"og:title\" content=\"Mulher \u00e9 encontrada morta com sinais de espancamento - Notibras\" \/>\n<meta property=\"og:description\" content=\"O corpo de uma mulher, ainda sem identifica\u00e7\u00e3o oficial, foi encontrado na manh\u00e3 deste domingo (25) com evidentes sinais de espancamento na regi\u00e3o da Estrutural, no Distrito Federal. O cad\u00e1ver estava em um barraco localizado atr\u00e1s do centro ol\u00edmpico local. A Pol\u00edcia Civil do DF est\u00e1 investigando o caso como feminic\u00eddio. At\u00e9 a \u00faltima atualiza\u00e7\u00e3o [&hellip;]\" \/>\n<meta property=\"og:url\" content=\"https:\/\/www.notibras.com\/site\/mulher-e-encontrada-morta-com-sinais-de-espancamento\/\" \/>\n<meta property=\"og:site_name\" content=\"Notibras\" \/>\n<meta property=\"article:publisher\" content=\"https:\/\/www.facebook.com\/notibras\/\" \/>\n<meta property=\"article:published_time\" content=\"2026-01-27T03:45:59+00:00\" \/>\n<meta property=\"og:image\" content=\"https:\/\/www.notibras.com\/site\/wp-content\/uploads\/2026\/01\/a73f6bd8-b587-4c33-bed1-651928cfb606.jpg\" \/>\n\t<meta property=\"og:image:width\" content=\"809\" \/>\n\t<meta property=\"og:image:height\" content=\"881\" \/>\n\t<meta property=\"og:image:type\" content=\"image\/jpeg\" \/>\n<meta name=\"author\" content=\"Eduardo Mart\u00ednez\" \/>\n<meta name=\"twitter:card\" content=\"summary_large_image\" \/>\n<meta name=\"twitter:creator\" content=\"@Notibras\" \/>\n<meta name=\"twitter:site\" content=\"@Notibras\" \/>\n<meta name=\"twitter:label1\" content=\"Escrito por\" \/>\n\t<meta name=\"twitter:data1\" content=\"Eduardo Mart\u00ednez\" \/>\n\t<meta name=\"twitter:label2\" content=\"Est. tempo de leitura\" \/>\n\t<meta name=\"twitter:data2\" content=\"2 minutos\" \/>\n<script type=\"application\/ld+json\" class=\"yoast-schema-graph\">{\"@context\":\"https:\/\/schema.org\",\"@graph\":[{\"@type\":\"Article\",\"@id\":\"https:\/\/www.notibras.com\/site\/mulher-e-encontrada-morta-com-sinais-de-espancamento\/#article\",\"isPartOf\":{\"@id\":\"https:\/\/www.notibras.com\/site\/mulher-e-encontrada-morta-com-sinais-de-espancamento\/\"},\"author\":{\"name\":\"Eduardo Mart\u00ednez\",\"@id\":\"https:\/\/www.notibras.com\/site\/#\/schema\/person\/5b7fabf2aedc3ada2105f03b22b4d3dd\"},\"headline\":\"Mulher \u00e9 encontrada morta com sinais de espancamento\",\"datePublished\":\"2026-01-27T03:45:59+00:00\",\"mainEntityOfPage\":{\"@id\":\"https:\/\/www.notibras.com\/site\/mulher-e-encontrada-morta-com-sinais-de-espancamento\/\"},\"wordCount\":366,\"publisher\":{\"@id\":\"https:\/\/www.notibras.com\/site\/#organization\"},\"image\":{\"@id\":\"https:\/\/www.notibras.com\/site\/mulher-e-encontrada-morta-com-sinais-de-espancamento\/#primaryimage\"},\"thumbnailUrl\":\"https:\/\/www.notibras.com\/site\/wp-content\/uploads\/2026\/01\/a73f6bd8-b587-4c33-bed1-651928cfb606.jpg\",\"articleSection\":[\"Quadradinho em Foco\"],\"inLanguage\":\"pt-BR\"},{\"@type\":\"WebPage\",\"@id\":\"https:\/\/www.notibras.com\/site\/mulher-e-encontrada-morta-com-sinais-de-espancamento\/\",\"url\":\"https:\/\/www.notibras.com\/site\/mulher-e-encontrada-morta-com-sinais-de-espancamento\/\",\"name\":\"Mulher \u00e9 encontrada morta com sinais de espancamento - Notibras\",\"isPartOf\":{\"@id\":\"https:\/\/www.notibras.com\/site\/#website\"},\"primaryImageOfPage\":{\"@id\":\"https:\/\/www.notibras.com\/site\/mulher-e-encontrada-morta-com-sinais-de-espancamento\/#primaryimage\"},\"image\":{\"@id\":\"https:\/\/www.notibras.com\/site\/mulher-e-encontrada-morta-com-sinais-de-espancamento\/#primaryimage\"},\"thumbnailUrl\":\"https:\/\/www.notibras.com\/site\/wp-content\/uploads\/2026\/01\/a73f6bd8-b587-4c33-bed1-651928cfb606.jpg\",\"datePublished\":\"2026-01-27T03:45:59+00:00\",\"breadcrumb\":{\"@id\":\"https:\/\/www.notibras.com\/site\/mulher-e-encontrada-morta-com-sinais-de-espancamento\/#breadcrumb\"},\"inLanguage\":\"pt-BR\",\"potentialAction\":[{\"@type\":\"ReadAction\",\"target\":[\"https:\/\/www.notibras.com\/site\/mulher-e-encontrada-morta-com-sinais-de-espancamento\/\"]}]},{\"@type\":\"ImageObject\",\"inLanguage\":\"pt-BR\",\"@id\":\"https:\/\/www.notibras.com\/site\/mulher-e-encontrada-morta-com-sinais-de-espancamento\/#primaryimage\",\"url\":\"https:\/\/www.notibras.com\/site\/wp-content\/uploads\/2026\/01\/a73f6bd8-b587-4c33-bed1-651928cfb606.jpg\",\"contentUrl\":\"https:\/\/www.notibras.com\/site\/wp-content\/uploads\/2026\/01\/a73f6bd8-b587-4c33-bed1-651928cfb606.jpg\",\"width\":809,\"height\":881},{\"@type\":\"BreadcrumbList\",\"@id\":\"https:\/\/www.notibras.com\/site\/mulher-e-encontrada-morta-com-sinais-de-espancamento\/#breadcrumb\",\"itemListElement\":[{\"@type\":\"ListItem\",\"position\":1,\"name\":\"In\u00edcio\",\"item\":\"https:\/\/www.notibras.com\/site\/\"},{\"@type\":\"ListItem\",\"position\":2,\"name\":\"Mulher \u00e9 encontrada morta com sinais de espancamento\"}]},{\"@type\":\"WebSite\",\"@id\":\"https:\/\/www.notibras.com\/site\/#website\",\"url\":\"https:\/\/www.notibras.com\/site\/\",\"name\":\"Notibras\",\"description\":\"Not\u00edcias de Bras\u00edlia, do Brasil e do Mundo\",\"publisher\":{\"@id\":\"https:\/\/www.notibras.com\/site\/#organization\"},\"potentialAction\":[{\"@type\":\"SearchAction\",\"target\":{\"@type\":\"EntryPoint\",\"urlTemplate\":\"https:\/\/www.notibras.com\/site\/?s={search_term_string}\"},\"query-input\":{\"@type\":\"PropertyValueSpecification\",\"valueRequired\":true,\"valueName\":\"search_term_string\"}}],\"inLanguage\":\"pt-BR\"},{\"@type\":\"Organization\",\"@id\":\"https:\/\/www.notibras.com\/site\/#organization\",\"name\":\"Grupo Notibras de Comunica\u00e7\u00e3o\",\"url\":\"https:\/\/www.notibras.com\/site\/\",\"logo\":{\"@type\":\"ImageObject\",\"inLanguage\":\"pt-BR\",\"@id\":\"https:\/\/www.notibras.com\/site\/#\/schema\/logo\/image\/\",\"url\":\"https:\/\/www.notibras.com\/site\/wp-content\/uploads\/2023\/01\/notibras23.png\",\"contentUrl\":\"https:\/\/www.notibras.com\/site\/wp-content\/uploads\/2023\/01\/notibras23.png\",\"width\":350,\"height\":87,\"caption\":\"Grupo Notibras de Comunica\u00e7\u00e3o\"},\"image\":{\"@id\":\"https:\/\/www.notibras.com\/site\/#\/schema\/logo\/image\/\"},\"sameAs\":[\"https:\/\/www.facebook.com\/notibras\/\",\"https:\/\/x.com\/Notibras\",\"https:\/\/www.instagram.com\/notibras\/\"]},{\"@type\":\"Person\",\"@id\":\"https:\/\/www.notibras.com\/site\/#\/schema\/person\/5b7fabf2aedc3ada2105f03b22b4d3dd\",\"name\":\"Eduardo Mart\u00ednez\",\"image\":{\"@type\":\"ImageObject\",\"inLanguage\":\"pt-BR\",\"@id\":\"https:\/\/secure.gravatar.com\/avatar\/7902f906289926289cbcda644b5197c796b893c6ffd7b9a536a42d290f7704a0?s=96&d=mm&r=g\",\"url\":\"https:\/\/secure.gravatar.com\/avatar\/7902f906289926289cbcda644b5197c796b893c6ffd7b9a536a42d290f7704a0?s=96&d=mm&r=g\",\"contentUrl\":\"https:\/\/secure.gravatar.com\/avatar\/7902f906289926289cbcda644b5197c796b893c6ffd7b9a536a42d290f7704a0?s=96&d=mm&r=g\",\"caption\":\"Eduardo Mart\u00ednez\"}}]}<\/script>\n<!-- \/ Yoast SEO plugin. -->","yoast_head_json":{"title":"Mulher \u00e9 encontrada morta com sinais de espancamento - Notibras","robots":{"index":"index","follow":"follow","max-snippet":"max-snippet:-1","max-image-preview":"max-image-preview:large","max-video-preview":"max-video-preview:-1"},"canonical":"https:\/\/www.notibras.com\/site\/mulher-e-encontrada-morta-com-sinais-de-espancamento\/","og_locale":"pt_BR","og_type":"article","og_title":"Mulher \u00e9 encontrada morta com sinais de espancamento - Notibras","og_description":"O corpo de uma mulher, ainda sem identifica\u00e7\u00e3o oficial, foi encontrado na manh\u00e3 deste domingo (25) com evidentes sinais de espancamento na regi\u00e3o da Estrutural, no Distrito Federal. O cad\u00e1ver estava em um barraco localizado atr\u00e1s do centro ol\u00edmpico local. A Pol\u00edcia Civil do DF est\u00e1 investigando o caso como feminic\u00eddio. At\u00e9 a \u00faltima atualiza\u00e7\u00e3o [&hellip;]","og_url":"https:\/\/www.notibras.com\/site\/mulher-e-encontrada-morta-com-sinais-de-espancamento\/","og_site_name":"Notibras","article_publisher":"https:\/\/www.facebook.com\/notibras\/","article_published_time":"2026-01-27T03:45:59+00:00","og_image":[{"width":809,"height":881,"url":"https:\/\/www.notibras.com\/site\/wp-content\/uploads\/2026\/01\/a73f6bd8-b587-4c33-bed1-651928cfb606.jpg","type":"image\/jpeg"}],"author":"Eduardo Mart\u00ednez","twitter_card":"summary_large_image","twitter_creator":"@Notibras","twitter_site":"@Notibras","twitter_misc":{"Escrito por":"Eduardo Mart\u00ednez","Est. tempo de leitura":"2 minutos"},"schema":{"@context":"https:\/\/schema.org","@graph":[{"@type":"Article","@id":"https:\/\/www.notibras.com\/site\/mulher-e-encontrada-morta-com-sinais-de-espancamento\/#article","isPartOf":{"@id":"https:\/\/www.notibras.com\/site\/mulher-e-encontrada-morta-com-sinais-de-espancamento\/"},"author":{"name":"Eduardo Mart\u00ednez","@id":"https:\/\/www.notibras.com\/site\/#\/schema\/person\/5b7fabf2aedc3ada2105f03b22b4d3dd"},"headline":"Mulher \u00e9 encontrada morta com sinais de espancamento","datePublished":"2026-01-27T03:45:59+00:00","mainEntityOfPage":{"@id":"https:\/\/www.notibras.com\/site\/mulher-e-encontrada-morta-com-sinais-de-espancamento\/"},"wordCount":366,"publisher":{"@id":"https:\/\/www.notibras.com\/site\/#organization"},"image":{"@id":"https:\/\/www.notibras.com\/site\/mulher-e-encontrada-morta-com-sinais-de-espancamento\/#primaryimage"},"thumbnailUrl":"https:\/\/www.notibras.com\/site\/wp-content\/uploads\/2026\/01\/a73f6bd8-b587-4c33-bed1-651928cfb606.jpg","articleSection":["Quadradinho em Foco"],"inLanguage":"pt-BR"},{"@type":"WebPage","@id":"https:\/\/www.notibras.com\/site\/mulher-e-encontrada-morta-com-sinais-de-espancamento\/","url":"https:\/\/www.notibras.com\/site\/mulher-e-encontrada-morta-com-sinais-de-espancamento\/","name":"Mulher \u00e9 encontrada morta com sinais de espancamento - Notibras","isPartOf":{"@id":"https:\/\/www.notibras.com\/site\/#website"},"primaryImageOfPage":{"@id":"https:\/\/www.notibras.com\/site\/mulher-e-encontrada-morta-com-sinais-de-espancamento\/#primaryimage"},"image":{"@id":"https:\/\/www.notibras.com\/site\/mulher-e-encontrada-morta-com-sinais-de-espancamento\/#primaryimage"},"thumbnailUrl":"https:\/\/www.notibras.com\/site\/wp-content\/uploads\/2026\/01\/a73f6bd8-b587-4c33-bed1-651928cfb606.jpg","datePublished":"2026-01-27T03:45:59+00:00","breadcrumb":{"@id":"https:\/\/www.notibras.com\/site\/mulher-e-encontrada-morta-com-sinais-de-espancamento\/#breadcrumb"},"inLanguage":"pt-BR","potentialAction":[{"@type":"ReadAction","target":["https:\/\/www.notibras.com\/site\/mulher-e-encontrada-morta-com-sinais-de-espancamento\/"]}]},{"@type":"ImageObject","inLanguage":"pt-BR","@id":"https:\/\/www.notibras.com\/site\/mulher-e-encontrada-morta-com-sinais-de-espancamento\/#primaryimage","url":"https:\/\/www.notibras.com\/site\/wp-content\/uploads\/2026\/01\/a73f6bd8-b587-4c33-bed1-651928cfb606.jpg","contentUrl":"https:\/\/www.notibras.com\/site\/wp-content\/uploads\/2026\/01\/a73f6bd8-b587-4c33-bed1-651928cfb606.jpg","width":809,"height":881},{"@type":"BreadcrumbList","@id":"https:\/\/www.notibras.com\/site\/mulher-e-encontrada-morta-com-sinais-de-espancamento\/#breadcrumb","itemListElement":[{"@type":"ListItem","position":1,"name":"In\u00edcio","item":"https:\/\/www.notibras.com\/site\/"},{"@type":"ListItem","position":2,"name":"Mulher \u00e9 encontrada morta com sinais de espancamento"}]},{"@type":"WebSite","@id":"https:\/\/www.notibras.com\/site\/#website","url":"https:\/\/www.notibras.com\/site\/","name":"Notibras","description":"Not\u00edcias de Bras\u00edlia, do Brasil e do Mundo","publisher":{"@id":"https:\/\/www.notibras.com\/site\/#organization"},"potentialAction":[{"@type":"SearchAction","target":{"@type":"EntryPoint","urlTemplate":"https:\/\/www.notibras.com\/site\/?s={search_term_string}"},"query-input":{"@type":"PropertyValueSpecification","valueRequired":true,"valueName":"search_term_string"}}],"inLanguage":"pt-BR"},{"@type":"Organization","@id":"https:\/\/www.notibras.com\/site\/#organization","name":"Grupo Notibras de Comunica\u00e7\u00e3o","url":"https:\/\/www.notibras.com\/site\/","logo":{"@type":"ImageObject","inLanguage":"pt-BR","@id":"https:\/\/www.notibras.com\/site\/#\/schema\/logo\/image\/","url":"https:\/\/www.notibras.com\/site\/wp-content\/uploads\/2023\/01\/notibras23.png","contentUrl":"https:\/\/www.notibras.com\/site\/wp-content\/uploads\/2023\/01\/notibras23.png","width":350,"height":87,"caption":"Grupo Notibras de Comunica\u00e7\u00e3o"},"image":{"@id":"https:\/\/www.notibras.com\/site\/#\/schema\/logo\/image\/"},"sameAs":["https:\/\/www.facebook.com\/notibras\/","https:\/\/x.com\/Notibras","https:\/\/www.instagram.com\/notibras\/"]},{"@type":"Person","@id":"https:\/\/www.notibras.com\/site\/#\/schema\/person\/5b7fabf2aedc3ada2105f03b22b4d3dd","name":"Eduardo Mart\u00ednez","image":{"@type":"ImageObject","inLanguage":"pt-BR","@id":"https:\/\/secure.gravatar.com\/avatar\/7902f906289926289cbcda644b5197c796b893c6ffd7b9a536a42d290f7704a0?s=96&d=mm&r=g","url":"https:\/\/secure.gravatar.com\/avatar\/7902f906289926289cbcda644b5197c796b893c6ffd7b9a536a42d290f7704a0?s=96&d=mm&r=g","contentUrl":"https:\/\/secure.gravatar.com\/avatar\/7902f906289926289cbcda644b5197c796b893c6ffd7b9a536a42d290f7704a0?s=96&d=mm&r=g","caption":"Eduardo Mart\u00ednez"}}]}},"amp_enabled":true,"_links":{"self":[{"href":"https:\/\/www.notibras.com\/site\/wp-json\/wp\/v2\/posts\/380694","targetHints":{"allow":["GET"]}}],"collection":[{"href":"https:\/\/www.notibras.com\/site\/wp-json\/wp\/v2\/posts"}],"about":[{"href":"https:\/\/www.notibras.com\/site\/wp-json\/wp\/v2\/types\/post"}],"author":[{"embeddable":true,"href":"https:\/\/www.notibras.com\/site\/wp-json\/wp\/v2\/users\/21"}],"replies":[{"embeddable":true,"href":"https:\/\/www.notibras.com\/site\/wp-json\/wp\/v2\/comments?post=380694"}],"version-history":[{"count":2,"href":"https:\/\/www.notibras.com\/site\/wp-json\/wp\/v2\/posts\/380694\/revisions"}],"predecessor-version":[{"id":380697,"href":"https:\/\/www.notibras.com\/site\/wp-json\/wp\/v2\/posts\/380694\/revisions\/380697"}],"wp:featuredmedia":[{"embeddable":true,"href":"https:\/\/www.notibras.com\/site\/wp-json\/wp\/v2\/media\/380695"}],"wp:attachment":[{"href":"https:\/\/www.notibras.com\/site\/wp-json\/wp\/v2\/media?parent=380694"}],"wp:term":[{"taxonomy":"category","embeddable":true,"href":"https:\/\/www.notibras.com\/site\/wp-json\/wp\/v2\/categories?post=380694"},{"taxonomy":"post_tag","embeddable":true,"href":"https:\/\/www.notibras.com\/site\/wp-json\/wp\/v2\/tags?post=380694"}],"curies":[{"name":"wp","href":"https:\/\/api.w.org\/{rel}","templated":true}]}}