{"id":380699,"date":"2026-01-27T00:30:25","date_gmt":"2026-01-27T03:30:25","guid":{"rendered":"https:\/\/www.notibras.com\/site\/?p=380699"},"modified":"2026-01-26T20:30:56","modified_gmt":"2026-01-26T23:30:56","slug":"forca-tarefa-retira-entulho-e-carcacas-de-veiculos-de-casa","status":"publish","type":"post","link":"https:\/\/www.notibras.com\/site\/forca-tarefa-retira-entulho-e-carcacas-de-veiculos-de-casa\/","title":{"rendered":"For\u00e7a-tarefa retira entulho e carca\u00e7as de ve\u00edculos de casa"},"content":{"rendered":"<p>Uma grande opera\u00e7\u00e3o integrada foi realizada nesta segunda-feira (26), na \u00e1rea externa de uma resid\u00eancia localizada no Condom\u00ednio Priv\u00ea Incra 06, em Ceil\u00e2ndia, para a retirada de entulho, materiais inserv\u00edveis e carca\u00e7as de ve\u00edculos acumulados irregularmente em via p\u00fablica.<\/p>\n<p>A a\u00e7\u00e3o envolveu a Secretaria de Seguran\u00e7a P\u00fablica do DF (SSP-DF), por meio do programa DF Livre de Carca\u00e7as, DF Legal, o Servi\u00e7o de Limpeza Urbana (SLU) e a Administra\u00e7\u00e3o Regional de Ceil\u00e2ndia, refor\u00e7ando o trabalho conjunto do Governo do Distrito Federal (GDF) no enfrentamento de situa\u00e7\u00f5es que colocam em risco a sa\u00fade p\u00fablica, o meio ambiente e a seguran\u00e7a da comunidade.<\/p>\n<p>A opera\u00e7\u00e3o atendeu a reclama\u00e7\u00f5es recorrentes de moradores, que relatavam mau cheiro, obstru\u00e7\u00e3o de cal\u00e7adas e risco de prolifera\u00e7\u00e3o de pragas e animais pe\u00e7onhentos, em raz\u00e3o do ac\u00famulo de lixo e sucatas em frente ao im\u00f3vel. O local j\u00e1 havia sido alvo de notifica\u00e7\u00f5es anteriores da Vigil\u00e2ncia Ambiental e voltou a demandar interven\u00e7\u00e3o do poder p\u00fablico ap\u00f3s novas den\u00fancias.<\/p>\n<p>Durante a for\u00e7a-tarefa, foram recolhidas cargas de res\u00edduos e carros velhos, liberando a \u00e1rea p\u00fablica e restabelecendo as condi\u00e7\u00f5es adequadas de limpeza e circula\u00e7\u00e3o.<\/p>\n<p>Segundo o administrador regional de Ceil\u00e2ndia, Dilson Resende, a atua\u00e7\u00e3o integrada \u00e9 fundamental para proteger a popula\u00e7\u00e3o. \u201cEssa \u00e9 uma a\u00e7\u00e3o necess\u00e1ria para garantir a sa\u00fade p\u00fablica, a seguran\u00e7a dos moradores e a organiza\u00e7\u00e3o dos espa\u00e7os urbanos. A Administra\u00e7\u00e3o de Ceil\u00e2ndia est\u00e1 atenta \u00e0s demandas da comunidade e seguir\u00e1 atuando em parceria com os \u00f3rg\u00e3os do GDF sempre que houver risco \u00e0 popula\u00e7\u00e3o\u201d, destacou.<\/p>\n<p>A Administra\u00e7\u00e3o Regional de Ceil\u00e2ndia refor\u00e7a que mant\u00e9m o mapeamento das demandas da cidade e atua de forma articulada com os \u00f3rg\u00e3os do GDF para garantir ordem urbana, seguran\u00e7a e qualidade de vida \u00e0 popula\u00e7\u00e3o. Novas a\u00e7\u00f5es poder\u00e3o ser realizadas caso haja reincid\u00eancia, conforme prev\u00ea a legisla\u00e7\u00e3o vigente.<\/p>\n","protected":false},"excerpt":{"rendered":"<p>Uma grande opera\u00e7\u00e3o integrada foi realizada nesta segunda-feira (26), na \u00e1rea externa de uma resid\u00eancia localizada no Condom\u00ednio Priv\u00ea Incra 06, em Ceil\u00e2ndia, para a retirada de entulho, materiais inserv\u00edveis e carca\u00e7as de ve\u00edculos acumulados irregularmente em via p\u00fablica. A a\u00e7\u00e3o envolveu a Secretaria de Seguran\u00e7a P\u00fablica do DF (SSP-DF), por meio do programa DF [&hellip;]<\/p>\n","protected":false},"author":21,"featured_media":380700,"comment_status":"closed","ping_status":"closed","sticky":false,"template":"","format":"standard","meta":{"_acf_changed":false,"footnotes":""},"categories":[161],"tags":[],"class_list":["post-380699","post","type-post","status-publish","format-standard","has-post-thumbnail","hentry","category-quadradinho-em-foco"],"acf":[],"yoast_head":"<!-- This site is optimized with the Yoast SEO plugin v27.2 - https:\/\/yoast.com\/product\/yoast-seo-wordpress\/ -->\n<title>For\u00e7a-tarefa retira entulho e carca\u00e7as de ve\u00edculos de casa - Notibras<\/title>\n<meta name=\"robots\" content=\"index, follow, max-snippet:-1, max-image-preview:large, max-video-preview:-1\" \/>\n<link rel=\"canonical\" href=\"https:\/\/www.notibras.com\/site\/forca-tarefa-retira-entulho-e-carcacas-de-veiculos-de-casa\/\" \/>\n<meta property=\"og:locale\" content=\"pt_BR\" \/>\n<meta property=\"og:type\" content=\"article\" \/>\n<meta property=\"og:title\" content=\"For\u00e7a-tarefa retira entulho e carca\u00e7as de ve\u00edculos de casa - Notibras\" \/>\n<meta property=\"og:description\" content=\"Uma grande opera\u00e7\u00e3o integrada foi realizada nesta segunda-feira (26), na \u00e1rea externa de uma resid\u00eancia localizada no Condom\u00ednio Priv\u00ea Incra 06, em Ceil\u00e2ndia, para a retirada de entulho, materiais inserv\u00edveis e carca\u00e7as de ve\u00edculos acumulados irregularmente em via p\u00fablica. A a\u00e7\u00e3o envolveu a Secretaria de Seguran\u00e7a P\u00fablica do DF (SSP-DF), por meio do programa DF [&hellip;]\" \/>\n<meta property=\"og:url\" content=\"https:\/\/www.notibras.com\/site\/forca-tarefa-retira-entulho-e-carcacas-de-veiculos-de-casa\/\" \/>\n<meta property=\"og:site_name\" content=\"Notibras\" \/>\n<meta property=\"article:publisher\" content=\"https:\/\/www.facebook.com\/notibras\/\" \/>\n<meta property=\"article:published_time\" content=\"2026-01-27T03:30:25+00:00\" \/>\n<meta property=\"og:image\" content=\"https:\/\/www.notibras.com\/site\/wp-content\/uploads\/2026\/01\/9ce4bcd1-77e1-41c8-b443-2d679281bab9.jpeg\" \/>\n\t<meta property=\"og:image:width\" content=\"1600\" \/>\n\t<meta property=\"og:image:height\" content=\"1200\" \/>\n\t<meta property=\"og:image:type\" content=\"image\/jpeg\" \/>\n<meta name=\"author\" content=\"Eduardo Mart\u00ednez\" \/>\n<meta name=\"twitter:card\" content=\"summary_large_image\" \/>\n<meta name=\"twitter:creator\" content=\"@Notibras\" \/>\n<meta name=\"twitter:site\" content=\"@Notibras\" \/>\n<meta name=\"twitter:label1\" content=\"Escrito por\" \/>\n\t<meta name=\"twitter:data1\" content=\"Eduardo Mart\u00ednez\" \/>\n\t<meta name=\"twitter:label2\" content=\"Est. tempo de leitura\" \/>\n\t<meta name=\"twitter:data2\" content=\"2 minutos\" \/>\n<script type=\"application\/ld+json\" class=\"yoast-schema-graph\">{\"@context\":\"https:\/\/schema.org\",\"@graph\":[{\"@type\":\"Article\",\"@id\":\"https:\/\/www.notibras.com\/site\/forca-tarefa-retira-entulho-e-carcacas-de-veiculos-de-casa\/#article\",\"isPartOf\":{\"@id\":\"https:\/\/www.notibras.com\/site\/forca-tarefa-retira-entulho-e-carcacas-de-veiculos-de-casa\/\"},\"author\":{\"name\":\"Eduardo Mart\u00ednez\",\"@id\":\"https:\/\/www.notibras.com\/site\/#\/schema\/person\/5b7fabf2aedc3ada2105f03b22b4d3dd\"},\"headline\":\"For\u00e7a-tarefa retira entulho e carca\u00e7as de ve\u00edculos de casa\",\"datePublished\":\"2026-01-27T03:30:25+00:00\",\"mainEntityOfPage\":{\"@id\":\"https:\/\/www.notibras.com\/site\/forca-tarefa-retira-entulho-e-carcacas-de-veiculos-de-casa\/\"},\"wordCount\":367,\"publisher\":{\"@id\":\"https:\/\/www.notibras.com\/site\/#organization\"},\"image\":{\"@id\":\"https:\/\/www.notibras.com\/site\/forca-tarefa-retira-entulho-e-carcacas-de-veiculos-de-casa\/#primaryimage\"},\"thumbnailUrl\":\"https:\/\/www.notibras.com\/site\/wp-content\/uploads\/2026\/01\/9ce4bcd1-77e1-41c8-b443-2d679281bab9.jpeg\",\"articleSection\":[\"Quadradinho em Foco\"],\"inLanguage\":\"pt-BR\"},{\"@type\":\"WebPage\",\"@id\":\"https:\/\/www.notibras.com\/site\/forca-tarefa-retira-entulho-e-carcacas-de-veiculos-de-casa\/\",\"url\":\"https:\/\/www.notibras.com\/site\/forca-tarefa-retira-entulho-e-carcacas-de-veiculos-de-casa\/\",\"name\":\"For\u00e7a-tarefa retira entulho e carca\u00e7as de ve\u00edculos de casa - Notibras\",\"isPartOf\":{\"@id\":\"https:\/\/www.notibras.com\/site\/#website\"},\"primaryImageOfPage\":{\"@id\":\"https:\/\/www.notibras.com\/site\/forca-tarefa-retira-entulho-e-carcacas-de-veiculos-de-casa\/#primaryimage\"},\"image\":{\"@id\":\"https:\/\/www.notibras.com\/site\/forca-tarefa-retira-entulho-e-carcacas-de-veiculos-de-casa\/#primaryimage\"},\"thumbnailUrl\":\"https:\/\/www.notibras.com\/site\/wp-content\/uploads\/2026\/01\/9ce4bcd1-77e1-41c8-b443-2d679281bab9.jpeg\",\"datePublished\":\"2026-01-27T03:30:25+00:00\",\"breadcrumb\":{\"@id\":\"https:\/\/www.notibras.com\/site\/forca-tarefa-retira-entulho-e-carcacas-de-veiculos-de-casa\/#breadcrumb\"},\"inLanguage\":\"pt-BR\",\"potentialAction\":[{\"@type\":\"ReadAction\",\"target\":[\"https:\/\/www.notibras.com\/site\/forca-tarefa-retira-entulho-e-carcacas-de-veiculos-de-casa\/\"]}]},{\"@type\":\"ImageObject\",\"inLanguage\":\"pt-BR\",\"@id\":\"https:\/\/www.notibras.com\/site\/forca-tarefa-retira-entulho-e-carcacas-de-veiculos-de-casa\/#primaryimage\",\"url\":\"https:\/\/www.notibras.com\/site\/wp-content\/uploads\/2026\/01\/9ce4bcd1-77e1-41c8-b443-2d679281bab9.jpeg\",\"contentUrl\":\"https:\/\/www.notibras.com\/site\/wp-content\/uploads\/2026\/01\/9ce4bcd1-77e1-41c8-b443-2d679281bab9.jpeg\",\"width\":1600,\"height\":1200},{\"@type\":\"BreadcrumbList\",\"@id\":\"https:\/\/www.notibras.com\/site\/forca-tarefa-retira-entulho-e-carcacas-de-veiculos-de-casa\/#breadcrumb\",\"itemListElement\":[{\"@type\":\"ListItem\",\"position\":1,\"name\":\"In\u00edcio\",\"item\":\"https:\/\/www.notibras.com\/site\/\"},{\"@type\":\"ListItem\",\"position\":2,\"name\":\"For\u00e7a-tarefa retira entulho e carca\u00e7as de ve\u00edculos de casa\"}]},{\"@type\":\"WebSite\",\"@id\":\"https:\/\/www.notibras.com\/site\/#website\",\"url\":\"https:\/\/www.notibras.com\/site\/\",\"name\":\"Notibras\",\"description\":\"Not\u00edcias de Bras\u00edlia, do Brasil e do Mundo\",\"publisher\":{\"@id\":\"https:\/\/www.notibras.com\/site\/#organization\"},\"potentialAction\":[{\"@type\":\"SearchAction\",\"target\":{\"@type\":\"EntryPoint\",\"urlTemplate\":\"https:\/\/www.notibras.com\/site\/?s={search_term_string}\"},\"query-input\":{\"@type\":\"PropertyValueSpecification\",\"valueRequired\":true,\"valueName\":\"search_term_string\"}}],\"inLanguage\":\"pt-BR\"},{\"@type\":\"Organization\",\"@id\":\"https:\/\/www.notibras.com\/site\/#organization\",\"name\":\"Grupo Notibras de Comunica\u00e7\u00e3o\",\"url\":\"https:\/\/www.notibras.com\/site\/\",\"logo\":{\"@type\":\"ImageObject\",\"inLanguage\":\"pt-BR\",\"@id\":\"https:\/\/www.notibras.com\/site\/#\/schema\/logo\/image\/\",\"url\":\"https:\/\/www.notibras.com\/site\/wp-content\/uploads\/2023\/01\/notibras23.png\",\"contentUrl\":\"https:\/\/www.notibras.com\/site\/wp-content\/uploads\/2023\/01\/notibras23.png\",\"width\":350,\"height\":87,\"caption\":\"Grupo Notibras de Comunica\u00e7\u00e3o\"},\"image\":{\"@id\":\"https:\/\/www.notibras.com\/site\/#\/schema\/logo\/image\/\"},\"sameAs\":[\"https:\/\/www.facebook.com\/notibras\/\",\"https:\/\/x.com\/Notibras\",\"https:\/\/www.instagram.com\/notibras\/\"]},{\"@type\":\"Person\",\"@id\":\"https:\/\/www.notibras.com\/site\/#\/schema\/person\/5b7fabf2aedc3ada2105f03b22b4d3dd\",\"name\":\"Eduardo Mart\u00ednez\",\"image\":{\"@type\":\"ImageObject\",\"inLanguage\":\"pt-BR\",\"@id\":\"https:\/\/secure.gravatar.com\/avatar\/7902f906289926289cbcda644b5197c796b893c6ffd7b9a536a42d290f7704a0?s=96&d=mm&r=g\",\"url\":\"https:\/\/secure.gravatar.com\/avatar\/7902f906289926289cbcda644b5197c796b893c6ffd7b9a536a42d290f7704a0?s=96&d=mm&r=g\",\"contentUrl\":\"https:\/\/secure.gravatar.com\/avatar\/7902f906289926289cbcda644b5197c796b893c6ffd7b9a536a42d290f7704a0?s=96&d=mm&r=g\",\"caption\":\"Eduardo Mart\u00ednez\"}}]}<\/script>\n<!-- \/ Yoast SEO plugin. -->","yoast_head_json":{"title":"For\u00e7a-tarefa retira entulho e carca\u00e7as de ve\u00edculos de casa - Notibras","robots":{"index":"index","follow":"follow","max-snippet":"max-snippet:-1","max-image-preview":"max-image-preview:large","max-video-preview":"max-video-preview:-1"},"canonical":"https:\/\/www.notibras.com\/site\/forca-tarefa-retira-entulho-e-carcacas-de-veiculos-de-casa\/","og_locale":"pt_BR","og_type":"article","og_title":"For\u00e7a-tarefa retira entulho e carca\u00e7as de ve\u00edculos de casa - Notibras","og_description":"Uma grande opera\u00e7\u00e3o integrada foi realizada nesta segunda-feira (26), na \u00e1rea externa de uma resid\u00eancia localizada no Condom\u00ednio Priv\u00ea Incra 06, em Ceil\u00e2ndia, para a retirada de entulho, materiais inserv\u00edveis e carca\u00e7as de ve\u00edculos acumulados irregularmente em via p\u00fablica. A a\u00e7\u00e3o envolveu a Secretaria de Seguran\u00e7a P\u00fablica do DF (SSP-DF), por meio do programa DF [&hellip;]","og_url":"https:\/\/www.notibras.com\/site\/forca-tarefa-retira-entulho-e-carcacas-de-veiculos-de-casa\/","og_site_name":"Notibras","article_publisher":"https:\/\/www.facebook.com\/notibras\/","article_published_time":"2026-01-27T03:30:25+00:00","og_image":[{"width":1600,"height":1200,"url":"https:\/\/www.notibras.com\/site\/wp-content\/uploads\/2026\/01\/9ce4bcd1-77e1-41c8-b443-2d679281bab9.jpeg","type":"image\/jpeg"}],"author":"Eduardo Mart\u00ednez","twitter_card":"summary_large_image","twitter_creator":"@Notibras","twitter_site":"@Notibras","twitter_misc":{"Escrito por":"Eduardo Mart\u00ednez","Est. tempo de leitura":"2 minutos"},"schema":{"@context":"https:\/\/schema.org","@graph":[{"@type":"Article","@id":"https:\/\/www.notibras.com\/site\/forca-tarefa-retira-entulho-e-carcacas-de-veiculos-de-casa\/#article","isPartOf":{"@id":"https:\/\/www.notibras.com\/site\/forca-tarefa-retira-entulho-e-carcacas-de-veiculos-de-casa\/"},"author":{"name":"Eduardo Mart\u00ednez","@id":"https:\/\/www.notibras.com\/site\/#\/schema\/person\/5b7fabf2aedc3ada2105f03b22b4d3dd"},"headline":"For\u00e7a-tarefa retira entulho e carca\u00e7as de ve\u00edculos de casa","datePublished":"2026-01-27T03:30:25+00:00","mainEntityOfPage":{"@id":"https:\/\/www.notibras.com\/site\/forca-tarefa-retira-entulho-e-carcacas-de-veiculos-de-casa\/"},"wordCount":367,"publisher":{"@id":"https:\/\/www.notibras.com\/site\/#organization"},"image":{"@id":"https:\/\/www.notibras.com\/site\/forca-tarefa-retira-entulho-e-carcacas-de-veiculos-de-casa\/#primaryimage"},"thumbnailUrl":"https:\/\/www.notibras.com\/site\/wp-content\/uploads\/2026\/01\/9ce4bcd1-77e1-41c8-b443-2d679281bab9.jpeg","articleSection":["Quadradinho em Foco"],"inLanguage":"pt-BR"},{"@type":"WebPage","@id":"https:\/\/www.notibras.com\/site\/forca-tarefa-retira-entulho-e-carcacas-de-veiculos-de-casa\/","url":"https:\/\/www.notibras.com\/site\/forca-tarefa-retira-entulho-e-carcacas-de-veiculos-de-casa\/","name":"For\u00e7a-tarefa retira entulho e carca\u00e7as de ve\u00edculos de casa - Notibras","isPartOf":{"@id":"https:\/\/www.notibras.com\/site\/#website"},"primaryImageOfPage":{"@id":"https:\/\/www.notibras.com\/site\/forca-tarefa-retira-entulho-e-carcacas-de-veiculos-de-casa\/#primaryimage"},"image":{"@id":"https:\/\/www.notibras.com\/site\/forca-tarefa-retira-entulho-e-carcacas-de-veiculos-de-casa\/#primaryimage"},"thumbnailUrl":"https:\/\/www.notibras.com\/site\/wp-content\/uploads\/2026\/01\/9ce4bcd1-77e1-41c8-b443-2d679281bab9.jpeg","datePublished":"2026-01-27T03:30:25+00:00","breadcrumb":{"@id":"https:\/\/www.notibras.com\/site\/forca-tarefa-retira-entulho-e-carcacas-de-veiculos-de-casa\/#breadcrumb"},"inLanguage":"pt-BR","potentialAction":[{"@type":"ReadAction","target":["https:\/\/www.notibras.com\/site\/forca-tarefa-retira-entulho-e-carcacas-de-veiculos-de-casa\/"]}]},{"@type":"ImageObject","inLanguage":"pt-BR","@id":"https:\/\/www.notibras.com\/site\/forca-tarefa-retira-entulho-e-carcacas-de-veiculos-de-casa\/#primaryimage","url":"https:\/\/www.notibras.com\/site\/wp-content\/uploads\/2026\/01\/9ce4bcd1-77e1-41c8-b443-2d679281bab9.jpeg","contentUrl":"https:\/\/www.notibras.com\/site\/wp-content\/uploads\/2026\/01\/9ce4bcd1-77e1-41c8-b443-2d679281bab9.jpeg","width":1600,"height":1200},{"@type":"BreadcrumbList","@id":"https:\/\/www.notibras.com\/site\/forca-tarefa-retira-entulho-e-carcacas-de-veiculos-de-casa\/#breadcrumb","itemListElement":[{"@type":"ListItem","position":1,"name":"In\u00edcio","item":"https:\/\/www.notibras.com\/site\/"},{"@type":"ListItem","position":2,"name":"For\u00e7a-tarefa retira entulho e carca\u00e7as de ve\u00edculos de casa"}]},{"@type":"WebSite","@id":"https:\/\/www.notibras.com\/site\/#website","url":"https:\/\/www.notibras.com\/site\/","name":"Notibras","description":"Not\u00edcias de Bras\u00edlia, do Brasil e do Mundo","publisher":{"@id":"https:\/\/www.notibras.com\/site\/#organization"},"potentialAction":[{"@type":"SearchAction","target":{"@type":"EntryPoint","urlTemplate":"https:\/\/www.notibras.com\/site\/?s={search_term_string}"},"query-input":{"@type":"PropertyValueSpecification","valueRequired":true,"valueName":"search_term_string"}}],"inLanguage":"pt-BR"},{"@type":"Organization","@id":"https:\/\/www.notibras.com\/site\/#organization","name":"Grupo Notibras de Comunica\u00e7\u00e3o","url":"https:\/\/www.notibras.com\/site\/","logo":{"@type":"ImageObject","inLanguage":"pt-BR","@id":"https:\/\/www.notibras.com\/site\/#\/schema\/logo\/image\/","url":"https:\/\/www.notibras.com\/site\/wp-content\/uploads\/2023\/01\/notibras23.png","contentUrl":"https:\/\/www.notibras.com\/site\/wp-content\/uploads\/2023\/01\/notibras23.png","width":350,"height":87,"caption":"Grupo Notibras de Comunica\u00e7\u00e3o"},"image":{"@id":"https:\/\/www.notibras.com\/site\/#\/schema\/logo\/image\/"},"sameAs":["https:\/\/www.facebook.com\/notibras\/","https:\/\/x.com\/Notibras","https:\/\/www.instagram.com\/notibras\/"]},{"@type":"Person","@id":"https:\/\/www.notibras.com\/site\/#\/schema\/person\/5b7fabf2aedc3ada2105f03b22b4d3dd","name":"Eduardo Mart\u00ednez","image":{"@type":"ImageObject","inLanguage":"pt-BR","@id":"https:\/\/secure.gravatar.com\/avatar\/7902f906289926289cbcda644b5197c796b893c6ffd7b9a536a42d290f7704a0?s=96&d=mm&r=g","url":"https:\/\/secure.gravatar.com\/avatar\/7902f906289926289cbcda644b5197c796b893c6ffd7b9a536a42d290f7704a0?s=96&d=mm&r=g","contentUrl":"https:\/\/secure.gravatar.com\/avatar\/7902f906289926289cbcda644b5197c796b893c6ffd7b9a536a42d290f7704a0?s=96&d=mm&r=g","caption":"Eduardo Mart\u00ednez"}}]}},"amp_enabled":true,"_links":{"self":[{"href":"https:\/\/www.notibras.com\/site\/wp-json\/wp\/v2\/posts\/380699","targetHints":{"allow":["GET"]}}],"collection":[{"href":"https:\/\/www.notibras.com\/site\/wp-json\/wp\/v2\/posts"}],"about":[{"href":"https:\/\/www.notibras.com\/site\/wp-json\/wp\/v2\/types\/post"}],"author":[{"embeddable":true,"href":"https:\/\/www.notibras.com\/site\/wp-json\/wp\/v2\/users\/21"}],"replies":[{"embeddable":true,"href":"https:\/\/www.notibras.com\/site\/wp-json\/wp\/v2\/comments?post=380699"}],"version-history":[{"count":3,"href":"https:\/\/www.notibras.com\/site\/wp-json\/wp\/v2\/posts\/380699\/revisions"}],"predecessor-version":[{"id":380703,"href":"https:\/\/www.notibras.com\/site\/wp-json\/wp\/v2\/posts\/380699\/revisions\/380703"}],"wp:featuredmedia":[{"embeddable":true,"href":"https:\/\/www.notibras.com\/site\/wp-json\/wp\/v2\/media\/380700"}],"wp:attachment":[{"href":"https:\/\/www.notibras.com\/site\/wp-json\/wp\/v2\/media?parent=380699"}],"wp:term":[{"taxonomy":"category","embeddable":true,"href":"https:\/\/www.notibras.com\/site\/wp-json\/wp\/v2\/categories?post=380699"},{"taxonomy":"post_tag","embeddable":true,"href":"https:\/\/www.notibras.com\/site\/wp-json\/wp\/v2\/tags?post=380699"}],"curies":[{"name":"wp","href":"https:\/\/api.w.org\/{rel}","templated":true}]}}