{"id":380709,"date":"2026-01-27T02:00:05","date_gmt":"2026-01-27T05:00:05","guid":{"rendered":"https:\/\/www.notibras.com\/site\/?p=380709"},"modified":"2026-01-26T21:14:58","modified_gmt":"2026-01-27T00:14:58","slug":"a-vida-nao-e-um-mar-de-rosas","status":"publish","type":"post","link":"https:\/\/www.notibras.com\/site\/a-vida-nao-e-um-mar-de-rosas\/","title":{"rendered":"A VIDA N\u00c3O \u00c9 UM MAR DE ROSAS&#8230;"},"content":{"rendered":"<p>Voc\u00ea bem sabe<br \/>\nQue eu n\u00e3o lhe prometi um mar de rosas<br \/>\nNem sempre o sol brilha<br \/>\nTamb\u00e9m h\u00e1 dias em que a chuva cai&#8230;<br \/>\n(original de Joe South &#8211; Vers\u00e3o brasileira de Rossini Pinto)<\/p>\n<p>A vida \u00e9 cheia de altos e baixos. E nada ilustra melhor tais varia\u00e7\u00f5es que o clima, mesmo que em sentido figurado. N\u00e3o sei por que motivo, consideramos &#8220;tempo bom&#8221; o mundo ensolarado, o dia com calor, as praias abarrotadas de gente&#8230;<\/p>\n<p>Quando o tempo muda e nuvens de chuva se aproximam costumamos classificar tal estado como &#8220;mal tempo&#8221;&#8230; como se n\u00e3o precis\u00e1ssemos da \u00e1gua que a Natureza graciosamente est\u00e1 a nos oferecer&#8230;<\/p>\n<p>Tudo bem, acidentes acontecem, h\u00e1 desmoronamentos com v\u00edtimas, muitas vezes&#8230; pessoas que desaparecem junto \u00e0s enxurradas quando a chuva vem em grande volume. Mas nunca \u00e9 culpa da Natureza, s\u00e3o as pessoas que se encontram no lugar errado na hora errada&#8230;<\/p>\n<p>\u00c9 mais ou menos como a letra da can\u00e7\u00e3o diz, ao comparar o sentimento com as varia\u00e7\u00f5es da Natureza. Assim como o tempo pode variar, fazendo o c\u00e9u azul tornar-se sombrio com as nuvens carregadas que se aproximam, o Amor que algu\u00e9m devota a outro pode, sem aviso, ir simplesmente se apagando, pois outra pessoa pode atrair seu interesse rom\u00e2ntico&#8230; mas essa mudan\u00e7a n\u00e3o vem gratuita. Vivemos de expectativas&#8230; e quando tal n\u00e3o se cumpre, a decep\u00e7\u00e3o por uma coisa pela qual seu parceiro n\u00e3o tem nenhuma culpa faz com que simplesmente voc\u00ea comece a cobrar por algo que nunca lhe foi prometido&#8230;<\/p>\n<p>Sim, a vida tem seus percal\u00e7os. E a vida a dois, mesmo quando no in\u00edcio&#8230; talvez, principalmente nesse momento&#8230; \u00e9 complicada. Quando duas pessoas se sentem atra\u00eddas, isso n\u00e3o significa, de maneira alguma, que viver\u00e3o em um mundo lindo e maravilhoso&#8230; de forma alguma&#8230;<\/p>\n<p>A fase de namoro \u00e9 a melhor de todas, pois \u00e9 quando voc\u00ea est\u00e1 conhecendo seu futuro parceiro. Mil expectativas s\u00e3o criadas e ambos procuram mostrar seu melhor&#8230; na maioria das vezes, se mostram como uma imagem idealizada&#8230; que nem sempre corresponde \u00e0 pessoa real&#8230;<\/p>\n<p>Sim, o jogo de conquista e sedu\u00e7\u00e3o costuma agir dos dois lados&#8230; tanto um quanto o outro mostram seu melhor&#8230; afinal, seu objeto de desejo \u00e9 a perfei\u00e7\u00e3o divina na terra. E vale tudo para t\u00ea-lo ao seu lado para sempre, n\u00e3o \u00e9 mesmo? O problema \u00e9 que n\u00e3o estamos vendo a pessoa real, mas somente uma imagem idealizada, constru\u00edda para conquistar nosso cora\u00e7\u00e3o&#8230;<\/p>\n<p>N\u00e3o raro, nos recusamos a ver a pessoa real por baixo da maquiagem que esta usa para nos conquistar. Nada de mais, afinal nesse jogo os dois usam cartas similares. O problema \u00e9 quando passamos para uma fase mais s\u00e9ria&#8230; quando o casamento se realiza, com toda sua pompa&#8230; a noiva, tal e qual uma princesa entregue aos cuidados de seu pr\u00edncipe encantado&#8230;<\/p>\n<p>O problema \u00e9 que magia e encantamento tem prazo de validade. E esse prazo se expira rapidamente. Quando descobrimos que nosso pr\u00edncipe encantado ronca ao dormir, que a princesa n\u00e3o \u00e9 t\u00e3o bela quando acorda&#8230; bem, recebemos o choque da realidade. E quando os filhos chegam&#8230;<\/p>\n<p>\u00c9 quando a situa\u00e7\u00e3o financeira aperta que os primeiros questionamentos come\u00e7am. Afinal, que amor resiste a crises? Bem, amor verdadeiro, creio eu. Mas nem sempre \u00e9 esse sentimento que uniu as duas almas em quest\u00e3o. E se n\u00e3o houver uma base solida para essa uni\u00e3o, a quimera que at\u00e9 ent\u00e3o habitava ao lado dos dois se desvanece, dando lugar a desaven\u00e7as&#8230; acusa\u00e7\u00f5es m\u00fatuas&#8230;<\/p>\n<p>Viver ao lado da pessoa escolhida n\u00e3o \u00e9 f\u00e1cil. Mesmo porque a vida a dois pressup\u00f5e que ambos abram m\u00e3o de sua individualidade, colocando como objetivo principal o bem-estar um do outro&#8230; mas nem sempre aceitamos abrir m\u00e3o de nossos sonhos em prol de uma vida que, de repente, perdeu o sentido para n\u00f3s&#8230; pois as nuvens carregadas que se aproximam simplesmente nos deixam apavoradas, com a certeza de que n\u00e3o conseguiremos vencer esse medo que tomou conta de nossa alma&#8230;<\/p>\n<p>O Amor Verdadeiro n\u00e3o exige que voc\u00ea abra m\u00e3o de nada. Simplesmente pede que confie na pessoa que est\u00e1 ao seu lado. E que caminhe ao lado desta. Pois ela te proteger\u00e1 da tempestade que com certeza ir\u00e1 assolar suas vidas. Pois essa \u00e9 uma constante em nosso destino&#8230; per\u00edodos de bonan\u00e7a intercalados com tempestades que chegam para testar o quanto amamos realmente nosso par&#8230;<\/p>\n<p>Pense nisso&#8230;<\/p>\n","protected":false},"excerpt":{"rendered":"<p>Voc\u00ea bem sabe Que eu n\u00e3o lhe prometi um mar de rosas Nem sempre o sol brilha Tamb\u00e9m h\u00e1 dias em que a chuva cai&#8230; (original de Joe South &#8211; Vers\u00e3o brasileira de Rossini Pinto) A vida \u00e9 cheia de altos e baixos. E nada ilustra melhor tais varia\u00e7\u00f5es que o clima, mesmo que em [&hellip;]<\/p>\n","protected":false},"author":21,"featured_media":380710,"comment_status":"closed","ping_status":"closed","sticky":false,"template":"","format":"standard","meta":{"_acf_changed":false,"footnotes":""},"categories":[236],"tags":[],"class_list":["post-380709","post","type-post","status-publish","format-standard","has-post-thumbnail","hentry","category-ponto-de-vista"],"acf":[],"yoast_head":"<!-- This site is optimized with the Yoast SEO plugin v27.2 - https:\/\/yoast.com\/product\/yoast-seo-wordpress\/ -->\n<title>A VIDA N\u00c3O \u00c9 UM MAR DE ROSAS... - Notibras<\/title>\n<meta name=\"robots\" content=\"index, follow, max-snippet:-1, max-image-preview:large, max-video-preview:-1\" \/>\n<link rel=\"canonical\" href=\"https:\/\/www.notibras.com\/site\/a-vida-nao-e-um-mar-de-rosas\/\" \/>\n<meta property=\"og:locale\" content=\"pt_BR\" \/>\n<meta property=\"og:type\" content=\"article\" \/>\n<meta property=\"og:title\" content=\"A VIDA N\u00c3O \u00c9 UM MAR DE ROSAS... - Notibras\" \/>\n<meta property=\"og:description\" content=\"Voc\u00ea bem sabe Que eu n\u00e3o lhe prometi um mar de rosas Nem sempre o sol brilha Tamb\u00e9m h\u00e1 dias em que a chuva cai&#8230; (original de Joe South &#8211; Vers\u00e3o brasileira de Rossini Pinto) A vida \u00e9 cheia de altos e baixos. E nada ilustra melhor tais varia\u00e7\u00f5es que o clima, mesmo que em [&hellip;]\" \/>\n<meta property=\"og:url\" content=\"https:\/\/www.notibras.com\/site\/a-vida-nao-e-um-mar-de-rosas\/\" \/>\n<meta property=\"og:site_name\" content=\"Notibras\" \/>\n<meta property=\"article:publisher\" content=\"https:\/\/www.facebook.com\/notibras\/\" \/>\n<meta property=\"article:published_time\" content=\"2026-01-27T05:00:05+00:00\" \/>\n<meta property=\"og:image\" content=\"https:\/\/www.notibras.com\/site\/wp-content\/uploads\/2026\/01\/e8b1bcf4-6e73-476e-8366-9fc78be7bf55.jpg\" \/>\n\t<meta property=\"og:image:width\" content=\"816\" \/>\n\t<meta property=\"og:image:height\" content=\"943\" \/>\n\t<meta property=\"og:image:type\" content=\"image\/jpeg\" \/>\n<meta name=\"author\" content=\"Eduardo Mart\u00ednez\" \/>\n<meta name=\"twitter:card\" content=\"summary_large_image\" \/>\n<meta name=\"twitter:creator\" content=\"@Notibras\" \/>\n<meta name=\"twitter:site\" content=\"@Notibras\" \/>\n<meta name=\"twitter:label1\" content=\"Escrito por\" \/>\n\t<meta name=\"twitter:data1\" content=\"Eduardo Mart\u00ednez\" \/>\n\t<meta name=\"twitter:label2\" content=\"Est. tempo de leitura\" \/>\n\t<meta name=\"twitter:data2\" content=\"5 minutos\" \/>\n<script type=\"application\/ld+json\" class=\"yoast-schema-graph\">{\"@context\":\"https:\/\/schema.org\",\"@graph\":[{\"@type\":\"Article\",\"@id\":\"https:\/\/www.notibras.com\/site\/a-vida-nao-e-um-mar-de-rosas\/#article\",\"isPartOf\":{\"@id\":\"https:\/\/www.notibras.com\/site\/a-vida-nao-e-um-mar-de-rosas\/\"},\"author\":{\"name\":\"Eduardo Mart\u00ednez\",\"@id\":\"https:\/\/www.notibras.com\/site\/#\/schema\/person\/5b7fabf2aedc3ada2105f03b22b4d3dd\"},\"headline\":\"A VIDA N\u00c3O \u00c9 UM MAR DE ROSAS&#8230;\",\"datePublished\":\"2026-01-27T05:00:05+00:00\",\"mainEntityOfPage\":{\"@id\":\"https:\/\/www.notibras.com\/site\/a-vida-nao-e-um-mar-de-rosas\/\"},\"wordCount\":774,\"publisher\":{\"@id\":\"https:\/\/www.notibras.com\/site\/#organization\"},\"image\":{\"@id\":\"https:\/\/www.notibras.com\/site\/a-vida-nao-e-um-mar-de-rosas\/#primaryimage\"},\"thumbnailUrl\":\"https:\/\/www.notibras.com\/site\/wp-content\/uploads\/2026\/01\/e8b1bcf4-6e73-476e-8366-9fc78be7bf55.jpg\",\"articleSection\":[\"Ponto de Vista\"],\"inLanguage\":\"pt-BR\"},{\"@type\":\"WebPage\",\"@id\":\"https:\/\/www.notibras.com\/site\/a-vida-nao-e-um-mar-de-rosas\/\",\"url\":\"https:\/\/www.notibras.com\/site\/a-vida-nao-e-um-mar-de-rosas\/\",\"name\":\"A VIDA N\u00c3O \u00c9 UM MAR DE ROSAS... - Notibras\",\"isPartOf\":{\"@id\":\"https:\/\/www.notibras.com\/site\/#website\"},\"primaryImageOfPage\":{\"@id\":\"https:\/\/www.notibras.com\/site\/a-vida-nao-e-um-mar-de-rosas\/#primaryimage\"},\"image\":{\"@id\":\"https:\/\/www.notibras.com\/site\/a-vida-nao-e-um-mar-de-rosas\/#primaryimage\"},\"thumbnailUrl\":\"https:\/\/www.notibras.com\/site\/wp-content\/uploads\/2026\/01\/e8b1bcf4-6e73-476e-8366-9fc78be7bf55.jpg\",\"datePublished\":\"2026-01-27T05:00:05+00:00\",\"breadcrumb\":{\"@id\":\"https:\/\/www.notibras.com\/site\/a-vida-nao-e-um-mar-de-rosas\/#breadcrumb\"},\"inLanguage\":\"pt-BR\",\"potentialAction\":[{\"@type\":\"ReadAction\",\"target\":[\"https:\/\/www.notibras.com\/site\/a-vida-nao-e-um-mar-de-rosas\/\"]}]},{\"@type\":\"ImageObject\",\"inLanguage\":\"pt-BR\",\"@id\":\"https:\/\/www.notibras.com\/site\/a-vida-nao-e-um-mar-de-rosas\/#primaryimage\",\"url\":\"https:\/\/www.notibras.com\/site\/wp-content\/uploads\/2026\/01\/e8b1bcf4-6e73-476e-8366-9fc78be7bf55.jpg\",\"contentUrl\":\"https:\/\/www.notibras.com\/site\/wp-content\/uploads\/2026\/01\/e8b1bcf4-6e73-476e-8366-9fc78be7bf55.jpg\",\"width\":816,\"height\":943},{\"@type\":\"BreadcrumbList\",\"@id\":\"https:\/\/www.notibras.com\/site\/a-vida-nao-e-um-mar-de-rosas\/#breadcrumb\",\"itemListElement\":[{\"@type\":\"ListItem\",\"position\":1,\"name\":\"In\u00edcio\",\"item\":\"https:\/\/www.notibras.com\/site\/\"},{\"@type\":\"ListItem\",\"position\":2,\"name\":\"A VIDA N\u00c3O \u00c9 UM MAR DE ROSAS&#8230;\"}]},{\"@type\":\"WebSite\",\"@id\":\"https:\/\/www.notibras.com\/site\/#website\",\"url\":\"https:\/\/www.notibras.com\/site\/\",\"name\":\"Notibras\",\"description\":\"Not\u00edcias de Bras\u00edlia, do Brasil e do Mundo\",\"publisher\":{\"@id\":\"https:\/\/www.notibras.com\/site\/#organization\"},\"potentialAction\":[{\"@type\":\"SearchAction\",\"target\":{\"@type\":\"EntryPoint\",\"urlTemplate\":\"https:\/\/www.notibras.com\/site\/?s={search_term_string}\"},\"query-input\":{\"@type\":\"PropertyValueSpecification\",\"valueRequired\":true,\"valueName\":\"search_term_string\"}}],\"inLanguage\":\"pt-BR\"},{\"@type\":\"Organization\",\"@id\":\"https:\/\/www.notibras.com\/site\/#organization\",\"name\":\"Grupo Notibras de Comunica\u00e7\u00e3o\",\"url\":\"https:\/\/www.notibras.com\/site\/\",\"logo\":{\"@type\":\"ImageObject\",\"inLanguage\":\"pt-BR\",\"@id\":\"https:\/\/www.notibras.com\/site\/#\/schema\/logo\/image\/\",\"url\":\"https:\/\/www.notibras.com\/site\/wp-content\/uploads\/2023\/01\/notibras23.png\",\"contentUrl\":\"https:\/\/www.notibras.com\/site\/wp-content\/uploads\/2023\/01\/notibras23.png\",\"width\":350,\"height\":87,\"caption\":\"Grupo Notibras de Comunica\u00e7\u00e3o\"},\"image\":{\"@id\":\"https:\/\/www.notibras.com\/site\/#\/schema\/logo\/image\/\"},\"sameAs\":[\"https:\/\/www.facebook.com\/notibras\/\",\"https:\/\/x.com\/Notibras\",\"https:\/\/www.instagram.com\/notibras\/\"]},{\"@type\":\"Person\",\"@id\":\"https:\/\/www.notibras.com\/site\/#\/schema\/person\/5b7fabf2aedc3ada2105f03b22b4d3dd\",\"name\":\"Eduardo Mart\u00ednez\",\"image\":{\"@type\":\"ImageObject\",\"inLanguage\":\"pt-BR\",\"@id\":\"https:\/\/secure.gravatar.com\/avatar\/7902f906289926289cbcda644b5197c796b893c6ffd7b9a536a42d290f7704a0?s=96&d=mm&r=g\",\"url\":\"https:\/\/secure.gravatar.com\/avatar\/7902f906289926289cbcda644b5197c796b893c6ffd7b9a536a42d290f7704a0?s=96&d=mm&r=g\",\"contentUrl\":\"https:\/\/secure.gravatar.com\/avatar\/7902f906289926289cbcda644b5197c796b893c6ffd7b9a536a42d290f7704a0?s=96&d=mm&r=g\",\"caption\":\"Eduardo Mart\u00ednez\"}}]}<\/script>\n<!-- \/ Yoast SEO plugin. -->","yoast_head_json":{"title":"A VIDA N\u00c3O \u00c9 UM MAR DE ROSAS... - Notibras","robots":{"index":"index","follow":"follow","max-snippet":"max-snippet:-1","max-image-preview":"max-image-preview:large","max-video-preview":"max-video-preview:-1"},"canonical":"https:\/\/www.notibras.com\/site\/a-vida-nao-e-um-mar-de-rosas\/","og_locale":"pt_BR","og_type":"article","og_title":"A VIDA N\u00c3O \u00c9 UM MAR DE ROSAS... - Notibras","og_description":"Voc\u00ea bem sabe Que eu n\u00e3o lhe prometi um mar de rosas Nem sempre o sol brilha Tamb\u00e9m h\u00e1 dias em que a chuva cai&#8230; (original de Joe South &#8211; Vers\u00e3o brasileira de Rossini Pinto) A vida \u00e9 cheia de altos e baixos. E nada ilustra melhor tais varia\u00e7\u00f5es que o clima, mesmo que em [&hellip;]","og_url":"https:\/\/www.notibras.com\/site\/a-vida-nao-e-um-mar-de-rosas\/","og_site_name":"Notibras","article_publisher":"https:\/\/www.facebook.com\/notibras\/","article_published_time":"2026-01-27T05:00:05+00:00","og_image":[{"width":816,"height":943,"url":"https:\/\/www.notibras.com\/site\/wp-content\/uploads\/2026\/01\/e8b1bcf4-6e73-476e-8366-9fc78be7bf55.jpg","type":"image\/jpeg"}],"author":"Eduardo Mart\u00ednez","twitter_card":"summary_large_image","twitter_creator":"@Notibras","twitter_site":"@Notibras","twitter_misc":{"Escrito por":"Eduardo Mart\u00ednez","Est. tempo de leitura":"5 minutos"},"schema":{"@context":"https:\/\/schema.org","@graph":[{"@type":"Article","@id":"https:\/\/www.notibras.com\/site\/a-vida-nao-e-um-mar-de-rosas\/#article","isPartOf":{"@id":"https:\/\/www.notibras.com\/site\/a-vida-nao-e-um-mar-de-rosas\/"},"author":{"name":"Eduardo Mart\u00ednez","@id":"https:\/\/www.notibras.com\/site\/#\/schema\/person\/5b7fabf2aedc3ada2105f03b22b4d3dd"},"headline":"A VIDA N\u00c3O \u00c9 UM MAR DE ROSAS&#8230;","datePublished":"2026-01-27T05:00:05+00:00","mainEntityOfPage":{"@id":"https:\/\/www.notibras.com\/site\/a-vida-nao-e-um-mar-de-rosas\/"},"wordCount":774,"publisher":{"@id":"https:\/\/www.notibras.com\/site\/#organization"},"image":{"@id":"https:\/\/www.notibras.com\/site\/a-vida-nao-e-um-mar-de-rosas\/#primaryimage"},"thumbnailUrl":"https:\/\/www.notibras.com\/site\/wp-content\/uploads\/2026\/01\/e8b1bcf4-6e73-476e-8366-9fc78be7bf55.jpg","articleSection":["Ponto de Vista"],"inLanguage":"pt-BR"},{"@type":"WebPage","@id":"https:\/\/www.notibras.com\/site\/a-vida-nao-e-um-mar-de-rosas\/","url":"https:\/\/www.notibras.com\/site\/a-vida-nao-e-um-mar-de-rosas\/","name":"A VIDA N\u00c3O \u00c9 UM MAR DE ROSAS... - Notibras","isPartOf":{"@id":"https:\/\/www.notibras.com\/site\/#website"},"primaryImageOfPage":{"@id":"https:\/\/www.notibras.com\/site\/a-vida-nao-e-um-mar-de-rosas\/#primaryimage"},"image":{"@id":"https:\/\/www.notibras.com\/site\/a-vida-nao-e-um-mar-de-rosas\/#primaryimage"},"thumbnailUrl":"https:\/\/www.notibras.com\/site\/wp-content\/uploads\/2026\/01\/e8b1bcf4-6e73-476e-8366-9fc78be7bf55.jpg","datePublished":"2026-01-27T05:00:05+00:00","breadcrumb":{"@id":"https:\/\/www.notibras.com\/site\/a-vida-nao-e-um-mar-de-rosas\/#breadcrumb"},"inLanguage":"pt-BR","potentialAction":[{"@type":"ReadAction","target":["https:\/\/www.notibras.com\/site\/a-vida-nao-e-um-mar-de-rosas\/"]}]},{"@type":"ImageObject","inLanguage":"pt-BR","@id":"https:\/\/www.notibras.com\/site\/a-vida-nao-e-um-mar-de-rosas\/#primaryimage","url":"https:\/\/www.notibras.com\/site\/wp-content\/uploads\/2026\/01\/e8b1bcf4-6e73-476e-8366-9fc78be7bf55.jpg","contentUrl":"https:\/\/www.notibras.com\/site\/wp-content\/uploads\/2026\/01\/e8b1bcf4-6e73-476e-8366-9fc78be7bf55.jpg","width":816,"height":943},{"@type":"BreadcrumbList","@id":"https:\/\/www.notibras.com\/site\/a-vida-nao-e-um-mar-de-rosas\/#breadcrumb","itemListElement":[{"@type":"ListItem","position":1,"name":"In\u00edcio","item":"https:\/\/www.notibras.com\/site\/"},{"@type":"ListItem","position":2,"name":"A VIDA N\u00c3O \u00c9 UM MAR DE ROSAS&#8230;"}]},{"@type":"WebSite","@id":"https:\/\/www.notibras.com\/site\/#website","url":"https:\/\/www.notibras.com\/site\/","name":"Notibras","description":"Not\u00edcias de Bras\u00edlia, do Brasil e do Mundo","publisher":{"@id":"https:\/\/www.notibras.com\/site\/#organization"},"potentialAction":[{"@type":"SearchAction","target":{"@type":"EntryPoint","urlTemplate":"https:\/\/www.notibras.com\/site\/?s={search_term_string}"},"query-input":{"@type":"PropertyValueSpecification","valueRequired":true,"valueName":"search_term_string"}}],"inLanguage":"pt-BR"},{"@type":"Organization","@id":"https:\/\/www.notibras.com\/site\/#organization","name":"Grupo Notibras de Comunica\u00e7\u00e3o","url":"https:\/\/www.notibras.com\/site\/","logo":{"@type":"ImageObject","inLanguage":"pt-BR","@id":"https:\/\/www.notibras.com\/site\/#\/schema\/logo\/image\/","url":"https:\/\/www.notibras.com\/site\/wp-content\/uploads\/2023\/01\/notibras23.png","contentUrl":"https:\/\/www.notibras.com\/site\/wp-content\/uploads\/2023\/01\/notibras23.png","width":350,"height":87,"caption":"Grupo Notibras de Comunica\u00e7\u00e3o"},"image":{"@id":"https:\/\/www.notibras.com\/site\/#\/schema\/logo\/image\/"},"sameAs":["https:\/\/www.facebook.com\/notibras\/","https:\/\/x.com\/Notibras","https:\/\/www.instagram.com\/notibras\/"]},{"@type":"Person","@id":"https:\/\/www.notibras.com\/site\/#\/schema\/person\/5b7fabf2aedc3ada2105f03b22b4d3dd","name":"Eduardo Mart\u00ednez","image":{"@type":"ImageObject","inLanguage":"pt-BR","@id":"https:\/\/secure.gravatar.com\/avatar\/7902f906289926289cbcda644b5197c796b893c6ffd7b9a536a42d290f7704a0?s=96&d=mm&r=g","url":"https:\/\/secure.gravatar.com\/avatar\/7902f906289926289cbcda644b5197c796b893c6ffd7b9a536a42d290f7704a0?s=96&d=mm&r=g","contentUrl":"https:\/\/secure.gravatar.com\/avatar\/7902f906289926289cbcda644b5197c796b893c6ffd7b9a536a42d290f7704a0?s=96&d=mm&r=g","caption":"Eduardo Mart\u00ednez"}}]}},"amp_enabled":true,"_links":{"self":[{"href":"https:\/\/www.notibras.com\/site\/wp-json\/wp\/v2\/posts\/380709","targetHints":{"allow":["GET"]}}],"collection":[{"href":"https:\/\/www.notibras.com\/site\/wp-json\/wp\/v2\/posts"}],"about":[{"href":"https:\/\/www.notibras.com\/site\/wp-json\/wp\/v2\/types\/post"}],"author":[{"embeddable":true,"href":"https:\/\/www.notibras.com\/site\/wp-json\/wp\/v2\/users\/21"}],"replies":[{"embeddable":true,"href":"https:\/\/www.notibras.com\/site\/wp-json\/wp\/v2\/comments?post=380709"}],"version-history":[{"count":2,"href":"https:\/\/www.notibras.com\/site\/wp-json\/wp\/v2\/posts\/380709\/revisions"}],"predecessor-version":[{"id":380712,"href":"https:\/\/www.notibras.com\/site\/wp-json\/wp\/v2\/posts\/380709\/revisions\/380712"}],"wp:featuredmedia":[{"embeddable":true,"href":"https:\/\/www.notibras.com\/site\/wp-json\/wp\/v2\/media\/380710"}],"wp:attachment":[{"href":"https:\/\/www.notibras.com\/site\/wp-json\/wp\/v2\/media?parent=380709"}],"wp:term":[{"taxonomy":"category","embeddable":true,"href":"https:\/\/www.notibras.com\/site\/wp-json\/wp\/v2\/categories?post=380709"},{"taxonomy":"post_tag","embeddable":true,"href":"https:\/\/www.notibras.com\/site\/wp-json\/wp\/v2\/tags?post=380709"}],"curies":[{"name":"wp","href":"https:\/\/api.w.org\/{rel}","templated":true}]}}