{"id":380717,"date":"2026-01-27T02:00:01","date_gmt":"2026-01-27T05:00:01","guid":{"rendered":"https:\/\/www.notibras.com\/site\/?p=380717"},"modified":"2026-01-26T23:59:32","modified_gmt":"2026-01-27T02:59:32","slug":"o-desconforto-de-tarcisio-e-flagrante","status":"publish","type":"post","link":"https:\/\/www.notibras.com\/site\/o-desconforto-de-tarcisio-e-flagrante\/","title":{"rendered":"O desconforto de Tarc\u00edsio \u00e9 flagrante"},"content":{"rendered":"<p>Tarc\u00edsio de Freitas est\u00e1 diante de uma decis\u00e3o dif\u00edcil e, ao contr\u00e1rio do que tenta demonstrar em p\u00fablico, n\u00e3o se encontra numa posi\u00e7\u00e3o confort\u00e1vel. O governador de S\u00e3o Paulo sabe que qualquer movimento agora ter\u00e1 consequ\u00eancias profundas para seu futuro pol\u00edtico. E o maior problema atende pelo sobrenome Bolsonaro.<\/p>\n<p>Os Bolsonaros definitivamente n\u00e3o s\u00e3o confi\u00e1veis. E, mais do que isso, n\u00e3o confiam em ningu\u00e9m que n\u00e3o fa\u00e7a parte do pr\u00f3prio n\u00facleo familiar. A rela\u00e7\u00e3o \u00e9 baseada em conveni\u00eancia, n\u00e3o em lealdade pol\u00edtica. Hoje Tarc\u00edsio \u00e9 \u00fatil; amanh\u00e3 pode ser descart\u00e1vel. Esse \u00e9 o padr\u00e3o j\u00e1 conhecido.<\/p>\n<p>No cen\u00e1rio mais prov\u00e1vel, Tarc\u00edsio poderia disputar a reelei\u00e7\u00e3o em S\u00e3o Paulo e vencer com relativa tranquilidade. Nesse arranjo, Fl\u00e1vio Bolsonaro surgiria como o nome da direita para a Presid\u00eancia da Rep\u00fablica. Mesmo que perdesse para Lula, Fl\u00e1vio sairia fortalecido como candidato natural em 2030, quando o advers\u00e1rio j\u00e1 n\u00e3o seria Lula e, portanto, teoricamente menos dif\u00edcil de ser derrotado.<\/p>\n<p>Mas esse roteiro tem um pre\u00e7o alto para Tarc\u00edsio. Ao optar pela reelei\u00e7\u00e3o em S\u00e3o Paulo, ele se afastaria da disputa presidencial por pelo menos oito anos. Oito anos \u00e9 tempo demais na pol\u00edtica. Lideran\u00e7as se desgastam, o cen\u00e1rio muda, novos nomes surgem, alian\u00e7as se desfazem. N\u00e3o h\u00e1 garantia alguma de que, em 2030 ou 2034, ele ainda ser\u00e1 o \u201cplano B\u201d da direita.<\/p>\n<p>Por outro lado, candidatar-se \u00e0 Presid\u00eancia agora, mesmo com grande chance de derrota para Lula, \u00e9 a \u00fanica forma real de Tarc\u00edsio se projetar nacionalmente como alternativa no p\u00f3s-Lula. Perder hoje pode significar ganhar amanh\u00e3. Uma campanha presidencial d\u00e1 visibilidade, estrutura pol\u00edtica, reconhecimento fora de S\u00e3o Paulo e, sobretudo, constr\u00f3i um nome pr\u00f3prio, algo que ele ainda n\u00e3o tem plenamente.<\/p>\n<p>No fundo, Tarc\u00edsio enfrenta um dilema cl\u00e1ssico: seguran\u00e7a imediata ou aposta estrat\u00e9gica. Permanecer em S\u00e3o Paulo \u00e9 confort\u00e1vel, mas politicamente limitador. Disputar a Presid\u00eancia \u00e9 arriscado, mas pode ser a \u00fanica porta para se tornar, de fato, uma lideran\u00e7a nacional independente dos Bolsonaros.<\/p>\n<p>O problema \u00e9 que, enquanto hesita, os Bolsonaros jogam o pr\u00f3prio jogo, pensando apenas no projeto familiar de poder. E, nesse tabuleiro, Tarc\u00edsio pode acabar apenas como uma pe\u00e7a tempor\u00e1ria.<\/p>\n<p>Resta agora acompanhar as cenas dos pr\u00f3ximos cap\u00edtulos. Porque, desta vez, a escolha n\u00e3o ser\u00e1 apenas eleitoral. Ser\u00e1 definidora do futuro pol\u00edtico de Tarc\u00edsio de Freitas.<\/p>\n","protected":false},"excerpt":{"rendered":"<p>Tarc\u00edsio de Freitas est\u00e1 diante de uma decis\u00e3o dif\u00edcil e, ao contr\u00e1rio do que tenta demonstrar em p\u00fablico, n\u00e3o se encontra numa posi\u00e7\u00e3o confort\u00e1vel. O governador de S\u00e3o Paulo sabe que qualquer movimento agora ter\u00e1 consequ\u00eancias profundas para seu futuro pol\u00edtico. E o maior problema atende pelo sobrenome Bolsonaro. Os Bolsonaros definitivamente n\u00e3o s\u00e3o confi\u00e1veis. [&hellip;]<\/p>\n","protected":false},"author":21,"featured_media":380718,"comment_status":"closed","ping_status":"closed","sticky":false,"template":"","format":"standard","meta":{"_acf_changed":false,"footnotes":""},"categories":[235],"tags":[],"class_list":["post-380717","post","type-post","status-publish","format-standard","has-post-thumbnail","hentry","category-dona-irene"],"acf":[],"yoast_head":"<!-- This site is optimized with the Yoast SEO plugin v27.2 - https:\/\/yoast.com\/product\/yoast-seo-wordpress\/ -->\n<title>O desconforto de Tarc\u00edsio \u00e9 flagrante - Notibras<\/title>\n<meta name=\"robots\" content=\"index, follow, max-snippet:-1, max-image-preview:large, max-video-preview:-1\" \/>\n<link rel=\"canonical\" href=\"https:\/\/www.notibras.com\/site\/o-desconforto-de-tarcisio-e-flagrante\/\" \/>\n<meta property=\"og:locale\" content=\"pt_BR\" \/>\n<meta property=\"og:type\" content=\"article\" \/>\n<meta property=\"og:title\" content=\"O desconforto de Tarc\u00edsio \u00e9 flagrante - Notibras\" \/>\n<meta property=\"og:description\" content=\"Tarc\u00edsio de Freitas est\u00e1 diante de uma decis\u00e3o dif\u00edcil e, ao contr\u00e1rio do que tenta demonstrar em p\u00fablico, n\u00e3o se encontra numa posi\u00e7\u00e3o confort\u00e1vel. O governador de S\u00e3o Paulo sabe que qualquer movimento agora ter\u00e1 consequ\u00eancias profundas para seu futuro pol\u00edtico. E o maior problema atende pelo sobrenome Bolsonaro. Os Bolsonaros definitivamente n\u00e3o s\u00e3o confi\u00e1veis. [&hellip;]\" \/>\n<meta property=\"og:url\" content=\"https:\/\/www.notibras.com\/site\/o-desconforto-de-tarcisio-e-flagrante\/\" \/>\n<meta property=\"og:site_name\" content=\"Notibras\" \/>\n<meta property=\"article:publisher\" content=\"https:\/\/www.facebook.com\/notibras\/\" \/>\n<meta property=\"article:published_time\" content=\"2026-01-27T05:00:01+00:00\" \/>\n<meta property=\"og:image\" content=\"https:\/\/www.notibras.com\/site\/wp-content\/uploads\/2026\/01\/20190520093317696397i.jpg\" \/>\n\t<meta property=\"og:image:width\" content=\"800\" \/>\n\t<meta property=\"og:image:height\" content=\"1200\" \/>\n\t<meta property=\"og:image:type\" content=\"image\/jpeg\" \/>\n<meta name=\"author\" content=\"Eduardo Mart\u00ednez\" \/>\n<meta name=\"twitter:card\" content=\"summary_large_image\" \/>\n<meta name=\"twitter:creator\" content=\"@Notibras\" \/>\n<meta name=\"twitter:site\" content=\"@Notibras\" \/>\n<meta name=\"twitter:label1\" content=\"Escrito por\" \/>\n\t<meta name=\"twitter:data1\" content=\"Eduardo Mart\u00ednez\" \/>\n\t<meta name=\"twitter:label2\" content=\"Est. tempo de leitura\" \/>\n\t<meta name=\"twitter:data2\" content=\"3 minutos\" \/>\n<script type=\"application\/ld+json\" class=\"yoast-schema-graph\">{\"@context\":\"https:\/\/schema.org\",\"@graph\":[{\"@type\":\"Article\",\"@id\":\"https:\/\/www.notibras.com\/site\/o-desconforto-de-tarcisio-e-flagrante\/#article\",\"isPartOf\":{\"@id\":\"https:\/\/www.notibras.com\/site\/o-desconforto-de-tarcisio-e-flagrante\/\"},\"author\":{\"name\":\"Eduardo Mart\u00ednez\",\"@id\":\"https:\/\/www.notibras.com\/site\/#\/schema\/person\/5b7fabf2aedc3ada2105f03b22b4d3dd\"},\"headline\":\"O desconforto de Tarc\u00edsio \u00e9 flagrante\",\"datePublished\":\"2026-01-27T05:00:01+00:00\",\"mainEntityOfPage\":{\"@id\":\"https:\/\/www.notibras.com\/site\/o-desconforto-de-tarcisio-e-flagrante\/\"},\"wordCount\":446,\"publisher\":{\"@id\":\"https:\/\/www.notibras.com\/site\/#organization\"},\"image\":{\"@id\":\"https:\/\/www.notibras.com\/site\/o-desconforto-de-tarcisio-e-flagrante\/#primaryimage\"},\"thumbnailUrl\":\"https:\/\/www.notibras.com\/site\/wp-content\/uploads\/2026\/01\/20190520093317696397i.jpg\",\"articleSection\":[\"Dona Irene\"],\"inLanguage\":\"pt-BR\"},{\"@type\":\"WebPage\",\"@id\":\"https:\/\/www.notibras.com\/site\/o-desconforto-de-tarcisio-e-flagrante\/\",\"url\":\"https:\/\/www.notibras.com\/site\/o-desconforto-de-tarcisio-e-flagrante\/\",\"name\":\"O desconforto de Tarc\u00edsio \u00e9 flagrante - Notibras\",\"isPartOf\":{\"@id\":\"https:\/\/www.notibras.com\/site\/#website\"},\"primaryImageOfPage\":{\"@id\":\"https:\/\/www.notibras.com\/site\/o-desconforto-de-tarcisio-e-flagrante\/#primaryimage\"},\"image\":{\"@id\":\"https:\/\/www.notibras.com\/site\/o-desconforto-de-tarcisio-e-flagrante\/#primaryimage\"},\"thumbnailUrl\":\"https:\/\/www.notibras.com\/site\/wp-content\/uploads\/2026\/01\/20190520093317696397i.jpg\",\"datePublished\":\"2026-01-27T05:00:01+00:00\",\"breadcrumb\":{\"@id\":\"https:\/\/www.notibras.com\/site\/o-desconforto-de-tarcisio-e-flagrante\/#breadcrumb\"},\"inLanguage\":\"pt-BR\",\"potentialAction\":[{\"@type\":\"ReadAction\",\"target\":[\"https:\/\/www.notibras.com\/site\/o-desconforto-de-tarcisio-e-flagrante\/\"]}]},{\"@type\":\"ImageObject\",\"inLanguage\":\"pt-BR\",\"@id\":\"https:\/\/www.notibras.com\/site\/o-desconforto-de-tarcisio-e-flagrante\/#primaryimage\",\"url\":\"https:\/\/www.notibras.com\/site\/wp-content\/uploads\/2026\/01\/20190520093317696397i.jpg\",\"contentUrl\":\"https:\/\/www.notibras.com\/site\/wp-content\/uploads\/2026\/01\/20190520093317696397i.jpg\",\"width\":800,\"height\":1200},{\"@type\":\"BreadcrumbList\",\"@id\":\"https:\/\/www.notibras.com\/site\/o-desconforto-de-tarcisio-e-flagrante\/#breadcrumb\",\"itemListElement\":[{\"@type\":\"ListItem\",\"position\":1,\"name\":\"In\u00edcio\",\"item\":\"https:\/\/www.notibras.com\/site\/\"},{\"@type\":\"ListItem\",\"position\":2,\"name\":\"O desconforto de Tarc\u00edsio \u00e9 flagrante\"}]},{\"@type\":\"WebSite\",\"@id\":\"https:\/\/www.notibras.com\/site\/#website\",\"url\":\"https:\/\/www.notibras.com\/site\/\",\"name\":\"Notibras\",\"description\":\"Not\u00edcias de Bras\u00edlia, do Brasil e do Mundo\",\"publisher\":{\"@id\":\"https:\/\/www.notibras.com\/site\/#organization\"},\"potentialAction\":[{\"@type\":\"SearchAction\",\"target\":{\"@type\":\"EntryPoint\",\"urlTemplate\":\"https:\/\/www.notibras.com\/site\/?s={search_term_string}\"},\"query-input\":{\"@type\":\"PropertyValueSpecification\",\"valueRequired\":true,\"valueName\":\"search_term_string\"}}],\"inLanguage\":\"pt-BR\"},{\"@type\":\"Organization\",\"@id\":\"https:\/\/www.notibras.com\/site\/#organization\",\"name\":\"Grupo Notibras de Comunica\u00e7\u00e3o\",\"url\":\"https:\/\/www.notibras.com\/site\/\",\"logo\":{\"@type\":\"ImageObject\",\"inLanguage\":\"pt-BR\",\"@id\":\"https:\/\/www.notibras.com\/site\/#\/schema\/logo\/image\/\",\"url\":\"https:\/\/www.notibras.com\/site\/wp-content\/uploads\/2023\/01\/notibras23.png\",\"contentUrl\":\"https:\/\/www.notibras.com\/site\/wp-content\/uploads\/2023\/01\/notibras23.png\",\"width\":350,\"height\":87,\"caption\":\"Grupo Notibras de Comunica\u00e7\u00e3o\"},\"image\":{\"@id\":\"https:\/\/www.notibras.com\/site\/#\/schema\/logo\/image\/\"},\"sameAs\":[\"https:\/\/www.facebook.com\/notibras\/\",\"https:\/\/x.com\/Notibras\",\"https:\/\/www.instagram.com\/notibras\/\"]},{\"@type\":\"Person\",\"@id\":\"https:\/\/www.notibras.com\/site\/#\/schema\/person\/5b7fabf2aedc3ada2105f03b22b4d3dd\",\"name\":\"Eduardo Mart\u00ednez\",\"image\":{\"@type\":\"ImageObject\",\"inLanguage\":\"pt-BR\",\"@id\":\"https:\/\/secure.gravatar.com\/avatar\/7902f906289926289cbcda644b5197c796b893c6ffd7b9a536a42d290f7704a0?s=96&d=mm&r=g\",\"url\":\"https:\/\/secure.gravatar.com\/avatar\/7902f906289926289cbcda644b5197c796b893c6ffd7b9a536a42d290f7704a0?s=96&d=mm&r=g\",\"contentUrl\":\"https:\/\/secure.gravatar.com\/avatar\/7902f906289926289cbcda644b5197c796b893c6ffd7b9a536a42d290f7704a0?s=96&d=mm&r=g\",\"caption\":\"Eduardo Mart\u00ednez\"}}]}<\/script>\n<!-- \/ Yoast SEO plugin. -->","yoast_head_json":{"title":"O desconforto de Tarc\u00edsio \u00e9 flagrante - Notibras","robots":{"index":"index","follow":"follow","max-snippet":"max-snippet:-1","max-image-preview":"max-image-preview:large","max-video-preview":"max-video-preview:-1"},"canonical":"https:\/\/www.notibras.com\/site\/o-desconforto-de-tarcisio-e-flagrante\/","og_locale":"pt_BR","og_type":"article","og_title":"O desconforto de Tarc\u00edsio \u00e9 flagrante - Notibras","og_description":"Tarc\u00edsio de Freitas est\u00e1 diante de uma decis\u00e3o dif\u00edcil e, ao contr\u00e1rio do que tenta demonstrar em p\u00fablico, n\u00e3o se encontra numa posi\u00e7\u00e3o confort\u00e1vel. O governador de S\u00e3o Paulo sabe que qualquer movimento agora ter\u00e1 consequ\u00eancias profundas para seu futuro pol\u00edtico. E o maior problema atende pelo sobrenome Bolsonaro. Os Bolsonaros definitivamente n\u00e3o s\u00e3o confi\u00e1veis. [&hellip;]","og_url":"https:\/\/www.notibras.com\/site\/o-desconforto-de-tarcisio-e-flagrante\/","og_site_name":"Notibras","article_publisher":"https:\/\/www.facebook.com\/notibras\/","article_published_time":"2026-01-27T05:00:01+00:00","og_image":[{"width":800,"height":1200,"url":"https:\/\/www.notibras.com\/site\/wp-content\/uploads\/2026\/01\/20190520093317696397i.jpg","type":"image\/jpeg"}],"author":"Eduardo Mart\u00ednez","twitter_card":"summary_large_image","twitter_creator":"@Notibras","twitter_site":"@Notibras","twitter_misc":{"Escrito por":"Eduardo Mart\u00ednez","Est. tempo de leitura":"3 minutos"},"schema":{"@context":"https:\/\/schema.org","@graph":[{"@type":"Article","@id":"https:\/\/www.notibras.com\/site\/o-desconforto-de-tarcisio-e-flagrante\/#article","isPartOf":{"@id":"https:\/\/www.notibras.com\/site\/o-desconforto-de-tarcisio-e-flagrante\/"},"author":{"name":"Eduardo Mart\u00ednez","@id":"https:\/\/www.notibras.com\/site\/#\/schema\/person\/5b7fabf2aedc3ada2105f03b22b4d3dd"},"headline":"O desconforto de Tarc\u00edsio \u00e9 flagrante","datePublished":"2026-01-27T05:00:01+00:00","mainEntityOfPage":{"@id":"https:\/\/www.notibras.com\/site\/o-desconforto-de-tarcisio-e-flagrante\/"},"wordCount":446,"publisher":{"@id":"https:\/\/www.notibras.com\/site\/#organization"},"image":{"@id":"https:\/\/www.notibras.com\/site\/o-desconforto-de-tarcisio-e-flagrante\/#primaryimage"},"thumbnailUrl":"https:\/\/www.notibras.com\/site\/wp-content\/uploads\/2026\/01\/20190520093317696397i.jpg","articleSection":["Dona Irene"],"inLanguage":"pt-BR"},{"@type":"WebPage","@id":"https:\/\/www.notibras.com\/site\/o-desconforto-de-tarcisio-e-flagrante\/","url":"https:\/\/www.notibras.com\/site\/o-desconforto-de-tarcisio-e-flagrante\/","name":"O desconforto de Tarc\u00edsio \u00e9 flagrante - Notibras","isPartOf":{"@id":"https:\/\/www.notibras.com\/site\/#website"},"primaryImageOfPage":{"@id":"https:\/\/www.notibras.com\/site\/o-desconforto-de-tarcisio-e-flagrante\/#primaryimage"},"image":{"@id":"https:\/\/www.notibras.com\/site\/o-desconforto-de-tarcisio-e-flagrante\/#primaryimage"},"thumbnailUrl":"https:\/\/www.notibras.com\/site\/wp-content\/uploads\/2026\/01\/20190520093317696397i.jpg","datePublished":"2026-01-27T05:00:01+00:00","breadcrumb":{"@id":"https:\/\/www.notibras.com\/site\/o-desconforto-de-tarcisio-e-flagrante\/#breadcrumb"},"inLanguage":"pt-BR","potentialAction":[{"@type":"ReadAction","target":["https:\/\/www.notibras.com\/site\/o-desconforto-de-tarcisio-e-flagrante\/"]}]},{"@type":"ImageObject","inLanguage":"pt-BR","@id":"https:\/\/www.notibras.com\/site\/o-desconforto-de-tarcisio-e-flagrante\/#primaryimage","url":"https:\/\/www.notibras.com\/site\/wp-content\/uploads\/2026\/01\/20190520093317696397i.jpg","contentUrl":"https:\/\/www.notibras.com\/site\/wp-content\/uploads\/2026\/01\/20190520093317696397i.jpg","width":800,"height":1200},{"@type":"BreadcrumbList","@id":"https:\/\/www.notibras.com\/site\/o-desconforto-de-tarcisio-e-flagrante\/#breadcrumb","itemListElement":[{"@type":"ListItem","position":1,"name":"In\u00edcio","item":"https:\/\/www.notibras.com\/site\/"},{"@type":"ListItem","position":2,"name":"O desconforto de Tarc\u00edsio \u00e9 flagrante"}]},{"@type":"WebSite","@id":"https:\/\/www.notibras.com\/site\/#website","url":"https:\/\/www.notibras.com\/site\/","name":"Notibras","description":"Not\u00edcias de Bras\u00edlia, do Brasil e do Mundo","publisher":{"@id":"https:\/\/www.notibras.com\/site\/#organization"},"potentialAction":[{"@type":"SearchAction","target":{"@type":"EntryPoint","urlTemplate":"https:\/\/www.notibras.com\/site\/?s={search_term_string}"},"query-input":{"@type":"PropertyValueSpecification","valueRequired":true,"valueName":"search_term_string"}}],"inLanguage":"pt-BR"},{"@type":"Organization","@id":"https:\/\/www.notibras.com\/site\/#organization","name":"Grupo Notibras de Comunica\u00e7\u00e3o","url":"https:\/\/www.notibras.com\/site\/","logo":{"@type":"ImageObject","inLanguage":"pt-BR","@id":"https:\/\/www.notibras.com\/site\/#\/schema\/logo\/image\/","url":"https:\/\/www.notibras.com\/site\/wp-content\/uploads\/2023\/01\/notibras23.png","contentUrl":"https:\/\/www.notibras.com\/site\/wp-content\/uploads\/2023\/01\/notibras23.png","width":350,"height":87,"caption":"Grupo Notibras de Comunica\u00e7\u00e3o"},"image":{"@id":"https:\/\/www.notibras.com\/site\/#\/schema\/logo\/image\/"},"sameAs":["https:\/\/www.facebook.com\/notibras\/","https:\/\/x.com\/Notibras","https:\/\/www.instagram.com\/notibras\/"]},{"@type":"Person","@id":"https:\/\/www.notibras.com\/site\/#\/schema\/person\/5b7fabf2aedc3ada2105f03b22b4d3dd","name":"Eduardo Mart\u00ednez","image":{"@type":"ImageObject","inLanguage":"pt-BR","@id":"https:\/\/secure.gravatar.com\/avatar\/7902f906289926289cbcda644b5197c796b893c6ffd7b9a536a42d290f7704a0?s=96&d=mm&r=g","url":"https:\/\/secure.gravatar.com\/avatar\/7902f906289926289cbcda644b5197c796b893c6ffd7b9a536a42d290f7704a0?s=96&d=mm&r=g","contentUrl":"https:\/\/secure.gravatar.com\/avatar\/7902f906289926289cbcda644b5197c796b893c6ffd7b9a536a42d290f7704a0?s=96&d=mm&r=g","caption":"Eduardo Mart\u00ednez"}}]}},"amp_enabled":true,"_links":{"self":[{"href":"https:\/\/www.notibras.com\/site\/wp-json\/wp\/v2\/posts\/380717","targetHints":{"allow":["GET"]}}],"collection":[{"href":"https:\/\/www.notibras.com\/site\/wp-json\/wp\/v2\/posts"}],"about":[{"href":"https:\/\/www.notibras.com\/site\/wp-json\/wp\/v2\/types\/post"}],"author":[{"embeddable":true,"href":"https:\/\/www.notibras.com\/site\/wp-json\/wp\/v2\/users\/21"}],"replies":[{"embeddable":true,"href":"https:\/\/www.notibras.com\/site\/wp-json\/wp\/v2\/comments?post=380717"}],"version-history":[{"count":4,"href":"https:\/\/www.notibras.com\/site\/wp-json\/wp\/v2\/posts\/380717\/revisions"}],"predecessor-version":[{"id":380722,"href":"https:\/\/www.notibras.com\/site\/wp-json\/wp\/v2\/posts\/380717\/revisions\/380722"}],"wp:featuredmedia":[{"embeddable":true,"href":"https:\/\/www.notibras.com\/site\/wp-json\/wp\/v2\/media\/380718"}],"wp:attachment":[{"href":"https:\/\/www.notibras.com\/site\/wp-json\/wp\/v2\/media?parent=380717"}],"wp:term":[{"taxonomy":"category","embeddable":true,"href":"https:\/\/www.notibras.com\/site\/wp-json\/wp\/v2\/categories?post=380717"},{"taxonomy":"post_tag","embeddable":true,"href":"https:\/\/www.notibras.com\/site\/wp-json\/wp\/v2\/tags?post=380717"}],"curies":[{"name":"wp","href":"https:\/\/api.w.org\/{rel}","templated":true}]}}