{"id":380723,"date":"2026-01-27T02:00:29","date_gmt":"2026-01-27T05:00:29","guid":{"rendered":"https:\/\/www.notibras.com\/site\/?p=380723"},"modified":"2026-01-27T00:20:06","modified_gmt":"2026-01-27T03:20:06","slug":"primo-rico-e-primo-pobre","status":"publish","type":"post","link":"https:\/\/www.notibras.com\/site\/primo-rico-e-primo-pobre\/","title":{"rendered":"Primo rico e primo pobre"},"content":{"rendered":"<p>N\u00e3o sei se voc\u00ea conhece o antigo quadro humor\u00edstico <em>Primo rico e primo pobre<\/em>, criado por Max Nunes e encenado pelos lend\u00e1rios Paulo Gracindo e Brand\u00e3o Filho. Al\u00e9m de ser muito engra\u00e7ado, esteve no ar por d\u00e9cadas. Bem, n\u00e3o sou historiador que nem o escritor Daniel Marchi, mas n\u00e3o consegui deixar de imaginar o que aconteceu minutos antes de a esquete entrar no ar na r\u00e1dio Nacional, em 1950.<\/p>\n<p>Paulo Gracindo havia sido escalado para ser o primo pobre, enquanto caberia ao Brand\u00e3o Filho interpretar o parente abastado. Mas eis que Gracindo, diante da figura inconfund\u00edvel do colega de of\u00edcio, virou-se para o diretor e disparou:<\/p>\n<p>\u2014 N\u00e3o posso ser o primo pobre. Tem que ser o Brand\u00e3o Filho.<\/p>\n<p>\u2014 Mas, Paulo, por qu\u00ea?<\/p>\n<p>\u2014 Olhe pra cara dele. Ele tem cara de pobre, cara de coitado. Eu tenho cara de rico.<\/p>\n<p>\u2014 Mas, Paulo, isso \u00e9 r\u00e1dio. Ningu\u00e9m vai ver voc\u00eas.<\/p>\n<p>\u2014 N\u00e3o importa! Eu sei!<\/p>\n<p>Para n\u00e3o atrasar a programa\u00e7\u00e3o, os pap\u00e9is foram invertidos, conforme Paulo Gracindo bateu o p\u00e9. E se transformou em sucesso tremendo, inclusive quando, anos depois, passou para televis\u00e3o.<\/p>\n<p>Bem, n\u00e3o estou aqui para falar sobre esses atores que fazem parte da cultura brasileira, mas dos jovens Igor e Leonardo, que eram primos de verdade. O primeiro poderia facilmente interpretar o primo rico, enquanto Leonardo, todos diriam, se encaixaria perfeitamente no papel do primo desprovido de recursos.<\/p>\n<p>Os dois rapazolas teriam ido a uma grande empresa de importa\u00e7\u00e3o a fim de tentarem ser contratados, mesmo n\u00e3o possuindo qualquer experi\u00eancia anterior. Para encurtar a hist\u00f3ria, eis que, ap\u00f3s ambos serem entrevistados por um diretor, Leonardo foi contratado para o cargo de gestor de estoque. L\u00f3gico que ele ficou feliz da vida e, na semana seguinte, come\u00e7ou a trabalhar.<\/p>\n<p>Quanto ao Igor, em vez de aceitar ser auxiliar do primo, declinou da proposta de emprego e foi embora. Mal chegou ao lar, doce lar, encontrou a m\u00e3e e a av\u00f3 tomando caf\u00e9 na cozinha.<\/p>\n<p>\u2014 E a\u00ed, filho, foi contratado?<\/p>\n<p>\u2014 N\u00e3o, m\u00e3e. Mas o Leonardo foi.<\/p>\n<p>\u2014 Hum. Acontece.<\/p>\n<p>\u2014 Puxa, m\u00e3e, maior injusti\u00e7a!<\/p>\n<p>\u2014 O que houve, filho?<\/p>\n<p>\u2014 Eles contrataram o Leonardo e queriam que eu fosse subalterno dele. Acredita nisso? Logo eu, com essa cara de pr\u00edncipe!<\/p>\n<p>A m\u00e3e tentou consolar o rapaz, enquanto a av\u00f3, mais s\u00e1bia, n\u00e3o deixou de externar sua opini\u00e3o.<\/p>\n<p>\u2014 Que entrasse em um cargo inferior, n\u00e3o importa. O neg\u00f3cio \u00e9 entrar. Depois que entra, se resolve. Ou n\u00e3o, mas pelo menos j\u00e1 estaria dentro.<\/p>\n<p><strong>\u2026\u2026\u2026\u2026\u2026\u2026\u2026\u2026<\/strong><\/p>\n<p><strong>Eduardo Mart\u00ednez \u00e9 autor do livro \u201957 Contos e Cr\u00f4nicas por um Autor Muito Velho\u2019 (Vencedor do Pr\u00eamio Liter\u00e1rio Clarice Lispector \u2013 2025 na categoria livro de contos).<\/strong><\/p>\n<p><strong>Compre aqui<\/strong><\/p>\n<p><a href=\"https:\/\/www.joanineditora.com.br\/57-contos-e-cronicas-por-um-autor-muito-velho\"><strong>https:\/\/www.joanineditora.com.br\/57-contos-e-cronicas-por-um-autor-muito-velho<\/strong><\/a><\/p>\n","protected":false},"excerpt":{"rendered":"<p>N\u00e3o sei se voc\u00ea conhece o antigo quadro humor\u00edstico Primo rico e primo pobre, criado por Max Nunes e encenado pelos lend\u00e1rios Paulo Gracindo e Brand\u00e3o Filho. Al\u00e9m de ser muito engra\u00e7ado, esteve no ar por d\u00e9cadas. Bem, n\u00e3o sou historiador que nem o escritor Daniel Marchi, mas n\u00e3o consegui deixar de imaginar o que [&hellip;]<\/p>\n","protected":false},"author":21,"featured_media":380724,"comment_status":"closed","ping_status":"closed","sticky":false,"template":"","format":"standard","meta":{"_acf_changed":false,"footnotes":""},"categories":[161],"tags":[],"class_list":["post-380723","post","type-post","status-publish","format-standard","has-post-thumbnail","hentry","category-quadradinho-em-foco"],"acf":[],"yoast_head":"<!-- This site is optimized with the Yoast SEO plugin v27.2 - https:\/\/yoast.com\/product\/yoast-seo-wordpress\/ -->\n<title>Primo rico e primo pobre - Notibras<\/title>\n<meta name=\"robots\" content=\"index, follow, max-snippet:-1, max-image-preview:large, max-video-preview:-1\" \/>\n<link rel=\"canonical\" href=\"https:\/\/www.notibras.com\/site\/primo-rico-e-primo-pobre\/\" \/>\n<meta property=\"og:locale\" content=\"pt_BR\" \/>\n<meta property=\"og:type\" content=\"article\" \/>\n<meta property=\"og:title\" content=\"Primo rico e primo pobre - Notibras\" \/>\n<meta property=\"og:description\" content=\"N\u00e3o sei se voc\u00ea conhece o antigo quadro humor\u00edstico Primo rico e primo pobre, criado por Max Nunes e encenado pelos lend\u00e1rios Paulo Gracindo e Brand\u00e3o Filho. Al\u00e9m de ser muito engra\u00e7ado, esteve no ar por d\u00e9cadas. Bem, n\u00e3o sou historiador que nem o escritor Daniel Marchi, mas n\u00e3o consegui deixar de imaginar o que [&hellip;]\" \/>\n<meta property=\"og:url\" content=\"https:\/\/www.notibras.com\/site\/primo-rico-e-primo-pobre\/\" \/>\n<meta property=\"og:site_name\" content=\"Notibras\" \/>\n<meta property=\"article:publisher\" content=\"https:\/\/www.facebook.com\/notibras\/\" \/>\n<meta property=\"article:published_time\" content=\"2026-01-27T05:00:29+00:00\" \/>\n<meta property=\"og:image\" content=\"https:\/\/www.notibras.com\/site\/wp-content\/uploads\/2026\/01\/IMG_0672.jpg\" \/>\n\t<meta property=\"og:image:width\" content=\"1023\" \/>\n\t<meta property=\"og:image:height\" content=\"920\" \/>\n\t<meta property=\"og:image:type\" content=\"image\/jpeg\" \/>\n<meta name=\"author\" content=\"Eduardo Mart\u00ednez\" \/>\n<meta name=\"twitter:card\" content=\"summary_large_image\" \/>\n<meta name=\"twitter:creator\" content=\"@Notibras\" \/>\n<meta name=\"twitter:site\" content=\"@Notibras\" \/>\n<meta name=\"twitter:label1\" content=\"Escrito por\" \/>\n\t<meta name=\"twitter:data1\" content=\"Eduardo Mart\u00ednez\" \/>\n\t<meta name=\"twitter:label2\" content=\"Est. tempo de leitura\" \/>\n\t<meta name=\"twitter:data2\" content=\"3 minutos\" \/>\n<script type=\"application\/ld+json\" class=\"yoast-schema-graph\">{\"@context\":\"https:\/\/schema.org\",\"@graph\":[{\"@type\":\"Article\",\"@id\":\"https:\/\/www.notibras.com\/site\/primo-rico-e-primo-pobre\/#article\",\"isPartOf\":{\"@id\":\"https:\/\/www.notibras.com\/site\/primo-rico-e-primo-pobre\/\"},\"author\":{\"name\":\"Eduardo Mart\u00ednez\",\"@id\":\"https:\/\/www.notibras.com\/site\/#\/schema\/person\/5b7fabf2aedc3ada2105f03b22b4d3dd\"},\"headline\":\"Primo rico e primo pobre\",\"datePublished\":\"2026-01-27T05:00:29+00:00\",\"mainEntityOfPage\":{\"@id\":\"https:\/\/www.notibras.com\/site\/primo-rico-e-primo-pobre\/\"},\"wordCount\":488,\"publisher\":{\"@id\":\"https:\/\/www.notibras.com\/site\/#organization\"},\"image\":{\"@id\":\"https:\/\/www.notibras.com\/site\/primo-rico-e-primo-pobre\/#primaryimage\"},\"thumbnailUrl\":\"https:\/\/www.notibras.com\/site\/wp-content\/uploads\/2026\/01\/IMG_0672.jpg\",\"articleSection\":[\"Quadradinho em Foco\"],\"inLanguage\":\"pt-BR\"},{\"@type\":\"WebPage\",\"@id\":\"https:\/\/www.notibras.com\/site\/primo-rico-e-primo-pobre\/\",\"url\":\"https:\/\/www.notibras.com\/site\/primo-rico-e-primo-pobre\/\",\"name\":\"Primo rico e primo pobre - Notibras\",\"isPartOf\":{\"@id\":\"https:\/\/www.notibras.com\/site\/#website\"},\"primaryImageOfPage\":{\"@id\":\"https:\/\/www.notibras.com\/site\/primo-rico-e-primo-pobre\/#primaryimage\"},\"image\":{\"@id\":\"https:\/\/www.notibras.com\/site\/primo-rico-e-primo-pobre\/#primaryimage\"},\"thumbnailUrl\":\"https:\/\/www.notibras.com\/site\/wp-content\/uploads\/2026\/01\/IMG_0672.jpg\",\"datePublished\":\"2026-01-27T05:00:29+00:00\",\"breadcrumb\":{\"@id\":\"https:\/\/www.notibras.com\/site\/primo-rico-e-primo-pobre\/#breadcrumb\"},\"inLanguage\":\"pt-BR\",\"potentialAction\":[{\"@type\":\"ReadAction\",\"target\":[\"https:\/\/www.notibras.com\/site\/primo-rico-e-primo-pobre\/\"]}]},{\"@type\":\"ImageObject\",\"inLanguage\":\"pt-BR\",\"@id\":\"https:\/\/www.notibras.com\/site\/primo-rico-e-primo-pobre\/#primaryimage\",\"url\":\"https:\/\/www.notibras.com\/site\/wp-content\/uploads\/2026\/01\/IMG_0672.jpg\",\"contentUrl\":\"https:\/\/www.notibras.com\/site\/wp-content\/uploads\/2026\/01\/IMG_0672.jpg\",\"width\":1023,\"height\":920},{\"@type\":\"BreadcrumbList\",\"@id\":\"https:\/\/www.notibras.com\/site\/primo-rico-e-primo-pobre\/#breadcrumb\",\"itemListElement\":[{\"@type\":\"ListItem\",\"position\":1,\"name\":\"In\u00edcio\",\"item\":\"https:\/\/www.notibras.com\/site\/\"},{\"@type\":\"ListItem\",\"position\":2,\"name\":\"Primo rico e primo pobre\"}]},{\"@type\":\"WebSite\",\"@id\":\"https:\/\/www.notibras.com\/site\/#website\",\"url\":\"https:\/\/www.notibras.com\/site\/\",\"name\":\"Notibras\",\"description\":\"Not\u00edcias de Bras\u00edlia, do Brasil e do Mundo\",\"publisher\":{\"@id\":\"https:\/\/www.notibras.com\/site\/#organization\"},\"potentialAction\":[{\"@type\":\"SearchAction\",\"target\":{\"@type\":\"EntryPoint\",\"urlTemplate\":\"https:\/\/www.notibras.com\/site\/?s={search_term_string}\"},\"query-input\":{\"@type\":\"PropertyValueSpecification\",\"valueRequired\":true,\"valueName\":\"search_term_string\"}}],\"inLanguage\":\"pt-BR\"},{\"@type\":\"Organization\",\"@id\":\"https:\/\/www.notibras.com\/site\/#organization\",\"name\":\"Grupo Notibras de Comunica\u00e7\u00e3o\",\"url\":\"https:\/\/www.notibras.com\/site\/\",\"logo\":{\"@type\":\"ImageObject\",\"inLanguage\":\"pt-BR\",\"@id\":\"https:\/\/www.notibras.com\/site\/#\/schema\/logo\/image\/\",\"url\":\"https:\/\/www.notibras.com\/site\/wp-content\/uploads\/2023\/01\/notibras23.png\",\"contentUrl\":\"https:\/\/www.notibras.com\/site\/wp-content\/uploads\/2023\/01\/notibras23.png\",\"width\":350,\"height\":87,\"caption\":\"Grupo Notibras de Comunica\u00e7\u00e3o\"},\"image\":{\"@id\":\"https:\/\/www.notibras.com\/site\/#\/schema\/logo\/image\/\"},\"sameAs\":[\"https:\/\/www.facebook.com\/notibras\/\",\"https:\/\/x.com\/Notibras\",\"https:\/\/www.instagram.com\/notibras\/\"]},{\"@type\":\"Person\",\"@id\":\"https:\/\/www.notibras.com\/site\/#\/schema\/person\/5b7fabf2aedc3ada2105f03b22b4d3dd\",\"name\":\"Eduardo Mart\u00ednez\",\"image\":{\"@type\":\"ImageObject\",\"inLanguage\":\"pt-BR\",\"@id\":\"https:\/\/secure.gravatar.com\/avatar\/7902f906289926289cbcda644b5197c796b893c6ffd7b9a536a42d290f7704a0?s=96&d=mm&r=g\",\"url\":\"https:\/\/secure.gravatar.com\/avatar\/7902f906289926289cbcda644b5197c796b893c6ffd7b9a536a42d290f7704a0?s=96&d=mm&r=g\",\"contentUrl\":\"https:\/\/secure.gravatar.com\/avatar\/7902f906289926289cbcda644b5197c796b893c6ffd7b9a536a42d290f7704a0?s=96&d=mm&r=g\",\"caption\":\"Eduardo Mart\u00ednez\"}}]}<\/script>\n<!-- \/ Yoast SEO plugin. -->","yoast_head_json":{"title":"Primo rico e primo pobre - Notibras","robots":{"index":"index","follow":"follow","max-snippet":"max-snippet:-1","max-image-preview":"max-image-preview:large","max-video-preview":"max-video-preview:-1"},"canonical":"https:\/\/www.notibras.com\/site\/primo-rico-e-primo-pobre\/","og_locale":"pt_BR","og_type":"article","og_title":"Primo rico e primo pobre - Notibras","og_description":"N\u00e3o sei se voc\u00ea conhece o antigo quadro humor\u00edstico Primo rico e primo pobre, criado por Max Nunes e encenado pelos lend\u00e1rios Paulo Gracindo e Brand\u00e3o Filho. Al\u00e9m de ser muito engra\u00e7ado, esteve no ar por d\u00e9cadas. Bem, n\u00e3o sou historiador que nem o escritor Daniel Marchi, mas n\u00e3o consegui deixar de imaginar o que [&hellip;]","og_url":"https:\/\/www.notibras.com\/site\/primo-rico-e-primo-pobre\/","og_site_name":"Notibras","article_publisher":"https:\/\/www.facebook.com\/notibras\/","article_published_time":"2026-01-27T05:00:29+00:00","og_image":[{"width":1023,"height":920,"url":"https:\/\/www.notibras.com\/site\/wp-content\/uploads\/2026\/01\/IMG_0672.jpg","type":"image\/jpeg"}],"author":"Eduardo Mart\u00ednez","twitter_card":"summary_large_image","twitter_creator":"@Notibras","twitter_site":"@Notibras","twitter_misc":{"Escrito por":"Eduardo Mart\u00ednez","Est. tempo de leitura":"3 minutos"},"schema":{"@context":"https:\/\/schema.org","@graph":[{"@type":"Article","@id":"https:\/\/www.notibras.com\/site\/primo-rico-e-primo-pobre\/#article","isPartOf":{"@id":"https:\/\/www.notibras.com\/site\/primo-rico-e-primo-pobre\/"},"author":{"name":"Eduardo Mart\u00ednez","@id":"https:\/\/www.notibras.com\/site\/#\/schema\/person\/5b7fabf2aedc3ada2105f03b22b4d3dd"},"headline":"Primo rico e primo pobre","datePublished":"2026-01-27T05:00:29+00:00","mainEntityOfPage":{"@id":"https:\/\/www.notibras.com\/site\/primo-rico-e-primo-pobre\/"},"wordCount":488,"publisher":{"@id":"https:\/\/www.notibras.com\/site\/#organization"},"image":{"@id":"https:\/\/www.notibras.com\/site\/primo-rico-e-primo-pobre\/#primaryimage"},"thumbnailUrl":"https:\/\/www.notibras.com\/site\/wp-content\/uploads\/2026\/01\/IMG_0672.jpg","articleSection":["Quadradinho em Foco"],"inLanguage":"pt-BR"},{"@type":"WebPage","@id":"https:\/\/www.notibras.com\/site\/primo-rico-e-primo-pobre\/","url":"https:\/\/www.notibras.com\/site\/primo-rico-e-primo-pobre\/","name":"Primo rico e primo pobre - Notibras","isPartOf":{"@id":"https:\/\/www.notibras.com\/site\/#website"},"primaryImageOfPage":{"@id":"https:\/\/www.notibras.com\/site\/primo-rico-e-primo-pobre\/#primaryimage"},"image":{"@id":"https:\/\/www.notibras.com\/site\/primo-rico-e-primo-pobre\/#primaryimage"},"thumbnailUrl":"https:\/\/www.notibras.com\/site\/wp-content\/uploads\/2026\/01\/IMG_0672.jpg","datePublished":"2026-01-27T05:00:29+00:00","breadcrumb":{"@id":"https:\/\/www.notibras.com\/site\/primo-rico-e-primo-pobre\/#breadcrumb"},"inLanguage":"pt-BR","potentialAction":[{"@type":"ReadAction","target":["https:\/\/www.notibras.com\/site\/primo-rico-e-primo-pobre\/"]}]},{"@type":"ImageObject","inLanguage":"pt-BR","@id":"https:\/\/www.notibras.com\/site\/primo-rico-e-primo-pobre\/#primaryimage","url":"https:\/\/www.notibras.com\/site\/wp-content\/uploads\/2026\/01\/IMG_0672.jpg","contentUrl":"https:\/\/www.notibras.com\/site\/wp-content\/uploads\/2026\/01\/IMG_0672.jpg","width":1023,"height":920},{"@type":"BreadcrumbList","@id":"https:\/\/www.notibras.com\/site\/primo-rico-e-primo-pobre\/#breadcrumb","itemListElement":[{"@type":"ListItem","position":1,"name":"In\u00edcio","item":"https:\/\/www.notibras.com\/site\/"},{"@type":"ListItem","position":2,"name":"Primo rico e primo pobre"}]},{"@type":"WebSite","@id":"https:\/\/www.notibras.com\/site\/#website","url":"https:\/\/www.notibras.com\/site\/","name":"Notibras","description":"Not\u00edcias de Bras\u00edlia, do Brasil e do Mundo","publisher":{"@id":"https:\/\/www.notibras.com\/site\/#organization"},"potentialAction":[{"@type":"SearchAction","target":{"@type":"EntryPoint","urlTemplate":"https:\/\/www.notibras.com\/site\/?s={search_term_string}"},"query-input":{"@type":"PropertyValueSpecification","valueRequired":true,"valueName":"search_term_string"}}],"inLanguage":"pt-BR"},{"@type":"Organization","@id":"https:\/\/www.notibras.com\/site\/#organization","name":"Grupo Notibras de Comunica\u00e7\u00e3o","url":"https:\/\/www.notibras.com\/site\/","logo":{"@type":"ImageObject","inLanguage":"pt-BR","@id":"https:\/\/www.notibras.com\/site\/#\/schema\/logo\/image\/","url":"https:\/\/www.notibras.com\/site\/wp-content\/uploads\/2023\/01\/notibras23.png","contentUrl":"https:\/\/www.notibras.com\/site\/wp-content\/uploads\/2023\/01\/notibras23.png","width":350,"height":87,"caption":"Grupo Notibras de Comunica\u00e7\u00e3o"},"image":{"@id":"https:\/\/www.notibras.com\/site\/#\/schema\/logo\/image\/"},"sameAs":["https:\/\/www.facebook.com\/notibras\/","https:\/\/x.com\/Notibras","https:\/\/www.instagram.com\/notibras\/"]},{"@type":"Person","@id":"https:\/\/www.notibras.com\/site\/#\/schema\/person\/5b7fabf2aedc3ada2105f03b22b4d3dd","name":"Eduardo Mart\u00ednez","image":{"@type":"ImageObject","inLanguage":"pt-BR","@id":"https:\/\/secure.gravatar.com\/avatar\/7902f906289926289cbcda644b5197c796b893c6ffd7b9a536a42d290f7704a0?s=96&d=mm&r=g","url":"https:\/\/secure.gravatar.com\/avatar\/7902f906289926289cbcda644b5197c796b893c6ffd7b9a536a42d290f7704a0?s=96&d=mm&r=g","contentUrl":"https:\/\/secure.gravatar.com\/avatar\/7902f906289926289cbcda644b5197c796b893c6ffd7b9a536a42d290f7704a0?s=96&d=mm&r=g","caption":"Eduardo Mart\u00ednez"}}]}},"amp_enabled":true,"_links":{"self":[{"href":"https:\/\/www.notibras.com\/site\/wp-json\/wp\/v2\/posts\/380723","targetHints":{"allow":["GET"]}}],"collection":[{"href":"https:\/\/www.notibras.com\/site\/wp-json\/wp\/v2\/posts"}],"about":[{"href":"https:\/\/www.notibras.com\/site\/wp-json\/wp\/v2\/types\/post"}],"author":[{"embeddable":true,"href":"https:\/\/www.notibras.com\/site\/wp-json\/wp\/v2\/users\/21"}],"replies":[{"embeddable":true,"href":"https:\/\/www.notibras.com\/site\/wp-json\/wp\/v2\/comments?post=380723"}],"version-history":[{"count":2,"href":"https:\/\/www.notibras.com\/site\/wp-json\/wp\/v2\/posts\/380723\/revisions"}],"predecessor-version":[{"id":380726,"href":"https:\/\/www.notibras.com\/site\/wp-json\/wp\/v2\/posts\/380723\/revisions\/380726"}],"wp:featuredmedia":[{"embeddable":true,"href":"https:\/\/www.notibras.com\/site\/wp-json\/wp\/v2\/media\/380724"}],"wp:attachment":[{"href":"https:\/\/www.notibras.com\/site\/wp-json\/wp\/v2\/media?parent=380723"}],"wp:term":[{"taxonomy":"category","embeddable":true,"href":"https:\/\/www.notibras.com\/site\/wp-json\/wp\/v2\/categories?post=380723"},{"taxonomy":"post_tag","embeddable":true,"href":"https:\/\/www.notibras.com\/site\/wp-json\/wp\/v2\/tags?post=380723"}],"curies":[{"name":"wp","href":"https:\/\/api.w.org\/{rel}","templated":true}]}}