{"id":380727,"date":"2026-01-28T02:30:44","date_gmt":"2026-01-28T05:30:44","guid":{"rendered":"https:\/\/www.notibras.com\/site\/?p=380727"},"modified":"2026-01-28T05:33:16","modified_gmt":"2026-01-28T08:33:16","slug":"brasil-avanca-firme-riscando-mapa-da-fome","status":"publish","type":"post","link":"https:\/\/www.notibras.com\/site\/brasil-avanca-firme-riscando-mapa-da-fome\/","title":{"rendered":"Brasil avan\u00e7a firme riscando mapa da fome"},"content":{"rendered":"<p>O Brasil vive hoje um momento de n\u00edtida reestrutura\u00e7\u00e3o. Ap\u00f3s quatro anos de um governo marcado pelo isolamento internacional e pelo enfraquecimento das redes de prote\u00e7\u00e3o social, a gest\u00e3o de Luiz In\u00e1cio Lula da Silva devolveu ao pa\u00eds a estabilidade econ\u00f4mica e a estatura de lideran\u00e7a global que haviam sido perdidas. A diferen\u00e7a entre os dois projetos n\u00e3o \u00e9 apenas estat\u00edstica; \u00e9 uma quest\u00e3o de soberania e respeito \u00e0 coisa p\u00fablica.<\/p>\n<p>Enquanto o governo anterior entregou um pa\u00eds de volta ao Mapa da Fome, com a inseguran\u00e7a alimentar atingindo picos dram\u00e1ticos durante a pandemia, a gest\u00e3o Lula (2023-2025) operou um resgate imediato. O fortalecimento do Bolsa Fam\u00edlia e a pol\u00edtica de valoriza\u00e7\u00e3o real do sal\u00e1rio m\u00ednimo n\u00e3o foram apenas promessas, mas ferramentas que reduziram a inseguran\u00e7a alimentar severa para 24,2% e levaram o desemprego ao menor n\u00edvel em d\u00e9cadas (5,6%).<\/p>\n<p>Diferente da gest\u00e3o Bolsonaro, onde a infla\u00e7\u00e3o de alimentos corroeu o poder de compra da classe m\u00e9dia e dos mais pobres, o cen\u00e1rio atual \u00e9 de controle e expans\u00e3o do consumo dom\u00e9stico, provando que o crescimento econ\u00f4mico \u00e9 mais sustent\u00e1vel quando inclui a base da pir\u00e2mide.<\/p>\n<p>No campo diplom\u00e1tico, o contraste chega a ser constrangedor para a mem\u00f3ria nacional. O Brasil de Jair Bolsonaro foi marcado por uma postura de subservi\u00eancia ideol\u00f3gica, simbolizada pelo momento em que o ex-presidente prestou contin\u00eancia \u00e0 bandeira dos Estados Unidos e declarou publicamente ser &#8220;apaixonado&#8221; por Donald Trump. Essa ren\u00fancia \u00e0 dignidade nacional isolou o Brasil dos seus principais parceiros e transformou o pa\u00eds em um p\u00e1ria global.<\/p>\n<p>Lula, em contrapartida, retomou o papel de estadista. Ao circular com desenvoltura entre as maiores pot\u00eancias mundiais e liderar debates no G20, ele reafirmou que o Brasil n\u00e3o bate contin\u00eancia para pot\u00eancias estrangeiras, mas senta-se \u00e0 mesa com elas em igualdade de condi\u00e7\u00f5es, defendendo os interesses da Amaz\u00f4nia e do desenvolvimento do Sul Global.<\/p>\n<p>Para al\u00e9m da economia, a diferen\u00e7a reside no compromisso com a democracia. Bolsonaro encerrou seu ciclo tentando \u2014 e felizmente fracassando \u2014 um golpe de Estado para subverter a vontade das urnas. A hist\u00f3ria registrar\u00e1 a resist\u00eancia das institui\u00e7\u00f5es brasileiras contra o autoritarismo de um l\u00edder que preferiu incitar o caos a aceitar a derrota.<\/p>\n<p>A \u00e9tica familiar tamb\u00e9m separa os dois per\u00edodos. Enquanto o governo atual foca em transpar\u00eancia e reconstru\u00e7\u00e3o institucional, o cl\u00e3 Bolsonaro lida com den\u00fancias graves. O senador Fl\u00e1vio Bolsonaro tornou-se o centro de investiga\u00e7\u00f5es sobre a compra de im\u00f3veis com dinheiro vivo e a aquisi\u00e7\u00e3o de uma mans\u00e3o de R$ 6 milh\u00f5es em Bras\u00edlia, um patrim\u00f4nio que os dados apontam ser totalmente incompat\u00edvel com seus rendimentos declarados.<\/p>\n<p>O Brasil atual respira novos ares. Entre a tentativa fracassada de ruptura democr\u00e1tica de um lado e a reconstru\u00e7\u00e3o do bem-estar social do outro, os dados e a postura internacional deixam claro: o pa\u00eds trocou a submiss\u00e3o e o esc\u00e2ndalo pela governabilidade e pelo orgulho de ser brasileiro.<\/p>\n","protected":false},"excerpt":{"rendered":"<p>O Brasil vive hoje um momento de n\u00edtida reestrutura\u00e7\u00e3o. Ap\u00f3s quatro anos de um governo marcado pelo isolamento internacional e pelo enfraquecimento das redes de prote\u00e7\u00e3o social, a gest\u00e3o de Luiz In\u00e1cio Lula da Silva devolveu ao pa\u00eds a estabilidade econ\u00f4mica e a estatura de lideran\u00e7a global que haviam sido perdidas. A diferen\u00e7a entre os [&hellip;]<\/p>\n","protected":false},"author":21,"featured_media":380729,"comment_status":"closed","ping_status":"closed","sticky":false,"template":"","format":"standard","meta":{"_acf_changed":false,"footnotes":""},"categories":[236],"tags":[],"class_list":["post-380727","post","type-post","status-publish","format-standard","has-post-thumbnail","hentry","category-ponto-de-vista"],"acf":[],"yoast_head":"<!-- This site is optimized with the Yoast SEO plugin v27.2 - https:\/\/yoast.com\/product\/yoast-seo-wordpress\/ -->\n<title>Brasil avan\u00e7a firme riscando mapa da fome - Notibras<\/title>\n<meta name=\"robots\" content=\"index, follow, max-snippet:-1, max-image-preview:large, max-video-preview:-1\" \/>\n<link rel=\"canonical\" href=\"https:\/\/www.notibras.com\/site\/brasil-avanca-firme-riscando-mapa-da-fome\/\" \/>\n<meta property=\"og:locale\" content=\"pt_BR\" \/>\n<meta property=\"og:type\" content=\"article\" \/>\n<meta property=\"og:title\" content=\"Brasil avan\u00e7a firme riscando mapa da fome - Notibras\" \/>\n<meta property=\"og:description\" content=\"O Brasil vive hoje um momento de n\u00edtida reestrutura\u00e7\u00e3o. Ap\u00f3s quatro anos de um governo marcado pelo isolamento internacional e pelo enfraquecimento das redes de prote\u00e7\u00e3o social, a gest\u00e3o de Luiz In\u00e1cio Lula da Silva devolveu ao pa\u00eds a estabilidade econ\u00f4mica e a estatura de lideran\u00e7a global que haviam sido perdidas. A diferen\u00e7a entre os [&hellip;]\" \/>\n<meta property=\"og:url\" content=\"https:\/\/www.notibras.com\/site\/brasil-avanca-firme-riscando-mapa-da-fome\/\" \/>\n<meta property=\"og:site_name\" content=\"Notibras\" \/>\n<meta property=\"article:publisher\" content=\"https:\/\/www.facebook.com\/notibras\/\" \/>\n<meta property=\"article:published_time\" content=\"2026-01-28T05:30:44+00:00\" \/>\n<meta property=\"article:modified_time\" content=\"2026-01-28T08:33:16+00:00\" \/>\n<meta property=\"og:image\" content=\"https:\/\/www.notibras.com\/site\/wp-content\/uploads\/2026\/01\/lula-entrevista-bbc-news-brasil-ricardostuckert-pr-5jpg.jpeg\" \/>\n\t<meta property=\"og:image:width\" content=\"750\" \/>\n\t<meta property=\"og:image:height\" content=\"500\" \/>\n\t<meta property=\"og:image:type\" content=\"image\/jpeg\" \/>\n<meta name=\"author\" content=\"Eduardo Mart\u00ednez\" \/>\n<meta name=\"twitter:card\" content=\"summary_large_image\" \/>\n<meta name=\"twitter:creator\" content=\"@Notibras\" \/>\n<meta name=\"twitter:site\" content=\"@Notibras\" \/>\n<meta name=\"twitter:label1\" content=\"Escrito por\" \/>\n\t<meta name=\"twitter:data1\" content=\"Eduardo Mart\u00ednez\" \/>\n\t<meta name=\"twitter:label2\" content=\"Est. tempo de leitura\" \/>\n\t<meta name=\"twitter:data2\" content=\"3 minutos\" \/>\n<script type=\"application\/ld+json\" class=\"yoast-schema-graph\">{\"@context\":\"https:\/\/schema.org\",\"@graph\":[{\"@type\":\"Article\",\"@id\":\"https:\/\/www.notibras.com\/site\/brasil-avanca-firme-riscando-mapa-da-fome\/#article\",\"isPartOf\":{\"@id\":\"https:\/\/www.notibras.com\/site\/brasil-avanca-firme-riscando-mapa-da-fome\/\"},\"author\":{\"name\":\"Eduardo Mart\u00ednez\",\"@id\":\"https:\/\/www.notibras.com\/site\/#\/schema\/person\/5b7fabf2aedc3ada2105f03b22b4d3dd\"},\"headline\":\"Brasil avan\u00e7a firme riscando mapa da fome\",\"datePublished\":\"2026-01-28T05:30:44+00:00\",\"dateModified\":\"2026-01-28T08:33:16+00:00\",\"mainEntityOfPage\":{\"@id\":\"https:\/\/www.notibras.com\/site\/brasil-avanca-firme-riscando-mapa-da-fome\/\"},\"wordCount\":548,\"publisher\":{\"@id\":\"https:\/\/www.notibras.com\/site\/#organization\"},\"image\":{\"@id\":\"https:\/\/www.notibras.com\/site\/brasil-avanca-firme-riscando-mapa-da-fome\/#primaryimage\"},\"thumbnailUrl\":\"https:\/\/www.notibras.com\/site\/wp-content\/uploads\/2026\/01\/lula-entrevista-bbc-news-brasil-ricardostuckert-pr-5jpg.jpeg\",\"articleSection\":[\"Ponto de Vista\"],\"inLanguage\":\"pt-BR\"},{\"@type\":\"WebPage\",\"@id\":\"https:\/\/www.notibras.com\/site\/brasil-avanca-firme-riscando-mapa-da-fome\/\",\"url\":\"https:\/\/www.notibras.com\/site\/brasil-avanca-firme-riscando-mapa-da-fome\/\",\"name\":\"Brasil avan\u00e7a firme riscando mapa da fome - Notibras\",\"isPartOf\":{\"@id\":\"https:\/\/www.notibras.com\/site\/#website\"},\"primaryImageOfPage\":{\"@id\":\"https:\/\/www.notibras.com\/site\/brasil-avanca-firme-riscando-mapa-da-fome\/#primaryimage\"},\"image\":{\"@id\":\"https:\/\/www.notibras.com\/site\/brasil-avanca-firme-riscando-mapa-da-fome\/#primaryimage\"},\"thumbnailUrl\":\"https:\/\/www.notibras.com\/site\/wp-content\/uploads\/2026\/01\/lula-entrevista-bbc-news-brasil-ricardostuckert-pr-5jpg.jpeg\",\"datePublished\":\"2026-01-28T05:30:44+00:00\",\"dateModified\":\"2026-01-28T08:33:16+00:00\",\"breadcrumb\":{\"@id\":\"https:\/\/www.notibras.com\/site\/brasil-avanca-firme-riscando-mapa-da-fome\/#breadcrumb\"},\"inLanguage\":\"pt-BR\",\"potentialAction\":[{\"@type\":\"ReadAction\",\"target\":[\"https:\/\/www.notibras.com\/site\/brasil-avanca-firme-riscando-mapa-da-fome\/\"]}]},{\"@type\":\"ImageObject\",\"inLanguage\":\"pt-BR\",\"@id\":\"https:\/\/www.notibras.com\/site\/brasil-avanca-firme-riscando-mapa-da-fome\/#primaryimage\",\"url\":\"https:\/\/www.notibras.com\/site\/wp-content\/uploads\/2026\/01\/lula-entrevista-bbc-news-brasil-ricardostuckert-pr-5jpg.jpeg\",\"contentUrl\":\"https:\/\/www.notibras.com\/site\/wp-content\/uploads\/2026\/01\/lula-entrevista-bbc-news-brasil-ricardostuckert-pr-5jpg.jpeg\",\"width\":750,\"height\":500},{\"@type\":\"BreadcrumbList\",\"@id\":\"https:\/\/www.notibras.com\/site\/brasil-avanca-firme-riscando-mapa-da-fome\/#breadcrumb\",\"itemListElement\":[{\"@type\":\"ListItem\",\"position\":1,\"name\":\"In\u00edcio\",\"item\":\"https:\/\/www.notibras.com\/site\/\"},{\"@type\":\"ListItem\",\"position\":2,\"name\":\"Brasil avan\u00e7a firme riscando mapa da fome\"}]},{\"@type\":\"WebSite\",\"@id\":\"https:\/\/www.notibras.com\/site\/#website\",\"url\":\"https:\/\/www.notibras.com\/site\/\",\"name\":\"Notibras\",\"description\":\"Not\u00edcias de Bras\u00edlia, do Brasil e do Mundo\",\"publisher\":{\"@id\":\"https:\/\/www.notibras.com\/site\/#organization\"},\"potentialAction\":[{\"@type\":\"SearchAction\",\"target\":{\"@type\":\"EntryPoint\",\"urlTemplate\":\"https:\/\/www.notibras.com\/site\/?s={search_term_string}\"},\"query-input\":{\"@type\":\"PropertyValueSpecification\",\"valueRequired\":true,\"valueName\":\"search_term_string\"}}],\"inLanguage\":\"pt-BR\"},{\"@type\":\"Organization\",\"@id\":\"https:\/\/www.notibras.com\/site\/#organization\",\"name\":\"Grupo Notibras de Comunica\u00e7\u00e3o\",\"url\":\"https:\/\/www.notibras.com\/site\/\",\"logo\":{\"@type\":\"ImageObject\",\"inLanguage\":\"pt-BR\",\"@id\":\"https:\/\/www.notibras.com\/site\/#\/schema\/logo\/image\/\",\"url\":\"https:\/\/www.notibras.com\/site\/wp-content\/uploads\/2023\/01\/notibras23.png\",\"contentUrl\":\"https:\/\/www.notibras.com\/site\/wp-content\/uploads\/2023\/01\/notibras23.png\",\"width\":350,\"height\":87,\"caption\":\"Grupo Notibras de Comunica\u00e7\u00e3o\"},\"image\":{\"@id\":\"https:\/\/www.notibras.com\/site\/#\/schema\/logo\/image\/\"},\"sameAs\":[\"https:\/\/www.facebook.com\/notibras\/\",\"https:\/\/x.com\/Notibras\",\"https:\/\/www.instagram.com\/notibras\/\"]},{\"@type\":\"Person\",\"@id\":\"https:\/\/www.notibras.com\/site\/#\/schema\/person\/5b7fabf2aedc3ada2105f03b22b4d3dd\",\"name\":\"Eduardo Mart\u00ednez\",\"image\":{\"@type\":\"ImageObject\",\"inLanguage\":\"pt-BR\",\"@id\":\"https:\/\/secure.gravatar.com\/avatar\/7902f906289926289cbcda644b5197c796b893c6ffd7b9a536a42d290f7704a0?s=96&d=mm&r=g\",\"url\":\"https:\/\/secure.gravatar.com\/avatar\/7902f906289926289cbcda644b5197c796b893c6ffd7b9a536a42d290f7704a0?s=96&d=mm&r=g\",\"contentUrl\":\"https:\/\/secure.gravatar.com\/avatar\/7902f906289926289cbcda644b5197c796b893c6ffd7b9a536a42d290f7704a0?s=96&d=mm&r=g\",\"caption\":\"Eduardo Mart\u00ednez\"}}]}<\/script>\n<!-- \/ Yoast SEO plugin. -->","yoast_head_json":{"title":"Brasil avan\u00e7a firme riscando mapa da fome - Notibras","robots":{"index":"index","follow":"follow","max-snippet":"max-snippet:-1","max-image-preview":"max-image-preview:large","max-video-preview":"max-video-preview:-1"},"canonical":"https:\/\/www.notibras.com\/site\/brasil-avanca-firme-riscando-mapa-da-fome\/","og_locale":"pt_BR","og_type":"article","og_title":"Brasil avan\u00e7a firme riscando mapa da fome - Notibras","og_description":"O Brasil vive hoje um momento de n\u00edtida reestrutura\u00e7\u00e3o. Ap\u00f3s quatro anos de um governo marcado pelo isolamento internacional e pelo enfraquecimento das redes de prote\u00e7\u00e3o social, a gest\u00e3o de Luiz In\u00e1cio Lula da Silva devolveu ao pa\u00eds a estabilidade econ\u00f4mica e a estatura de lideran\u00e7a global que haviam sido perdidas. A diferen\u00e7a entre os [&hellip;]","og_url":"https:\/\/www.notibras.com\/site\/brasil-avanca-firme-riscando-mapa-da-fome\/","og_site_name":"Notibras","article_publisher":"https:\/\/www.facebook.com\/notibras\/","article_published_time":"2026-01-28T05:30:44+00:00","article_modified_time":"2026-01-28T08:33:16+00:00","og_image":[{"width":750,"height":500,"url":"https:\/\/www.notibras.com\/site\/wp-content\/uploads\/2026\/01\/lula-entrevista-bbc-news-brasil-ricardostuckert-pr-5jpg.jpeg","type":"image\/jpeg"}],"author":"Eduardo Mart\u00ednez","twitter_card":"summary_large_image","twitter_creator":"@Notibras","twitter_site":"@Notibras","twitter_misc":{"Escrito por":"Eduardo Mart\u00ednez","Est. tempo de leitura":"3 minutos"},"schema":{"@context":"https:\/\/schema.org","@graph":[{"@type":"Article","@id":"https:\/\/www.notibras.com\/site\/brasil-avanca-firme-riscando-mapa-da-fome\/#article","isPartOf":{"@id":"https:\/\/www.notibras.com\/site\/brasil-avanca-firme-riscando-mapa-da-fome\/"},"author":{"name":"Eduardo Mart\u00ednez","@id":"https:\/\/www.notibras.com\/site\/#\/schema\/person\/5b7fabf2aedc3ada2105f03b22b4d3dd"},"headline":"Brasil avan\u00e7a firme riscando mapa da fome","datePublished":"2026-01-28T05:30:44+00:00","dateModified":"2026-01-28T08:33:16+00:00","mainEntityOfPage":{"@id":"https:\/\/www.notibras.com\/site\/brasil-avanca-firme-riscando-mapa-da-fome\/"},"wordCount":548,"publisher":{"@id":"https:\/\/www.notibras.com\/site\/#organization"},"image":{"@id":"https:\/\/www.notibras.com\/site\/brasil-avanca-firme-riscando-mapa-da-fome\/#primaryimage"},"thumbnailUrl":"https:\/\/www.notibras.com\/site\/wp-content\/uploads\/2026\/01\/lula-entrevista-bbc-news-brasil-ricardostuckert-pr-5jpg.jpeg","articleSection":["Ponto de Vista"],"inLanguage":"pt-BR"},{"@type":"WebPage","@id":"https:\/\/www.notibras.com\/site\/brasil-avanca-firme-riscando-mapa-da-fome\/","url":"https:\/\/www.notibras.com\/site\/brasil-avanca-firme-riscando-mapa-da-fome\/","name":"Brasil avan\u00e7a firme riscando mapa da fome - Notibras","isPartOf":{"@id":"https:\/\/www.notibras.com\/site\/#website"},"primaryImageOfPage":{"@id":"https:\/\/www.notibras.com\/site\/brasil-avanca-firme-riscando-mapa-da-fome\/#primaryimage"},"image":{"@id":"https:\/\/www.notibras.com\/site\/brasil-avanca-firme-riscando-mapa-da-fome\/#primaryimage"},"thumbnailUrl":"https:\/\/www.notibras.com\/site\/wp-content\/uploads\/2026\/01\/lula-entrevista-bbc-news-brasil-ricardostuckert-pr-5jpg.jpeg","datePublished":"2026-01-28T05:30:44+00:00","dateModified":"2026-01-28T08:33:16+00:00","breadcrumb":{"@id":"https:\/\/www.notibras.com\/site\/brasil-avanca-firme-riscando-mapa-da-fome\/#breadcrumb"},"inLanguage":"pt-BR","potentialAction":[{"@type":"ReadAction","target":["https:\/\/www.notibras.com\/site\/brasil-avanca-firme-riscando-mapa-da-fome\/"]}]},{"@type":"ImageObject","inLanguage":"pt-BR","@id":"https:\/\/www.notibras.com\/site\/brasil-avanca-firme-riscando-mapa-da-fome\/#primaryimage","url":"https:\/\/www.notibras.com\/site\/wp-content\/uploads\/2026\/01\/lula-entrevista-bbc-news-brasil-ricardostuckert-pr-5jpg.jpeg","contentUrl":"https:\/\/www.notibras.com\/site\/wp-content\/uploads\/2026\/01\/lula-entrevista-bbc-news-brasil-ricardostuckert-pr-5jpg.jpeg","width":750,"height":500},{"@type":"BreadcrumbList","@id":"https:\/\/www.notibras.com\/site\/brasil-avanca-firme-riscando-mapa-da-fome\/#breadcrumb","itemListElement":[{"@type":"ListItem","position":1,"name":"In\u00edcio","item":"https:\/\/www.notibras.com\/site\/"},{"@type":"ListItem","position":2,"name":"Brasil avan\u00e7a firme riscando mapa da fome"}]},{"@type":"WebSite","@id":"https:\/\/www.notibras.com\/site\/#website","url":"https:\/\/www.notibras.com\/site\/","name":"Notibras","description":"Not\u00edcias de Bras\u00edlia, do Brasil e do Mundo","publisher":{"@id":"https:\/\/www.notibras.com\/site\/#organization"},"potentialAction":[{"@type":"SearchAction","target":{"@type":"EntryPoint","urlTemplate":"https:\/\/www.notibras.com\/site\/?s={search_term_string}"},"query-input":{"@type":"PropertyValueSpecification","valueRequired":true,"valueName":"search_term_string"}}],"inLanguage":"pt-BR"},{"@type":"Organization","@id":"https:\/\/www.notibras.com\/site\/#organization","name":"Grupo Notibras de Comunica\u00e7\u00e3o","url":"https:\/\/www.notibras.com\/site\/","logo":{"@type":"ImageObject","inLanguage":"pt-BR","@id":"https:\/\/www.notibras.com\/site\/#\/schema\/logo\/image\/","url":"https:\/\/www.notibras.com\/site\/wp-content\/uploads\/2023\/01\/notibras23.png","contentUrl":"https:\/\/www.notibras.com\/site\/wp-content\/uploads\/2023\/01\/notibras23.png","width":350,"height":87,"caption":"Grupo Notibras de Comunica\u00e7\u00e3o"},"image":{"@id":"https:\/\/www.notibras.com\/site\/#\/schema\/logo\/image\/"},"sameAs":["https:\/\/www.facebook.com\/notibras\/","https:\/\/x.com\/Notibras","https:\/\/www.instagram.com\/notibras\/"]},{"@type":"Person","@id":"https:\/\/www.notibras.com\/site\/#\/schema\/person\/5b7fabf2aedc3ada2105f03b22b4d3dd","name":"Eduardo Mart\u00ednez","image":{"@type":"ImageObject","inLanguage":"pt-BR","@id":"https:\/\/secure.gravatar.com\/avatar\/7902f906289926289cbcda644b5197c796b893c6ffd7b9a536a42d290f7704a0?s=96&d=mm&r=g","url":"https:\/\/secure.gravatar.com\/avatar\/7902f906289926289cbcda644b5197c796b893c6ffd7b9a536a42d290f7704a0?s=96&d=mm&r=g","contentUrl":"https:\/\/secure.gravatar.com\/avatar\/7902f906289926289cbcda644b5197c796b893c6ffd7b9a536a42d290f7704a0?s=96&d=mm&r=g","caption":"Eduardo Mart\u00ednez"}}]}},"amp_enabled":true,"_links":{"self":[{"href":"https:\/\/www.notibras.com\/site\/wp-json\/wp\/v2\/posts\/380727","targetHints":{"allow":["GET"]}}],"collection":[{"href":"https:\/\/www.notibras.com\/site\/wp-json\/wp\/v2\/posts"}],"about":[{"href":"https:\/\/www.notibras.com\/site\/wp-json\/wp\/v2\/types\/post"}],"author":[{"embeddable":true,"href":"https:\/\/www.notibras.com\/site\/wp-json\/wp\/v2\/users\/21"}],"replies":[{"embeddable":true,"href":"https:\/\/www.notibras.com\/site\/wp-json\/wp\/v2\/comments?post=380727"}],"version-history":[{"count":5,"href":"https:\/\/www.notibras.com\/site\/wp-json\/wp\/v2\/posts\/380727\/revisions"}],"predecessor-version":[{"id":380896,"href":"https:\/\/www.notibras.com\/site\/wp-json\/wp\/v2\/posts\/380727\/revisions\/380896"}],"wp:featuredmedia":[{"embeddable":true,"href":"https:\/\/www.notibras.com\/site\/wp-json\/wp\/v2\/media\/380729"}],"wp:attachment":[{"href":"https:\/\/www.notibras.com\/site\/wp-json\/wp\/v2\/media?parent=380727"}],"wp:term":[{"taxonomy":"category","embeddable":true,"href":"https:\/\/www.notibras.com\/site\/wp-json\/wp\/v2\/categories?post=380727"},{"taxonomy":"post_tag","embeddable":true,"href":"https:\/\/www.notibras.com\/site\/wp-json\/wp\/v2\/tags?post=380727"}],"curies":[{"name":"wp","href":"https:\/\/api.w.org\/{rel}","templated":true}]}}