{"id":380760,"date":"2026-01-27T07:01:16","date_gmt":"2026-01-27T10:01:16","guid":{"rendered":"https:\/\/www.notibras.com\/site\/?p=380760"},"modified":"2026-01-27T07:04:29","modified_gmt":"2026-01-27T10:04:29","slug":"depois-da-marcha-com-raio-vira-a-ruptura","status":"publish","type":"post","link":"https:\/\/www.notibras.com\/site\/depois-da-marcha-com-raio-vira-a-ruptura\/","title":{"rendered":"Depois da marcha com raio, vir\u00e1 a ruptura?"},"content":{"rendered":"<p>\u00c0 exce\u00e7\u00e3o do Carnaval, o Brasil n\u00e3o \u00e9 um pa\u00eds de rua constante. A ocupa\u00e7\u00e3o do espa\u00e7o p\u00fablico, por aqui, n\u00e3o \u00e9 pr\u00e1tica regular nem exerc\u00edcio cont\u00ednuo de cidadania. Ela acontece em ciclos raros, quase sempre depois de longos per\u00edodos de acomoda\u00e7\u00e3o, quando a pol\u00edtica institucional deixa de absorver tens\u00f5es e algum fato, \u00e0s vezes grande, \u00e0s vezes aparentemente banal, rompe a in\u00e9rcia social. Quando a rua se imp\u00f5e, a hist\u00f3ria brasileira mostra que seus efeitos nunca foram lineares.<\/p>\n<p>Nos anos 1960, as marchas da fam\u00edlia, realizadas em v\u00e1rias capitais, produziram visibilidade e volume, mas serviram como pano de fundo para um desfecho decidido fora da rua, nos quart\u00e9is e nos arranjos institucionais. As Diretas J\u00e1, duas d\u00e9cadas depois, mobilizaram milh\u00f5es, n\u00e3o obtiveram vit\u00f3ria imediata, mas deixaram marcas que seriam consolidadas adiante. Os caras-pintadas talvez representem o exemplo mais direto de conex\u00e3o entre mobiliza\u00e7\u00e3o e consequ\u00eancia pol\u00edtica, ainda que epis\u00f3dica.<\/p>\n<p>Em 2013, o roteiro mudou de forma mais profunda. As manifesta\u00e7\u00f5es detonadas pelo aumento das tarifas de transporte, come\u00e7ando em S\u00e3o Paulo, n\u00e3o foram apenas um protesto por centavos. Elas romperam um estado de adormecimento prolongado, especialmente entre os mais jovens, que at\u00e9 ent\u00e3o pareciam integrados ao consumo, \u00e0s redes e a uma pol\u00edtica distante. N\u00e3o houve s\u00edntese nem lideran\u00e7a clara. Houve fratura. A rua voltou a ser percebida como espa\u00e7o poss\u00edvel de interven\u00e7\u00e3o, mas tamb\u00e9m como territ\u00f3rio inst\u00e1vel, aberto a apropria\u00e7\u00f5es m\u00faltiplas e muitas vezes contradit\u00f3rias.<\/p>\n<p>Nos anos seguintes, as mobiliza\u00e7\u00f5es pelo impeachment de Dilma Rousseff mostraram que a rua podia, sim, pressionar o sistema e produzir um desfecho institucional. Ainda assim, o processo pouco alterou a l\u00f3gica estrutural do poder pol\u00edtico. Mudaram-se pe\u00e7as, preservaram-se engrenagens.<\/p>\n<p>O 8 de janeiro introduz outro marco. N\u00e3o foi marcha, tampouco manifesta\u00e7\u00e3o cl\u00e1ssica. Foi uma ruptura simb\u00f3lica grave, que alterou o modo como o Estado, as institui\u00e7\u00f5es e a pr\u00f3pria sociedade passaram a olhar para qualquer ocupa\u00e7\u00e3o do espa\u00e7o p\u00fablico associada \u00e0 contesta\u00e7\u00e3o pol\u00edtica. Desde ent\u00e3o, a rua carrega mais camadas de leitura, mais vigil\u00e2ncia e mais cautela do que em outros per\u00edodos.<\/p>\n<p>\u00c9 nesse ambiente que ocorre a caminhada convocada por Nikolas Ferreira. Houve presen\u00e7a, engajamento e disposi\u00e7\u00e3o de caminhar. Esse \u00e9 o dado observ\u00e1vel. N\u00e3o mais do que isso. Qualquer tentativa de atribuir \u00e0 marcha um peso hist\u00f3rico que ainda n\u00e3o se revelou transforma expectativa em an\u00e1lise.<\/p>\n<p>A experi\u00eancia brasileira sugere que a rua pressiona, mas raramente governa. O sistema pol\u00edtico, por sua vez, aprendeu a esperar, a absorver sinais e a traduzir seletivamente aquilo que lhe conv\u00e9m. O efeito de uma mobiliza\u00e7\u00e3o n\u00e3o est\u00e1 no ato em si, mas na sua capacidade de atravessar o espa\u00e7o simb\u00f3lico e alcan\u00e7ar o terreno das decis\u00f5es. Sem tradu\u00e7\u00e3o institucional, sem agenda consequente, sem desdobramento concreto, a caminhada permanece como registro, n\u00e3o como inflex\u00e3o.<\/p>\n<p>A pergunta, portanto, n\u00e3o \u00e9 sobre o tamanho da marcha nem sobre a for\u00e7a de sua convoca\u00e7\u00e3o, mas sobre o que vem depois. Se ela chegar\u00e1 al\u00e9m da Pra\u00e7a do Cruzeiro, n\u00e3o em metros percorridos, mas em impacto pol\u00edtico real.<\/p>\n<p>A hist\u00f3ria brasileira mostra que caminhar pode anteceder mudan\u00e7as, legitimar rupturas ou simplesmente marcar o momento em que uma insatisfa\u00e7\u00e3o decidiu, por algumas horas, sair de casa. O sentido, quando existe, quase nunca se anuncia no percurso. Costuma aparecer depois. Se aparecer.<\/p>\n","protected":false},"excerpt":{"rendered":"<p>\u00c0 exce\u00e7\u00e3o do Carnaval, o Brasil n\u00e3o \u00e9 um pa\u00eds de rua constante. A ocupa\u00e7\u00e3o do espa\u00e7o p\u00fablico, por aqui, n\u00e3o \u00e9 pr\u00e1tica regular nem exerc\u00edcio cont\u00ednuo de cidadania. Ela acontece em ciclos raros, quase sempre depois de longos per\u00edodos de acomoda\u00e7\u00e3o, quando a pol\u00edtica institucional deixa de absorver tens\u00f5es e algum fato, \u00e0s vezes [&hellip;]<\/p>\n","protected":false},"author":2,"featured_media":380761,"comment_status":"closed","ping_status":"closed","sticky":false,"template":"","format":"standard","meta":{"_acf_changed":false,"footnotes":""},"categories":[16],"tags":[95],"class_list":["post-380760","post","type-post","status-publish","format-standard","has-post-thumbnail","hentry","category-brasil","tag-capa"],"acf":[],"yoast_head":"<!-- This site is optimized with the Yoast SEO plugin v27.2 - https:\/\/yoast.com\/product\/yoast-seo-wordpress\/ -->\n<title>Depois da marcha com raio, vir\u00e1 a ruptura? - Notibras<\/title>\n<meta name=\"robots\" content=\"index, follow, max-snippet:-1, max-image-preview:large, max-video-preview:-1\" \/>\n<link rel=\"canonical\" href=\"https:\/\/www.notibras.com\/site\/depois-da-marcha-com-raio-vira-a-ruptura\/\" \/>\n<meta property=\"og:locale\" content=\"pt_BR\" \/>\n<meta property=\"og:type\" content=\"article\" \/>\n<meta property=\"og:title\" content=\"Depois da marcha com raio, vir\u00e1 a ruptura? - Notibras\" \/>\n<meta property=\"og:description\" content=\"\u00c0 exce\u00e7\u00e3o do Carnaval, o Brasil n\u00e3o \u00e9 um pa\u00eds de rua constante. A ocupa\u00e7\u00e3o do espa\u00e7o p\u00fablico, por aqui, n\u00e3o \u00e9 pr\u00e1tica regular nem exerc\u00edcio cont\u00ednuo de cidadania. Ela acontece em ciclos raros, quase sempre depois de longos per\u00edodos de acomoda\u00e7\u00e3o, quando a pol\u00edtica institucional deixa de absorver tens\u00f5es e algum fato, \u00e0s vezes [&hellip;]\" \/>\n<meta property=\"og:url\" content=\"https:\/\/www.notibras.com\/site\/depois-da-marcha-com-raio-vira-a-ruptura\/\" \/>\n<meta property=\"og:site_name\" content=\"Notibras\" \/>\n<meta property=\"article:publisher\" content=\"https:\/\/www.facebook.com\/notibras\/\" \/>\n<meta property=\"article:published_time\" content=\"2026-01-27T10:01:16+00:00\" \/>\n<meta property=\"article:modified_time\" content=\"2026-01-27T10:04:29+00:00\" \/>\n<meta property=\"og:image\" content=\"https:\/\/www.notibras.com\/site\/wp-content\/uploads\/2026\/01\/29dfff00-1075-45bd-bcce-b1973e9e835b.jpg\" \/>\n\t<meta property=\"og:image:width\" content=\"1536\" \/>\n\t<meta property=\"og:image:height\" content=\"1024\" \/>\n\t<meta property=\"og:image:type\" content=\"image\/jpeg\" \/>\n<meta name=\"author\" content=\"Reda\u00e7\u00e3o\" \/>\n<meta name=\"twitter:card\" content=\"summary_large_image\" \/>\n<meta name=\"twitter:creator\" content=\"@Notibras\" \/>\n<meta name=\"twitter:site\" content=\"@Notibras\" \/>\n<meta name=\"twitter:label1\" content=\"Escrito por\" \/>\n\t<meta name=\"twitter:data1\" content=\"Reda\u00e7\u00e3o\" \/>\n\t<meta name=\"twitter:label2\" content=\"Est. tempo de leitura\" \/>\n\t<meta name=\"twitter:data2\" content=\"4 minutos\" \/>\n<script type=\"application\/ld+json\" class=\"yoast-schema-graph\">{\"@context\":\"https:\/\/schema.org\",\"@graph\":[{\"@type\":\"Article\",\"@id\":\"https:\/\/www.notibras.com\/site\/depois-da-marcha-com-raio-vira-a-ruptura\/#article\",\"isPartOf\":{\"@id\":\"https:\/\/www.notibras.com\/site\/depois-da-marcha-com-raio-vira-a-ruptura\/\"},\"author\":{\"name\":\"Reda\u00e7\u00e3o\",\"@id\":\"https:\/\/www.notibras.com\/site\/#\/schema\/person\/36ab0979449956132d3e5b517ea76ac8\"},\"headline\":\"Depois da marcha com raio, vir\u00e1 a ruptura?\",\"datePublished\":\"2026-01-27T10:01:16+00:00\",\"dateModified\":\"2026-01-27T10:04:29+00:00\",\"mainEntityOfPage\":{\"@id\":\"https:\/\/www.notibras.com\/site\/depois-da-marcha-com-raio-vira-a-ruptura\/\"},\"wordCount\":633,\"publisher\":{\"@id\":\"https:\/\/www.notibras.com\/site\/#organization\"},\"image\":{\"@id\":\"https:\/\/www.notibras.com\/site\/depois-da-marcha-com-raio-vira-a-ruptura\/#primaryimage\"},\"thumbnailUrl\":\"https:\/\/www.notibras.com\/site\/wp-content\/uploads\/2026\/01\/29dfff00-1075-45bd-bcce-b1973e9e835b.jpg\",\"keywords\":[\"capa\"],\"articleSection\":[\"Brasil\"],\"inLanguage\":\"pt-BR\"},{\"@type\":\"WebPage\",\"@id\":\"https:\/\/www.notibras.com\/site\/depois-da-marcha-com-raio-vira-a-ruptura\/\",\"url\":\"https:\/\/www.notibras.com\/site\/depois-da-marcha-com-raio-vira-a-ruptura\/\",\"name\":\"Depois da marcha com raio, vir\u00e1 a ruptura? - Notibras\",\"isPartOf\":{\"@id\":\"https:\/\/www.notibras.com\/site\/#website\"},\"primaryImageOfPage\":{\"@id\":\"https:\/\/www.notibras.com\/site\/depois-da-marcha-com-raio-vira-a-ruptura\/#primaryimage\"},\"image\":{\"@id\":\"https:\/\/www.notibras.com\/site\/depois-da-marcha-com-raio-vira-a-ruptura\/#primaryimage\"},\"thumbnailUrl\":\"https:\/\/www.notibras.com\/site\/wp-content\/uploads\/2026\/01\/29dfff00-1075-45bd-bcce-b1973e9e835b.jpg\",\"datePublished\":\"2026-01-27T10:01:16+00:00\",\"dateModified\":\"2026-01-27T10:04:29+00:00\",\"breadcrumb\":{\"@id\":\"https:\/\/www.notibras.com\/site\/depois-da-marcha-com-raio-vira-a-ruptura\/#breadcrumb\"},\"inLanguage\":\"pt-BR\",\"potentialAction\":[{\"@type\":\"ReadAction\",\"target\":[\"https:\/\/www.notibras.com\/site\/depois-da-marcha-com-raio-vira-a-ruptura\/\"]}]},{\"@type\":\"ImageObject\",\"inLanguage\":\"pt-BR\",\"@id\":\"https:\/\/www.notibras.com\/site\/depois-da-marcha-com-raio-vira-a-ruptura\/#primaryimage\",\"url\":\"https:\/\/www.notibras.com\/site\/wp-content\/uploads\/2026\/01\/29dfff00-1075-45bd-bcce-b1973e9e835b.jpg\",\"contentUrl\":\"https:\/\/www.notibras.com\/site\/wp-content\/uploads\/2026\/01\/29dfff00-1075-45bd-bcce-b1973e9e835b.jpg\",\"width\":1536,\"height\":1024},{\"@type\":\"BreadcrumbList\",\"@id\":\"https:\/\/www.notibras.com\/site\/depois-da-marcha-com-raio-vira-a-ruptura\/#breadcrumb\",\"itemListElement\":[{\"@type\":\"ListItem\",\"position\":1,\"name\":\"In\u00edcio\",\"item\":\"https:\/\/www.notibras.com\/site\/\"},{\"@type\":\"ListItem\",\"position\":2,\"name\":\"Depois da marcha com raio, vir\u00e1 a ruptura?\"}]},{\"@type\":\"WebSite\",\"@id\":\"https:\/\/www.notibras.com\/site\/#website\",\"url\":\"https:\/\/www.notibras.com\/site\/\",\"name\":\"Notibras\",\"description\":\"Not\u00edcias de Bras\u00edlia, do Brasil e do Mundo\",\"publisher\":{\"@id\":\"https:\/\/www.notibras.com\/site\/#organization\"},\"potentialAction\":[{\"@type\":\"SearchAction\",\"target\":{\"@type\":\"EntryPoint\",\"urlTemplate\":\"https:\/\/www.notibras.com\/site\/?s={search_term_string}\"},\"query-input\":{\"@type\":\"PropertyValueSpecification\",\"valueRequired\":true,\"valueName\":\"search_term_string\"}}],\"inLanguage\":\"pt-BR\"},{\"@type\":\"Organization\",\"@id\":\"https:\/\/www.notibras.com\/site\/#organization\",\"name\":\"Grupo Notibras de Comunica\u00e7\u00e3o\",\"url\":\"https:\/\/www.notibras.com\/site\/\",\"logo\":{\"@type\":\"ImageObject\",\"inLanguage\":\"pt-BR\",\"@id\":\"https:\/\/www.notibras.com\/site\/#\/schema\/logo\/image\/\",\"url\":\"https:\/\/www.notibras.com\/site\/wp-content\/uploads\/2023\/01\/notibras23.png\",\"contentUrl\":\"https:\/\/www.notibras.com\/site\/wp-content\/uploads\/2023\/01\/notibras23.png\",\"width\":350,\"height\":87,\"caption\":\"Grupo Notibras de Comunica\u00e7\u00e3o\"},\"image\":{\"@id\":\"https:\/\/www.notibras.com\/site\/#\/schema\/logo\/image\/\"},\"sameAs\":[\"https:\/\/www.facebook.com\/notibras\/\",\"https:\/\/x.com\/Notibras\",\"https:\/\/www.instagram.com\/notibras\/\"]},{\"@type\":\"Person\",\"@id\":\"https:\/\/www.notibras.com\/site\/#\/schema\/person\/36ab0979449956132d3e5b517ea76ac8\",\"name\":\"Reda\u00e7\u00e3o\",\"image\":{\"@type\":\"ImageObject\",\"inLanguage\":\"pt-BR\",\"@id\":\"https:\/\/secure.gravatar.com\/avatar\/e0a867bdedb85fd243eadf09663511f96fc81e0720a4a42581f334ad4303aa6b?s=96&d=mm&r=g\",\"url\":\"https:\/\/secure.gravatar.com\/avatar\/e0a867bdedb85fd243eadf09663511f96fc81e0720a4a42581f334ad4303aa6b?s=96&d=mm&r=g\",\"contentUrl\":\"https:\/\/secure.gravatar.com\/avatar\/e0a867bdedb85fd243eadf09663511f96fc81e0720a4a42581f334ad4303aa6b?s=96&d=mm&r=g\",\"caption\":\"Reda\u00e7\u00e3o\"}}]}<\/script>\n<!-- \/ Yoast SEO plugin. -->","yoast_head_json":{"title":"Depois da marcha com raio, vir\u00e1 a ruptura? - Notibras","robots":{"index":"index","follow":"follow","max-snippet":"max-snippet:-1","max-image-preview":"max-image-preview:large","max-video-preview":"max-video-preview:-1"},"canonical":"https:\/\/www.notibras.com\/site\/depois-da-marcha-com-raio-vira-a-ruptura\/","og_locale":"pt_BR","og_type":"article","og_title":"Depois da marcha com raio, vir\u00e1 a ruptura? - Notibras","og_description":"\u00c0 exce\u00e7\u00e3o do Carnaval, o Brasil n\u00e3o \u00e9 um pa\u00eds de rua constante. A ocupa\u00e7\u00e3o do espa\u00e7o p\u00fablico, por aqui, n\u00e3o \u00e9 pr\u00e1tica regular nem exerc\u00edcio cont\u00ednuo de cidadania. Ela acontece em ciclos raros, quase sempre depois de longos per\u00edodos de acomoda\u00e7\u00e3o, quando a pol\u00edtica institucional deixa de absorver tens\u00f5es e algum fato, \u00e0s vezes [&hellip;]","og_url":"https:\/\/www.notibras.com\/site\/depois-da-marcha-com-raio-vira-a-ruptura\/","og_site_name":"Notibras","article_publisher":"https:\/\/www.facebook.com\/notibras\/","article_published_time":"2026-01-27T10:01:16+00:00","article_modified_time":"2026-01-27T10:04:29+00:00","og_image":[{"width":1536,"height":1024,"url":"https:\/\/www.notibras.com\/site\/wp-content\/uploads\/2026\/01\/29dfff00-1075-45bd-bcce-b1973e9e835b.jpg","type":"image\/jpeg"}],"author":"Reda\u00e7\u00e3o","twitter_card":"summary_large_image","twitter_creator":"@Notibras","twitter_site":"@Notibras","twitter_misc":{"Escrito por":"Reda\u00e7\u00e3o","Est. tempo de leitura":"4 minutos"},"schema":{"@context":"https:\/\/schema.org","@graph":[{"@type":"Article","@id":"https:\/\/www.notibras.com\/site\/depois-da-marcha-com-raio-vira-a-ruptura\/#article","isPartOf":{"@id":"https:\/\/www.notibras.com\/site\/depois-da-marcha-com-raio-vira-a-ruptura\/"},"author":{"name":"Reda\u00e7\u00e3o","@id":"https:\/\/www.notibras.com\/site\/#\/schema\/person\/36ab0979449956132d3e5b517ea76ac8"},"headline":"Depois da marcha com raio, vir\u00e1 a ruptura?","datePublished":"2026-01-27T10:01:16+00:00","dateModified":"2026-01-27T10:04:29+00:00","mainEntityOfPage":{"@id":"https:\/\/www.notibras.com\/site\/depois-da-marcha-com-raio-vira-a-ruptura\/"},"wordCount":633,"publisher":{"@id":"https:\/\/www.notibras.com\/site\/#organization"},"image":{"@id":"https:\/\/www.notibras.com\/site\/depois-da-marcha-com-raio-vira-a-ruptura\/#primaryimage"},"thumbnailUrl":"https:\/\/www.notibras.com\/site\/wp-content\/uploads\/2026\/01\/29dfff00-1075-45bd-bcce-b1973e9e835b.jpg","keywords":["capa"],"articleSection":["Brasil"],"inLanguage":"pt-BR"},{"@type":"WebPage","@id":"https:\/\/www.notibras.com\/site\/depois-da-marcha-com-raio-vira-a-ruptura\/","url":"https:\/\/www.notibras.com\/site\/depois-da-marcha-com-raio-vira-a-ruptura\/","name":"Depois da marcha com raio, vir\u00e1 a ruptura? - Notibras","isPartOf":{"@id":"https:\/\/www.notibras.com\/site\/#website"},"primaryImageOfPage":{"@id":"https:\/\/www.notibras.com\/site\/depois-da-marcha-com-raio-vira-a-ruptura\/#primaryimage"},"image":{"@id":"https:\/\/www.notibras.com\/site\/depois-da-marcha-com-raio-vira-a-ruptura\/#primaryimage"},"thumbnailUrl":"https:\/\/www.notibras.com\/site\/wp-content\/uploads\/2026\/01\/29dfff00-1075-45bd-bcce-b1973e9e835b.jpg","datePublished":"2026-01-27T10:01:16+00:00","dateModified":"2026-01-27T10:04:29+00:00","breadcrumb":{"@id":"https:\/\/www.notibras.com\/site\/depois-da-marcha-com-raio-vira-a-ruptura\/#breadcrumb"},"inLanguage":"pt-BR","potentialAction":[{"@type":"ReadAction","target":["https:\/\/www.notibras.com\/site\/depois-da-marcha-com-raio-vira-a-ruptura\/"]}]},{"@type":"ImageObject","inLanguage":"pt-BR","@id":"https:\/\/www.notibras.com\/site\/depois-da-marcha-com-raio-vira-a-ruptura\/#primaryimage","url":"https:\/\/www.notibras.com\/site\/wp-content\/uploads\/2026\/01\/29dfff00-1075-45bd-bcce-b1973e9e835b.jpg","contentUrl":"https:\/\/www.notibras.com\/site\/wp-content\/uploads\/2026\/01\/29dfff00-1075-45bd-bcce-b1973e9e835b.jpg","width":1536,"height":1024},{"@type":"BreadcrumbList","@id":"https:\/\/www.notibras.com\/site\/depois-da-marcha-com-raio-vira-a-ruptura\/#breadcrumb","itemListElement":[{"@type":"ListItem","position":1,"name":"In\u00edcio","item":"https:\/\/www.notibras.com\/site\/"},{"@type":"ListItem","position":2,"name":"Depois da marcha com raio, vir\u00e1 a ruptura?"}]},{"@type":"WebSite","@id":"https:\/\/www.notibras.com\/site\/#website","url":"https:\/\/www.notibras.com\/site\/","name":"Notibras","description":"Not\u00edcias de Bras\u00edlia, do Brasil e do Mundo","publisher":{"@id":"https:\/\/www.notibras.com\/site\/#organization"},"potentialAction":[{"@type":"SearchAction","target":{"@type":"EntryPoint","urlTemplate":"https:\/\/www.notibras.com\/site\/?s={search_term_string}"},"query-input":{"@type":"PropertyValueSpecification","valueRequired":true,"valueName":"search_term_string"}}],"inLanguage":"pt-BR"},{"@type":"Organization","@id":"https:\/\/www.notibras.com\/site\/#organization","name":"Grupo Notibras de Comunica\u00e7\u00e3o","url":"https:\/\/www.notibras.com\/site\/","logo":{"@type":"ImageObject","inLanguage":"pt-BR","@id":"https:\/\/www.notibras.com\/site\/#\/schema\/logo\/image\/","url":"https:\/\/www.notibras.com\/site\/wp-content\/uploads\/2023\/01\/notibras23.png","contentUrl":"https:\/\/www.notibras.com\/site\/wp-content\/uploads\/2023\/01\/notibras23.png","width":350,"height":87,"caption":"Grupo Notibras de Comunica\u00e7\u00e3o"},"image":{"@id":"https:\/\/www.notibras.com\/site\/#\/schema\/logo\/image\/"},"sameAs":["https:\/\/www.facebook.com\/notibras\/","https:\/\/x.com\/Notibras","https:\/\/www.instagram.com\/notibras\/"]},{"@type":"Person","@id":"https:\/\/www.notibras.com\/site\/#\/schema\/person\/36ab0979449956132d3e5b517ea76ac8","name":"Reda\u00e7\u00e3o","image":{"@type":"ImageObject","inLanguage":"pt-BR","@id":"https:\/\/secure.gravatar.com\/avatar\/e0a867bdedb85fd243eadf09663511f96fc81e0720a4a42581f334ad4303aa6b?s=96&d=mm&r=g","url":"https:\/\/secure.gravatar.com\/avatar\/e0a867bdedb85fd243eadf09663511f96fc81e0720a4a42581f334ad4303aa6b?s=96&d=mm&r=g","contentUrl":"https:\/\/secure.gravatar.com\/avatar\/e0a867bdedb85fd243eadf09663511f96fc81e0720a4a42581f334ad4303aa6b?s=96&d=mm&r=g","caption":"Reda\u00e7\u00e3o"}}]}},"amp_enabled":true,"_links":{"self":[{"href":"https:\/\/www.notibras.com\/site\/wp-json\/wp\/v2\/posts\/380760","targetHints":{"allow":["GET"]}}],"collection":[{"href":"https:\/\/www.notibras.com\/site\/wp-json\/wp\/v2\/posts"}],"about":[{"href":"https:\/\/www.notibras.com\/site\/wp-json\/wp\/v2\/types\/post"}],"author":[{"embeddable":true,"href":"https:\/\/www.notibras.com\/site\/wp-json\/wp\/v2\/users\/2"}],"replies":[{"embeddable":true,"href":"https:\/\/www.notibras.com\/site\/wp-json\/wp\/v2\/comments?post=380760"}],"version-history":[{"count":2,"href":"https:\/\/www.notibras.com\/site\/wp-json\/wp\/v2\/posts\/380760\/revisions"}],"predecessor-version":[{"id":380763,"href":"https:\/\/www.notibras.com\/site\/wp-json\/wp\/v2\/posts\/380760\/revisions\/380763"}],"wp:featuredmedia":[{"embeddable":true,"href":"https:\/\/www.notibras.com\/site\/wp-json\/wp\/v2\/media\/380761"}],"wp:attachment":[{"href":"https:\/\/www.notibras.com\/site\/wp-json\/wp\/v2\/media?parent=380760"}],"wp:term":[{"taxonomy":"category","embeddable":true,"href":"https:\/\/www.notibras.com\/site\/wp-json\/wp\/v2\/categories?post=380760"},{"taxonomy":"post_tag","embeddable":true,"href":"https:\/\/www.notibras.com\/site\/wp-json\/wp\/v2\/tags?post=380760"}],"curies":[{"name":"wp","href":"https:\/\/api.w.org\/{rel}","templated":true}]}}