{"id":380764,"date":"2026-01-27T06:12:02","date_gmt":"2026-01-27T09:12:02","guid":{"rendered":"https:\/\/www.notibras.com\/site\/?p=380764"},"modified":"2026-01-27T07:17:22","modified_gmt":"2026-01-27T10:17:22","slug":"brasil-precisa-semear-educacao-com-sabedoria-e-colher-com-paciencia","status":"publish","type":"post","link":"https:\/\/www.notibras.com\/site\/brasil-precisa-semear-educacao-com-sabedoria-e-colher-com-paciencia\/","title":{"rendered":"Brasil precisa semear educa\u00e7\u00e3o com sabedoria e colher com paci\u00eancia"},"content":{"rendered":"<p>Um dos temas mais sens\u00edveis para qualquer ser humano, a educa\u00e7\u00e3o \u00e9 o grande segredo do aperfei\u00e7oamento da humanidade. N\u00e3o \u00e0 toa, desde o in\u00edcio de nossa exist\u00eancia, figuras hist\u00f3ricas jamais deixaram de avaliar o saber como a forma mais f\u00e1cil, r\u00e1pida e barata de mudar o mundo. Para ilustrar a import\u00e2ncia do conhecimento sobre a evolu\u00e7\u00e3o do povo, vale lembrar que, certa feita, o economista brit\u00e2nico Sir Willian Arthur Lewis resolveu seguir o aconselhamento do fil\u00f3sofo grego Pit\u00e1goras e sugeriu ao governo do Reino Unido educar as crian\u00e7as para que n\u00e3o fosse necess\u00e1rio punir os adultos. Algu\u00e9m precisa fazer o mesmo com os governantes brasileiros.<\/p>\n<p>Mais enf\u00e1tico, o ativista afro-americano Malcom X disse o que repito nesta narrativa: \u201cA educa\u00e7\u00e3o \u00e9 nosso passaporte para o futuro, pois o amanh\u00e3 pertence \u00e0s pessoas que se preparam hoje\u201d. Mesmo sem ser s\u00e1bio, parto sempre do pressuposto de que a educa\u00e7\u00e3o pode at\u00e9 n\u00e3o transformar o mundo, mas certamente muda as pessoas que transformam o mundo. Por isso, fa\u00e7o minhas as palavras de um outro fil\u00f3sofo que parece do nosso tempo, Arist\u00f3teles, para quem a educa\u00e7\u00e3o pode ter ra\u00edzes amargas, mas seus frutos s\u00e3o doces. Enfim, educar \u00e9 mostrar a vida a quem ainda n\u00e3o a viu. Desde minha viv\u00eancia acad\u00eamica e, principalmente, como entusiasta da educa\u00e7\u00e3o para todos, tenho convic\u00e7\u00e3o de que a sapi\u00eancia n\u00e3o tem pre\u00e7o.<\/p>\n<p>Todavia, o custo de sua falta \u00e9 bastante alto. Depois de quatro anos jogados no lixo, ineg\u00e1vel que h\u00e1 tr\u00eas anos estamos recuperando o tempo perdido. Temos hoje alguns avan\u00e7os significativos no que diz respeito \u00e0 infraestrutura, forma\u00e7\u00e3o de professores, material did\u00e1tico, inova\u00e7\u00f5es tecnol\u00f3gicas, entre outros aspectos que favorecem a aprendizagem. Entretanto, os problemas do setor ainda s\u00e3o graves. Em v\u00e1rios estados da Federa\u00e7\u00e3o, a situa\u00e7\u00e3o \u00e9 grav\u00edssima. De acordo com o Censo Escolar de 2022, mais de 1 milh\u00e3o de crian\u00e7as e adolescentes de 4 a 17 anos est\u00e3o fora da escola. Os desafios s\u00e3o muitos. De t\u00e3o antigos, alguns j\u00e1 foram incorporados \u00e0s mazelas da sociedade.<\/p>\n<p>Embora sejam do conhecimento de todos, vale listar que, entre tantos, os problemas mais s\u00e9rios s\u00e3o o acesso \u00e0 escola, o processo de aprendizagem, o modelo distorcido de forma\u00e7\u00e3o de professores, a falta de investimentos e o atraso na inova\u00e7\u00e3o curricular. Resumindo, vivemos um inc\u00f4modo e desproposital marasmo educacional. \u00c9 exatamente esse marasmo o culpado pela ignor\u00e2ncia pol\u00edtica da maioria dos brasileiros. Faz tempo esquecemos de pensar na educa\u00e7\u00e3o como pr\u00e1tica social que visa ao desenvolvimento do ser humano, de suas potencialidades, habilidades e compet\u00eancias. Instru\u00e7\u00e3o \u00e9 um dever do Estado e direito de todo cidad\u00e3o.<\/p>\n<p>Infelizmente, entre 70 pa\u00edses avaliados, o Brasil ocupa a 60\u00aa posi\u00e7\u00e3o no quesito educa\u00e7\u00e3o. Gra\u00e7as a uma pol\u00edtica educacional permanente, Cingapura, Hong Kong, Coreia do Sul, China e Cuba lideram o <i>ranking<\/i>\u00a0mundial, todos com n\u00edveis inferiores a 0,2% de analfabetos entre a popula\u00e7\u00e3o com 15 anos ou mais. Mesmo com o programa social que incentivou a matr\u00edcula de 98% de crian\u00e7as entre 6 e 12 anos, no Brasil ainda \u00e9 surreal o quantitativo de meninos e meninas fora das salas de aula. Outro dado assustador vem do Minist\u00e9rio da Educa\u00e7\u00e3o. Conforme a pasta, a taxa de analfabetismo para os homens acima de 15 anos \u00e9 superior a 6,9%, contra 6,3% para as mulheres da mesma idade.<\/p>\n<p>N\u00e3o podemos perder a sensatez de observar que educar \u00e9 semear com sabedoria e colher com paci\u00eancia. Diante de tantas dificuldades, que pelo menos estejamos atentos \u00e0 tese de que, se achamos a educa\u00e7\u00e3o cara, \u00e9 porque ainda n\u00e3o experimentamos a plenitude da ignor\u00e2ncia. Alarmantes, preocupantes e demasiadamente abusivos, os n\u00fameros evidenciam a import\u00e2ncia de trabalharmos exaustivamente pela melhoria do conhecimento no Brasil. Lembremos sempre de Arthur Lewis, ganhador do Pr\u00eamio Nobel de Ci\u00eancias Econ\u00f4micas de 1979. Segundo ele, educa\u00e7\u00e3o nunca foi despesa. Sempre foi investimento com retorno garantido. Um dia a pol\u00edtica tamb\u00e9m se valer\u00e1 disso.<\/p>\n","protected":false},"excerpt":{"rendered":"<p>Um dos temas mais sens\u00edveis para qualquer ser humano, a educa\u00e7\u00e3o \u00e9 o grande segredo do aperfei\u00e7oamento da humanidade. N\u00e3o \u00e0 toa, desde o in\u00edcio de nossa exist\u00eancia, figuras hist\u00f3ricas jamais deixaram de avaliar o saber como a forma mais f\u00e1cil, r\u00e1pida e barata de mudar o mundo. Para ilustrar a import\u00e2ncia do conhecimento sobre [&hellip;]<\/p>\n","protected":false},"author":2,"featured_media":282694,"comment_status":"closed","ping_status":"closed","sticky":false,"template":"","format":"standard","meta":{"_acf_changed":false,"footnotes":""},"categories":[16],"tags":[],"class_list":["post-380764","post","type-post","status-publish","format-standard","has-post-thumbnail","hentry","category-brasil"],"acf":[],"yoast_head":"<!-- This site is optimized with the Yoast SEO plugin v27.2 - https:\/\/yoast.com\/product\/yoast-seo-wordpress\/ -->\n<title>Brasil precisa semear educa\u00e7\u00e3o com sabedoria e colher com paci\u00eancia - Notibras<\/title>\n<meta name=\"robots\" content=\"index, follow, max-snippet:-1, max-image-preview:large, max-video-preview:-1\" \/>\n<link rel=\"canonical\" href=\"https:\/\/www.notibras.com\/site\/brasil-precisa-semear-educacao-com-sabedoria-e-colher-com-paciencia\/\" \/>\n<meta property=\"og:locale\" content=\"pt_BR\" \/>\n<meta property=\"og:type\" content=\"article\" \/>\n<meta property=\"og:title\" content=\"Brasil precisa semear educa\u00e7\u00e3o com sabedoria e colher com paci\u00eancia - Notibras\" \/>\n<meta property=\"og:description\" content=\"Um dos temas mais sens\u00edveis para qualquer ser humano, a educa\u00e7\u00e3o \u00e9 o grande segredo do aperfei\u00e7oamento da humanidade. N\u00e3o \u00e0 toa, desde o in\u00edcio de nossa exist\u00eancia, figuras hist\u00f3ricas jamais deixaram de avaliar o saber como a forma mais f\u00e1cil, r\u00e1pida e barata de mudar o mundo. Para ilustrar a import\u00e2ncia do conhecimento sobre [&hellip;]\" \/>\n<meta property=\"og:url\" content=\"https:\/\/www.notibras.com\/site\/brasil-precisa-semear-educacao-com-sabedoria-e-colher-com-paciencia\/\" \/>\n<meta property=\"og:site_name\" content=\"Notibras\" \/>\n<meta property=\"article:publisher\" content=\"https:\/\/www.facebook.com\/notibras\/\" \/>\n<meta property=\"article:published_time\" content=\"2026-01-27T09:12:02+00:00\" \/>\n<meta property=\"article:modified_time\" content=\"2026-01-27T10:17:22+00:00\" \/>\n<meta property=\"og:image\" content=\"https:\/\/www.notibras.com\/site\/wp-content\/uploads\/2022\/03\/formatura.jpg\" \/>\n\t<meta property=\"og:image:width\" content=\"1920\" \/>\n\t<meta property=\"og:image:height\" content=\"1080\" \/>\n\t<meta property=\"og:image:type\" content=\"image\/jpeg\" \/>\n<meta name=\"author\" content=\"Reda\u00e7\u00e3o\" \/>\n<meta name=\"twitter:card\" content=\"summary_large_image\" \/>\n<meta name=\"twitter:creator\" content=\"@Notibras\" \/>\n<meta name=\"twitter:site\" content=\"@Notibras\" \/>\n<meta name=\"twitter:label1\" content=\"Escrito por\" \/>\n\t<meta name=\"twitter:data1\" content=\"Reda\u00e7\u00e3o\" \/>\n\t<meta name=\"twitter:label2\" content=\"Est. tempo de leitura\" \/>\n\t<meta name=\"twitter:data2\" content=\"4 minutos\" \/>\n<script type=\"application\/ld+json\" class=\"yoast-schema-graph\">{\"@context\":\"https:\/\/schema.org\",\"@graph\":[{\"@type\":\"Article\",\"@id\":\"https:\/\/www.notibras.com\/site\/brasil-precisa-semear-educacao-com-sabedoria-e-colher-com-paciencia\/#article\",\"isPartOf\":{\"@id\":\"https:\/\/www.notibras.com\/site\/brasil-precisa-semear-educacao-com-sabedoria-e-colher-com-paciencia\/\"},\"author\":{\"name\":\"Reda\u00e7\u00e3o\",\"@id\":\"https:\/\/www.notibras.com\/site\/#\/schema\/person\/36ab0979449956132d3e5b517ea76ac8\"},\"headline\":\"Brasil precisa semear educa\u00e7\u00e3o com sabedoria e colher com paci\u00eancia\",\"datePublished\":\"2026-01-27T09:12:02+00:00\",\"dateModified\":\"2026-01-27T10:17:22+00:00\",\"mainEntityOfPage\":{\"@id\":\"https:\/\/www.notibras.com\/site\/brasil-precisa-semear-educacao-com-sabedoria-e-colher-com-paciencia\/\"},\"wordCount\":716,\"publisher\":{\"@id\":\"https:\/\/www.notibras.com\/site\/#organization\"},\"image\":{\"@id\":\"https:\/\/www.notibras.com\/site\/brasil-precisa-semear-educacao-com-sabedoria-e-colher-com-paciencia\/#primaryimage\"},\"thumbnailUrl\":\"https:\/\/www.notibras.com\/site\/wp-content\/uploads\/2022\/03\/formatura.jpg\",\"articleSection\":[\"Brasil\"],\"inLanguage\":\"pt-BR\"},{\"@type\":\"WebPage\",\"@id\":\"https:\/\/www.notibras.com\/site\/brasil-precisa-semear-educacao-com-sabedoria-e-colher-com-paciencia\/\",\"url\":\"https:\/\/www.notibras.com\/site\/brasil-precisa-semear-educacao-com-sabedoria-e-colher-com-paciencia\/\",\"name\":\"Brasil precisa semear educa\u00e7\u00e3o com sabedoria e colher com paci\u00eancia - Notibras\",\"isPartOf\":{\"@id\":\"https:\/\/www.notibras.com\/site\/#website\"},\"primaryImageOfPage\":{\"@id\":\"https:\/\/www.notibras.com\/site\/brasil-precisa-semear-educacao-com-sabedoria-e-colher-com-paciencia\/#primaryimage\"},\"image\":{\"@id\":\"https:\/\/www.notibras.com\/site\/brasil-precisa-semear-educacao-com-sabedoria-e-colher-com-paciencia\/#primaryimage\"},\"thumbnailUrl\":\"https:\/\/www.notibras.com\/site\/wp-content\/uploads\/2022\/03\/formatura.jpg\",\"datePublished\":\"2026-01-27T09:12:02+00:00\",\"dateModified\":\"2026-01-27T10:17:22+00:00\",\"breadcrumb\":{\"@id\":\"https:\/\/www.notibras.com\/site\/brasil-precisa-semear-educacao-com-sabedoria-e-colher-com-paciencia\/#breadcrumb\"},\"inLanguage\":\"pt-BR\",\"potentialAction\":[{\"@type\":\"ReadAction\",\"target\":[\"https:\/\/www.notibras.com\/site\/brasil-precisa-semear-educacao-com-sabedoria-e-colher-com-paciencia\/\"]}]},{\"@type\":\"ImageObject\",\"inLanguage\":\"pt-BR\",\"@id\":\"https:\/\/www.notibras.com\/site\/brasil-precisa-semear-educacao-com-sabedoria-e-colher-com-paciencia\/#primaryimage\",\"url\":\"https:\/\/www.notibras.com\/site\/wp-content\/uploads\/2022\/03\/formatura.jpg\",\"contentUrl\":\"https:\/\/www.notibras.com\/site\/wp-content\/uploads\/2022\/03\/formatura.jpg\",\"width\":1920,\"height\":1080},{\"@type\":\"BreadcrumbList\",\"@id\":\"https:\/\/www.notibras.com\/site\/brasil-precisa-semear-educacao-com-sabedoria-e-colher-com-paciencia\/#breadcrumb\",\"itemListElement\":[{\"@type\":\"ListItem\",\"position\":1,\"name\":\"In\u00edcio\",\"item\":\"https:\/\/www.notibras.com\/site\/\"},{\"@type\":\"ListItem\",\"position\":2,\"name\":\"Brasil precisa semear educa\u00e7\u00e3o com sabedoria e colher com paci\u00eancia\"}]},{\"@type\":\"WebSite\",\"@id\":\"https:\/\/www.notibras.com\/site\/#website\",\"url\":\"https:\/\/www.notibras.com\/site\/\",\"name\":\"Notibras\",\"description\":\"Not\u00edcias de Bras\u00edlia, do Brasil e do Mundo\",\"publisher\":{\"@id\":\"https:\/\/www.notibras.com\/site\/#organization\"},\"potentialAction\":[{\"@type\":\"SearchAction\",\"target\":{\"@type\":\"EntryPoint\",\"urlTemplate\":\"https:\/\/www.notibras.com\/site\/?s={search_term_string}\"},\"query-input\":{\"@type\":\"PropertyValueSpecification\",\"valueRequired\":true,\"valueName\":\"search_term_string\"}}],\"inLanguage\":\"pt-BR\"},{\"@type\":\"Organization\",\"@id\":\"https:\/\/www.notibras.com\/site\/#organization\",\"name\":\"Grupo Notibras de Comunica\u00e7\u00e3o\",\"url\":\"https:\/\/www.notibras.com\/site\/\",\"logo\":{\"@type\":\"ImageObject\",\"inLanguage\":\"pt-BR\",\"@id\":\"https:\/\/www.notibras.com\/site\/#\/schema\/logo\/image\/\",\"url\":\"https:\/\/www.notibras.com\/site\/wp-content\/uploads\/2023\/01\/notibras23.png\",\"contentUrl\":\"https:\/\/www.notibras.com\/site\/wp-content\/uploads\/2023\/01\/notibras23.png\",\"width\":350,\"height\":87,\"caption\":\"Grupo Notibras de Comunica\u00e7\u00e3o\"},\"image\":{\"@id\":\"https:\/\/www.notibras.com\/site\/#\/schema\/logo\/image\/\"},\"sameAs\":[\"https:\/\/www.facebook.com\/notibras\/\",\"https:\/\/x.com\/Notibras\",\"https:\/\/www.instagram.com\/notibras\/\"]},{\"@type\":\"Person\",\"@id\":\"https:\/\/www.notibras.com\/site\/#\/schema\/person\/36ab0979449956132d3e5b517ea76ac8\",\"name\":\"Reda\u00e7\u00e3o\",\"image\":{\"@type\":\"ImageObject\",\"inLanguage\":\"pt-BR\",\"@id\":\"https:\/\/secure.gravatar.com\/avatar\/e0a867bdedb85fd243eadf09663511f96fc81e0720a4a42581f334ad4303aa6b?s=96&d=mm&r=g\",\"url\":\"https:\/\/secure.gravatar.com\/avatar\/e0a867bdedb85fd243eadf09663511f96fc81e0720a4a42581f334ad4303aa6b?s=96&d=mm&r=g\",\"contentUrl\":\"https:\/\/secure.gravatar.com\/avatar\/e0a867bdedb85fd243eadf09663511f96fc81e0720a4a42581f334ad4303aa6b?s=96&d=mm&r=g\",\"caption\":\"Reda\u00e7\u00e3o\"}}]}<\/script>\n<!-- \/ Yoast SEO plugin. -->","yoast_head_json":{"title":"Brasil precisa semear educa\u00e7\u00e3o com sabedoria e colher com paci\u00eancia - Notibras","robots":{"index":"index","follow":"follow","max-snippet":"max-snippet:-1","max-image-preview":"max-image-preview:large","max-video-preview":"max-video-preview:-1"},"canonical":"https:\/\/www.notibras.com\/site\/brasil-precisa-semear-educacao-com-sabedoria-e-colher-com-paciencia\/","og_locale":"pt_BR","og_type":"article","og_title":"Brasil precisa semear educa\u00e7\u00e3o com sabedoria e colher com paci\u00eancia - Notibras","og_description":"Um dos temas mais sens\u00edveis para qualquer ser humano, a educa\u00e7\u00e3o \u00e9 o grande segredo do aperfei\u00e7oamento da humanidade. N\u00e3o \u00e0 toa, desde o in\u00edcio de nossa exist\u00eancia, figuras hist\u00f3ricas jamais deixaram de avaliar o saber como a forma mais f\u00e1cil, r\u00e1pida e barata de mudar o mundo. Para ilustrar a import\u00e2ncia do conhecimento sobre [&hellip;]","og_url":"https:\/\/www.notibras.com\/site\/brasil-precisa-semear-educacao-com-sabedoria-e-colher-com-paciencia\/","og_site_name":"Notibras","article_publisher":"https:\/\/www.facebook.com\/notibras\/","article_published_time":"2026-01-27T09:12:02+00:00","article_modified_time":"2026-01-27T10:17:22+00:00","og_image":[{"width":1920,"height":1080,"url":"https:\/\/www.notibras.com\/site\/wp-content\/uploads\/2022\/03\/formatura.jpg","type":"image\/jpeg"}],"author":"Reda\u00e7\u00e3o","twitter_card":"summary_large_image","twitter_creator":"@Notibras","twitter_site":"@Notibras","twitter_misc":{"Escrito por":"Reda\u00e7\u00e3o","Est. tempo de leitura":"4 minutos"},"schema":{"@context":"https:\/\/schema.org","@graph":[{"@type":"Article","@id":"https:\/\/www.notibras.com\/site\/brasil-precisa-semear-educacao-com-sabedoria-e-colher-com-paciencia\/#article","isPartOf":{"@id":"https:\/\/www.notibras.com\/site\/brasil-precisa-semear-educacao-com-sabedoria-e-colher-com-paciencia\/"},"author":{"name":"Reda\u00e7\u00e3o","@id":"https:\/\/www.notibras.com\/site\/#\/schema\/person\/36ab0979449956132d3e5b517ea76ac8"},"headline":"Brasil precisa semear educa\u00e7\u00e3o com sabedoria e colher com paci\u00eancia","datePublished":"2026-01-27T09:12:02+00:00","dateModified":"2026-01-27T10:17:22+00:00","mainEntityOfPage":{"@id":"https:\/\/www.notibras.com\/site\/brasil-precisa-semear-educacao-com-sabedoria-e-colher-com-paciencia\/"},"wordCount":716,"publisher":{"@id":"https:\/\/www.notibras.com\/site\/#organization"},"image":{"@id":"https:\/\/www.notibras.com\/site\/brasil-precisa-semear-educacao-com-sabedoria-e-colher-com-paciencia\/#primaryimage"},"thumbnailUrl":"https:\/\/www.notibras.com\/site\/wp-content\/uploads\/2022\/03\/formatura.jpg","articleSection":["Brasil"],"inLanguage":"pt-BR"},{"@type":"WebPage","@id":"https:\/\/www.notibras.com\/site\/brasil-precisa-semear-educacao-com-sabedoria-e-colher-com-paciencia\/","url":"https:\/\/www.notibras.com\/site\/brasil-precisa-semear-educacao-com-sabedoria-e-colher-com-paciencia\/","name":"Brasil precisa semear educa\u00e7\u00e3o com sabedoria e colher com paci\u00eancia - Notibras","isPartOf":{"@id":"https:\/\/www.notibras.com\/site\/#website"},"primaryImageOfPage":{"@id":"https:\/\/www.notibras.com\/site\/brasil-precisa-semear-educacao-com-sabedoria-e-colher-com-paciencia\/#primaryimage"},"image":{"@id":"https:\/\/www.notibras.com\/site\/brasil-precisa-semear-educacao-com-sabedoria-e-colher-com-paciencia\/#primaryimage"},"thumbnailUrl":"https:\/\/www.notibras.com\/site\/wp-content\/uploads\/2022\/03\/formatura.jpg","datePublished":"2026-01-27T09:12:02+00:00","dateModified":"2026-01-27T10:17:22+00:00","breadcrumb":{"@id":"https:\/\/www.notibras.com\/site\/brasil-precisa-semear-educacao-com-sabedoria-e-colher-com-paciencia\/#breadcrumb"},"inLanguage":"pt-BR","potentialAction":[{"@type":"ReadAction","target":["https:\/\/www.notibras.com\/site\/brasil-precisa-semear-educacao-com-sabedoria-e-colher-com-paciencia\/"]}]},{"@type":"ImageObject","inLanguage":"pt-BR","@id":"https:\/\/www.notibras.com\/site\/brasil-precisa-semear-educacao-com-sabedoria-e-colher-com-paciencia\/#primaryimage","url":"https:\/\/www.notibras.com\/site\/wp-content\/uploads\/2022\/03\/formatura.jpg","contentUrl":"https:\/\/www.notibras.com\/site\/wp-content\/uploads\/2022\/03\/formatura.jpg","width":1920,"height":1080},{"@type":"BreadcrumbList","@id":"https:\/\/www.notibras.com\/site\/brasil-precisa-semear-educacao-com-sabedoria-e-colher-com-paciencia\/#breadcrumb","itemListElement":[{"@type":"ListItem","position":1,"name":"In\u00edcio","item":"https:\/\/www.notibras.com\/site\/"},{"@type":"ListItem","position":2,"name":"Brasil precisa semear educa\u00e7\u00e3o com sabedoria e colher com paci\u00eancia"}]},{"@type":"WebSite","@id":"https:\/\/www.notibras.com\/site\/#website","url":"https:\/\/www.notibras.com\/site\/","name":"Notibras","description":"Not\u00edcias de Bras\u00edlia, do Brasil e do Mundo","publisher":{"@id":"https:\/\/www.notibras.com\/site\/#organization"},"potentialAction":[{"@type":"SearchAction","target":{"@type":"EntryPoint","urlTemplate":"https:\/\/www.notibras.com\/site\/?s={search_term_string}"},"query-input":{"@type":"PropertyValueSpecification","valueRequired":true,"valueName":"search_term_string"}}],"inLanguage":"pt-BR"},{"@type":"Organization","@id":"https:\/\/www.notibras.com\/site\/#organization","name":"Grupo Notibras de Comunica\u00e7\u00e3o","url":"https:\/\/www.notibras.com\/site\/","logo":{"@type":"ImageObject","inLanguage":"pt-BR","@id":"https:\/\/www.notibras.com\/site\/#\/schema\/logo\/image\/","url":"https:\/\/www.notibras.com\/site\/wp-content\/uploads\/2023\/01\/notibras23.png","contentUrl":"https:\/\/www.notibras.com\/site\/wp-content\/uploads\/2023\/01\/notibras23.png","width":350,"height":87,"caption":"Grupo Notibras de Comunica\u00e7\u00e3o"},"image":{"@id":"https:\/\/www.notibras.com\/site\/#\/schema\/logo\/image\/"},"sameAs":["https:\/\/www.facebook.com\/notibras\/","https:\/\/x.com\/Notibras","https:\/\/www.instagram.com\/notibras\/"]},{"@type":"Person","@id":"https:\/\/www.notibras.com\/site\/#\/schema\/person\/36ab0979449956132d3e5b517ea76ac8","name":"Reda\u00e7\u00e3o","image":{"@type":"ImageObject","inLanguage":"pt-BR","@id":"https:\/\/secure.gravatar.com\/avatar\/e0a867bdedb85fd243eadf09663511f96fc81e0720a4a42581f334ad4303aa6b?s=96&d=mm&r=g","url":"https:\/\/secure.gravatar.com\/avatar\/e0a867bdedb85fd243eadf09663511f96fc81e0720a4a42581f334ad4303aa6b?s=96&d=mm&r=g","contentUrl":"https:\/\/secure.gravatar.com\/avatar\/e0a867bdedb85fd243eadf09663511f96fc81e0720a4a42581f334ad4303aa6b?s=96&d=mm&r=g","caption":"Reda\u00e7\u00e3o"}}]}},"amp_enabled":true,"_links":{"self":[{"href":"https:\/\/www.notibras.com\/site\/wp-json\/wp\/v2\/posts\/380764","targetHints":{"allow":["GET"]}}],"collection":[{"href":"https:\/\/www.notibras.com\/site\/wp-json\/wp\/v2\/posts"}],"about":[{"href":"https:\/\/www.notibras.com\/site\/wp-json\/wp\/v2\/types\/post"}],"author":[{"embeddable":true,"href":"https:\/\/www.notibras.com\/site\/wp-json\/wp\/v2\/users\/2"}],"replies":[{"embeddable":true,"href":"https:\/\/www.notibras.com\/site\/wp-json\/wp\/v2\/comments?post=380764"}],"version-history":[{"count":1,"href":"https:\/\/www.notibras.com\/site\/wp-json\/wp\/v2\/posts\/380764\/revisions"}],"predecessor-version":[{"id":380765,"href":"https:\/\/www.notibras.com\/site\/wp-json\/wp\/v2\/posts\/380764\/revisions\/380765"}],"wp:featuredmedia":[{"embeddable":true,"href":"https:\/\/www.notibras.com\/site\/wp-json\/wp\/v2\/media\/282694"}],"wp:attachment":[{"href":"https:\/\/www.notibras.com\/site\/wp-json\/wp\/v2\/media?parent=380764"}],"wp:term":[{"taxonomy":"category","embeddable":true,"href":"https:\/\/www.notibras.com\/site\/wp-json\/wp\/v2\/categories?post=380764"},{"taxonomy":"post_tag","embeddable":true,"href":"https:\/\/www.notibras.com\/site\/wp-json\/wp\/v2\/tags?post=380764"}],"curies":[{"name":"wp","href":"https:\/\/api.w.org\/{rel}","templated":true}]}}