{"id":380766,"date":"2026-01-27T06:00:12","date_gmt":"2026-01-27T09:00:12","guid":{"rendered":"https:\/\/www.notibras.com\/site\/?p=380766"},"modified":"2026-01-27T07:22:28","modified_gmt":"2026-01-27T10:22:28","slug":"caminhar-e-cantar-nem-sempre-e-proprio-da-democracia","status":"publish","type":"post","link":"https:\/\/www.notibras.com\/site\/caminhar-e-cantar-nem-sempre-e-proprio-da-democracia\/","title":{"rendered":"Caminhar e cantar nem sempre \u00e9 pr\u00f3prio da democracia"},"content":{"rendered":"<p>Embora raramente percebido ou entendido, o mist\u00e9rio do Cerrado finalmente foi desvendado. E logo por ele, o menino maluquinho, aquele que de bobo n\u00e3o tem nem o complexo de grandeza. Mercador da f\u00e9 e da ingenuidade de um povo que parece ter vendido a alma aos multiplicadores da bandalheira, o deputado extremista Nikolas Ferreira (PL-MG) tentou acordar o Brasil exclusivamente para catapultar sua prov\u00e1vel candidatura ao Senado em outubro. A Presid\u00eancia, como j\u00e1 antev\u00ea o presidente do PL, Valdemar Costa Neto, talvez seja algo para o pr\u00f3ximo s\u00e9culo.<\/p>\n<p>Por enquanto, o m\u00e1ximo que o doidivanas das Alterosas conseguiu foi acordar o Deus do Raio, cuja mira, comprovadamente, n\u00e3o \u00e9 das melhores. Com todo respeito \u00e0s v\u00edtimas, mas Zeus errou feio no alvo. Se realmente depender de Nikolas, Jair Bolsonaro, o suposto benefici\u00e1rio da caminhada do sorriso amarelo, mofar\u00e1 na Papudinha. E com toda justi\u00e7a do mundo. Como s\u00f3 existe malandro porque existem man\u00e9s, o menino da caminhonete vermelha movimentou menos incautos do que chegou a imaginar. De qualquer maneira, o principal objetivo foi alcan\u00e7ado.<\/p>\n<p>Apesar do raio que quase o partiu e do desastre de p\u00fablico, ele faturou na m\u00eddia um espa\u00e7o que n\u00e3o teria nem em 150 anos de mandato. O que ele jamais conseguir\u00e1 \u00e9 dobrar Xand\u00e3o. Ou seja, o ex-presidente Jair Messias continuar\u00e1 preso at\u00e9 que o raio caia novamente sobre a Pra\u00e7a do Cruzeiro, morada solene e eterna de Juscelino Kubistchek, o homem que viu raiar o primeiro sol da Capital da Rep\u00fablica. Como seria produtivo se, a exemplo de JK, Nikolas tivesse coragem para promover uma caminhada em defesa de um projeto que ajudasse o povo a sair da mis\u00e9ria.<\/p>\n<p>N\u00e3o falo contra Nikolas por inveja ou para gastar energia represada. Nunca ter sido condenado por corrup\u00e7\u00e3o n\u00e3o \u00e9 um predicado, mas obriga\u00e7\u00e3o de todo homem p\u00fablico. Portanto, n\u00e3o ter roubado n\u00e3o significa integridade pol\u00edtica. Ser \u00edntegro politicamente \u00e9 muito mais do que apenas se posicionar contr\u00e1ria e publicamente a um advers\u00e1rio declarado. Na verdade, o advers\u00e1rio nem \u00e9 dele, mas de seu suposto \u00eddolo. Defender a sa\u00fade e a seguran\u00e7a p\u00fablica e apresentar propostas de interesse dos mais necessitados \u00e9 muito mais leg\u00edtimo e importante do que se revoltar porque eventual prote\u00e7\u00e3o a bandidos foi vetada pelo presidente da Rep\u00fablica.<\/p>\n<p>Independentemente das diferen\u00e7as, trabalhar pelo pa\u00eds e pelo povo \u00e9 o maior exemplo de democracia. Que me perdoem os fan\u00e1ticos, mas n\u00e3o foi isso que fez o \u201cbolsonarista\u201d Nikolas Ferreira ao propor um passeio rodovi\u00e1rio somente para aparecer. \u00c9 claro que, em um Estado democr\u00e1tico, seja de quem for, qualquer manifesta\u00e7\u00e3o pol\u00edtica \u00e9 justa. A de Nikolas seria n\u00e3o fosse a farsa. Caminhar em benef\u00edcio pr\u00f3prio sobre uma caminhonete da moda, com pernoites em hot\u00e9is de luxo e churrasco \u00e0 vontade faria bem at\u00e9 aos milh\u00f5es de brasileiros que saem de casa \u00e0s 4 horas da madrugada e s\u00f3 voltam \u00e0s 22 horas.<\/p>\n<p>Farsa maior \u00e9 achar que o ex-presidente Bolsonaro \u00e9 um santo. Obviamente que Nikolas n\u00e3o acha. Por isso, a necessidade de mostrar ao Brasil e ao mundo que os falsos democratas trocam suas prioridades, isto \u00e9, usam dois pesos e duas medidas quando a conveni\u00eancia exige intoler\u00e2ncia ou converg\u00eancia. E nisso eles s\u00e3o craques. Michelle e os filhos do Jair que o digam. Ficaram longe da \u201cca\u00e7ada\u201d a Xand\u00e3o. Uma pena que, al\u00e9m dos v\u00eddeos produzidos durante a fornida e acalentada \u201cmaratona\u201d, o deputado ter\u00e1 pouco para contar a seus pares no retorno dos trabalhos da C\u00e2mara Federal. Considerando que o trabalho dos deputados \u00e9 t\u00e3o \u00e1rduo como foi a &#8220;caminhada&#8221; do parlamentar mineiro, nada mais justo que estejamos \u00e0 beira da fal\u00eancia pol\u00edtica, econ\u00f4mica e administrativa. Com ou sem temporal e certamente sem raio, outubro nos salvar\u00e1.<\/p>\n<p>&#8230;&#8230;&#8230;<\/p>\n<p><strong>Wenceslau Ara\u00fajo \u00e9 Editor-Chefe de Notibras<\/strong><\/p>\n","protected":false},"excerpt":{"rendered":"<p>Embora raramente percebido ou entendido, o mist\u00e9rio do Cerrado finalmente foi desvendado. E logo por ele, o menino maluquinho, aquele que de bobo n\u00e3o tem nem o complexo de grandeza. Mercador da f\u00e9 e da ingenuidade de um povo que parece ter vendido a alma aos multiplicadores da bandalheira, o deputado extremista Nikolas Ferreira (PL-MG) [&hellip;]<\/p>\n","protected":false},"author":2,"featured_media":380767,"comment_status":"closed","ping_status":"closed","sticky":false,"template":"","format":"standard","meta":{"_acf_changed":false,"footnotes":""},"categories":[16],"tags":[],"class_list":["post-380766","post","type-post","status-publish","format-standard","has-post-thumbnail","hentry","category-brasil"],"acf":[],"yoast_head":"<!-- This site is optimized with the Yoast SEO plugin v27.2 - https:\/\/yoast.com\/product\/yoast-seo-wordpress\/ -->\n<title>Caminhar e cantar nem sempre \u00e9 pr\u00f3prio da democracia - Notibras<\/title>\n<meta name=\"robots\" content=\"index, follow, max-snippet:-1, max-image-preview:large, max-video-preview:-1\" \/>\n<link rel=\"canonical\" href=\"https:\/\/www.notibras.com\/site\/caminhar-e-cantar-nem-sempre-e-proprio-da-democracia\/\" \/>\n<meta property=\"og:locale\" content=\"pt_BR\" \/>\n<meta property=\"og:type\" content=\"article\" \/>\n<meta property=\"og:title\" content=\"Caminhar e cantar nem sempre \u00e9 pr\u00f3prio da democracia - Notibras\" \/>\n<meta property=\"og:description\" content=\"Embora raramente percebido ou entendido, o mist\u00e9rio do Cerrado finalmente foi desvendado. E logo por ele, o menino maluquinho, aquele que de bobo n\u00e3o tem nem o complexo de grandeza. Mercador da f\u00e9 e da ingenuidade de um povo que parece ter vendido a alma aos multiplicadores da bandalheira, o deputado extremista Nikolas Ferreira (PL-MG) [&hellip;]\" \/>\n<meta property=\"og:url\" content=\"https:\/\/www.notibras.com\/site\/caminhar-e-cantar-nem-sempre-e-proprio-da-democracia\/\" \/>\n<meta property=\"og:site_name\" content=\"Notibras\" \/>\n<meta property=\"article:publisher\" content=\"https:\/\/www.facebook.com\/notibras\/\" \/>\n<meta property=\"article:published_time\" content=\"2026-01-27T09:00:12+00:00\" \/>\n<meta property=\"article:modified_time\" content=\"2026-01-27T10:22:28+00:00\" \/>\n<meta property=\"og:image\" content=\"https:\/\/www.notibras.com\/site\/wp-content\/uploads\/2026\/01\/3c8423a7-9ede-482c-a4f5-a7e4d76c5796.jpg\" \/>\n\t<meta property=\"og:image:width\" content=\"1599\" \/>\n\t<meta property=\"og:image:height\" content=\"899\" \/>\n\t<meta property=\"og:image:type\" content=\"image\/jpeg\" \/>\n<meta name=\"author\" content=\"Reda\u00e7\u00e3o\" \/>\n<meta name=\"twitter:card\" content=\"summary_large_image\" \/>\n<meta name=\"twitter:creator\" content=\"@Notibras\" \/>\n<meta name=\"twitter:site\" content=\"@Notibras\" \/>\n<meta name=\"twitter:label1\" content=\"Escrito por\" \/>\n\t<meta name=\"twitter:data1\" content=\"Reda\u00e7\u00e3o\" \/>\n\t<meta name=\"twitter:label2\" content=\"Est. tempo de leitura\" \/>\n\t<meta name=\"twitter:data2\" content=\"4 minutos\" \/>\n<script type=\"application\/ld+json\" class=\"yoast-schema-graph\">{\"@context\":\"https:\/\/schema.org\",\"@graph\":[{\"@type\":\"Article\",\"@id\":\"https:\/\/www.notibras.com\/site\/caminhar-e-cantar-nem-sempre-e-proprio-da-democracia\/#article\",\"isPartOf\":{\"@id\":\"https:\/\/www.notibras.com\/site\/caminhar-e-cantar-nem-sempre-e-proprio-da-democracia\/\"},\"author\":{\"name\":\"Reda\u00e7\u00e3o\",\"@id\":\"https:\/\/www.notibras.com\/site\/#\/schema\/person\/36ab0979449956132d3e5b517ea76ac8\"},\"headline\":\"Caminhar e cantar nem sempre \u00e9 pr\u00f3prio da democracia\",\"datePublished\":\"2026-01-27T09:00:12+00:00\",\"dateModified\":\"2026-01-27T10:22:28+00:00\",\"mainEntityOfPage\":{\"@id\":\"https:\/\/www.notibras.com\/site\/caminhar-e-cantar-nem-sempre-e-proprio-da-democracia\/\"},\"wordCount\":679,\"publisher\":{\"@id\":\"https:\/\/www.notibras.com\/site\/#organization\"},\"image\":{\"@id\":\"https:\/\/www.notibras.com\/site\/caminhar-e-cantar-nem-sempre-e-proprio-da-democracia\/#primaryimage\"},\"thumbnailUrl\":\"https:\/\/www.notibras.com\/site\/wp-content\/uploads\/2026\/01\/3c8423a7-9ede-482c-a4f5-a7e4d76c5796.jpg\",\"articleSection\":[\"Brasil\"],\"inLanguage\":\"pt-BR\"},{\"@type\":\"WebPage\",\"@id\":\"https:\/\/www.notibras.com\/site\/caminhar-e-cantar-nem-sempre-e-proprio-da-democracia\/\",\"url\":\"https:\/\/www.notibras.com\/site\/caminhar-e-cantar-nem-sempre-e-proprio-da-democracia\/\",\"name\":\"Caminhar e cantar nem sempre \u00e9 pr\u00f3prio da democracia - Notibras\",\"isPartOf\":{\"@id\":\"https:\/\/www.notibras.com\/site\/#website\"},\"primaryImageOfPage\":{\"@id\":\"https:\/\/www.notibras.com\/site\/caminhar-e-cantar-nem-sempre-e-proprio-da-democracia\/#primaryimage\"},\"image\":{\"@id\":\"https:\/\/www.notibras.com\/site\/caminhar-e-cantar-nem-sempre-e-proprio-da-democracia\/#primaryimage\"},\"thumbnailUrl\":\"https:\/\/www.notibras.com\/site\/wp-content\/uploads\/2026\/01\/3c8423a7-9ede-482c-a4f5-a7e4d76c5796.jpg\",\"datePublished\":\"2026-01-27T09:00:12+00:00\",\"dateModified\":\"2026-01-27T10:22:28+00:00\",\"breadcrumb\":{\"@id\":\"https:\/\/www.notibras.com\/site\/caminhar-e-cantar-nem-sempre-e-proprio-da-democracia\/#breadcrumb\"},\"inLanguage\":\"pt-BR\",\"potentialAction\":[{\"@type\":\"ReadAction\",\"target\":[\"https:\/\/www.notibras.com\/site\/caminhar-e-cantar-nem-sempre-e-proprio-da-democracia\/\"]}]},{\"@type\":\"ImageObject\",\"inLanguage\":\"pt-BR\",\"@id\":\"https:\/\/www.notibras.com\/site\/caminhar-e-cantar-nem-sempre-e-proprio-da-democracia\/#primaryimage\",\"url\":\"https:\/\/www.notibras.com\/site\/wp-content\/uploads\/2026\/01\/3c8423a7-9ede-482c-a4f5-a7e4d76c5796.jpg\",\"contentUrl\":\"https:\/\/www.notibras.com\/site\/wp-content\/uploads\/2026\/01\/3c8423a7-9ede-482c-a4f5-a7e4d76c5796.jpg\",\"width\":1599,\"height\":899},{\"@type\":\"BreadcrumbList\",\"@id\":\"https:\/\/www.notibras.com\/site\/caminhar-e-cantar-nem-sempre-e-proprio-da-democracia\/#breadcrumb\",\"itemListElement\":[{\"@type\":\"ListItem\",\"position\":1,\"name\":\"In\u00edcio\",\"item\":\"https:\/\/www.notibras.com\/site\/\"},{\"@type\":\"ListItem\",\"position\":2,\"name\":\"Caminhar e cantar nem sempre \u00e9 pr\u00f3prio da democracia\"}]},{\"@type\":\"WebSite\",\"@id\":\"https:\/\/www.notibras.com\/site\/#website\",\"url\":\"https:\/\/www.notibras.com\/site\/\",\"name\":\"Notibras\",\"description\":\"Not\u00edcias de Bras\u00edlia, do Brasil e do Mundo\",\"publisher\":{\"@id\":\"https:\/\/www.notibras.com\/site\/#organization\"},\"potentialAction\":[{\"@type\":\"SearchAction\",\"target\":{\"@type\":\"EntryPoint\",\"urlTemplate\":\"https:\/\/www.notibras.com\/site\/?s={search_term_string}\"},\"query-input\":{\"@type\":\"PropertyValueSpecification\",\"valueRequired\":true,\"valueName\":\"search_term_string\"}}],\"inLanguage\":\"pt-BR\"},{\"@type\":\"Organization\",\"@id\":\"https:\/\/www.notibras.com\/site\/#organization\",\"name\":\"Grupo Notibras de Comunica\u00e7\u00e3o\",\"url\":\"https:\/\/www.notibras.com\/site\/\",\"logo\":{\"@type\":\"ImageObject\",\"inLanguage\":\"pt-BR\",\"@id\":\"https:\/\/www.notibras.com\/site\/#\/schema\/logo\/image\/\",\"url\":\"https:\/\/www.notibras.com\/site\/wp-content\/uploads\/2023\/01\/notibras23.png\",\"contentUrl\":\"https:\/\/www.notibras.com\/site\/wp-content\/uploads\/2023\/01\/notibras23.png\",\"width\":350,\"height\":87,\"caption\":\"Grupo Notibras de Comunica\u00e7\u00e3o\"},\"image\":{\"@id\":\"https:\/\/www.notibras.com\/site\/#\/schema\/logo\/image\/\"},\"sameAs\":[\"https:\/\/www.facebook.com\/notibras\/\",\"https:\/\/x.com\/Notibras\",\"https:\/\/www.instagram.com\/notibras\/\"]},{\"@type\":\"Person\",\"@id\":\"https:\/\/www.notibras.com\/site\/#\/schema\/person\/36ab0979449956132d3e5b517ea76ac8\",\"name\":\"Reda\u00e7\u00e3o\",\"image\":{\"@type\":\"ImageObject\",\"inLanguage\":\"pt-BR\",\"@id\":\"https:\/\/secure.gravatar.com\/avatar\/e0a867bdedb85fd243eadf09663511f96fc81e0720a4a42581f334ad4303aa6b?s=96&d=mm&r=g\",\"url\":\"https:\/\/secure.gravatar.com\/avatar\/e0a867bdedb85fd243eadf09663511f96fc81e0720a4a42581f334ad4303aa6b?s=96&d=mm&r=g\",\"contentUrl\":\"https:\/\/secure.gravatar.com\/avatar\/e0a867bdedb85fd243eadf09663511f96fc81e0720a4a42581f334ad4303aa6b?s=96&d=mm&r=g\",\"caption\":\"Reda\u00e7\u00e3o\"}}]}<\/script>\n<!-- \/ Yoast SEO plugin. -->","yoast_head_json":{"title":"Caminhar e cantar nem sempre \u00e9 pr\u00f3prio da democracia - Notibras","robots":{"index":"index","follow":"follow","max-snippet":"max-snippet:-1","max-image-preview":"max-image-preview:large","max-video-preview":"max-video-preview:-1"},"canonical":"https:\/\/www.notibras.com\/site\/caminhar-e-cantar-nem-sempre-e-proprio-da-democracia\/","og_locale":"pt_BR","og_type":"article","og_title":"Caminhar e cantar nem sempre \u00e9 pr\u00f3prio da democracia - Notibras","og_description":"Embora raramente percebido ou entendido, o mist\u00e9rio do Cerrado finalmente foi desvendado. E logo por ele, o menino maluquinho, aquele que de bobo n\u00e3o tem nem o complexo de grandeza. Mercador da f\u00e9 e da ingenuidade de um povo que parece ter vendido a alma aos multiplicadores da bandalheira, o deputado extremista Nikolas Ferreira (PL-MG) [&hellip;]","og_url":"https:\/\/www.notibras.com\/site\/caminhar-e-cantar-nem-sempre-e-proprio-da-democracia\/","og_site_name":"Notibras","article_publisher":"https:\/\/www.facebook.com\/notibras\/","article_published_time":"2026-01-27T09:00:12+00:00","article_modified_time":"2026-01-27T10:22:28+00:00","og_image":[{"width":1599,"height":899,"url":"https:\/\/www.notibras.com\/site\/wp-content\/uploads\/2026\/01\/3c8423a7-9ede-482c-a4f5-a7e4d76c5796.jpg","type":"image\/jpeg"}],"author":"Reda\u00e7\u00e3o","twitter_card":"summary_large_image","twitter_creator":"@Notibras","twitter_site":"@Notibras","twitter_misc":{"Escrito por":"Reda\u00e7\u00e3o","Est. tempo de leitura":"4 minutos"},"schema":{"@context":"https:\/\/schema.org","@graph":[{"@type":"Article","@id":"https:\/\/www.notibras.com\/site\/caminhar-e-cantar-nem-sempre-e-proprio-da-democracia\/#article","isPartOf":{"@id":"https:\/\/www.notibras.com\/site\/caminhar-e-cantar-nem-sempre-e-proprio-da-democracia\/"},"author":{"name":"Reda\u00e7\u00e3o","@id":"https:\/\/www.notibras.com\/site\/#\/schema\/person\/36ab0979449956132d3e5b517ea76ac8"},"headline":"Caminhar e cantar nem sempre \u00e9 pr\u00f3prio da democracia","datePublished":"2026-01-27T09:00:12+00:00","dateModified":"2026-01-27T10:22:28+00:00","mainEntityOfPage":{"@id":"https:\/\/www.notibras.com\/site\/caminhar-e-cantar-nem-sempre-e-proprio-da-democracia\/"},"wordCount":679,"publisher":{"@id":"https:\/\/www.notibras.com\/site\/#organization"},"image":{"@id":"https:\/\/www.notibras.com\/site\/caminhar-e-cantar-nem-sempre-e-proprio-da-democracia\/#primaryimage"},"thumbnailUrl":"https:\/\/www.notibras.com\/site\/wp-content\/uploads\/2026\/01\/3c8423a7-9ede-482c-a4f5-a7e4d76c5796.jpg","articleSection":["Brasil"],"inLanguage":"pt-BR"},{"@type":"WebPage","@id":"https:\/\/www.notibras.com\/site\/caminhar-e-cantar-nem-sempre-e-proprio-da-democracia\/","url":"https:\/\/www.notibras.com\/site\/caminhar-e-cantar-nem-sempre-e-proprio-da-democracia\/","name":"Caminhar e cantar nem sempre \u00e9 pr\u00f3prio da democracia - Notibras","isPartOf":{"@id":"https:\/\/www.notibras.com\/site\/#website"},"primaryImageOfPage":{"@id":"https:\/\/www.notibras.com\/site\/caminhar-e-cantar-nem-sempre-e-proprio-da-democracia\/#primaryimage"},"image":{"@id":"https:\/\/www.notibras.com\/site\/caminhar-e-cantar-nem-sempre-e-proprio-da-democracia\/#primaryimage"},"thumbnailUrl":"https:\/\/www.notibras.com\/site\/wp-content\/uploads\/2026\/01\/3c8423a7-9ede-482c-a4f5-a7e4d76c5796.jpg","datePublished":"2026-01-27T09:00:12+00:00","dateModified":"2026-01-27T10:22:28+00:00","breadcrumb":{"@id":"https:\/\/www.notibras.com\/site\/caminhar-e-cantar-nem-sempre-e-proprio-da-democracia\/#breadcrumb"},"inLanguage":"pt-BR","potentialAction":[{"@type":"ReadAction","target":["https:\/\/www.notibras.com\/site\/caminhar-e-cantar-nem-sempre-e-proprio-da-democracia\/"]}]},{"@type":"ImageObject","inLanguage":"pt-BR","@id":"https:\/\/www.notibras.com\/site\/caminhar-e-cantar-nem-sempre-e-proprio-da-democracia\/#primaryimage","url":"https:\/\/www.notibras.com\/site\/wp-content\/uploads\/2026\/01\/3c8423a7-9ede-482c-a4f5-a7e4d76c5796.jpg","contentUrl":"https:\/\/www.notibras.com\/site\/wp-content\/uploads\/2026\/01\/3c8423a7-9ede-482c-a4f5-a7e4d76c5796.jpg","width":1599,"height":899},{"@type":"BreadcrumbList","@id":"https:\/\/www.notibras.com\/site\/caminhar-e-cantar-nem-sempre-e-proprio-da-democracia\/#breadcrumb","itemListElement":[{"@type":"ListItem","position":1,"name":"In\u00edcio","item":"https:\/\/www.notibras.com\/site\/"},{"@type":"ListItem","position":2,"name":"Caminhar e cantar nem sempre \u00e9 pr\u00f3prio da democracia"}]},{"@type":"WebSite","@id":"https:\/\/www.notibras.com\/site\/#website","url":"https:\/\/www.notibras.com\/site\/","name":"Notibras","description":"Not\u00edcias de Bras\u00edlia, do Brasil e do Mundo","publisher":{"@id":"https:\/\/www.notibras.com\/site\/#organization"},"potentialAction":[{"@type":"SearchAction","target":{"@type":"EntryPoint","urlTemplate":"https:\/\/www.notibras.com\/site\/?s={search_term_string}"},"query-input":{"@type":"PropertyValueSpecification","valueRequired":true,"valueName":"search_term_string"}}],"inLanguage":"pt-BR"},{"@type":"Organization","@id":"https:\/\/www.notibras.com\/site\/#organization","name":"Grupo Notibras de Comunica\u00e7\u00e3o","url":"https:\/\/www.notibras.com\/site\/","logo":{"@type":"ImageObject","inLanguage":"pt-BR","@id":"https:\/\/www.notibras.com\/site\/#\/schema\/logo\/image\/","url":"https:\/\/www.notibras.com\/site\/wp-content\/uploads\/2023\/01\/notibras23.png","contentUrl":"https:\/\/www.notibras.com\/site\/wp-content\/uploads\/2023\/01\/notibras23.png","width":350,"height":87,"caption":"Grupo Notibras de Comunica\u00e7\u00e3o"},"image":{"@id":"https:\/\/www.notibras.com\/site\/#\/schema\/logo\/image\/"},"sameAs":["https:\/\/www.facebook.com\/notibras\/","https:\/\/x.com\/Notibras","https:\/\/www.instagram.com\/notibras\/"]},{"@type":"Person","@id":"https:\/\/www.notibras.com\/site\/#\/schema\/person\/36ab0979449956132d3e5b517ea76ac8","name":"Reda\u00e7\u00e3o","image":{"@type":"ImageObject","inLanguage":"pt-BR","@id":"https:\/\/secure.gravatar.com\/avatar\/e0a867bdedb85fd243eadf09663511f96fc81e0720a4a42581f334ad4303aa6b?s=96&d=mm&r=g","url":"https:\/\/secure.gravatar.com\/avatar\/e0a867bdedb85fd243eadf09663511f96fc81e0720a4a42581f334ad4303aa6b?s=96&d=mm&r=g","contentUrl":"https:\/\/secure.gravatar.com\/avatar\/e0a867bdedb85fd243eadf09663511f96fc81e0720a4a42581f334ad4303aa6b?s=96&d=mm&r=g","caption":"Reda\u00e7\u00e3o"}}]}},"amp_enabled":true,"_links":{"self":[{"href":"https:\/\/www.notibras.com\/site\/wp-json\/wp\/v2\/posts\/380766","targetHints":{"allow":["GET"]}}],"collection":[{"href":"https:\/\/www.notibras.com\/site\/wp-json\/wp\/v2\/posts"}],"about":[{"href":"https:\/\/www.notibras.com\/site\/wp-json\/wp\/v2\/types\/post"}],"author":[{"embeddable":true,"href":"https:\/\/www.notibras.com\/site\/wp-json\/wp\/v2\/users\/2"}],"replies":[{"embeddable":true,"href":"https:\/\/www.notibras.com\/site\/wp-json\/wp\/v2\/comments?post=380766"}],"version-history":[{"count":1,"href":"https:\/\/www.notibras.com\/site\/wp-json\/wp\/v2\/posts\/380766\/revisions"}],"predecessor-version":[{"id":380768,"href":"https:\/\/www.notibras.com\/site\/wp-json\/wp\/v2\/posts\/380766\/revisions\/380768"}],"wp:featuredmedia":[{"embeddable":true,"href":"https:\/\/www.notibras.com\/site\/wp-json\/wp\/v2\/media\/380767"}],"wp:attachment":[{"href":"https:\/\/www.notibras.com\/site\/wp-json\/wp\/v2\/media?parent=380766"}],"wp:term":[{"taxonomy":"category","embeddable":true,"href":"https:\/\/www.notibras.com\/site\/wp-json\/wp\/v2\/categories?post=380766"},{"taxonomy":"post_tag","embeddable":true,"href":"https:\/\/www.notibras.com\/site\/wp-json\/wp\/v2\/tags?post=380766"}],"curies":[{"name":"wp","href":"https:\/\/api.w.org\/{rel}","templated":true}]}}