{"id":380775,"date":"2026-01-27T00:21:44","date_gmt":"2026-01-27T03:21:44","guid":{"rendered":"https:\/\/www.notibras.com\/site\/?p=380775"},"modified":"2026-01-27T08:23:04","modified_gmt":"2026-01-27T11:23:04","slug":"poderosos-rifam-a-carta-de-principios-dos-direitos-humanos","status":"publish","type":"post","link":"https:\/\/www.notibras.com\/site\/poderosos-rifam-a-carta-de-principios-dos-direitos-humanos\/","title":{"rendered":"Poderosos rifam a carta de princ\u00edpios dos direitos humanos"},"content":{"rendered":"<p>A ministra dos Direitos Humanos e da Cidadania, Maca\u00e9 Evaristo, disse, na noite dessa segunda-feira (26), que a Carta de Princ\u00edpios dos Direitos Humanos foi \u201crifada\u201d por grupos que det\u00eam o poder em determinados pa\u00edses. De acordo com a ministra, conceitos como a democracia est\u00e3o sendo usados para impor a autoridade dos mais fortes sobre os mais fracos.<\/p>\n<p>\u201cN\u00f3s estamos num momento da hist\u00f3ria do mundo em que aquele acordo da nossa carta de princ\u00edpios dos direitos humanos foi, eu vou usar a palavra popular, rifado por grupos que hoje det\u00eam a hegemonia no poder em determinados pa\u00edses\u201d, disse.<\/p>\n<p>\u201cAcham que vamos esquecer tudo o que a gente combinou e pactuou at\u00e9 aqui, da necessidade de respeito \u00e0 soberania, \u00e0 autodetermina\u00e7\u00e3o dos povos, e v\u00e3o impor a lei do mais forte\u201d, acrescentou.<\/p>\n<p>A ministra deu as declara\u00e7\u00f5es na Casa do Povo, no Bairro do Bom Retiro, na capital paulista. O centro cultural foi constru\u00eddo pela comunidade judaica ap\u00f3s a Segunda Guerra Mundial e inaugurado em 1953 em mem\u00f3ria \u00e0s v\u00edtimas do nazismo. O local foi tamb\u00e9m lugar de resist\u00eancia contra a ditadura militar.<\/p>\n<p>Durante a tarde, Maca\u00e9 Evaristo visitou institui\u00e7\u00f5es da comunidade judaica sediadas no Bom Retiro, como o Memorial do Holocausto e institui\u00e7\u00e3o beneficente Ten Yad, e fez uma caminhada pela regi\u00e3o, marcada por uma s\u00e9rie de viola\u00e7\u00f5es aos direitos humanos.<\/p>\n<p>\u201cEsse territ\u00f3rio \u00e9 marcado por tantas viol\u00eancias, despejo das pessoas da Favela do Moinho, despejo do Teatro de Container, despejo de popula\u00e7\u00f5es vulner\u00e1veis, ataque a pessoas em situa\u00e7\u00e3o de rua\u201d, destacou o diretor da Casa do Povo, Benjamin Seroussi.<\/p>\n<p>\u201c\u00c9 a nossa hist\u00f3ria judaica que nos traz at\u00e9 o momento presente. N\u00e3o podemos discutir o antissemitismo sem discutir outras formas de opress\u00f5es ainda mais agudas, infelizmente, no territ\u00f3rio onde vivemos\u201d, acrescentou.<\/p>\n","protected":false},"excerpt":{"rendered":"<p>A ministra dos Direitos Humanos e da Cidadania, Maca\u00e9 Evaristo, disse, na noite dessa segunda-feira (26), que a Carta de Princ\u00edpios dos Direitos Humanos foi \u201crifada\u201d por grupos que det\u00eam o poder em determinados pa\u00edses. De acordo com a ministra, conceitos como a democracia est\u00e3o sendo usados para impor a autoridade dos mais fortes sobre [&hellip;]<\/p>\n","protected":false},"author":2,"featured_media":380776,"comment_status":"closed","ping_status":"closed","sticky":false,"template":"","format":"standard","meta":{"_acf_changed":false,"footnotes":""},"categories":[155],"tags":[],"class_list":["post-380775","post","type-post","status-publish","format-standard","has-post-thumbnail","hentry","category-leitura-vip"],"acf":[],"yoast_head":"<!-- This site is optimized with the Yoast SEO plugin v27.2 - https:\/\/yoast.com\/product\/yoast-seo-wordpress\/ -->\n<title>Poderosos rifam a carta de princ\u00edpios dos direitos humanos - Notibras<\/title>\n<meta name=\"robots\" content=\"index, follow, max-snippet:-1, max-image-preview:large, max-video-preview:-1\" \/>\n<link rel=\"canonical\" href=\"https:\/\/www.notibras.com\/site\/poderosos-rifam-a-carta-de-principios-dos-direitos-humanos\/\" \/>\n<meta property=\"og:locale\" content=\"pt_BR\" \/>\n<meta property=\"og:type\" content=\"article\" \/>\n<meta property=\"og:title\" content=\"Poderosos rifam a carta de princ\u00edpios dos direitos humanos - Notibras\" \/>\n<meta property=\"og:description\" content=\"A ministra dos Direitos Humanos e da Cidadania, Maca\u00e9 Evaristo, disse, na noite dessa segunda-feira (26), que a Carta de Princ\u00edpios dos Direitos Humanos foi \u201crifada\u201d por grupos que det\u00eam o poder em determinados pa\u00edses. De acordo com a ministra, conceitos como a democracia est\u00e3o sendo usados para impor a autoridade dos mais fortes sobre [&hellip;]\" \/>\n<meta property=\"og:url\" content=\"https:\/\/www.notibras.com\/site\/poderosos-rifam-a-carta-de-principios-dos-direitos-humanos\/\" \/>\n<meta property=\"og:site_name\" content=\"Notibras\" \/>\n<meta property=\"article:publisher\" content=\"https:\/\/www.facebook.com\/notibras\/\" \/>\n<meta property=\"article:published_time\" content=\"2026-01-27T03:21:44+00:00\" \/>\n<meta property=\"article:modified_time\" content=\"2026-01-27T11:23:04+00:00\" \/>\n<meta property=\"og:image\" content=\"https:\/\/www.notibras.com\/site\/wp-content\/uploads\/2026\/01\/lula8648.webp\" \/>\n\t<meta property=\"og:image:width\" content=\"1170\" \/>\n\t<meta property=\"og:image:height\" content=\"700\" \/>\n\t<meta property=\"og:image:type\" content=\"image\/webp\" \/>\n<meta name=\"author\" content=\"Reda\u00e7\u00e3o\" \/>\n<meta name=\"twitter:card\" content=\"summary_large_image\" \/>\n<meta name=\"twitter:creator\" content=\"@Notibras\" \/>\n<meta name=\"twitter:site\" content=\"@Notibras\" \/>\n<meta name=\"twitter:label1\" content=\"Escrito por\" \/>\n\t<meta name=\"twitter:data1\" content=\"Reda\u00e7\u00e3o\" \/>\n\t<meta name=\"twitter:label2\" content=\"Est. tempo de leitura\" \/>\n\t<meta name=\"twitter:data2\" content=\"2 minutos\" \/>\n<script type=\"application\/ld+json\" class=\"yoast-schema-graph\">{\"@context\":\"https:\/\/schema.org\",\"@graph\":[{\"@type\":\"Article\",\"@id\":\"https:\/\/www.notibras.com\/site\/poderosos-rifam-a-carta-de-principios-dos-direitos-humanos\/#article\",\"isPartOf\":{\"@id\":\"https:\/\/www.notibras.com\/site\/poderosos-rifam-a-carta-de-principios-dos-direitos-humanos\/\"},\"author\":{\"name\":\"Reda\u00e7\u00e3o\",\"@id\":\"https:\/\/www.notibras.com\/site\/#\/schema\/person\/36ab0979449956132d3e5b517ea76ac8\"},\"headline\":\"Poderosos rifam a carta de princ\u00edpios dos direitos humanos\",\"datePublished\":\"2026-01-27T03:21:44+00:00\",\"dateModified\":\"2026-01-27T11:23:04+00:00\",\"mainEntityOfPage\":{\"@id\":\"https:\/\/www.notibras.com\/site\/poderosos-rifam-a-carta-de-principios-dos-direitos-humanos\/\"},\"wordCount\":329,\"publisher\":{\"@id\":\"https:\/\/www.notibras.com\/site\/#organization\"},\"image\":{\"@id\":\"https:\/\/www.notibras.com\/site\/poderosos-rifam-a-carta-de-principios-dos-direitos-humanos\/#primaryimage\"},\"thumbnailUrl\":\"https:\/\/www.notibras.com\/site\/wp-content\/uploads\/2026\/01\/lula8648.webp\",\"articleSection\":[\"Leitura Vip\"],\"inLanguage\":\"pt-BR\"},{\"@type\":\"WebPage\",\"@id\":\"https:\/\/www.notibras.com\/site\/poderosos-rifam-a-carta-de-principios-dos-direitos-humanos\/\",\"url\":\"https:\/\/www.notibras.com\/site\/poderosos-rifam-a-carta-de-principios-dos-direitos-humanos\/\",\"name\":\"Poderosos rifam a carta de princ\u00edpios dos direitos humanos - Notibras\",\"isPartOf\":{\"@id\":\"https:\/\/www.notibras.com\/site\/#website\"},\"primaryImageOfPage\":{\"@id\":\"https:\/\/www.notibras.com\/site\/poderosos-rifam-a-carta-de-principios-dos-direitos-humanos\/#primaryimage\"},\"image\":{\"@id\":\"https:\/\/www.notibras.com\/site\/poderosos-rifam-a-carta-de-principios-dos-direitos-humanos\/#primaryimage\"},\"thumbnailUrl\":\"https:\/\/www.notibras.com\/site\/wp-content\/uploads\/2026\/01\/lula8648.webp\",\"datePublished\":\"2026-01-27T03:21:44+00:00\",\"dateModified\":\"2026-01-27T11:23:04+00:00\",\"breadcrumb\":{\"@id\":\"https:\/\/www.notibras.com\/site\/poderosos-rifam-a-carta-de-principios-dos-direitos-humanos\/#breadcrumb\"},\"inLanguage\":\"pt-BR\",\"potentialAction\":[{\"@type\":\"ReadAction\",\"target\":[\"https:\/\/www.notibras.com\/site\/poderosos-rifam-a-carta-de-principios-dos-direitos-humanos\/\"]}]},{\"@type\":\"ImageObject\",\"inLanguage\":\"pt-BR\",\"@id\":\"https:\/\/www.notibras.com\/site\/poderosos-rifam-a-carta-de-principios-dos-direitos-humanos\/#primaryimage\",\"url\":\"https:\/\/www.notibras.com\/site\/wp-content\/uploads\/2026\/01\/lula8648.webp\",\"contentUrl\":\"https:\/\/www.notibras.com\/site\/wp-content\/uploads\/2026\/01\/lula8648.webp\",\"width\":1170,\"height\":700},{\"@type\":\"BreadcrumbList\",\"@id\":\"https:\/\/www.notibras.com\/site\/poderosos-rifam-a-carta-de-principios-dos-direitos-humanos\/#breadcrumb\",\"itemListElement\":[{\"@type\":\"ListItem\",\"position\":1,\"name\":\"In\u00edcio\",\"item\":\"https:\/\/www.notibras.com\/site\/\"},{\"@type\":\"ListItem\",\"position\":2,\"name\":\"Poderosos rifam a carta de princ\u00edpios dos direitos humanos\"}]},{\"@type\":\"WebSite\",\"@id\":\"https:\/\/www.notibras.com\/site\/#website\",\"url\":\"https:\/\/www.notibras.com\/site\/\",\"name\":\"Notibras\",\"description\":\"Not\u00edcias de Bras\u00edlia, do Brasil e do Mundo\",\"publisher\":{\"@id\":\"https:\/\/www.notibras.com\/site\/#organization\"},\"potentialAction\":[{\"@type\":\"SearchAction\",\"target\":{\"@type\":\"EntryPoint\",\"urlTemplate\":\"https:\/\/www.notibras.com\/site\/?s={search_term_string}\"},\"query-input\":{\"@type\":\"PropertyValueSpecification\",\"valueRequired\":true,\"valueName\":\"search_term_string\"}}],\"inLanguage\":\"pt-BR\"},{\"@type\":\"Organization\",\"@id\":\"https:\/\/www.notibras.com\/site\/#organization\",\"name\":\"Grupo Notibras de Comunica\u00e7\u00e3o\",\"url\":\"https:\/\/www.notibras.com\/site\/\",\"logo\":{\"@type\":\"ImageObject\",\"inLanguage\":\"pt-BR\",\"@id\":\"https:\/\/www.notibras.com\/site\/#\/schema\/logo\/image\/\",\"url\":\"https:\/\/www.notibras.com\/site\/wp-content\/uploads\/2023\/01\/notibras23.png\",\"contentUrl\":\"https:\/\/www.notibras.com\/site\/wp-content\/uploads\/2023\/01\/notibras23.png\",\"width\":350,\"height\":87,\"caption\":\"Grupo Notibras de Comunica\u00e7\u00e3o\"},\"image\":{\"@id\":\"https:\/\/www.notibras.com\/site\/#\/schema\/logo\/image\/\"},\"sameAs\":[\"https:\/\/www.facebook.com\/notibras\/\",\"https:\/\/x.com\/Notibras\",\"https:\/\/www.instagram.com\/notibras\/\"]},{\"@type\":\"Person\",\"@id\":\"https:\/\/www.notibras.com\/site\/#\/schema\/person\/36ab0979449956132d3e5b517ea76ac8\",\"name\":\"Reda\u00e7\u00e3o\",\"image\":{\"@type\":\"ImageObject\",\"inLanguage\":\"pt-BR\",\"@id\":\"https:\/\/secure.gravatar.com\/avatar\/e0a867bdedb85fd243eadf09663511f96fc81e0720a4a42581f334ad4303aa6b?s=96&d=mm&r=g\",\"url\":\"https:\/\/secure.gravatar.com\/avatar\/e0a867bdedb85fd243eadf09663511f96fc81e0720a4a42581f334ad4303aa6b?s=96&d=mm&r=g\",\"contentUrl\":\"https:\/\/secure.gravatar.com\/avatar\/e0a867bdedb85fd243eadf09663511f96fc81e0720a4a42581f334ad4303aa6b?s=96&d=mm&r=g\",\"caption\":\"Reda\u00e7\u00e3o\"}}]}<\/script>\n<!-- \/ Yoast SEO plugin. -->","yoast_head_json":{"title":"Poderosos rifam a carta de princ\u00edpios dos direitos humanos - Notibras","robots":{"index":"index","follow":"follow","max-snippet":"max-snippet:-1","max-image-preview":"max-image-preview:large","max-video-preview":"max-video-preview:-1"},"canonical":"https:\/\/www.notibras.com\/site\/poderosos-rifam-a-carta-de-principios-dos-direitos-humanos\/","og_locale":"pt_BR","og_type":"article","og_title":"Poderosos rifam a carta de princ\u00edpios dos direitos humanos - Notibras","og_description":"A ministra dos Direitos Humanos e da Cidadania, Maca\u00e9 Evaristo, disse, na noite dessa segunda-feira (26), que a Carta de Princ\u00edpios dos Direitos Humanos foi \u201crifada\u201d por grupos que det\u00eam o poder em determinados pa\u00edses. De acordo com a ministra, conceitos como a democracia est\u00e3o sendo usados para impor a autoridade dos mais fortes sobre [&hellip;]","og_url":"https:\/\/www.notibras.com\/site\/poderosos-rifam-a-carta-de-principios-dos-direitos-humanos\/","og_site_name":"Notibras","article_publisher":"https:\/\/www.facebook.com\/notibras\/","article_published_time":"2026-01-27T03:21:44+00:00","article_modified_time":"2026-01-27T11:23:04+00:00","og_image":[{"width":1170,"height":700,"url":"https:\/\/www.notibras.com\/site\/wp-content\/uploads\/2026\/01\/lula8648.webp","type":"image\/webp"}],"author":"Reda\u00e7\u00e3o","twitter_card":"summary_large_image","twitter_creator":"@Notibras","twitter_site":"@Notibras","twitter_misc":{"Escrito por":"Reda\u00e7\u00e3o","Est. tempo de leitura":"2 minutos"},"schema":{"@context":"https:\/\/schema.org","@graph":[{"@type":"Article","@id":"https:\/\/www.notibras.com\/site\/poderosos-rifam-a-carta-de-principios-dos-direitos-humanos\/#article","isPartOf":{"@id":"https:\/\/www.notibras.com\/site\/poderosos-rifam-a-carta-de-principios-dos-direitos-humanos\/"},"author":{"name":"Reda\u00e7\u00e3o","@id":"https:\/\/www.notibras.com\/site\/#\/schema\/person\/36ab0979449956132d3e5b517ea76ac8"},"headline":"Poderosos rifam a carta de princ\u00edpios dos direitos humanos","datePublished":"2026-01-27T03:21:44+00:00","dateModified":"2026-01-27T11:23:04+00:00","mainEntityOfPage":{"@id":"https:\/\/www.notibras.com\/site\/poderosos-rifam-a-carta-de-principios-dos-direitos-humanos\/"},"wordCount":329,"publisher":{"@id":"https:\/\/www.notibras.com\/site\/#organization"},"image":{"@id":"https:\/\/www.notibras.com\/site\/poderosos-rifam-a-carta-de-principios-dos-direitos-humanos\/#primaryimage"},"thumbnailUrl":"https:\/\/www.notibras.com\/site\/wp-content\/uploads\/2026\/01\/lula8648.webp","articleSection":["Leitura Vip"],"inLanguage":"pt-BR"},{"@type":"WebPage","@id":"https:\/\/www.notibras.com\/site\/poderosos-rifam-a-carta-de-principios-dos-direitos-humanos\/","url":"https:\/\/www.notibras.com\/site\/poderosos-rifam-a-carta-de-principios-dos-direitos-humanos\/","name":"Poderosos rifam a carta de princ\u00edpios dos direitos humanos - Notibras","isPartOf":{"@id":"https:\/\/www.notibras.com\/site\/#website"},"primaryImageOfPage":{"@id":"https:\/\/www.notibras.com\/site\/poderosos-rifam-a-carta-de-principios-dos-direitos-humanos\/#primaryimage"},"image":{"@id":"https:\/\/www.notibras.com\/site\/poderosos-rifam-a-carta-de-principios-dos-direitos-humanos\/#primaryimage"},"thumbnailUrl":"https:\/\/www.notibras.com\/site\/wp-content\/uploads\/2026\/01\/lula8648.webp","datePublished":"2026-01-27T03:21:44+00:00","dateModified":"2026-01-27T11:23:04+00:00","breadcrumb":{"@id":"https:\/\/www.notibras.com\/site\/poderosos-rifam-a-carta-de-principios-dos-direitos-humanos\/#breadcrumb"},"inLanguage":"pt-BR","potentialAction":[{"@type":"ReadAction","target":["https:\/\/www.notibras.com\/site\/poderosos-rifam-a-carta-de-principios-dos-direitos-humanos\/"]}]},{"@type":"ImageObject","inLanguage":"pt-BR","@id":"https:\/\/www.notibras.com\/site\/poderosos-rifam-a-carta-de-principios-dos-direitos-humanos\/#primaryimage","url":"https:\/\/www.notibras.com\/site\/wp-content\/uploads\/2026\/01\/lula8648.webp","contentUrl":"https:\/\/www.notibras.com\/site\/wp-content\/uploads\/2026\/01\/lula8648.webp","width":1170,"height":700},{"@type":"BreadcrumbList","@id":"https:\/\/www.notibras.com\/site\/poderosos-rifam-a-carta-de-principios-dos-direitos-humanos\/#breadcrumb","itemListElement":[{"@type":"ListItem","position":1,"name":"In\u00edcio","item":"https:\/\/www.notibras.com\/site\/"},{"@type":"ListItem","position":2,"name":"Poderosos rifam a carta de princ\u00edpios dos direitos humanos"}]},{"@type":"WebSite","@id":"https:\/\/www.notibras.com\/site\/#website","url":"https:\/\/www.notibras.com\/site\/","name":"Notibras","description":"Not\u00edcias de Bras\u00edlia, do Brasil e do Mundo","publisher":{"@id":"https:\/\/www.notibras.com\/site\/#organization"},"potentialAction":[{"@type":"SearchAction","target":{"@type":"EntryPoint","urlTemplate":"https:\/\/www.notibras.com\/site\/?s={search_term_string}"},"query-input":{"@type":"PropertyValueSpecification","valueRequired":true,"valueName":"search_term_string"}}],"inLanguage":"pt-BR"},{"@type":"Organization","@id":"https:\/\/www.notibras.com\/site\/#organization","name":"Grupo Notibras de Comunica\u00e7\u00e3o","url":"https:\/\/www.notibras.com\/site\/","logo":{"@type":"ImageObject","inLanguage":"pt-BR","@id":"https:\/\/www.notibras.com\/site\/#\/schema\/logo\/image\/","url":"https:\/\/www.notibras.com\/site\/wp-content\/uploads\/2023\/01\/notibras23.png","contentUrl":"https:\/\/www.notibras.com\/site\/wp-content\/uploads\/2023\/01\/notibras23.png","width":350,"height":87,"caption":"Grupo Notibras de Comunica\u00e7\u00e3o"},"image":{"@id":"https:\/\/www.notibras.com\/site\/#\/schema\/logo\/image\/"},"sameAs":["https:\/\/www.facebook.com\/notibras\/","https:\/\/x.com\/Notibras","https:\/\/www.instagram.com\/notibras\/"]},{"@type":"Person","@id":"https:\/\/www.notibras.com\/site\/#\/schema\/person\/36ab0979449956132d3e5b517ea76ac8","name":"Reda\u00e7\u00e3o","image":{"@type":"ImageObject","inLanguage":"pt-BR","@id":"https:\/\/secure.gravatar.com\/avatar\/e0a867bdedb85fd243eadf09663511f96fc81e0720a4a42581f334ad4303aa6b?s=96&d=mm&r=g","url":"https:\/\/secure.gravatar.com\/avatar\/e0a867bdedb85fd243eadf09663511f96fc81e0720a4a42581f334ad4303aa6b?s=96&d=mm&r=g","contentUrl":"https:\/\/secure.gravatar.com\/avatar\/e0a867bdedb85fd243eadf09663511f96fc81e0720a4a42581f334ad4303aa6b?s=96&d=mm&r=g","caption":"Reda\u00e7\u00e3o"}}]}},"amp_enabled":true,"_links":{"self":[{"href":"https:\/\/www.notibras.com\/site\/wp-json\/wp\/v2\/posts\/380775","targetHints":{"allow":["GET"]}}],"collection":[{"href":"https:\/\/www.notibras.com\/site\/wp-json\/wp\/v2\/posts"}],"about":[{"href":"https:\/\/www.notibras.com\/site\/wp-json\/wp\/v2\/types\/post"}],"author":[{"embeddable":true,"href":"https:\/\/www.notibras.com\/site\/wp-json\/wp\/v2\/users\/2"}],"replies":[{"embeddable":true,"href":"https:\/\/www.notibras.com\/site\/wp-json\/wp\/v2\/comments?post=380775"}],"version-history":[{"count":1,"href":"https:\/\/www.notibras.com\/site\/wp-json\/wp\/v2\/posts\/380775\/revisions"}],"predecessor-version":[{"id":380777,"href":"https:\/\/www.notibras.com\/site\/wp-json\/wp\/v2\/posts\/380775\/revisions\/380777"}],"wp:featuredmedia":[{"embeddable":true,"href":"https:\/\/www.notibras.com\/site\/wp-json\/wp\/v2\/media\/380776"}],"wp:attachment":[{"href":"https:\/\/www.notibras.com\/site\/wp-json\/wp\/v2\/media?parent=380775"}],"wp:term":[{"taxonomy":"category","embeddable":true,"href":"https:\/\/www.notibras.com\/site\/wp-json\/wp\/v2\/categories?post=380775"},{"taxonomy":"post_tag","embeddable":true,"href":"https:\/\/www.notibras.com\/site\/wp-json\/wp\/v2\/tags?post=380775"}],"curies":[{"name":"wp","href":"https:\/\/api.w.org\/{rel}","templated":true}]}}