{"id":380778,"date":"2026-01-27T08:42:46","date_gmt":"2026-01-27T11:42:46","guid":{"rendered":"https:\/\/www.notibras.com\/site\/?p=380778"},"modified":"2026-01-27T08:43:57","modified_gmt":"2026-01-27T11:43:57","slug":"franca-desconecta-criancas-o-que-isso-diz-sobre-nos","status":"publish","type":"post","link":"https:\/\/www.notibras.com\/site\/franca-desconecta-criancas-o-que-isso-diz-sobre-nos\/","title":{"rendered":"Fran\u00e7a desconecta crian\u00e7as; o que isso diz sobre n\u00f3s?"},"content":{"rendered":"<p>A Assembleia Nacional da Fran\u00e7a aprovou um projeto de lei que pro\u00edbe o uso de redes sociais por menores de 15 anos \u2014 com a inten\u00e7\u00e3o de proteger sa\u00fade mental, reduzir cyberbullying e limitar a influ\u00eancia dos algoritmos na forma\u00e7\u00e3o infantil. O texto agora segue para o Senado e deve entrar em vigor em setembro de 2026.<\/p>\n<p>Pol\u00edticos como Emmanuel Macron justificam a medida com frases fortes como \u201cos c\u00e9rebros das nossas crian\u00e7as n\u00e3o est\u00e3o \u00e0 venda\u201d \u2014 uma declara\u00e7\u00e3o que encapsula o medo coletivo sobre a exposi\u00e7\u00e3o precoce das crian\u00e7as ao mundo digital.<\/p>\n<p>O ponto central da pol\u00eamica n\u00e3o \u00e9 apenas t\u00e9cnico (bloquear contas), mas existencial: at\u00e9 que ponto os Estados devem intervir para proteger, e quando come\u00e7am a cercear liberdades \u2014 inclusive direitos de acesso \u00e0 informa\u00e7\u00e3o e comunica\u00e7\u00e3o?<\/p>\n<p>A Fran\u00e7a n\u00e3o \u00e9 um caso isolado. Pa\u00edses como Austr\u00e1lia j\u00e1 proibiram o acesso de menores de 16 anos \u00e0s grandes plataformas \u2014 com obriga\u00e7\u00f5es fortes de verifica\u00e7\u00e3o de idade e multas pesadas para quem descumprir. Na Dinamarca tamb\u00e9m tramitam propostas semelhantes \u00e0s francesas. E debates sobre limites de idade para uso de redes sociais ocorrem em v\u00e1rias partes da Europa e do mundo.<\/p>\n<p>O que isso revela \u00e9 uma preocupa\u00e7\u00e3o universal: o impacto negativo das redes sociais na sa\u00fade emocional e no desenvolvimento de crian\u00e7as e adolescentes. Mas a resposta legal \u2014 proibir \u2014 levanta quest\u00f5es: ser\u00e1 que leis que \u201cbloqueiam\u201d plataformas s\u00e3o eficazes? Ou apenas transformam adolescentes em especialistas em burlar regras?<\/p>\n<p>E no Brasil, como anda a prote\u00e7\u00e3o digital?<\/p>\n<p>No Brasil, a discuss\u00e3o \u00e9 diferente, mas h\u00e1 movimenta\u00e7\u00f5es relevantes. Em 2025, foi sancionada a Lei 15.211\/25, conhecida como Estatuto Digital, com o objetivo de proteger crian\u00e7as e adolescentes no ambiente digital:<\/p>\n<p>&#x2714;&#xfe0f; Verifica\u00e7\u00e3o de idade confi\u00e1vel em plataformas;<br \/>\n&#x2714;&#xfe0f; Ferramentas de supervis\u00e3o familiar;<br \/>\n&#x2714;&#xfe0f; Remo\u00e7\u00e3o de conte\u00fados que envolvam abuso ou explora\u00e7\u00e3o infantil;<br \/>\n&#x2714;&#xfe0f; San\u00e7\u00f5es para quem desrespeitar regras de tratamento de dados e publicidade voltada a menores.<\/p>\n<p>Essa abordagem brasileira \u2014 focada em direitos, prote\u00e7\u00e3o e responsabilidade das plataformas \u2014 dialoga com as preocupa\u00e7\u00f5es globais sem recorrer diretamente \u00e0 proibi\u00e7\u00e3o pura e simples.<\/p>\n<p>Existem tamb\u00e9m proposi\u00e7\u00f5es mais controversas em tramita\u00e7\u00e3o, como a ideia de proibir menores de 16 anos de acessar n\u00e3o s\u00f3 redes sociais, mas tamb\u00e9m jogos e servi\u00e7os digitais \u2014 um debate que tomou for\u00e7a nas redes sociais brasileiras.<\/p>\n<p>Do lado pr\u00f3-proibi\u00e7\u00e3o, a ideia \u00e9 nobre: limitar a exposi\u00e7\u00e3o precoce pode reduzir riscos psicol\u00f3gicos e devolver tempo para educa\u00e7\u00e3o, hobbies e conviv\u00eancia familiar.<\/p>\n<p>Do lado da cr\u00edtica, h\u00e1 argumentos fortes:<\/p>\n<p>1. Crian\u00e7as e adolescentes t\u00eam hoje uma vida digital integrada ao cotidiano \u2014 proibi\u00e7\u00f5es podem empurr\u00e1-los para o uso clandestino e sem supervis\u00e3o;<\/p>\n<p>2. Verificar idade com confiabilidade \u00e9 tecnicamente dif\u00edcil e pode criar riscos de privacidade e seguran\u00e7a de dados;<\/p>\n<p>3. A educa\u00e7\u00e3o digital e a responsabiliza\u00e7\u00e3o das plataformas podem ser caminhos mais eficazes do que proibi\u00e7\u00f5es tajantes.<\/p>\n<p>No Brasil, o foco atual est\u00e1 mais em regras de prote\u00e7\u00e3o e fiscaliza\u00e7\u00e3o, em vez de impedir o acesso por idade \u2014 uma diferen\u00e7a de filosofia que pode dizer mais sobre como cada sociedade enxerga o papel do Estado versus a autonomia individual.<\/p>\n<p>A iniciativa francesa \u00e9 poderosa politicamente e simb\u00f3lica \u2014 um sinal de alerta sobre os riscos das redes sociais para a inf\u00e2ncia. Por\u00e9m, sua efic\u00e1cia real depender\u00e1 de como ser\u00e1 implementada e se medidas parecidas surgir\u00e3o em outros pa\u00edses.<\/p>\n<p>No Brasil, o debate \u00e9 mais plural: enquanto alguns pedem limites mais r\u00edgidos, o foco legal tende a caminhar para a prote\u00e7\u00e3o de direitos e responsabiliza\u00e7\u00e3o de plataformas, n\u00e3o para proibi\u00e7\u00f5es absolutas.<\/p>\n<p>Essa \u00e9 uma conversa que vai al\u00e9m de leis: trata de como crian\u00e7as, fam\u00edlias, escolas e governos navegam o delicado encontro entre tecnologia e o desenvolvimento humano.<\/p>\n","protected":false},"excerpt":{"rendered":"<p>A Assembleia Nacional da Fran\u00e7a aprovou um projeto de lei que pro\u00edbe o uso de redes sociais por menores de 15 anos \u2014 com a inten\u00e7\u00e3o de proteger sa\u00fade mental, reduzir cyberbullying e limitar a influ\u00eancia dos algoritmos na forma\u00e7\u00e3o infantil. O texto agora segue para o Senado e deve entrar em vigor em setembro [&hellip;]<\/p>\n","protected":false},"author":2,"featured_media":380779,"comment_status":"closed","ping_status":"closed","sticky":false,"template":"","format":"standard","meta":{"_acf_changed":false,"footnotes":""},"categories":[155],"tags":[],"class_list":["post-380778","post","type-post","status-publish","format-standard","has-post-thumbnail","hentry","category-leitura-vip"],"acf":[],"yoast_head":"<!-- This site is optimized with the Yoast SEO plugin v27.2 - https:\/\/yoast.com\/product\/yoast-seo-wordpress\/ -->\n<title>Fran\u00e7a desconecta crian\u00e7as; o que isso diz sobre n\u00f3s? - Notibras<\/title>\n<meta name=\"robots\" content=\"index, follow, max-snippet:-1, max-image-preview:large, max-video-preview:-1\" \/>\n<link rel=\"canonical\" href=\"https:\/\/www.notibras.com\/site\/franca-desconecta-criancas-o-que-isso-diz-sobre-nos\/\" \/>\n<meta property=\"og:locale\" content=\"pt_BR\" \/>\n<meta property=\"og:type\" content=\"article\" \/>\n<meta property=\"og:title\" content=\"Fran\u00e7a desconecta crian\u00e7as; o que isso diz sobre n\u00f3s? - Notibras\" \/>\n<meta property=\"og:description\" content=\"A Assembleia Nacional da Fran\u00e7a aprovou um projeto de lei que pro\u00edbe o uso de redes sociais por menores de 15 anos \u2014 com a inten\u00e7\u00e3o de proteger sa\u00fade mental, reduzir cyberbullying e limitar a influ\u00eancia dos algoritmos na forma\u00e7\u00e3o infantil. O texto agora segue para o Senado e deve entrar em vigor em setembro [&hellip;]\" \/>\n<meta property=\"og:url\" content=\"https:\/\/www.notibras.com\/site\/franca-desconecta-criancas-o-que-isso-diz-sobre-nos\/\" \/>\n<meta property=\"og:site_name\" content=\"Notibras\" \/>\n<meta property=\"article:publisher\" content=\"https:\/\/www.facebook.com\/notibras\/\" \/>\n<meta property=\"article:published_time\" content=\"2026-01-27T11:42:46+00:00\" \/>\n<meta property=\"article:modified_time\" content=\"2026-01-27T11:43:57+00:00\" \/>\n<meta property=\"og:image\" content=\"https:\/\/www.notibras.com\/site\/wp-content\/uploads\/2026\/01\/capa1-1.webp\" \/>\n\t<meta property=\"og:image:width\" content=\"1170\" \/>\n\t<meta property=\"og:image:height\" content=\"700\" \/>\n\t<meta property=\"og:image:type\" content=\"image\/webp\" \/>\n<meta name=\"author\" content=\"Reda\u00e7\u00e3o\" \/>\n<meta name=\"twitter:card\" content=\"summary_large_image\" \/>\n<meta name=\"twitter:creator\" content=\"@Notibras\" \/>\n<meta name=\"twitter:site\" content=\"@Notibras\" \/>\n<meta name=\"twitter:label1\" content=\"Escrito por\" \/>\n\t<meta name=\"twitter:data1\" content=\"Reda\u00e7\u00e3o\" \/>\n\t<meta name=\"twitter:label2\" content=\"Est. tempo de leitura\" \/>\n\t<meta name=\"twitter:data2\" content=\"4 minutos\" \/>\n<script type=\"application\/ld+json\" class=\"yoast-schema-graph\">{\"@context\":\"https:\/\/schema.org\",\"@graph\":[{\"@type\":\"Article\",\"@id\":\"https:\/\/www.notibras.com\/site\/franca-desconecta-criancas-o-que-isso-diz-sobre-nos\/#article\",\"isPartOf\":{\"@id\":\"https:\/\/www.notibras.com\/site\/franca-desconecta-criancas-o-que-isso-diz-sobre-nos\/\"},\"author\":{\"name\":\"Reda\u00e7\u00e3o\",\"@id\":\"https:\/\/www.notibras.com\/site\/#\/schema\/person\/36ab0979449956132d3e5b517ea76ac8\"},\"headline\":\"Fran\u00e7a desconecta crian\u00e7as; o que isso diz sobre n\u00f3s?\",\"datePublished\":\"2026-01-27T11:42:46+00:00\",\"dateModified\":\"2026-01-27T11:43:57+00:00\",\"mainEntityOfPage\":{\"@id\":\"https:\/\/www.notibras.com\/site\/franca-desconecta-criancas-o-que-isso-diz-sobre-nos\/\"},\"wordCount\":692,\"publisher\":{\"@id\":\"https:\/\/www.notibras.com\/site\/#organization\"},\"image\":{\"@id\":\"https:\/\/www.notibras.com\/site\/franca-desconecta-criancas-o-que-isso-diz-sobre-nos\/#primaryimage\"},\"thumbnailUrl\":\"https:\/\/www.notibras.com\/site\/wp-content\/uploads\/2026\/01\/capa1-1.webp\",\"articleSection\":[\"Leitura Vip\"],\"inLanguage\":\"pt-BR\"},{\"@type\":\"WebPage\",\"@id\":\"https:\/\/www.notibras.com\/site\/franca-desconecta-criancas-o-que-isso-diz-sobre-nos\/\",\"url\":\"https:\/\/www.notibras.com\/site\/franca-desconecta-criancas-o-que-isso-diz-sobre-nos\/\",\"name\":\"Fran\u00e7a desconecta crian\u00e7as; o que isso diz sobre n\u00f3s? - Notibras\",\"isPartOf\":{\"@id\":\"https:\/\/www.notibras.com\/site\/#website\"},\"primaryImageOfPage\":{\"@id\":\"https:\/\/www.notibras.com\/site\/franca-desconecta-criancas-o-que-isso-diz-sobre-nos\/#primaryimage\"},\"image\":{\"@id\":\"https:\/\/www.notibras.com\/site\/franca-desconecta-criancas-o-que-isso-diz-sobre-nos\/#primaryimage\"},\"thumbnailUrl\":\"https:\/\/www.notibras.com\/site\/wp-content\/uploads\/2026\/01\/capa1-1.webp\",\"datePublished\":\"2026-01-27T11:42:46+00:00\",\"dateModified\":\"2026-01-27T11:43:57+00:00\",\"breadcrumb\":{\"@id\":\"https:\/\/www.notibras.com\/site\/franca-desconecta-criancas-o-que-isso-diz-sobre-nos\/#breadcrumb\"},\"inLanguage\":\"pt-BR\",\"potentialAction\":[{\"@type\":\"ReadAction\",\"target\":[\"https:\/\/www.notibras.com\/site\/franca-desconecta-criancas-o-que-isso-diz-sobre-nos\/\"]}]},{\"@type\":\"ImageObject\",\"inLanguage\":\"pt-BR\",\"@id\":\"https:\/\/www.notibras.com\/site\/franca-desconecta-criancas-o-que-isso-diz-sobre-nos\/#primaryimage\",\"url\":\"https:\/\/www.notibras.com\/site\/wp-content\/uploads\/2026\/01\/capa1-1.webp\",\"contentUrl\":\"https:\/\/www.notibras.com\/site\/wp-content\/uploads\/2026\/01\/capa1-1.webp\",\"width\":1170,\"height\":700},{\"@type\":\"BreadcrumbList\",\"@id\":\"https:\/\/www.notibras.com\/site\/franca-desconecta-criancas-o-que-isso-diz-sobre-nos\/#breadcrumb\",\"itemListElement\":[{\"@type\":\"ListItem\",\"position\":1,\"name\":\"In\u00edcio\",\"item\":\"https:\/\/www.notibras.com\/site\/\"},{\"@type\":\"ListItem\",\"position\":2,\"name\":\"Fran\u00e7a desconecta crian\u00e7as; o que isso diz sobre n\u00f3s?\"}]},{\"@type\":\"WebSite\",\"@id\":\"https:\/\/www.notibras.com\/site\/#website\",\"url\":\"https:\/\/www.notibras.com\/site\/\",\"name\":\"Notibras\",\"description\":\"Not\u00edcias de Bras\u00edlia, do Brasil e do Mundo\",\"publisher\":{\"@id\":\"https:\/\/www.notibras.com\/site\/#organization\"},\"potentialAction\":[{\"@type\":\"SearchAction\",\"target\":{\"@type\":\"EntryPoint\",\"urlTemplate\":\"https:\/\/www.notibras.com\/site\/?s={search_term_string}\"},\"query-input\":{\"@type\":\"PropertyValueSpecification\",\"valueRequired\":true,\"valueName\":\"search_term_string\"}}],\"inLanguage\":\"pt-BR\"},{\"@type\":\"Organization\",\"@id\":\"https:\/\/www.notibras.com\/site\/#organization\",\"name\":\"Grupo Notibras de Comunica\u00e7\u00e3o\",\"url\":\"https:\/\/www.notibras.com\/site\/\",\"logo\":{\"@type\":\"ImageObject\",\"inLanguage\":\"pt-BR\",\"@id\":\"https:\/\/www.notibras.com\/site\/#\/schema\/logo\/image\/\",\"url\":\"https:\/\/www.notibras.com\/site\/wp-content\/uploads\/2023\/01\/notibras23.png\",\"contentUrl\":\"https:\/\/www.notibras.com\/site\/wp-content\/uploads\/2023\/01\/notibras23.png\",\"width\":350,\"height\":87,\"caption\":\"Grupo Notibras de Comunica\u00e7\u00e3o\"},\"image\":{\"@id\":\"https:\/\/www.notibras.com\/site\/#\/schema\/logo\/image\/\"},\"sameAs\":[\"https:\/\/www.facebook.com\/notibras\/\",\"https:\/\/x.com\/Notibras\",\"https:\/\/www.instagram.com\/notibras\/\"]},{\"@type\":\"Person\",\"@id\":\"https:\/\/www.notibras.com\/site\/#\/schema\/person\/36ab0979449956132d3e5b517ea76ac8\",\"name\":\"Reda\u00e7\u00e3o\",\"image\":{\"@type\":\"ImageObject\",\"inLanguage\":\"pt-BR\",\"@id\":\"https:\/\/secure.gravatar.com\/avatar\/e0a867bdedb85fd243eadf09663511f96fc81e0720a4a42581f334ad4303aa6b?s=96&d=mm&r=g\",\"url\":\"https:\/\/secure.gravatar.com\/avatar\/e0a867bdedb85fd243eadf09663511f96fc81e0720a4a42581f334ad4303aa6b?s=96&d=mm&r=g\",\"contentUrl\":\"https:\/\/secure.gravatar.com\/avatar\/e0a867bdedb85fd243eadf09663511f96fc81e0720a4a42581f334ad4303aa6b?s=96&d=mm&r=g\",\"caption\":\"Reda\u00e7\u00e3o\"}}]}<\/script>\n<!-- \/ Yoast SEO plugin. -->","yoast_head_json":{"title":"Fran\u00e7a desconecta crian\u00e7as; o que isso diz sobre n\u00f3s? - Notibras","robots":{"index":"index","follow":"follow","max-snippet":"max-snippet:-1","max-image-preview":"max-image-preview:large","max-video-preview":"max-video-preview:-1"},"canonical":"https:\/\/www.notibras.com\/site\/franca-desconecta-criancas-o-que-isso-diz-sobre-nos\/","og_locale":"pt_BR","og_type":"article","og_title":"Fran\u00e7a desconecta crian\u00e7as; o que isso diz sobre n\u00f3s? - Notibras","og_description":"A Assembleia Nacional da Fran\u00e7a aprovou um projeto de lei que pro\u00edbe o uso de redes sociais por menores de 15 anos \u2014 com a inten\u00e7\u00e3o de proteger sa\u00fade mental, reduzir cyberbullying e limitar a influ\u00eancia dos algoritmos na forma\u00e7\u00e3o infantil. O texto agora segue para o Senado e deve entrar em vigor em setembro [&hellip;]","og_url":"https:\/\/www.notibras.com\/site\/franca-desconecta-criancas-o-que-isso-diz-sobre-nos\/","og_site_name":"Notibras","article_publisher":"https:\/\/www.facebook.com\/notibras\/","article_published_time":"2026-01-27T11:42:46+00:00","article_modified_time":"2026-01-27T11:43:57+00:00","og_image":[{"width":1170,"height":700,"url":"https:\/\/www.notibras.com\/site\/wp-content\/uploads\/2026\/01\/capa1-1.webp","type":"image\/webp"}],"author":"Reda\u00e7\u00e3o","twitter_card":"summary_large_image","twitter_creator":"@Notibras","twitter_site":"@Notibras","twitter_misc":{"Escrito por":"Reda\u00e7\u00e3o","Est. tempo de leitura":"4 minutos"},"schema":{"@context":"https:\/\/schema.org","@graph":[{"@type":"Article","@id":"https:\/\/www.notibras.com\/site\/franca-desconecta-criancas-o-que-isso-diz-sobre-nos\/#article","isPartOf":{"@id":"https:\/\/www.notibras.com\/site\/franca-desconecta-criancas-o-que-isso-diz-sobre-nos\/"},"author":{"name":"Reda\u00e7\u00e3o","@id":"https:\/\/www.notibras.com\/site\/#\/schema\/person\/36ab0979449956132d3e5b517ea76ac8"},"headline":"Fran\u00e7a desconecta crian\u00e7as; o que isso diz sobre n\u00f3s?","datePublished":"2026-01-27T11:42:46+00:00","dateModified":"2026-01-27T11:43:57+00:00","mainEntityOfPage":{"@id":"https:\/\/www.notibras.com\/site\/franca-desconecta-criancas-o-que-isso-diz-sobre-nos\/"},"wordCount":692,"publisher":{"@id":"https:\/\/www.notibras.com\/site\/#organization"},"image":{"@id":"https:\/\/www.notibras.com\/site\/franca-desconecta-criancas-o-que-isso-diz-sobre-nos\/#primaryimage"},"thumbnailUrl":"https:\/\/www.notibras.com\/site\/wp-content\/uploads\/2026\/01\/capa1-1.webp","articleSection":["Leitura Vip"],"inLanguage":"pt-BR"},{"@type":"WebPage","@id":"https:\/\/www.notibras.com\/site\/franca-desconecta-criancas-o-que-isso-diz-sobre-nos\/","url":"https:\/\/www.notibras.com\/site\/franca-desconecta-criancas-o-que-isso-diz-sobre-nos\/","name":"Fran\u00e7a desconecta crian\u00e7as; o que isso diz sobre n\u00f3s? - Notibras","isPartOf":{"@id":"https:\/\/www.notibras.com\/site\/#website"},"primaryImageOfPage":{"@id":"https:\/\/www.notibras.com\/site\/franca-desconecta-criancas-o-que-isso-diz-sobre-nos\/#primaryimage"},"image":{"@id":"https:\/\/www.notibras.com\/site\/franca-desconecta-criancas-o-que-isso-diz-sobre-nos\/#primaryimage"},"thumbnailUrl":"https:\/\/www.notibras.com\/site\/wp-content\/uploads\/2026\/01\/capa1-1.webp","datePublished":"2026-01-27T11:42:46+00:00","dateModified":"2026-01-27T11:43:57+00:00","breadcrumb":{"@id":"https:\/\/www.notibras.com\/site\/franca-desconecta-criancas-o-que-isso-diz-sobre-nos\/#breadcrumb"},"inLanguage":"pt-BR","potentialAction":[{"@type":"ReadAction","target":["https:\/\/www.notibras.com\/site\/franca-desconecta-criancas-o-que-isso-diz-sobre-nos\/"]}]},{"@type":"ImageObject","inLanguage":"pt-BR","@id":"https:\/\/www.notibras.com\/site\/franca-desconecta-criancas-o-que-isso-diz-sobre-nos\/#primaryimage","url":"https:\/\/www.notibras.com\/site\/wp-content\/uploads\/2026\/01\/capa1-1.webp","contentUrl":"https:\/\/www.notibras.com\/site\/wp-content\/uploads\/2026\/01\/capa1-1.webp","width":1170,"height":700},{"@type":"BreadcrumbList","@id":"https:\/\/www.notibras.com\/site\/franca-desconecta-criancas-o-que-isso-diz-sobre-nos\/#breadcrumb","itemListElement":[{"@type":"ListItem","position":1,"name":"In\u00edcio","item":"https:\/\/www.notibras.com\/site\/"},{"@type":"ListItem","position":2,"name":"Fran\u00e7a desconecta crian\u00e7as; o que isso diz sobre n\u00f3s?"}]},{"@type":"WebSite","@id":"https:\/\/www.notibras.com\/site\/#website","url":"https:\/\/www.notibras.com\/site\/","name":"Notibras","description":"Not\u00edcias de Bras\u00edlia, do Brasil e do Mundo","publisher":{"@id":"https:\/\/www.notibras.com\/site\/#organization"},"potentialAction":[{"@type":"SearchAction","target":{"@type":"EntryPoint","urlTemplate":"https:\/\/www.notibras.com\/site\/?s={search_term_string}"},"query-input":{"@type":"PropertyValueSpecification","valueRequired":true,"valueName":"search_term_string"}}],"inLanguage":"pt-BR"},{"@type":"Organization","@id":"https:\/\/www.notibras.com\/site\/#organization","name":"Grupo Notibras de Comunica\u00e7\u00e3o","url":"https:\/\/www.notibras.com\/site\/","logo":{"@type":"ImageObject","inLanguage":"pt-BR","@id":"https:\/\/www.notibras.com\/site\/#\/schema\/logo\/image\/","url":"https:\/\/www.notibras.com\/site\/wp-content\/uploads\/2023\/01\/notibras23.png","contentUrl":"https:\/\/www.notibras.com\/site\/wp-content\/uploads\/2023\/01\/notibras23.png","width":350,"height":87,"caption":"Grupo Notibras de Comunica\u00e7\u00e3o"},"image":{"@id":"https:\/\/www.notibras.com\/site\/#\/schema\/logo\/image\/"},"sameAs":["https:\/\/www.facebook.com\/notibras\/","https:\/\/x.com\/Notibras","https:\/\/www.instagram.com\/notibras\/"]},{"@type":"Person","@id":"https:\/\/www.notibras.com\/site\/#\/schema\/person\/36ab0979449956132d3e5b517ea76ac8","name":"Reda\u00e7\u00e3o","image":{"@type":"ImageObject","inLanguage":"pt-BR","@id":"https:\/\/secure.gravatar.com\/avatar\/e0a867bdedb85fd243eadf09663511f96fc81e0720a4a42581f334ad4303aa6b?s=96&d=mm&r=g","url":"https:\/\/secure.gravatar.com\/avatar\/e0a867bdedb85fd243eadf09663511f96fc81e0720a4a42581f334ad4303aa6b?s=96&d=mm&r=g","contentUrl":"https:\/\/secure.gravatar.com\/avatar\/e0a867bdedb85fd243eadf09663511f96fc81e0720a4a42581f334ad4303aa6b?s=96&d=mm&r=g","caption":"Reda\u00e7\u00e3o"}}]}},"amp_enabled":true,"_links":{"self":[{"href":"https:\/\/www.notibras.com\/site\/wp-json\/wp\/v2\/posts\/380778","targetHints":{"allow":["GET"]}}],"collection":[{"href":"https:\/\/www.notibras.com\/site\/wp-json\/wp\/v2\/posts"}],"about":[{"href":"https:\/\/www.notibras.com\/site\/wp-json\/wp\/v2\/types\/post"}],"author":[{"embeddable":true,"href":"https:\/\/www.notibras.com\/site\/wp-json\/wp\/v2\/users\/2"}],"replies":[{"embeddable":true,"href":"https:\/\/www.notibras.com\/site\/wp-json\/wp\/v2\/comments?post=380778"}],"version-history":[{"count":3,"href":"https:\/\/www.notibras.com\/site\/wp-json\/wp\/v2\/posts\/380778\/revisions"}],"predecessor-version":[{"id":380782,"href":"https:\/\/www.notibras.com\/site\/wp-json\/wp\/v2\/posts\/380778\/revisions\/380782"}],"wp:featuredmedia":[{"embeddable":true,"href":"https:\/\/www.notibras.com\/site\/wp-json\/wp\/v2\/media\/380779"}],"wp:attachment":[{"href":"https:\/\/www.notibras.com\/site\/wp-json\/wp\/v2\/media?parent=380778"}],"wp:term":[{"taxonomy":"category","embeddable":true,"href":"https:\/\/www.notibras.com\/site\/wp-json\/wp\/v2\/categories?post=380778"},{"taxonomy":"post_tag","embeddable":true,"href":"https:\/\/www.notibras.com\/site\/wp-json\/wp\/v2\/tags?post=380778"}],"curies":[{"name":"wp","href":"https:\/\/api.w.org\/{rel}","templated":true}]}}