{"id":380783,"date":"2026-01-27T08:47:48","date_gmt":"2026-01-27T11:47:48","guid":{"rendered":"https:\/\/www.notibras.com\/site\/?p=380783"},"modified":"2026-01-27T08:47:48","modified_gmt":"2026-01-27T11:47:48","slug":"lado-sombrio-que-ninguem-gosta-de-admitir","status":"publish","type":"post","link":"https:\/\/www.notibras.com\/site\/lado-sombrio-que-ninguem-gosta-de-admitir\/","title":{"rendered":"Lado sombrio que ningu\u00e9m gosta de admitir"},"content":{"rendered":"<p>Egr\u00e9goras tamb\u00e9m t\u00eam efeitos bem chatos e at\u00e9 desagrad\u00e1veis quando desenvolvem o \u201ccomportamento e pensamento de manada\u201d. Nesse momento, voc\u00ea passa a confundir aquilo que realmente pensa com \u201co que o grupo espera que voc\u00ea sinta\/pense\u201d. Da mesma forma, quando se estimula o fanatismo e a guerra de egos, afirmando que \u201cmeu sistema \u00e9 o verdadeiro, o resto \u00e9 ilus\u00e3o\/treva\/egum obsessor\u201d. Nesses casos, \u00e9 a egr\u00e9gora que est\u00e1 puxando voc\u00ea para defender territ\u00f3rio. Caso voc\u00ea pense em se afastar, v\u00e3o lhe introjetar culpas, medos de puni\u00e7\u00e3o e a sensa\u00e7\u00e3o de que \u201cvai dar tudo errado\u201d se sair.<\/p>\n<p>Geralmente, nesses ambientes, com muita energia emocional exacerbada, \u00e9 comum o aparecimento de \u201cparasitas ps\u00edquicos\u201d, que s\u00e3o aqueles que manipulam o grupo para ganho pessoal ou se comportam com padr\u00f5es neur\u00f3ticos que se alimentam de medo, culpa e depend\u00eancia. Em uma linguagem mais \u201cm\u00edstica\u201d, \u00e9 comum o uso de express\u00f5es como: \u201cegr\u00e9gora vamp\u00edrica\u201d, \u201ccampo pesado\u201d ou \u201cesp\u00edritos oportunistas\u201d que surfam naquela energia, entre outras. Poder\u00edamos dizer que a estrutura do grupo \u00e9 composta por estruturas mentais desorganizadas ou feridas que geram um ambiente t\u00f3xico. N\u00e3o importa se o ambiente \u00e9 virtual ou n\u00e3o.<\/p>\n<p>Para n\u00e3o virar ref\u00e9m, existem algumas estrat\u00e9gias simples de serem implantadas. Vamos l\u00e1! Mantenha um \u201cespa\u00e7o mental neutro\u201d, como: medita\u00e7\u00e3o sem s\u00edmbolo, caminhada sem est\u00edmulo auditivo (do tipo \u00e1udio-aula) e um tempo s\u00f3 seu, sem leitura nem ritual. Seria como sair da festa um pouco para respirar ar puro. Desenvolva uma an\u00e1lise cr\u00edtica peri\u00f3dica sobre sua viv\u00eancia e experi\u00eancia nessa egr\u00e9gora. Avalie se seu aprendizado est\u00e1 de acordo com seus valores. Evite fundir-se 100% com um r\u00f3tulo. Lembre-se de que r\u00f3tulo \u00e9 ferramenta, n\u00e3o identidade inteira. De tempos em tempos, tenha contato com vis\u00f5es diferentes, leia, converse e visite outros espa\u00e7os de pensamento. Agora, aten\u00e7\u00e3o: n\u00e3o \u00e9 para virar colecionador de egr\u00e9gora; \u00e9 s\u00f3 para n\u00e3o atrofiar o senso cr\u00edtico. Por fim, perceba o tipo de emo\u00e7\u00e3o dominante no grupo e nas reuni\u00f5es. Se o grupo vive com medo, paranoia, superioridade espiritual, fofoca e ataques a \u201cinimigos\u201d etc., tenha cuidado com esses comportamentos. Provavelmente, essa egr\u00e9gora est\u00e1 doente.<\/p>\n<p>\u00c9 poss\u00edvel criar uma egr\u00e9gora do zero. Muitas ordens\/grupos fazem isso conscientemente. Numa vers\u00e3o simples, inicia-se definindo o prop\u00f3sito do grupo. Mas n\u00e3o deve ser \u201cqualquer coisa\u201d: por exemplo, prote\u00e7\u00e3o do grupo, estudo conjunto, cura, prosperidade m\u00fatua. Depois, criam-se os s\u00edmbolos, o nome, o sigilo, a imagem, a cor e a frase de poder. Isso vira o \u201crosto\u201d da egr\u00e9gora. A ritualiza\u00e7\u00e3o deve ser frequente, seguindo datas astrol\u00f3gicas e clim\u00e1ticas, por exemplo, com reuni\u00f5es, pr\u00e1ticas, oferendas simb\u00f3licas e medita\u00e7\u00f5es conjuntas, sempre chamando o mesmo grupo. Manter a coer\u00eancia \u00e9 fundamental: seguir o prop\u00f3sito, a linha de estudo e os objetivos etc. Tudo deve ser harm\u00f4nico e aceito por todos. Com o tempo, o grupo come\u00e7a a sentir que a egr\u00e9gora est\u00e1 \u201crespondendo\u201d. Percebe-se uma \u201cpresen\u00e7a\u201d quando se a invoca, e certos padr\u00f5es de sonho\/insights se repetem entre os membros.<\/p>\n<p>Hoje, h\u00e1 egr\u00e9goras de servidor\/entidade criadas em f\u00f3rum, \u201ccorrente X do TikTok\u201d, \u201cmagistas do servidor Y do Discord\u201d e por a\u00ed vai. O princ\u00edpio \u00e9 o mesmo: s\u00f3 se troca o templo f\u00edsico pelo servidor. Portanto, tenha cuidados extras, pois o anonimato facilita o abuso e a manipula\u00e7\u00e3o emocional. Ele tamb\u00e9m facilita exponencialmente a fofoca, o drama e o cancelamento, que alimentam o campo. E, quanto mais intenso o emocional, mais r\u00e1pido a egr\u00e9gora cresce (para o bem e para o mal). Investigue quem s\u00e3o seus membros.<\/p>\n<p>Em resumo, para usar a seu favor, voc\u00ea pode e deve escolher conscientemente em quais egr\u00e9goras se plugar, analisando as tradi\u00e7\u00f5es e grupos a que essa egr\u00e9gora pertence ou de que participa, at\u00e9 certos \u201cclimas\u201d de internet. Ao escolh\u00ea-las, aproveite a for\u00e7a e as propostas para estudo, disciplina e magia de grupo. E, ao mesmo tempo, mantenha-se atento e observador, desenvolva senso anal\u00edtico e cr\u00edtico e exer\u00e7a a liberdade de sair, se aquilo n\u00e3o fizer mais sentido<\/p>\n<p>&#8230;&#8230;&#8230;.<\/p>\n<p><strong>Marco Mammoli, Mestre Conselheiro e membro do conselho do Col\u00e9gio de Magos e Sacerdotisas. Voc\u00ea pode entrar em contato com o Col\u00e9gio dos Magos e Sacerdotisas atrav\u00e9s da Bio, Direct e o Whatsapp: 81 997302139.<\/strong><\/p>\n","protected":false},"excerpt":{"rendered":"<p>Egr\u00e9goras tamb\u00e9m t\u00eam efeitos bem chatos e at\u00e9 desagrad\u00e1veis quando desenvolvem o \u201ccomportamento e pensamento de manada\u201d. Nesse momento, voc\u00ea passa a confundir aquilo que realmente pensa com \u201co que o grupo espera que voc\u00ea sinta\/pense\u201d. Da mesma forma, quando se estimula o fanatismo e a guerra de egos, afirmando que \u201cmeu sistema \u00e9 o [&hellip;]<\/p>\n","protected":false},"author":2,"featured_media":380784,"comment_status":"closed","ping_status":"closed","sticky":false,"template":"","format":"standard","meta":{"_acf_changed":false,"footnotes":""},"categories":[237],"tags":[],"class_list":["post-380783","post","type-post","status-publish","format-standard","has-post-thumbnail","hentry","category-oraculos"],"acf":[],"yoast_head":"<!-- This site is optimized with the Yoast SEO plugin v27.2 - https:\/\/yoast.com\/product\/yoast-seo-wordpress\/ -->\n<title>Lado sombrio que ningu\u00e9m gosta de admitir - Notibras<\/title>\n<meta name=\"robots\" content=\"index, follow, max-snippet:-1, max-image-preview:large, max-video-preview:-1\" \/>\n<link rel=\"canonical\" href=\"https:\/\/www.notibras.com\/site\/lado-sombrio-que-ninguem-gosta-de-admitir\/\" \/>\n<meta property=\"og:locale\" content=\"pt_BR\" \/>\n<meta property=\"og:type\" content=\"article\" \/>\n<meta property=\"og:title\" content=\"Lado sombrio que ningu\u00e9m gosta de admitir - Notibras\" \/>\n<meta property=\"og:description\" content=\"Egr\u00e9goras tamb\u00e9m t\u00eam efeitos bem chatos e at\u00e9 desagrad\u00e1veis quando desenvolvem o \u201ccomportamento e pensamento de manada\u201d. Nesse momento, voc\u00ea passa a confundir aquilo que realmente pensa com \u201co que o grupo espera que voc\u00ea sinta\/pense\u201d. Da mesma forma, quando se estimula o fanatismo e a guerra de egos, afirmando que \u201cmeu sistema \u00e9 o [&hellip;]\" \/>\n<meta property=\"og:url\" content=\"https:\/\/www.notibras.com\/site\/lado-sombrio-que-ninguem-gosta-de-admitir\/\" \/>\n<meta property=\"og:site_name\" content=\"Notibras\" \/>\n<meta property=\"article:publisher\" content=\"https:\/\/www.facebook.com\/notibras\/\" \/>\n<meta property=\"article:published_time\" content=\"2026-01-27T11:47:48+00:00\" \/>\n<meta property=\"og:image\" content=\"https:\/\/www.notibras.com\/site\/wp-content\/uploads\/2026\/01\/30371631-76b4-4dc6-86dc-596073c890f2.jpg\" \/>\n\t<meta property=\"og:image:width\" content=\"413\" \/>\n\t<meta property=\"og:image:height\" content=\"413\" \/>\n\t<meta property=\"og:image:type\" content=\"image\/jpeg\" \/>\n<meta name=\"author\" content=\"Reda\u00e7\u00e3o\" \/>\n<meta name=\"twitter:card\" content=\"summary_large_image\" \/>\n<meta name=\"twitter:creator\" content=\"@Notibras\" \/>\n<meta name=\"twitter:site\" content=\"@Notibras\" \/>\n<meta name=\"twitter:label1\" content=\"Escrito por\" \/>\n\t<meta name=\"twitter:data1\" content=\"Reda\u00e7\u00e3o\" \/>\n\t<meta name=\"twitter:label2\" content=\"Est. tempo de leitura\" \/>\n\t<meta name=\"twitter:data2\" content=\"5 minutos\" \/>\n<script type=\"application\/ld+json\" class=\"yoast-schema-graph\">{\"@context\":\"https:\/\/schema.org\",\"@graph\":[{\"@type\":\"Article\",\"@id\":\"https:\/\/www.notibras.com\/site\/lado-sombrio-que-ninguem-gosta-de-admitir\/#article\",\"isPartOf\":{\"@id\":\"https:\/\/www.notibras.com\/site\/lado-sombrio-que-ninguem-gosta-de-admitir\/\"},\"author\":{\"name\":\"Reda\u00e7\u00e3o\",\"@id\":\"https:\/\/www.notibras.com\/site\/#\/schema\/person\/36ab0979449956132d3e5b517ea76ac8\"},\"headline\":\"Lado sombrio que ningu\u00e9m gosta de admitir\",\"datePublished\":\"2026-01-27T11:47:48+00:00\",\"mainEntityOfPage\":{\"@id\":\"https:\/\/www.notibras.com\/site\/lado-sombrio-que-ninguem-gosta-de-admitir\/\"},\"wordCount\":778,\"publisher\":{\"@id\":\"https:\/\/www.notibras.com\/site\/#organization\"},\"image\":{\"@id\":\"https:\/\/www.notibras.com\/site\/lado-sombrio-que-ninguem-gosta-de-admitir\/#primaryimage\"},\"thumbnailUrl\":\"https:\/\/www.notibras.com\/site\/wp-content\/uploads\/2026\/01\/30371631-76b4-4dc6-86dc-596073c890f2.jpg\",\"articleSection\":[\"Or\u00e1culos\"],\"inLanguage\":\"pt-BR\"},{\"@type\":\"WebPage\",\"@id\":\"https:\/\/www.notibras.com\/site\/lado-sombrio-que-ninguem-gosta-de-admitir\/\",\"url\":\"https:\/\/www.notibras.com\/site\/lado-sombrio-que-ninguem-gosta-de-admitir\/\",\"name\":\"Lado sombrio que ningu\u00e9m gosta de admitir - Notibras\",\"isPartOf\":{\"@id\":\"https:\/\/www.notibras.com\/site\/#website\"},\"primaryImageOfPage\":{\"@id\":\"https:\/\/www.notibras.com\/site\/lado-sombrio-que-ninguem-gosta-de-admitir\/#primaryimage\"},\"image\":{\"@id\":\"https:\/\/www.notibras.com\/site\/lado-sombrio-que-ninguem-gosta-de-admitir\/#primaryimage\"},\"thumbnailUrl\":\"https:\/\/www.notibras.com\/site\/wp-content\/uploads\/2026\/01\/30371631-76b4-4dc6-86dc-596073c890f2.jpg\",\"datePublished\":\"2026-01-27T11:47:48+00:00\",\"breadcrumb\":{\"@id\":\"https:\/\/www.notibras.com\/site\/lado-sombrio-que-ninguem-gosta-de-admitir\/#breadcrumb\"},\"inLanguage\":\"pt-BR\",\"potentialAction\":[{\"@type\":\"ReadAction\",\"target\":[\"https:\/\/www.notibras.com\/site\/lado-sombrio-que-ninguem-gosta-de-admitir\/\"]}]},{\"@type\":\"ImageObject\",\"inLanguage\":\"pt-BR\",\"@id\":\"https:\/\/www.notibras.com\/site\/lado-sombrio-que-ninguem-gosta-de-admitir\/#primaryimage\",\"url\":\"https:\/\/www.notibras.com\/site\/wp-content\/uploads\/2026\/01\/30371631-76b4-4dc6-86dc-596073c890f2.jpg\",\"contentUrl\":\"https:\/\/www.notibras.com\/site\/wp-content\/uploads\/2026\/01\/30371631-76b4-4dc6-86dc-596073c890f2.jpg\",\"width\":413,\"height\":413},{\"@type\":\"BreadcrumbList\",\"@id\":\"https:\/\/www.notibras.com\/site\/lado-sombrio-que-ninguem-gosta-de-admitir\/#breadcrumb\",\"itemListElement\":[{\"@type\":\"ListItem\",\"position\":1,\"name\":\"In\u00edcio\",\"item\":\"https:\/\/www.notibras.com\/site\/\"},{\"@type\":\"ListItem\",\"position\":2,\"name\":\"Lado sombrio que ningu\u00e9m gosta de admitir\"}]},{\"@type\":\"WebSite\",\"@id\":\"https:\/\/www.notibras.com\/site\/#website\",\"url\":\"https:\/\/www.notibras.com\/site\/\",\"name\":\"Notibras\",\"description\":\"Not\u00edcias de Bras\u00edlia, do Brasil e do Mundo\",\"publisher\":{\"@id\":\"https:\/\/www.notibras.com\/site\/#organization\"},\"potentialAction\":[{\"@type\":\"SearchAction\",\"target\":{\"@type\":\"EntryPoint\",\"urlTemplate\":\"https:\/\/www.notibras.com\/site\/?s={search_term_string}\"},\"query-input\":{\"@type\":\"PropertyValueSpecification\",\"valueRequired\":true,\"valueName\":\"search_term_string\"}}],\"inLanguage\":\"pt-BR\"},{\"@type\":\"Organization\",\"@id\":\"https:\/\/www.notibras.com\/site\/#organization\",\"name\":\"Grupo Notibras de Comunica\u00e7\u00e3o\",\"url\":\"https:\/\/www.notibras.com\/site\/\",\"logo\":{\"@type\":\"ImageObject\",\"inLanguage\":\"pt-BR\",\"@id\":\"https:\/\/www.notibras.com\/site\/#\/schema\/logo\/image\/\",\"url\":\"https:\/\/www.notibras.com\/site\/wp-content\/uploads\/2023\/01\/notibras23.png\",\"contentUrl\":\"https:\/\/www.notibras.com\/site\/wp-content\/uploads\/2023\/01\/notibras23.png\",\"width\":350,\"height\":87,\"caption\":\"Grupo Notibras de Comunica\u00e7\u00e3o\"},\"image\":{\"@id\":\"https:\/\/www.notibras.com\/site\/#\/schema\/logo\/image\/\"},\"sameAs\":[\"https:\/\/www.facebook.com\/notibras\/\",\"https:\/\/x.com\/Notibras\",\"https:\/\/www.instagram.com\/notibras\/\"]},{\"@type\":\"Person\",\"@id\":\"https:\/\/www.notibras.com\/site\/#\/schema\/person\/36ab0979449956132d3e5b517ea76ac8\",\"name\":\"Reda\u00e7\u00e3o\",\"image\":{\"@type\":\"ImageObject\",\"inLanguage\":\"pt-BR\",\"@id\":\"https:\/\/secure.gravatar.com\/avatar\/e0a867bdedb85fd243eadf09663511f96fc81e0720a4a42581f334ad4303aa6b?s=96&d=mm&r=g\",\"url\":\"https:\/\/secure.gravatar.com\/avatar\/e0a867bdedb85fd243eadf09663511f96fc81e0720a4a42581f334ad4303aa6b?s=96&d=mm&r=g\",\"contentUrl\":\"https:\/\/secure.gravatar.com\/avatar\/e0a867bdedb85fd243eadf09663511f96fc81e0720a4a42581f334ad4303aa6b?s=96&d=mm&r=g\",\"caption\":\"Reda\u00e7\u00e3o\"}}]}<\/script>\n<!-- \/ Yoast SEO plugin. -->","yoast_head_json":{"title":"Lado sombrio que ningu\u00e9m gosta de admitir - Notibras","robots":{"index":"index","follow":"follow","max-snippet":"max-snippet:-1","max-image-preview":"max-image-preview:large","max-video-preview":"max-video-preview:-1"},"canonical":"https:\/\/www.notibras.com\/site\/lado-sombrio-que-ninguem-gosta-de-admitir\/","og_locale":"pt_BR","og_type":"article","og_title":"Lado sombrio que ningu\u00e9m gosta de admitir - Notibras","og_description":"Egr\u00e9goras tamb\u00e9m t\u00eam efeitos bem chatos e at\u00e9 desagrad\u00e1veis quando desenvolvem o \u201ccomportamento e pensamento de manada\u201d. Nesse momento, voc\u00ea passa a confundir aquilo que realmente pensa com \u201co que o grupo espera que voc\u00ea sinta\/pense\u201d. Da mesma forma, quando se estimula o fanatismo e a guerra de egos, afirmando que \u201cmeu sistema \u00e9 o [&hellip;]","og_url":"https:\/\/www.notibras.com\/site\/lado-sombrio-que-ninguem-gosta-de-admitir\/","og_site_name":"Notibras","article_publisher":"https:\/\/www.facebook.com\/notibras\/","article_published_time":"2026-01-27T11:47:48+00:00","og_image":[{"width":413,"height":413,"url":"https:\/\/www.notibras.com\/site\/wp-content\/uploads\/2026\/01\/30371631-76b4-4dc6-86dc-596073c890f2.jpg","type":"image\/jpeg"}],"author":"Reda\u00e7\u00e3o","twitter_card":"summary_large_image","twitter_creator":"@Notibras","twitter_site":"@Notibras","twitter_misc":{"Escrito por":"Reda\u00e7\u00e3o","Est. tempo de leitura":"5 minutos"},"schema":{"@context":"https:\/\/schema.org","@graph":[{"@type":"Article","@id":"https:\/\/www.notibras.com\/site\/lado-sombrio-que-ninguem-gosta-de-admitir\/#article","isPartOf":{"@id":"https:\/\/www.notibras.com\/site\/lado-sombrio-que-ninguem-gosta-de-admitir\/"},"author":{"name":"Reda\u00e7\u00e3o","@id":"https:\/\/www.notibras.com\/site\/#\/schema\/person\/36ab0979449956132d3e5b517ea76ac8"},"headline":"Lado sombrio que ningu\u00e9m gosta de admitir","datePublished":"2026-01-27T11:47:48+00:00","mainEntityOfPage":{"@id":"https:\/\/www.notibras.com\/site\/lado-sombrio-que-ninguem-gosta-de-admitir\/"},"wordCount":778,"publisher":{"@id":"https:\/\/www.notibras.com\/site\/#organization"},"image":{"@id":"https:\/\/www.notibras.com\/site\/lado-sombrio-que-ninguem-gosta-de-admitir\/#primaryimage"},"thumbnailUrl":"https:\/\/www.notibras.com\/site\/wp-content\/uploads\/2026\/01\/30371631-76b4-4dc6-86dc-596073c890f2.jpg","articleSection":["Or\u00e1culos"],"inLanguage":"pt-BR"},{"@type":"WebPage","@id":"https:\/\/www.notibras.com\/site\/lado-sombrio-que-ninguem-gosta-de-admitir\/","url":"https:\/\/www.notibras.com\/site\/lado-sombrio-que-ninguem-gosta-de-admitir\/","name":"Lado sombrio que ningu\u00e9m gosta de admitir - Notibras","isPartOf":{"@id":"https:\/\/www.notibras.com\/site\/#website"},"primaryImageOfPage":{"@id":"https:\/\/www.notibras.com\/site\/lado-sombrio-que-ninguem-gosta-de-admitir\/#primaryimage"},"image":{"@id":"https:\/\/www.notibras.com\/site\/lado-sombrio-que-ninguem-gosta-de-admitir\/#primaryimage"},"thumbnailUrl":"https:\/\/www.notibras.com\/site\/wp-content\/uploads\/2026\/01\/30371631-76b4-4dc6-86dc-596073c890f2.jpg","datePublished":"2026-01-27T11:47:48+00:00","breadcrumb":{"@id":"https:\/\/www.notibras.com\/site\/lado-sombrio-que-ninguem-gosta-de-admitir\/#breadcrumb"},"inLanguage":"pt-BR","potentialAction":[{"@type":"ReadAction","target":["https:\/\/www.notibras.com\/site\/lado-sombrio-que-ninguem-gosta-de-admitir\/"]}]},{"@type":"ImageObject","inLanguage":"pt-BR","@id":"https:\/\/www.notibras.com\/site\/lado-sombrio-que-ninguem-gosta-de-admitir\/#primaryimage","url":"https:\/\/www.notibras.com\/site\/wp-content\/uploads\/2026\/01\/30371631-76b4-4dc6-86dc-596073c890f2.jpg","contentUrl":"https:\/\/www.notibras.com\/site\/wp-content\/uploads\/2026\/01\/30371631-76b4-4dc6-86dc-596073c890f2.jpg","width":413,"height":413},{"@type":"BreadcrumbList","@id":"https:\/\/www.notibras.com\/site\/lado-sombrio-que-ninguem-gosta-de-admitir\/#breadcrumb","itemListElement":[{"@type":"ListItem","position":1,"name":"In\u00edcio","item":"https:\/\/www.notibras.com\/site\/"},{"@type":"ListItem","position":2,"name":"Lado sombrio que ningu\u00e9m gosta de admitir"}]},{"@type":"WebSite","@id":"https:\/\/www.notibras.com\/site\/#website","url":"https:\/\/www.notibras.com\/site\/","name":"Notibras","description":"Not\u00edcias de Bras\u00edlia, do Brasil e do Mundo","publisher":{"@id":"https:\/\/www.notibras.com\/site\/#organization"},"potentialAction":[{"@type":"SearchAction","target":{"@type":"EntryPoint","urlTemplate":"https:\/\/www.notibras.com\/site\/?s={search_term_string}"},"query-input":{"@type":"PropertyValueSpecification","valueRequired":true,"valueName":"search_term_string"}}],"inLanguage":"pt-BR"},{"@type":"Organization","@id":"https:\/\/www.notibras.com\/site\/#organization","name":"Grupo Notibras de Comunica\u00e7\u00e3o","url":"https:\/\/www.notibras.com\/site\/","logo":{"@type":"ImageObject","inLanguage":"pt-BR","@id":"https:\/\/www.notibras.com\/site\/#\/schema\/logo\/image\/","url":"https:\/\/www.notibras.com\/site\/wp-content\/uploads\/2023\/01\/notibras23.png","contentUrl":"https:\/\/www.notibras.com\/site\/wp-content\/uploads\/2023\/01\/notibras23.png","width":350,"height":87,"caption":"Grupo Notibras de Comunica\u00e7\u00e3o"},"image":{"@id":"https:\/\/www.notibras.com\/site\/#\/schema\/logo\/image\/"},"sameAs":["https:\/\/www.facebook.com\/notibras\/","https:\/\/x.com\/Notibras","https:\/\/www.instagram.com\/notibras\/"]},{"@type":"Person","@id":"https:\/\/www.notibras.com\/site\/#\/schema\/person\/36ab0979449956132d3e5b517ea76ac8","name":"Reda\u00e7\u00e3o","image":{"@type":"ImageObject","inLanguage":"pt-BR","@id":"https:\/\/secure.gravatar.com\/avatar\/e0a867bdedb85fd243eadf09663511f96fc81e0720a4a42581f334ad4303aa6b?s=96&d=mm&r=g","url":"https:\/\/secure.gravatar.com\/avatar\/e0a867bdedb85fd243eadf09663511f96fc81e0720a4a42581f334ad4303aa6b?s=96&d=mm&r=g","contentUrl":"https:\/\/secure.gravatar.com\/avatar\/e0a867bdedb85fd243eadf09663511f96fc81e0720a4a42581f334ad4303aa6b?s=96&d=mm&r=g","caption":"Reda\u00e7\u00e3o"}}]}},"amp_enabled":true,"_links":{"self":[{"href":"https:\/\/www.notibras.com\/site\/wp-json\/wp\/v2\/posts\/380783","targetHints":{"allow":["GET"]}}],"collection":[{"href":"https:\/\/www.notibras.com\/site\/wp-json\/wp\/v2\/posts"}],"about":[{"href":"https:\/\/www.notibras.com\/site\/wp-json\/wp\/v2\/types\/post"}],"author":[{"embeddable":true,"href":"https:\/\/www.notibras.com\/site\/wp-json\/wp\/v2\/users\/2"}],"replies":[{"embeddable":true,"href":"https:\/\/www.notibras.com\/site\/wp-json\/wp\/v2\/comments?post=380783"}],"version-history":[{"count":1,"href":"https:\/\/www.notibras.com\/site\/wp-json\/wp\/v2\/posts\/380783\/revisions"}],"predecessor-version":[{"id":380785,"href":"https:\/\/www.notibras.com\/site\/wp-json\/wp\/v2\/posts\/380783\/revisions\/380785"}],"wp:featuredmedia":[{"embeddable":true,"href":"https:\/\/www.notibras.com\/site\/wp-json\/wp\/v2\/media\/380784"}],"wp:attachment":[{"href":"https:\/\/www.notibras.com\/site\/wp-json\/wp\/v2\/media?parent=380783"}],"wp:term":[{"taxonomy":"category","embeddable":true,"href":"https:\/\/www.notibras.com\/site\/wp-json\/wp\/v2\/categories?post=380783"},{"taxonomy":"post_tag","embeddable":true,"href":"https:\/\/www.notibras.com\/site\/wp-json\/wp\/v2\/tags?post=380783"}],"curies":[{"name":"wp","href":"https:\/\/api.w.org\/{rel}","templated":true}]}}