{"id":380792,"date":"2026-01-27T09:30:13","date_gmt":"2026-01-27T12:30:13","guid":{"rendered":"https:\/\/www.notibras.com\/site\/?p=380792"},"modified":"2026-01-27T09:31:15","modified_gmt":"2026-01-27T12:31:15","slug":"nordeste-vive-desafios-na-era-da-conexao-digital","status":"publish","type":"post","link":"https:\/\/www.notibras.com\/site\/nordeste-vive-desafios-na-era-da-conexao-digital\/","title":{"rendered":"Nordeste vive desafios na era da conex\u00e3o digital"},"content":{"rendered":"<p>No Nordeste, a internet chegou como o vento do litoral: primeiro t\u00edmida, depois insistente, por fim indispens\u00e1vel. Hoje, ela atravessa o sert\u00e3o, entra nas casas simples, ecoa nas feiras livres e se mistura ao som do forr\u00f3 que ainda resiste aos fones de ouvido. A sociedade digital n\u00e3o apagou o Nordeste \u2014 ela o redesenhou, com linhas tortas, promessas luminosas e sombras que pedem aten\u00e7\u00e3o.<\/p>\n<p>H\u00e1 quem diga que a tela encurta dist\u00e2ncias. \u00c9 verdade. O agricultor consulta a previs\u00e3o do tempo no celular antes de plantar; a artes\u00e3 vende sua renda para fora do pa\u00eds sem sair da sala; o estudante da zona rural assiste a aulas que antes s\u00f3 existiam na capital. A conex\u00e3o abriu janelas. E, quando se viveu tanto tempo com portas fechadas, qualquer fresta de luz vira esperan\u00e7a.<\/p>\n<p>Mas a cr\u00f4nica do presente n\u00e3o \u00e9 feita apenas de ganhos. A mesma internet que aproxima tamb\u00e9m escancara desigualdades antigas. Nem todos t\u00eam sinal est\u00e1vel, aparelho adequado, dados suficientes. A promessa do \u201cacesso para todos\u201d ainda trope\u00e7a no ch\u00e3o seco da exclus\u00e3o digital. Em muitas comunidades, a conex\u00e3o cai antes da aula terminar \u2014 e o sonho cai junto.<\/p>\n<p>O Nordeste conectado carrega um paradoxo: \u00e9 protagonista de criatividade e, ao mesmo tempo, ref\u00e9m da precariedade.<\/p>\n<p>Influenciadores digitais surgem do interior, viralizam sotaques, transformam viv\u00eancias em conte\u00fado. H\u00e1 humor, den\u00fancia, poesia em v\u00eddeo curto. A cultura nordestina ganha palco global sem pedir licen\u00e7a. S\u00f3 que, por tr\u00e1s da c\u00e2mera, falta pol\u00edtica p\u00fablica, sobra improviso.<\/p>\n<p>Nas redes, o nordestino tamb\u00e9m aprende a se defender. Combate estere\u00f3tipos com ironia afiada, responde preconceito com dados e hist\u00f3rias. A identidade se fortalece quando encontra eco. A conex\u00e3o vira ferramenta de afirma\u00e7\u00e3o \u2014 e isso n\u00e3o \u00e9 pouco num pa\u00eds que por tanto tempo olhou o Nordeste de cima para baixo.<\/p>\n<p>Ainda assim, o excesso de informa\u00e7\u00e3o pesa. A pressa da timeline n\u00e3o combina com o tempo do sert\u00e3o. O algoritmo exige const\u00e2ncia, performance, presen\u00e7a. E o sil\u00eancio \u2014 t\u00e3o necess\u00e1rio para pensar \u2014 vira luxo. O desafio \u00e9 n\u00e3o deixar que a l\u00f3gica da m\u00e1quina dite o ritmo da vida. A tecnologia precisa servir ao humano, n\u00e3o o contr\u00e1rio.<\/p>\n<p>H\u00e1 oportunidades concretas batendo \u00e0 porta: educa\u00e7\u00e3o h\u00edbrida, trabalho remoto, economia criativa, inova\u00e7\u00e3o social. Startups nascem onde antes s\u00f3 havia escassez. Jovens programam com a mesma obstina\u00e7\u00e3o com que seus av\u00f3s lidavam com a seca.<\/p>\n<p>A transforma\u00e7\u00e3o acontece quando o conhecimento encontra prop\u00f3sito \u2014 e o Nordeste tem de sobra.<\/p>\n<p>Mas nenhuma revolu\u00e7\u00e3o digital ser\u00e1 completa se esquecer o b\u00e1sico: energia, internet de qualidade, forma\u00e7\u00e3o cr\u00edtica. Conectar n\u00e3o \u00e9 apenas ligar cabos; \u00e9 garantir que as pessoas saibam usar, criar, questionar. \u00c9 ensinar a navegar sem se perder.<\/p>\n<p>No fim das contas, a sociedade digital no Nordeste \u00e9 como um rio novo correndo em leito antigo. Traz \u00e1gua fresca, mas precisa de margens firmes para n\u00e3o transbordar. Se bem conduzida, pode irrigar futuros. Se abandonada, pode aprofundar rachaduras.<\/p>\n","protected":false},"excerpt":{"rendered":"<p>No Nordeste, a internet chegou como o vento do litoral: primeiro t\u00edmida, depois insistente, por fim indispens\u00e1vel. Hoje, ela atravessa o sert\u00e3o, entra nas casas simples, ecoa nas feiras livres e se mistura ao som do forr\u00f3 que ainda resiste aos fones de ouvido. A sociedade digital n\u00e3o apagou o Nordeste \u2014 ela o redesenhou, [&hellip;]<\/p>\n","protected":false},"author":2,"featured_media":380793,"comment_status":"closed","ping_status":"closed","sticky":false,"template":"","format":"standard","meta":{"_acf_changed":false,"footnotes":""},"categories":[165],"tags":[],"class_list":["post-380792","post","type-post","status-publish","format-standard","has-post-thumbnail","hentry","category-nordeste"],"acf":[],"yoast_head":"<!-- This site is optimized with the Yoast SEO plugin v27.2 - https:\/\/yoast.com\/product\/yoast-seo-wordpress\/ -->\n<title>Nordeste vive desafios na era da conex\u00e3o digital - Notibras<\/title>\n<meta name=\"robots\" content=\"index, follow, max-snippet:-1, max-image-preview:large, max-video-preview:-1\" \/>\n<link rel=\"canonical\" href=\"https:\/\/www.notibras.com\/site\/nordeste-vive-desafios-na-era-da-conexao-digital\/\" \/>\n<meta property=\"og:locale\" content=\"pt_BR\" \/>\n<meta property=\"og:type\" content=\"article\" \/>\n<meta property=\"og:title\" content=\"Nordeste vive desafios na era da conex\u00e3o digital - Notibras\" \/>\n<meta property=\"og:description\" content=\"No Nordeste, a internet chegou como o vento do litoral: primeiro t\u00edmida, depois insistente, por fim indispens\u00e1vel. Hoje, ela atravessa o sert\u00e3o, entra nas casas simples, ecoa nas feiras livres e se mistura ao som do forr\u00f3 que ainda resiste aos fones de ouvido. A sociedade digital n\u00e3o apagou o Nordeste \u2014 ela o redesenhou, [&hellip;]\" \/>\n<meta property=\"og:url\" content=\"https:\/\/www.notibras.com\/site\/nordeste-vive-desafios-na-era-da-conexao-digital\/\" \/>\n<meta property=\"og:site_name\" content=\"Notibras\" \/>\n<meta property=\"article:publisher\" content=\"https:\/\/www.facebook.com\/notibras\/\" \/>\n<meta property=\"article:published_time\" content=\"2026-01-27T12:30:13+00:00\" \/>\n<meta property=\"article:modified_time\" content=\"2026-01-27T12:31:15+00:00\" \/>\n<meta property=\"og:image\" content=\"https:\/\/www.notibras.com\/site\/wp-content\/uploads\/2026\/01\/be818099-95b8-452f-8bc5-efdebd30b3ae.jpg\" \/>\n\t<meta property=\"og:image:width\" content=\"1600\" \/>\n\t<meta property=\"og:image:height\" content=\"914\" \/>\n\t<meta property=\"og:image:type\" content=\"image\/jpeg\" \/>\n<meta name=\"author\" content=\"Reda\u00e7\u00e3o\" \/>\n<meta name=\"twitter:card\" content=\"summary_large_image\" \/>\n<meta name=\"twitter:creator\" content=\"@Notibras\" \/>\n<meta name=\"twitter:site\" content=\"@Notibras\" \/>\n<meta name=\"twitter:label1\" content=\"Escrito por\" \/>\n\t<meta name=\"twitter:data1\" content=\"Reda\u00e7\u00e3o\" \/>\n\t<meta name=\"twitter:label2\" content=\"Est. tempo de leitura\" \/>\n\t<meta name=\"twitter:data2\" content=\"3 minutos\" \/>\n<script type=\"application\/ld+json\" class=\"yoast-schema-graph\">{\"@context\":\"https:\/\/schema.org\",\"@graph\":[{\"@type\":\"Article\",\"@id\":\"https:\/\/www.notibras.com\/site\/nordeste-vive-desafios-na-era-da-conexao-digital\/#article\",\"isPartOf\":{\"@id\":\"https:\/\/www.notibras.com\/site\/nordeste-vive-desafios-na-era-da-conexao-digital\/\"},\"author\":{\"name\":\"Reda\u00e7\u00e3o\",\"@id\":\"https:\/\/www.notibras.com\/site\/#\/schema\/person\/36ab0979449956132d3e5b517ea76ac8\"},\"headline\":\"Nordeste vive desafios na era da conex\u00e3o digital\",\"datePublished\":\"2026-01-27T12:30:13+00:00\",\"dateModified\":\"2026-01-27T12:31:15+00:00\",\"mainEntityOfPage\":{\"@id\":\"https:\/\/www.notibras.com\/site\/nordeste-vive-desafios-na-era-da-conexao-digital\/\"},\"wordCount\":541,\"publisher\":{\"@id\":\"https:\/\/www.notibras.com\/site\/#organization\"},\"image\":{\"@id\":\"https:\/\/www.notibras.com\/site\/nordeste-vive-desafios-na-era-da-conexao-digital\/#primaryimage\"},\"thumbnailUrl\":\"https:\/\/www.notibras.com\/site\/wp-content\/uploads\/2026\/01\/be818099-95b8-452f-8bc5-efdebd30b3ae.jpg\",\"articleSection\":[\"Nordeste\"],\"inLanguage\":\"pt-BR\"},{\"@type\":\"WebPage\",\"@id\":\"https:\/\/www.notibras.com\/site\/nordeste-vive-desafios-na-era-da-conexao-digital\/\",\"url\":\"https:\/\/www.notibras.com\/site\/nordeste-vive-desafios-na-era-da-conexao-digital\/\",\"name\":\"Nordeste vive desafios na era da conex\u00e3o digital - Notibras\",\"isPartOf\":{\"@id\":\"https:\/\/www.notibras.com\/site\/#website\"},\"primaryImageOfPage\":{\"@id\":\"https:\/\/www.notibras.com\/site\/nordeste-vive-desafios-na-era-da-conexao-digital\/#primaryimage\"},\"image\":{\"@id\":\"https:\/\/www.notibras.com\/site\/nordeste-vive-desafios-na-era-da-conexao-digital\/#primaryimage\"},\"thumbnailUrl\":\"https:\/\/www.notibras.com\/site\/wp-content\/uploads\/2026\/01\/be818099-95b8-452f-8bc5-efdebd30b3ae.jpg\",\"datePublished\":\"2026-01-27T12:30:13+00:00\",\"dateModified\":\"2026-01-27T12:31:15+00:00\",\"breadcrumb\":{\"@id\":\"https:\/\/www.notibras.com\/site\/nordeste-vive-desafios-na-era-da-conexao-digital\/#breadcrumb\"},\"inLanguage\":\"pt-BR\",\"potentialAction\":[{\"@type\":\"ReadAction\",\"target\":[\"https:\/\/www.notibras.com\/site\/nordeste-vive-desafios-na-era-da-conexao-digital\/\"]}]},{\"@type\":\"ImageObject\",\"inLanguage\":\"pt-BR\",\"@id\":\"https:\/\/www.notibras.com\/site\/nordeste-vive-desafios-na-era-da-conexao-digital\/#primaryimage\",\"url\":\"https:\/\/www.notibras.com\/site\/wp-content\/uploads\/2026\/01\/be818099-95b8-452f-8bc5-efdebd30b3ae.jpg\",\"contentUrl\":\"https:\/\/www.notibras.com\/site\/wp-content\/uploads\/2026\/01\/be818099-95b8-452f-8bc5-efdebd30b3ae.jpg\",\"width\":1600,\"height\":914},{\"@type\":\"BreadcrumbList\",\"@id\":\"https:\/\/www.notibras.com\/site\/nordeste-vive-desafios-na-era-da-conexao-digital\/#breadcrumb\",\"itemListElement\":[{\"@type\":\"ListItem\",\"position\":1,\"name\":\"In\u00edcio\",\"item\":\"https:\/\/www.notibras.com\/site\/\"},{\"@type\":\"ListItem\",\"position\":2,\"name\":\"Nordeste vive desafios na era da conex\u00e3o digital\"}]},{\"@type\":\"WebSite\",\"@id\":\"https:\/\/www.notibras.com\/site\/#website\",\"url\":\"https:\/\/www.notibras.com\/site\/\",\"name\":\"Notibras\",\"description\":\"Not\u00edcias de Bras\u00edlia, do Brasil e do Mundo\",\"publisher\":{\"@id\":\"https:\/\/www.notibras.com\/site\/#organization\"},\"potentialAction\":[{\"@type\":\"SearchAction\",\"target\":{\"@type\":\"EntryPoint\",\"urlTemplate\":\"https:\/\/www.notibras.com\/site\/?s={search_term_string}\"},\"query-input\":{\"@type\":\"PropertyValueSpecification\",\"valueRequired\":true,\"valueName\":\"search_term_string\"}}],\"inLanguage\":\"pt-BR\"},{\"@type\":\"Organization\",\"@id\":\"https:\/\/www.notibras.com\/site\/#organization\",\"name\":\"Grupo Notibras de Comunica\u00e7\u00e3o\",\"url\":\"https:\/\/www.notibras.com\/site\/\",\"logo\":{\"@type\":\"ImageObject\",\"inLanguage\":\"pt-BR\",\"@id\":\"https:\/\/www.notibras.com\/site\/#\/schema\/logo\/image\/\",\"url\":\"https:\/\/www.notibras.com\/site\/wp-content\/uploads\/2023\/01\/notibras23.png\",\"contentUrl\":\"https:\/\/www.notibras.com\/site\/wp-content\/uploads\/2023\/01\/notibras23.png\",\"width\":350,\"height\":87,\"caption\":\"Grupo Notibras de Comunica\u00e7\u00e3o\"},\"image\":{\"@id\":\"https:\/\/www.notibras.com\/site\/#\/schema\/logo\/image\/\"},\"sameAs\":[\"https:\/\/www.facebook.com\/notibras\/\",\"https:\/\/x.com\/Notibras\",\"https:\/\/www.instagram.com\/notibras\/\"]},{\"@type\":\"Person\",\"@id\":\"https:\/\/www.notibras.com\/site\/#\/schema\/person\/36ab0979449956132d3e5b517ea76ac8\",\"name\":\"Reda\u00e7\u00e3o\",\"image\":{\"@type\":\"ImageObject\",\"inLanguage\":\"pt-BR\",\"@id\":\"https:\/\/secure.gravatar.com\/avatar\/e0a867bdedb85fd243eadf09663511f96fc81e0720a4a42581f334ad4303aa6b?s=96&d=mm&r=g\",\"url\":\"https:\/\/secure.gravatar.com\/avatar\/e0a867bdedb85fd243eadf09663511f96fc81e0720a4a42581f334ad4303aa6b?s=96&d=mm&r=g\",\"contentUrl\":\"https:\/\/secure.gravatar.com\/avatar\/e0a867bdedb85fd243eadf09663511f96fc81e0720a4a42581f334ad4303aa6b?s=96&d=mm&r=g\",\"caption\":\"Reda\u00e7\u00e3o\"}}]}<\/script>\n<!-- \/ Yoast SEO plugin. -->","yoast_head_json":{"title":"Nordeste vive desafios na era da conex\u00e3o digital - Notibras","robots":{"index":"index","follow":"follow","max-snippet":"max-snippet:-1","max-image-preview":"max-image-preview:large","max-video-preview":"max-video-preview:-1"},"canonical":"https:\/\/www.notibras.com\/site\/nordeste-vive-desafios-na-era-da-conexao-digital\/","og_locale":"pt_BR","og_type":"article","og_title":"Nordeste vive desafios na era da conex\u00e3o digital - Notibras","og_description":"No Nordeste, a internet chegou como o vento do litoral: primeiro t\u00edmida, depois insistente, por fim indispens\u00e1vel. Hoje, ela atravessa o sert\u00e3o, entra nas casas simples, ecoa nas feiras livres e se mistura ao som do forr\u00f3 que ainda resiste aos fones de ouvido. A sociedade digital n\u00e3o apagou o Nordeste \u2014 ela o redesenhou, [&hellip;]","og_url":"https:\/\/www.notibras.com\/site\/nordeste-vive-desafios-na-era-da-conexao-digital\/","og_site_name":"Notibras","article_publisher":"https:\/\/www.facebook.com\/notibras\/","article_published_time":"2026-01-27T12:30:13+00:00","article_modified_time":"2026-01-27T12:31:15+00:00","og_image":[{"width":1600,"height":914,"url":"https:\/\/www.notibras.com\/site\/wp-content\/uploads\/2026\/01\/be818099-95b8-452f-8bc5-efdebd30b3ae.jpg","type":"image\/jpeg"}],"author":"Reda\u00e7\u00e3o","twitter_card":"summary_large_image","twitter_creator":"@Notibras","twitter_site":"@Notibras","twitter_misc":{"Escrito por":"Reda\u00e7\u00e3o","Est. tempo de leitura":"3 minutos"},"schema":{"@context":"https:\/\/schema.org","@graph":[{"@type":"Article","@id":"https:\/\/www.notibras.com\/site\/nordeste-vive-desafios-na-era-da-conexao-digital\/#article","isPartOf":{"@id":"https:\/\/www.notibras.com\/site\/nordeste-vive-desafios-na-era-da-conexao-digital\/"},"author":{"name":"Reda\u00e7\u00e3o","@id":"https:\/\/www.notibras.com\/site\/#\/schema\/person\/36ab0979449956132d3e5b517ea76ac8"},"headline":"Nordeste vive desafios na era da conex\u00e3o digital","datePublished":"2026-01-27T12:30:13+00:00","dateModified":"2026-01-27T12:31:15+00:00","mainEntityOfPage":{"@id":"https:\/\/www.notibras.com\/site\/nordeste-vive-desafios-na-era-da-conexao-digital\/"},"wordCount":541,"publisher":{"@id":"https:\/\/www.notibras.com\/site\/#organization"},"image":{"@id":"https:\/\/www.notibras.com\/site\/nordeste-vive-desafios-na-era-da-conexao-digital\/#primaryimage"},"thumbnailUrl":"https:\/\/www.notibras.com\/site\/wp-content\/uploads\/2026\/01\/be818099-95b8-452f-8bc5-efdebd30b3ae.jpg","articleSection":["Nordeste"],"inLanguage":"pt-BR"},{"@type":"WebPage","@id":"https:\/\/www.notibras.com\/site\/nordeste-vive-desafios-na-era-da-conexao-digital\/","url":"https:\/\/www.notibras.com\/site\/nordeste-vive-desafios-na-era-da-conexao-digital\/","name":"Nordeste vive desafios na era da conex\u00e3o digital - Notibras","isPartOf":{"@id":"https:\/\/www.notibras.com\/site\/#website"},"primaryImageOfPage":{"@id":"https:\/\/www.notibras.com\/site\/nordeste-vive-desafios-na-era-da-conexao-digital\/#primaryimage"},"image":{"@id":"https:\/\/www.notibras.com\/site\/nordeste-vive-desafios-na-era-da-conexao-digital\/#primaryimage"},"thumbnailUrl":"https:\/\/www.notibras.com\/site\/wp-content\/uploads\/2026\/01\/be818099-95b8-452f-8bc5-efdebd30b3ae.jpg","datePublished":"2026-01-27T12:30:13+00:00","dateModified":"2026-01-27T12:31:15+00:00","breadcrumb":{"@id":"https:\/\/www.notibras.com\/site\/nordeste-vive-desafios-na-era-da-conexao-digital\/#breadcrumb"},"inLanguage":"pt-BR","potentialAction":[{"@type":"ReadAction","target":["https:\/\/www.notibras.com\/site\/nordeste-vive-desafios-na-era-da-conexao-digital\/"]}]},{"@type":"ImageObject","inLanguage":"pt-BR","@id":"https:\/\/www.notibras.com\/site\/nordeste-vive-desafios-na-era-da-conexao-digital\/#primaryimage","url":"https:\/\/www.notibras.com\/site\/wp-content\/uploads\/2026\/01\/be818099-95b8-452f-8bc5-efdebd30b3ae.jpg","contentUrl":"https:\/\/www.notibras.com\/site\/wp-content\/uploads\/2026\/01\/be818099-95b8-452f-8bc5-efdebd30b3ae.jpg","width":1600,"height":914},{"@type":"BreadcrumbList","@id":"https:\/\/www.notibras.com\/site\/nordeste-vive-desafios-na-era-da-conexao-digital\/#breadcrumb","itemListElement":[{"@type":"ListItem","position":1,"name":"In\u00edcio","item":"https:\/\/www.notibras.com\/site\/"},{"@type":"ListItem","position":2,"name":"Nordeste vive desafios na era da conex\u00e3o digital"}]},{"@type":"WebSite","@id":"https:\/\/www.notibras.com\/site\/#website","url":"https:\/\/www.notibras.com\/site\/","name":"Notibras","description":"Not\u00edcias de Bras\u00edlia, do Brasil e do Mundo","publisher":{"@id":"https:\/\/www.notibras.com\/site\/#organization"},"potentialAction":[{"@type":"SearchAction","target":{"@type":"EntryPoint","urlTemplate":"https:\/\/www.notibras.com\/site\/?s={search_term_string}"},"query-input":{"@type":"PropertyValueSpecification","valueRequired":true,"valueName":"search_term_string"}}],"inLanguage":"pt-BR"},{"@type":"Organization","@id":"https:\/\/www.notibras.com\/site\/#organization","name":"Grupo Notibras de Comunica\u00e7\u00e3o","url":"https:\/\/www.notibras.com\/site\/","logo":{"@type":"ImageObject","inLanguage":"pt-BR","@id":"https:\/\/www.notibras.com\/site\/#\/schema\/logo\/image\/","url":"https:\/\/www.notibras.com\/site\/wp-content\/uploads\/2023\/01\/notibras23.png","contentUrl":"https:\/\/www.notibras.com\/site\/wp-content\/uploads\/2023\/01\/notibras23.png","width":350,"height":87,"caption":"Grupo Notibras de Comunica\u00e7\u00e3o"},"image":{"@id":"https:\/\/www.notibras.com\/site\/#\/schema\/logo\/image\/"},"sameAs":["https:\/\/www.facebook.com\/notibras\/","https:\/\/x.com\/Notibras","https:\/\/www.instagram.com\/notibras\/"]},{"@type":"Person","@id":"https:\/\/www.notibras.com\/site\/#\/schema\/person\/36ab0979449956132d3e5b517ea76ac8","name":"Reda\u00e7\u00e3o","image":{"@type":"ImageObject","inLanguage":"pt-BR","@id":"https:\/\/secure.gravatar.com\/avatar\/e0a867bdedb85fd243eadf09663511f96fc81e0720a4a42581f334ad4303aa6b?s=96&d=mm&r=g","url":"https:\/\/secure.gravatar.com\/avatar\/e0a867bdedb85fd243eadf09663511f96fc81e0720a4a42581f334ad4303aa6b?s=96&d=mm&r=g","contentUrl":"https:\/\/secure.gravatar.com\/avatar\/e0a867bdedb85fd243eadf09663511f96fc81e0720a4a42581f334ad4303aa6b?s=96&d=mm&r=g","caption":"Reda\u00e7\u00e3o"}}]}},"amp_enabled":true,"_links":{"self":[{"href":"https:\/\/www.notibras.com\/site\/wp-json\/wp\/v2\/posts\/380792","targetHints":{"allow":["GET"]}}],"collection":[{"href":"https:\/\/www.notibras.com\/site\/wp-json\/wp\/v2\/posts"}],"about":[{"href":"https:\/\/www.notibras.com\/site\/wp-json\/wp\/v2\/types\/post"}],"author":[{"embeddable":true,"href":"https:\/\/www.notibras.com\/site\/wp-json\/wp\/v2\/users\/2"}],"replies":[{"embeddable":true,"href":"https:\/\/www.notibras.com\/site\/wp-json\/wp\/v2\/comments?post=380792"}],"version-history":[{"count":2,"href":"https:\/\/www.notibras.com\/site\/wp-json\/wp\/v2\/posts\/380792\/revisions"}],"predecessor-version":[{"id":380795,"href":"https:\/\/www.notibras.com\/site\/wp-json\/wp\/v2\/posts\/380792\/revisions\/380795"}],"wp:featuredmedia":[{"embeddable":true,"href":"https:\/\/www.notibras.com\/site\/wp-json\/wp\/v2\/media\/380793"}],"wp:attachment":[{"href":"https:\/\/www.notibras.com\/site\/wp-json\/wp\/v2\/media?parent=380792"}],"wp:term":[{"taxonomy":"category","embeddable":true,"href":"https:\/\/www.notibras.com\/site\/wp-json\/wp\/v2\/categories?post=380792"},{"taxonomy":"post_tag","embeddable":true,"href":"https:\/\/www.notibras.com\/site\/wp-json\/wp\/v2\/tags?post=380792"}],"curies":[{"name":"wp","href":"https:\/\/api.w.org\/{rel}","templated":true}]}}