{"id":380796,"date":"2026-01-27T00:35:21","date_gmt":"2026-01-27T03:35:21","guid":{"rendered":"https:\/\/www.notibras.com\/site\/?p=380796"},"modified":"2026-01-27T09:35:48","modified_gmt":"2026-01-27T12:35:48","slug":"gestantes-tem-acesso-a-exame-gratuito-para-diagnostico-de-diabetes","status":"publish","type":"post","link":"https:\/\/www.notibras.com\/site\/gestantes-tem-acesso-a-exame-gratuito-para-diagnostico-de-diabetes\/","title":{"rendered":"Gestantes t\u00eam acesso a exame gratuito para diagn\u00f3stico de diabetes"},"content":{"rendered":"<p>Gestantes atendidas pela rede p\u00fablica de sa\u00fade em Feira de Santana, segunda maior cidade da Bahia, passaram a ter acesso ao Teste Oral de Toler\u00e2ncia \u00e0 Glicose (TOTG) no laborat\u00f3rio do Hospital da Mulher. O exame \u00e9 indicado para o diagn\u00f3stico do diabetes gestacional e para o monitoramento de poss\u00edveis altera\u00e7\u00f5es no metabolismo da glicose durante a gravidez.<\/p>\n<p>Tamb\u00e9m conhecido como curva glic\u00eamica, o TOTG avalia a capacidade do organismo de processar o a\u00e7\u00facar. O procedimento consiste na coleta de sangue em jejum, ingest\u00e3o de uma solu\u00e7\u00e3o glicosada e novas coletas ap\u00f3s uma e duas horas.<\/p>\n<p>Para realizar o exame, a gestante deve apresentar requisi\u00e7\u00e3o m\u00e9dica, cart\u00e3o do SUS e documento de identidade. O atendimento acontece de forma espont\u00e2nea, sem limite de vagas, de segunda a sexta-feira, a partir das 13h, no laborat\u00f3rio do Hospital In\u00e1cia Pinto dos Santos (Hospital da Mulher), no bairro Jardim Cruzeiro. \u00c9 necess\u00e1rio que a gestante esteja acompanhada.<\/p>\n<p>O TOTG \u00e9 um exame essencial no pr\u00e9-natal, especialmente entre a 24\u00aa e a 28\u00aa semana de gesta\u00e7\u00e3o.<\/p>\n","protected":false},"excerpt":{"rendered":"<p>Gestantes atendidas pela rede p\u00fablica de sa\u00fade em Feira de Santana, segunda maior cidade da Bahia, passaram a ter acesso ao Teste Oral de Toler\u00e2ncia \u00e0 Glicose (TOTG) no laborat\u00f3rio do Hospital da Mulher. O exame \u00e9 indicado para o diagn\u00f3stico do diabetes gestacional e para o monitoramento de poss\u00edveis altera\u00e7\u00f5es no metabolismo da glicose [&hellip;]<\/p>\n","protected":false},"author":2,"featured_media":380797,"comment_status":"closed","ping_status":"closed","sticky":false,"template":"","format":"standard","meta":{"_acf_changed":false,"footnotes":""},"categories":[165],"tags":[],"class_list":["post-380796","post","type-post","status-publish","format-standard","has-post-thumbnail","hentry","category-nordeste"],"acf":[],"yoast_head":"<!-- This site is optimized with the Yoast SEO plugin v27.2 - https:\/\/yoast.com\/product\/yoast-seo-wordpress\/ -->\n<title>Gestantes t\u00eam acesso a exame gratuito para diagn\u00f3stico de diabetes - Notibras<\/title>\n<meta name=\"robots\" content=\"index, follow, max-snippet:-1, max-image-preview:large, max-video-preview:-1\" \/>\n<link rel=\"canonical\" href=\"https:\/\/www.notibras.com\/site\/gestantes-tem-acesso-a-exame-gratuito-para-diagnostico-de-diabetes\/\" \/>\n<meta property=\"og:locale\" content=\"pt_BR\" \/>\n<meta property=\"og:type\" content=\"article\" \/>\n<meta property=\"og:title\" content=\"Gestantes t\u00eam acesso a exame gratuito para diagn\u00f3stico de diabetes - Notibras\" \/>\n<meta property=\"og:description\" content=\"Gestantes atendidas pela rede p\u00fablica de sa\u00fade em Feira de Santana, segunda maior cidade da Bahia, passaram a ter acesso ao Teste Oral de Toler\u00e2ncia \u00e0 Glicose (TOTG) no laborat\u00f3rio do Hospital da Mulher. O exame \u00e9 indicado para o diagn\u00f3stico do diabetes gestacional e para o monitoramento de poss\u00edveis altera\u00e7\u00f5es no metabolismo da glicose [&hellip;]\" \/>\n<meta property=\"og:url\" content=\"https:\/\/www.notibras.com\/site\/gestantes-tem-acesso-a-exame-gratuito-para-diagnostico-de-diabetes\/\" \/>\n<meta property=\"og:site_name\" content=\"Notibras\" \/>\n<meta property=\"article:publisher\" content=\"https:\/\/www.facebook.com\/notibras\/\" \/>\n<meta property=\"article:published_time\" content=\"2026-01-27T03:35:21+00:00\" \/>\n<meta property=\"article:modified_time\" content=\"2026-01-27T12:35:48+00:00\" \/>\n<meta property=\"og:image\" content=\"https:\/\/www.notibras.com\/site\/wp-content\/uploads\/2026\/01\/bc0dd944-1a71-4525-a146-cf21d24341e2.jpg\" \/>\n\t<meta property=\"og:image:width\" content=\"984\" \/>\n\t<meta property=\"og:image:height\" content=\"616\" \/>\n\t<meta property=\"og:image:type\" content=\"image\/jpeg\" \/>\n<meta name=\"author\" content=\"Reda\u00e7\u00e3o\" \/>\n<meta name=\"twitter:card\" content=\"summary_large_image\" \/>\n<meta name=\"twitter:creator\" content=\"@Notibras\" \/>\n<meta name=\"twitter:site\" content=\"@Notibras\" \/>\n<meta name=\"twitter:label1\" content=\"Escrito por\" \/>\n\t<meta name=\"twitter:data1\" content=\"Reda\u00e7\u00e3o\" \/>\n\t<meta name=\"twitter:label2\" content=\"Est. tempo de leitura\" \/>\n\t<meta name=\"twitter:data2\" content=\"2 minutos\" \/>\n<script type=\"application\/ld+json\" class=\"yoast-schema-graph\">{\"@context\":\"https:\/\/schema.org\",\"@graph\":[{\"@type\":\"Article\",\"@id\":\"https:\/\/www.notibras.com\/site\/gestantes-tem-acesso-a-exame-gratuito-para-diagnostico-de-diabetes\/#article\",\"isPartOf\":{\"@id\":\"https:\/\/www.notibras.com\/site\/gestantes-tem-acesso-a-exame-gratuito-para-diagnostico-de-diabetes\/\"},\"author\":{\"name\":\"Reda\u00e7\u00e3o\",\"@id\":\"https:\/\/www.notibras.com\/site\/#\/schema\/person\/36ab0979449956132d3e5b517ea76ac8\"},\"headline\":\"Gestantes t\u00eam acesso a exame gratuito para diagn\u00f3stico de diabetes\",\"datePublished\":\"2026-01-27T03:35:21+00:00\",\"dateModified\":\"2026-01-27T12:35:48+00:00\",\"mainEntityOfPage\":{\"@id\":\"https:\/\/www.notibras.com\/site\/gestantes-tem-acesso-a-exame-gratuito-para-diagnostico-de-diabetes\/\"},\"wordCount\":199,\"publisher\":{\"@id\":\"https:\/\/www.notibras.com\/site\/#organization\"},\"image\":{\"@id\":\"https:\/\/www.notibras.com\/site\/gestantes-tem-acesso-a-exame-gratuito-para-diagnostico-de-diabetes\/#primaryimage\"},\"thumbnailUrl\":\"https:\/\/www.notibras.com\/site\/wp-content\/uploads\/2026\/01\/bc0dd944-1a71-4525-a146-cf21d24341e2.jpg\",\"articleSection\":[\"Nordeste\"],\"inLanguage\":\"pt-BR\"},{\"@type\":\"WebPage\",\"@id\":\"https:\/\/www.notibras.com\/site\/gestantes-tem-acesso-a-exame-gratuito-para-diagnostico-de-diabetes\/\",\"url\":\"https:\/\/www.notibras.com\/site\/gestantes-tem-acesso-a-exame-gratuito-para-diagnostico-de-diabetes\/\",\"name\":\"Gestantes t\u00eam acesso a exame gratuito para diagn\u00f3stico de diabetes - Notibras\",\"isPartOf\":{\"@id\":\"https:\/\/www.notibras.com\/site\/#website\"},\"primaryImageOfPage\":{\"@id\":\"https:\/\/www.notibras.com\/site\/gestantes-tem-acesso-a-exame-gratuito-para-diagnostico-de-diabetes\/#primaryimage\"},\"image\":{\"@id\":\"https:\/\/www.notibras.com\/site\/gestantes-tem-acesso-a-exame-gratuito-para-diagnostico-de-diabetes\/#primaryimage\"},\"thumbnailUrl\":\"https:\/\/www.notibras.com\/site\/wp-content\/uploads\/2026\/01\/bc0dd944-1a71-4525-a146-cf21d24341e2.jpg\",\"datePublished\":\"2026-01-27T03:35:21+00:00\",\"dateModified\":\"2026-01-27T12:35:48+00:00\",\"breadcrumb\":{\"@id\":\"https:\/\/www.notibras.com\/site\/gestantes-tem-acesso-a-exame-gratuito-para-diagnostico-de-diabetes\/#breadcrumb\"},\"inLanguage\":\"pt-BR\",\"potentialAction\":[{\"@type\":\"ReadAction\",\"target\":[\"https:\/\/www.notibras.com\/site\/gestantes-tem-acesso-a-exame-gratuito-para-diagnostico-de-diabetes\/\"]}]},{\"@type\":\"ImageObject\",\"inLanguage\":\"pt-BR\",\"@id\":\"https:\/\/www.notibras.com\/site\/gestantes-tem-acesso-a-exame-gratuito-para-diagnostico-de-diabetes\/#primaryimage\",\"url\":\"https:\/\/www.notibras.com\/site\/wp-content\/uploads\/2026\/01\/bc0dd944-1a71-4525-a146-cf21d24341e2.jpg\",\"contentUrl\":\"https:\/\/www.notibras.com\/site\/wp-content\/uploads\/2026\/01\/bc0dd944-1a71-4525-a146-cf21d24341e2.jpg\",\"width\":984,\"height\":616},{\"@type\":\"BreadcrumbList\",\"@id\":\"https:\/\/www.notibras.com\/site\/gestantes-tem-acesso-a-exame-gratuito-para-diagnostico-de-diabetes\/#breadcrumb\",\"itemListElement\":[{\"@type\":\"ListItem\",\"position\":1,\"name\":\"In\u00edcio\",\"item\":\"https:\/\/www.notibras.com\/site\/\"},{\"@type\":\"ListItem\",\"position\":2,\"name\":\"Gestantes t\u00eam acesso a exame gratuito para diagn\u00f3stico de diabetes\"}]},{\"@type\":\"WebSite\",\"@id\":\"https:\/\/www.notibras.com\/site\/#website\",\"url\":\"https:\/\/www.notibras.com\/site\/\",\"name\":\"Notibras\",\"description\":\"Not\u00edcias de Bras\u00edlia, do Brasil e do Mundo\",\"publisher\":{\"@id\":\"https:\/\/www.notibras.com\/site\/#organization\"},\"potentialAction\":[{\"@type\":\"SearchAction\",\"target\":{\"@type\":\"EntryPoint\",\"urlTemplate\":\"https:\/\/www.notibras.com\/site\/?s={search_term_string}\"},\"query-input\":{\"@type\":\"PropertyValueSpecification\",\"valueRequired\":true,\"valueName\":\"search_term_string\"}}],\"inLanguage\":\"pt-BR\"},{\"@type\":\"Organization\",\"@id\":\"https:\/\/www.notibras.com\/site\/#organization\",\"name\":\"Grupo Notibras de Comunica\u00e7\u00e3o\",\"url\":\"https:\/\/www.notibras.com\/site\/\",\"logo\":{\"@type\":\"ImageObject\",\"inLanguage\":\"pt-BR\",\"@id\":\"https:\/\/www.notibras.com\/site\/#\/schema\/logo\/image\/\",\"url\":\"https:\/\/www.notibras.com\/site\/wp-content\/uploads\/2023\/01\/notibras23.png\",\"contentUrl\":\"https:\/\/www.notibras.com\/site\/wp-content\/uploads\/2023\/01\/notibras23.png\",\"width\":350,\"height\":87,\"caption\":\"Grupo Notibras de Comunica\u00e7\u00e3o\"},\"image\":{\"@id\":\"https:\/\/www.notibras.com\/site\/#\/schema\/logo\/image\/\"},\"sameAs\":[\"https:\/\/www.facebook.com\/notibras\/\",\"https:\/\/x.com\/Notibras\",\"https:\/\/www.instagram.com\/notibras\/\"]},{\"@type\":\"Person\",\"@id\":\"https:\/\/www.notibras.com\/site\/#\/schema\/person\/36ab0979449956132d3e5b517ea76ac8\",\"name\":\"Reda\u00e7\u00e3o\",\"image\":{\"@type\":\"ImageObject\",\"inLanguage\":\"pt-BR\",\"@id\":\"https:\/\/secure.gravatar.com\/avatar\/e0a867bdedb85fd243eadf09663511f96fc81e0720a4a42581f334ad4303aa6b?s=96&d=mm&r=g\",\"url\":\"https:\/\/secure.gravatar.com\/avatar\/e0a867bdedb85fd243eadf09663511f96fc81e0720a4a42581f334ad4303aa6b?s=96&d=mm&r=g\",\"contentUrl\":\"https:\/\/secure.gravatar.com\/avatar\/e0a867bdedb85fd243eadf09663511f96fc81e0720a4a42581f334ad4303aa6b?s=96&d=mm&r=g\",\"caption\":\"Reda\u00e7\u00e3o\"}}]}<\/script>\n<!-- \/ Yoast SEO plugin. -->","yoast_head_json":{"title":"Gestantes t\u00eam acesso a exame gratuito para diagn\u00f3stico de diabetes - Notibras","robots":{"index":"index","follow":"follow","max-snippet":"max-snippet:-1","max-image-preview":"max-image-preview:large","max-video-preview":"max-video-preview:-1"},"canonical":"https:\/\/www.notibras.com\/site\/gestantes-tem-acesso-a-exame-gratuito-para-diagnostico-de-diabetes\/","og_locale":"pt_BR","og_type":"article","og_title":"Gestantes t\u00eam acesso a exame gratuito para diagn\u00f3stico de diabetes - Notibras","og_description":"Gestantes atendidas pela rede p\u00fablica de sa\u00fade em Feira de Santana, segunda maior cidade da Bahia, passaram a ter acesso ao Teste Oral de Toler\u00e2ncia \u00e0 Glicose (TOTG) no laborat\u00f3rio do Hospital da Mulher. O exame \u00e9 indicado para o diagn\u00f3stico do diabetes gestacional e para o monitoramento de poss\u00edveis altera\u00e7\u00f5es no metabolismo da glicose [&hellip;]","og_url":"https:\/\/www.notibras.com\/site\/gestantes-tem-acesso-a-exame-gratuito-para-diagnostico-de-diabetes\/","og_site_name":"Notibras","article_publisher":"https:\/\/www.facebook.com\/notibras\/","article_published_time":"2026-01-27T03:35:21+00:00","article_modified_time":"2026-01-27T12:35:48+00:00","og_image":[{"width":984,"height":616,"url":"https:\/\/www.notibras.com\/site\/wp-content\/uploads\/2026\/01\/bc0dd944-1a71-4525-a146-cf21d24341e2.jpg","type":"image\/jpeg"}],"author":"Reda\u00e7\u00e3o","twitter_card":"summary_large_image","twitter_creator":"@Notibras","twitter_site":"@Notibras","twitter_misc":{"Escrito por":"Reda\u00e7\u00e3o","Est. tempo de leitura":"2 minutos"},"schema":{"@context":"https:\/\/schema.org","@graph":[{"@type":"Article","@id":"https:\/\/www.notibras.com\/site\/gestantes-tem-acesso-a-exame-gratuito-para-diagnostico-de-diabetes\/#article","isPartOf":{"@id":"https:\/\/www.notibras.com\/site\/gestantes-tem-acesso-a-exame-gratuito-para-diagnostico-de-diabetes\/"},"author":{"name":"Reda\u00e7\u00e3o","@id":"https:\/\/www.notibras.com\/site\/#\/schema\/person\/36ab0979449956132d3e5b517ea76ac8"},"headline":"Gestantes t\u00eam acesso a exame gratuito para diagn\u00f3stico de diabetes","datePublished":"2026-01-27T03:35:21+00:00","dateModified":"2026-01-27T12:35:48+00:00","mainEntityOfPage":{"@id":"https:\/\/www.notibras.com\/site\/gestantes-tem-acesso-a-exame-gratuito-para-diagnostico-de-diabetes\/"},"wordCount":199,"publisher":{"@id":"https:\/\/www.notibras.com\/site\/#organization"},"image":{"@id":"https:\/\/www.notibras.com\/site\/gestantes-tem-acesso-a-exame-gratuito-para-diagnostico-de-diabetes\/#primaryimage"},"thumbnailUrl":"https:\/\/www.notibras.com\/site\/wp-content\/uploads\/2026\/01\/bc0dd944-1a71-4525-a146-cf21d24341e2.jpg","articleSection":["Nordeste"],"inLanguage":"pt-BR"},{"@type":"WebPage","@id":"https:\/\/www.notibras.com\/site\/gestantes-tem-acesso-a-exame-gratuito-para-diagnostico-de-diabetes\/","url":"https:\/\/www.notibras.com\/site\/gestantes-tem-acesso-a-exame-gratuito-para-diagnostico-de-diabetes\/","name":"Gestantes t\u00eam acesso a exame gratuito para diagn\u00f3stico de diabetes - Notibras","isPartOf":{"@id":"https:\/\/www.notibras.com\/site\/#website"},"primaryImageOfPage":{"@id":"https:\/\/www.notibras.com\/site\/gestantes-tem-acesso-a-exame-gratuito-para-diagnostico-de-diabetes\/#primaryimage"},"image":{"@id":"https:\/\/www.notibras.com\/site\/gestantes-tem-acesso-a-exame-gratuito-para-diagnostico-de-diabetes\/#primaryimage"},"thumbnailUrl":"https:\/\/www.notibras.com\/site\/wp-content\/uploads\/2026\/01\/bc0dd944-1a71-4525-a146-cf21d24341e2.jpg","datePublished":"2026-01-27T03:35:21+00:00","dateModified":"2026-01-27T12:35:48+00:00","breadcrumb":{"@id":"https:\/\/www.notibras.com\/site\/gestantes-tem-acesso-a-exame-gratuito-para-diagnostico-de-diabetes\/#breadcrumb"},"inLanguage":"pt-BR","potentialAction":[{"@type":"ReadAction","target":["https:\/\/www.notibras.com\/site\/gestantes-tem-acesso-a-exame-gratuito-para-diagnostico-de-diabetes\/"]}]},{"@type":"ImageObject","inLanguage":"pt-BR","@id":"https:\/\/www.notibras.com\/site\/gestantes-tem-acesso-a-exame-gratuito-para-diagnostico-de-diabetes\/#primaryimage","url":"https:\/\/www.notibras.com\/site\/wp-content\/uploads\/2026\/01\/bc0dd944-1a71-4525-a146-cf21d24341e2.jpg","contentUrl":"https:\/\/www.notibras.com\/site\/wp-content\/uploads\/2026\/01\/bc0dd944-1a71-4525-a146-cf21d24341e2.jpg","width":984,"height":616},{"@type":"BreadcrumbList","@id":"https:\/\/www.notibras.com\/site\/gestantes-tem-acesso-a-exame-gratuito-para-diagnostico-de-diabetes\/#breadcrumb","itemListElement":[{"@type":"ListItem","position":1,"name":"In\u00edcio","item":"https:\/\/www.notibras.com\/site\/"},{"@type":"ListItem","position":2,"name":"Gestantes t\u00eam acesso a exame gratuito para diagn\u00f3stico de diabetes"}]},{"@type":"WebSite","@id":"https:\/\/www.notibras.com\/site\/#website","url":"https:\/\/www.notibras.com\/site\/","name":"Notibras","description":"Not\u00edcias de Bras\u00edlia, do Brasil e do Mundo","publisher":{"@id":"https:\/\/www.notibras.com\/site\/#organization"},"potentialAction":[{"@type":"SearchAction","target":{"@type":"EntryPoint","urlTemplate":"https:\/\/www.notibras.com\/site\/?s={search_term_string}"},"query-input":{"@type":"PropertyValueSpecification","valueRequired":true,"valueName":"search_term_string"}}],"inLanguage":"pt-BR"},{"@type":"Organization","@id":"https:\/\/www.notibras.com\/site\/#organization","name":"Grupo Notibras de Comunica\u00e7\u00e3o","url":"https:\/\/www.notibras.com\/site\/","logo":{"@type":"ImageObject","inLanguage":"pt-BR","@id":"https:\/\/www.notibras.com\/site\/#\/schema\/logo\/image\/","url":"https:\/\/www.notibras.com\/site\/wp-content\/uploads\/2023\/01\/notibras23.png","contentUrl":"https:\/\/www.notibras.com\/site\/wp-content\/uploads\/2023\/01\/notibras23.png","width":350,"height":87,"caption":"Grupo Notibras de Comunica\u00e7\u00e3o"},"image":{"@id":"https:\/\/www.notibras.com\/site\/#\/schema\/logo\/image\/"},"sameAs":["https:\/\/www.facebook.com\/notibras\/","https:\/\/x.com\/Notibras","https:\/\/www.instagram.com\/notibras\/"]},{"@type":"Person","@id":"https:\/\/www.notibras.com\/site\/#\/schema\/person\/36ab0979449956132d3e5b517ea76ac8","name":"Reda\u00e7\u00e3o","image":{"@type":"ImageObject","inLanguage":"pt-BR","@id":"https:\/\/secure.gravatar.com\/avatar\/e0a867bdedb85fd243eadf09663511f96fc81e0720a4a42581f334ad4303aa6b?s=96&d=mm&r=g","url":"https:\/\/secure.gravatar.com\/avatar\/e0a867bdedb85fd243eadf09663511f96fc81e0720a4a42581f334ad4303aa6b?s=96&d=mm&r=g","contentUrl":"https:\/\/secure.gravatar.com\/avatar\/e0a867bdedb85fd243eadf09663511f96fc81e0720a4a42581f334ad4303aa6b?s=96&d=mm&r=g","caption":"Reda\u00e7\u00e3o"}}]}},"amp_enabled":true,"_links":{"self":[{"href":"https:\/\/www.notibras.com\/site\/wp-json\/wp\/v2\/posts\/380796","targetHints":{"allow":["GET"]}}],"collection":[{"href":"https:\/\/www.notibras.com\/site\/wp-json\/wp\/v2\/posts"}],"about":[{"href":"https:\/\/www.notibras.com\/site\/wp-json\/wp\/v2\/types\/post"}],"author":[{"embeddable":true,"href":"https:\/\/www.notibras.com\/site\/wp-json\/wp\/v2\/users\/2"}],"replies":[{"embeddable":true,"href":"https:\/\/www.notibras.com\/site\/wp-json\/wp\/v2\/comments?post=380796"}],"version-history":[{"count":1,"href":"https:\/\/www.notibras.com\/site\/wp-json\/wp\/v2\/posts\/380796\/revisions"}],"predecessor-version":[{"id":380798,"href":"https:\/\/www.notibras.com\/site\/wp-json\/wp\/v2\/posts\/380796\/revisions\/380798"}],"wp:featuredmedia":[{"embeddable":true,"href":"https:\/\/www.notibras.com\/site\/wp-json\/wp\/v2\/media\/380797"}],"wp:attachment":[{"href":"https:\/\/www.notibras.com\/site\/wp-json\/wp\/v2\/media?parent=380796"}],"wp:term":[{"taxonomy":"category","embeddable":true,"href":"https:\/\/www.notibras.com\/site\/wp-json\/wp\/v2\/categories?post=380796"},{"taxonomy":"post_tag","embeddable":true,"href":"https:\/\/www.notibras.com\/site\/wp-json\/wp\/v2\/tags?post=380796"}],"curies":[{"name":"wp","href":"https:\/\/api.w.org\/{rel}","templated":true}]}}