{"id":380812,"date":"2026-01-28T01:15:55","date_gmt":"2026-01-28T04:15:55","guid":{"rendered":"https:\/\/www.notibras.com\/site\/?p=380812"},"modified":"2026-01-28T01:29:21","modified_gmt":"2026-01-28T04:29:21","slug":"3o-feminicidio-de-2026-adolescente-mata-mulher-por-divida-de-r-100","status":"publish","type":"post","link":"https:\/\/www.notibras.com\/site\/3o-feminicidio-de-2026-adolescente-mata-mulher-por-divida-de-r-100\/","title":{"rendered":"3\u00ba feminic\u00eddio de 2026 &#8211; adolescente mata mulher por d\u00edvida de R$ 100"},"content":{"rendered":"<p>O Distrito Federal registrou, no \u00faltimo domingo (25), o seu terceiro feminic\u00eddio em menos de um m\u00eas. Shirlene Cardoso Borgonha, de 39 anos, foi assassinada na regi\u00e3o da Estrutural ap\u00f3s ser atacada a golpes na cabe\u00e7a. Segundo as investiga\u00e7\u00f5es da Pol\u00edcia Civil, o crime teria sido motivado por uma d\u00edvida de apenas R$ 100 que a v\u00edtima possu\u00eda com o agressor, um adolescente de 17 anos.<\/p>\n<p>A din\u00e2mica do crime revela a brutalidade da a\u00e7\u00e3o. Shirlene foi surpreendida pelo jovem pelas costas e n\u00e3o teve qualquer chance de defesa. Sem dizer uma palavra, o agressor desferiu diversos golpes na parte posterior do cr\u00e2nio da v\u00edtima, que morreu no local. O laudo pericial confirmou que a causa do \u00f3bito foi traumatismo cranioencef\u00e1lico grave.<\/p>\n<p>O autor do crime, apesar da pouca idade, possui um extenso hist\u00f3rico de atos infracionais. Ele estava sendo procurado desde novembro de 2025, quando fugiu do sistema socioeducativo. De acordo com a delegada Bruna Eiras, da 8\u00aa DP (Estrutural), o jovem j\u00e1 acumula passagens por tr\u00e1fico de drogas, roubo, porte de arma de fogo e at\u00e9 mesmo uma tentativa de homic\u00eddio anterior.<\/p>\n<p>Ap\u00f3s ser identificado e detido, o expediente do caso foi encaminhado \u00e0 Delegacia da Crian\u00e7a e do Adolescente (DCA) e \u00e0 Vara da Inf\u00e2ncia e Juventude. Pela legisla\u00e7\u00e3o vigente, por ser menor de 18 anos, o jovem est\u00e1 sujeito a uma medida socioeducativa de interna\u00e7\u00e3o que pode chegar a, no m\u00e1ximo, tr\u00eas anos de reclus\u00e3o.<\/p>\n<p>A escalada da viol\u00eancia contra a mulher no in\u00edcio de 2026 preocupa as autoridades locais. No mesmo per\u00edodo de 2025, o DF havia registrado dois casos, um n\u00famero inferior ao cen\u00e1rio atual. O sepultamento de Shirlene ocorreu nesta ter\u00e7a-feira (27), sob clima de revolta e luto entre familiares e amigos que clamam por justi\u00e7a e maior rigor na prote\u00e7\u00e3o feminina.<\/p>\n<p>As autoridades refor\u00e7am a import\u00e2ncia da den\u00fancia para prevenir novos casos de viol\u00eancia dom\u00e9stica e feminic\u00eddio. Mulheres em situa\u00e7\u00e3o de risco ou testemunhas de agress\u00f5es podem buscar ajuda atrav\u00e9s do Disque 190 (Pol\u00edcia Militar), do 197 (Pol\u00edcia Civil) ou do 180 (Central de Atendimento \u00e0 Mulher), al\u00e9m de poderem recorrer \u00e0s Delegacias Especiais de Atendimento \u00e0 Mulher (DEAM), que funcionam 24 horas.<\/p>\n<p><strong>&#8230;&#8230;&#8230;&#8230;&#8230;&#8230;&#8230;&#8230;&#8230;&#8230;&#8230;&#8230;&#8230;&#8230;.<\/strong><\/p>\n<p><strong>Veja mat\u00e9ria sobre o caso publicada nesta ter\u00e7a (27) aqui no Notibras:<\/strong><\/p>\n<p><strong>.<a href=\"https:\/\/www.notibras.com\/site\/mulher-e-encontrada-morta-com-sinais-de-espancamento\/\">https:\/\/www.notibras.com\/site\/mulher-e-encontrada-morta-com-sinais-de-espancamento\/<\/a><\/strong><\/p>\n","protected":false},"excerpt":{"rendered":"<p>O Distrito Federal registrou, no \u00faltimo domingo (25), o seu terceiro feminic\u00eddio em menos de um m\u00eas. Shirlene Cardoso Borgonha, de 39 anos, foi assassinada na regi\u00e3o da Estrutural ap\u00f3s ser atacada a golpes na cabe\u00e7a. Segundo as investiga\u00e7\u00f5es da Pol\u00edcia Civil, o crime teria sido motivado por uma d\u00edvida de apenas R$ 100 que [&hellip;]<\/p>\n","protected":false},"author":21,"featured_media":380813,"comment_status":"closed","ping_status":"closed","sticky":false,"template":"","format":"standard","meta":{"_acf_changed":false,"footnotes":""},"categories":[161],"tags":[],"class_list":["post-380812","post","type-post","status-publish","format-standard","has-post-thumbnail","hentry","category-quadradinho-em-foco"],"acf":[],"yoast_head":"<!-- This site is optimized with the Yoast SEO plugin v27.2 - https:\/\/yoast.com\/product\/yoast-seo-wordpress\/ -->\n<title>3\u00ba feminic\u00eddio de 2026 - adolescente mata mulher por d\u00edvida de R$ 100 - Notibras<\/title>\n<meta name=\"robots\" content=\"index, follow, max-snippet:-1, max-image-preview:large, max-video-preview:-1\" \/>\n<link rel=\"canonical\" href=\"https:\/\/www.notibras.com\/site\/3o-feminicidio-de-2026-adolescente-mata-mulher-por-divida-de-r-100\/\" \/>\n<meta property=\"og:locale\" content=\"pt_BR\" \/>\n<meta property=\"og:type\" content=\"article\" \/>\n<meta property=\"og:title\" content=\"3\u00ba feminic\u00eddio de 2026 - adolescente mata mulher por d\u00edvida de R$ 100 - Notibras\" \/>\n<meta property=\"og:description\" content=\"O Distrito Federal registrou, no \u00faltimo domingo (25), o seu terceiro feminic\u00eddio em menos de um m\u00eas. Shirlene Cardoso Borgonha, de 39 anos, foi assassinada na regi\u00e3o da Estrutural ap\u00f3s ser atacada a golpes na cabe\u00e7a. Segundo as investiga\u00e7\u00f5es da Pol\u00edcia Civil, o crime teria sido motivado por uma d\u00edvida de apenas R$ 100 que [&hellip;]\" \/>\n<meta property=\"og:url\" content=\"https:\/\/www.notibras.com\/site\/3o-feminicidio-de-2026-adolescente-mata-mulher-por-divida-de-r-100\/\" \/>\n<meta property=\"og:site_name\" content=\"Notibras\" \/>\n<meta property=\"article:publisher\" content=\"https:\/\/www.facebook.com\/notibras\/\" \/>\n<meta property=\"article:published_time\" content=\"2026-01-28T04:15:55+00:00\" \/>\n<meta property=\"article:modified_time\" content=\"2026-01-28T04:29:21+00:00\" \/>\n<meta property=\"og:image\" content=\"https:\/\/www.notibras.com\/site\/wp-content\/uploads\/2026\/01\/IMG_0695.jpg\" \/>\n\t<meta property=\"og:image:width\" content=\"474\" \/>\n\t<meta property=\"og:image:height\" content=\"542\" \/>\n\t<meta property=\"og:image:type\" content=\"image\/jpeg\" \/>\n<meta name=\"author\" content=\"Eduardo Mart\u00ednez\" \/>\n<meta name=\"twitter:card\" content=\"summary_large_image\" \/>\n<meta name=\"twitter:creator\" content=\"@Notibras\" \/>\n<meta name=\"twitter:site\" content=\"@Notibras\" \/>\n<meta name=\"twitter:label1\" content=\"Escrito por\" \/>\n\t<meta name=\"twitter:data1\" content=\"Eduardo Mart\u00ednez\" \/>\n\t<meta name=\"twitter:label2\" content=\"Est. tempo de leitura\" \/>\n\t<meta name=\"twitter:data2\" content=\"3 minutos\" \/>\n<script type=\"application\/ld+json\" class=\"yoast-schema-graph\">{\"@context\":\"https:\/\/schema.org\",\"@graph\":[{\"@type\":\"Article\",\"@id\":\"https:\/\/www.notibras.com\/site\/3o-feminicidio-de-2026-adolescente-mata-mulher-por-divida-de-r-100\/#article\",\"isPartOf\":{\"@id\":\"https:\/\/www.notibras.com\/site\/3o-feminicidio-de-2026-adolescente-mata-mulher-por-divida-de-r-100\/\"},\"author\":{\"name\":\"Eduardo Mart\u00ednez\",\"@id\":\"https:\/\/www.notibras.com\/site\/#\/schema\/person\/5b7fabf2aedc3ada2105f03b22b4d3dd\"},\"headline\":\"3\u00ba feminic\u00eddio de 2026 &#8211; adolescente mata mulher por d\u00edvida de R$ 100\",\"datePublished\":\"2026-01-28T04:15:55+00:00\",\"dateModified\":\"2026-01-28T04:29:21+00:00\",\"mainEntityOfPage\":{\"@id\":\"https:\/\/www.notibras.com\/site\/3o-feminicidio-de-2026-adolescente-mata-mulher-por-divida-de-r-100\/\"},\"wordCount\":421,\"publisher\":{\"@id\":\"https:\/\/www.notibras.com\/site\/#organization\"},\"image\":{\"@id\":\"https:\/\/www.notibras.com\/site\/3o-feminicidio-de-2026-adolescente-mata-mulher-por-divida-de-r-100\/#primaryimage\"},\"thumbnailUrl\":\"https:\/\/www.notibras.com\/site\/wp-content\/uploads\/2026\/01\/IMG_0695.jpg\",\"articleSection\":[\"Quadradinho em Foco\"],\"inLanguage\":\"pt-BR\"},{\"@type\":\"WebPage\",\"@id\":\"https:\/\/www.notibras.com\/site\/3o-feminicidio-de-2026-adolescente-mata-mulher-por-divida-de-r-100\/\",\"url\":\"https:\/\/www.notibras.com\/site\/3o-feminicidio-de-2026-adolescente-mata-mulher-por-divida-de-r-100\/\",\"name\":\"3\u00ba feminic\u00eddio de 2026 - adolescente mata mulher por d\u00edvida de R$ 100 - Notibras\",\"isPartOf\":{\"@id\":\"https:\/\/www.notibras.com\/site\/#website\"},\"primaryImageOfPage\":{\"@id\":\"https:\/\/www.notibras.com\/site\/3o-feminicidio-de-2026-adolescente-mata-mulher-por-divida-de-r-100\/#primaryimage\"},\"image\":{\"@id\":\"https:\/\/www.notibras.com\/site\/3o-feminicidio-de-2026-adolescente-mata-mulher-por-divida-de-r-100\/#primaryimage\"},\"thumbnailUrl\":\"https:\/\/www.notibras.com\/site\/wp-content\/uploads\/2026\/01\/IMG_0695.jpg\",\"datePublished\":\"2026-01-28T04:15:55+00:00\",\"dateModified\":\"2026-01-28T04:29:21+00:00\",\"breadcrumb\":{\"@id\":\"https:\/\/www.notibras.com\/site\/3o-feminicidio-de-2026-adolescente-mata-mulher-por-divida-de-r-100\/#breadcrumb\"},\"inLanguage\":\"pt-BR\",\"potentialAction\":[{\"@type\":\"ReadAction\",\"target\":[\"https:\/\/www.notibras.com\/site\/3o-feminicidio-de-2026-adolescente-mata-mulher-por-divida-de-r-100\/\"]}]},{\"@type\":\"ImageObject\",\"inLanguage\":\"pt-BR\",\"@id\":\"https:\/\/www.notibras.com\/site\/3o-feminicidio-de-2026-adolescente-mata-mulher-por-divida-de-r-100\/#primaryimage\",\"url\":\"https:\/\/www.notibras.com\/site\/wp-content\/uploads\/2026\/01\/IMG_0695.jpg\",\"contentUrl\":\"https:\/\/www.notibras.com\/site\/wp-content\/uploads\/2026\/01\/IMG_0695.jpg\",\"width\":474,\"height\":542,\"caption\":\"Screenshot\"},{\"@type\":\"BreadcrumbList\",\"@id\":\"https:\/\/www.notibras.com\/site\/3o-feminicidio-de-2026-adolescente-mata-mulher-por-divida-de-r-100\/#breadcrumb\",\"itemListElement\":[{\"@type\":\"ListItem\",\"position\":1,\"name\":\"In\u00edcio\",\"item\":\"https:\/\/www.notibras.com\/site\/\"},{\"@type\":\"ListItem\",\"position\":2,\"name\":\"3\u00ba feminic\u00eddio de 2026 &#8211; adolescente mata mulher por d\u00edvida de R$ 100\"}]},{\"@type\":\"WebSite\",\"@id\":\"https:\/\/www.notibras.com\/site\/#website\",\"url\":\"https:\/\/www.notibras.com\/site\/\",\"name\":\"Notibras\",\"description\":\"Not\u00edcias de Bras\u00edlia, do Brasil e do Mundo\",\"publisher\":{\"@id\":\"https:\/\/www.notibras.com\/site\/#organization\"},\"potentialAction\":[{\"@type\":\"SearchAction\",\"target\":{\"@type\":\"EntryPoint\",\"urlTemplate\":\"https:\/\/www.notibras.com\/site\/?s={search_term_string}\"},\"query-input\":{\"@type\":\"PropertyValueSpecification\",\"valueRequired\":true,\"valueName\":\"search_term_string\"}}],\"inLanguage\":\"pt-BR\"},{\"@type\":\"Organization\",\"@id\":\"https:\/\/www.notibras.com\/site\/#organization\",\"name\":\"Grupo Notibras de Comunica\u00e7\u00e3o\",\"url\":\"https:\/\/www.notibras.com\/site\/\",\"logo\":{\"@type\":\"ImageObject\",\"inLanguage\":\"pt-BR\",\"@id\":\"https:\/\/www.notibras.com\/site\/#\/schema\/logo\/image\/\",\"url\":\"https:\/\/www.notibras.com\/site\/wp-content\/uploads\/2023\/01\/notibras23.png\",\"contentUrl\":\"https:\/\/www.notibras.com\/site\/wp-content\/uploads\/2023\/01\/notibras23.png\",\"width\":350,\"height\":87,\"caption\":\"Grupo Notibras de Comunica\u00e7\u00e3o\"},\"image\":{\"@id\":\"https:\/\/www.notibras.com\/site\/#\/schema\/logo\/image\/\"},\"sameAs\":[\"https:\/\/www.facebook.com\/notibras\/\",\"https:\/\/x.com\/Notibras\",\"https:\/\/www.instagram.com\/notibras\/\"]},{\"@type\":\"Person\",\"@id\":\"https:\/\/www.notibras.com\/site\/#\/schema\/person\/5b7fabf2aedc3ada2105f03b22b4d3dd\",\"name\":\"Eduardo Mart\u00ednez\",\"image\":{\"@type\":\"ImageObject\",\"inLanguage\":\"pt-BR\",\"@id\":\"https:\/\/secure.gravatar.com\/avatar\/7902f906289926289cbcda644b5197c796b893c6ffd7b9a536a42d290f7704a0?s=96&d=mm&r=g\",\"url\":\"https:\/\/secure.gravatar.com\/avatar\/7902f906289926289cbcda644b5197c796b893c6ffd7b9a536a42d290f7704a0?s=96&d=mm&r=g\",\"contentUrl\":\"https:\/\/secure.gravatar.com\/avatar\/7902f906289926289cbcda644b5197c796b893c6ffd7b9a536a42d290f7704a0?s=96&d=mm&r=g\",\"caption\":\"Eduardo Mart\u00ednez\"}}]}<\/script>\n<!-- \/ Yoast SEO plugin. -->","yoast_head_json":{"title":"3\u00ba feminic\u00eddio de 2026 - adolescente mata mulher por d\u00edvida de R$ 100 - Notibras","robots":{"index":"index","follow":"follow","max-snippet":"max-snippet:-1","max-image-preview":"max-image-preview:large","max-video-preview":"max-video-preview:-1"},"canonical":"https:\/\/www.notibras.com\/site\/3o-feminicidio-de-2026-adolescente-mata-mulher-por-divida-de-r-100\/","og_locale":"pt_BR","og_type":"article","og_title":"3\u00ba feminic\u00eddio de 2026 - adolescente mata mulher por d\u00edvida de R$ 100 - Notibras","og_description":"O Distrito Federal registrou, no \u00faltimo domingo (25), o seu terceiro feminic\u00eddio em menos de um m\u00eas. Shirlene Cardoso Borgonha, de 39 anos, foi assassinada na regi\u00e3o da Estrutural ap\u00f3s ser atacada a golpes na cabe\u00e7a. Segundo as investiga\u00e7\u00f5es da Pol\u00edcia Civil, o crime teria sido motivado por uma d\u00edvida de apenas R$ 100 que [&hellip;]","og_url":"https:\/\/www.notibras.com\/site\/3o-feminicidio-de-2026-adolescente-mata-mulher-por-divida-de-r-100\/","og_site_name":"Notibras","article_publisher":"https:\/\/www.facebook.com\/notibras\/","article_published_time":"2026-01-28T04:15:55+00:00","article_modified_time":"2026-01-28T04:29:21+00:00","og_image":[{"width":474,"height":542,"url":"https:\/\/www.notibras.com\/site\/wp-content\/uploads\/2026\/01\/IMG_0695.jpg","type":"image\/jpeg"}],"author":"Eduardo Mart\u00ednez","twitter_card":"summary_large_image","twitter_creator":"@Notibras","twitter_site":"@Notibras","twitter_misc":{"Escrito por":"Eduardo Mart\u00ednez","Est. tempo de leitura":"3 minutos"},"schema":{"@context":"https:\/\/schema.org","@graph":[{"@type":"Article","@id":"https:\/\/www.notibras.com\/site\/3o-feminicidio-de-2026-adolescente-mata-mulher-por-divida-de-r-100\/#article","isPartOf":{"@id":"https:\/\/www.notibras.com\/site\/3o-feminicidio-de-2026-adolescente-mata-mulher-por-divida-de-r-100\/"},"author":{"name":"Eduardo Mart\u00ednez","@id":"https:\/\/www.notibras.com\/site\/#\/schema\/person\/5b7fabf2aedc3ada2105f03b22b4d3dd"},"headline":"3\u00ba feminic\u00eddio de 2026 &#8211; adolescente mata mulher por d\u00edvida de R$ 100","datePublished":"2026-01-28T04:15:55+00:00","dateModified":"2026-01-28T04:29:21+00:00","mainEntityOfPage":{"@id":"https:\/\/www.notibras.com\/site\/3o-feminicidio-de-2026-adolescente-mata-mulher-por-divida-de-r-100\/"},"wordCount":421,"publisher":{"@id":"https:\/\/www.notibras.com\/site\/#organization"},"image":{"@id":"https:\/\/www.notibras.com\/site\/3o-feminicidio-de-2026-adolescente-mata-mulher-por-divida-de-r-100\/#primaryimage"},"thumbnailUrl":"https:\/\/www.notibras.com\/site\/wp-content\/uploads\/2026\/01\/IMG_0695.jpg","articleSection":["Quadradinho em Foco"],"inLanguage":"pt-BR"},{"@type":"WebPage","@id":"https:\/\/www.notibras.com\/site\/3o-feminicidio-de-2026-adolescente-mata-mulher-por-divida-de-r-100\/","url":"https:\/\/www.notibras.com\/site\/3o-feminicidio-de-2026-adolescente-mata-mulher-por-divida-de-r-100\/","name":"3\u00ba feminic\u00eddio de 2026 - adolescente mata mulher por d\u00edvida de R$ 100 - Notibras","isPartOf":{"@id":"https:\/\/www.notibras.com\/site\/#website"},"primaryImageOfPage":{"@id":"https:\/\/www.notibras.com\/site\/3o-feminicidio-de-2026-adolescente-mata-mulher-por-divida-de-r-100\/#primaryimage"},"image":{"@id":"https:\/\/www.notibras.com\/site\/3o-feminicidio-de-2026-adolescente-mata-mulher-por-divida-de-r-100\/#primaryimage"},"thumbnailUrl":"https:\/\/www.notibras.com\/site\/wp-content\/uploads\/2026\/01\/IMG_0695.jpg","datePublished":"2026-01-28T04:15:55+00:00","dateModified":"2026-01-28T04:29:21+00:00","breadcrumb":{"@id":"https:\/\/www.notibras.com\/site\/3o-feminicidio-de-2026-adolescente-mata-mulher-por-divida-de-r-100\/#breadcrumb"},"inLanguage":"pt-BR","potentialAction":[{"@type":"ReadAction","target":["https:\/\/www.notibras.com\/site\/3o-feminicidio-de-2026-adolescente-mata-mulher-por-divida-de-r-100\/"]}]},{"@type":"ImageObject","inLanguage":"pt-BR","@id":"https:\/\/www.notibras.com\/site\/3o-feminicidio-de-2026-adolescente-mata-mulher-por-divida-de-r-100\/#primaryimage","url":"https:\/\/www.notibras.com\/site\/wp-content\/uploads\/2026\/01\/IMG_0695.jpg","contentUrl":"https:\/\/www.notibras.com\/site\/wp-content\/uploads\/2026\/01\/IMG_0695.jpg","width":474,"height":542,"caption":"Screenshot"},{"@type":"BreadcrumbList","@id":"https:\/\/www.notibras.com\/site\/3o-feminicidio-de-2026-adolescente-mata-mulher-por-divida-de-r-100\/#breadcrumb","itemListElement":[{"@type":"ListItem","position":1,"name":"In\u00edcio","item":"https:\/\/www.notibras.com\/site\/"},{"@type":"ListItem","position":2,"name":"3\u00ba feminic\u00eddio de 2026 &#8211; adolescente mata mulher por d\u00edvida de R$ 100"}]},{"@type":"WebSite","@id":"https:\/\/www.notibras.com\/site\/#website","url":"https:\/\/www.notibras.com\/site\/","name":"Notibras","description":"Not\u00edcias de Bras\u00edlia, do Brasil e do Mundo","publisher":{"@id":"https:\/\/www.notibras.com\/site\/#organization"},"potentialAction":[{"@type":"SearchAction","target":{"@type":"EntryPoint","urlTemplate":"https:\/\/www.notibras.com\/site\/?s={search_term_string}"},"query-input":{"@type":"PropertyValueSpecification","valueRequired":true,"valueName":"search_term_string"}}],"inLanguage":"pt-BR"},{"@type":"Organization","@id":"https:\/\/www.notibras.com\/site\/#organization","name":"Grupo Notibras de Comunica\u00e7\u00e3o","url":"https:\/\/www.notibras.com\/site\/","logo":{"@type":"ImageObject","inLanguage":"pt-BR","@id":"https:\/\/www.notibras.com\/site\/#\/schema\/logo\/image\/","url":"https:\/\/www.notibras.com\/site\/wp-content\/uploads\/2023\/01\/notibras23.png","contentUrl":"https:\/\/www.notibras.com\/site\/wp-content\/uploads\/2023\/01\/notibras23.png","width":350,"height":87,"caption":"Grupo Notibras de Comunica\u00e7\u00e3o"},"image":{"@id":"https:\/\/www.notibras.com\/site\/#\/schema\/logo\/image\/"},"sameAs":["https:\/\/www.facebook.com\/notibras\/","https:\/\/x.com\/Notibras","https:\/\/www.instagram.com\/notibras\/"]},{"@type":"Person","@id":"https:\/\/www.notibras.com\/site\/#\/schema\/person\/5b7fabf2aedc3ada2105f03b22b4d3dd","name":"Eduardo Mart\u00ednez","image":{"@type":"ImageObject","inLanguage":"pt-BR","@id":"https:\/\/secure.gravatar.com\/avatar\/7902f906289926289cbcda644b5197c796b893c6ffd7b9a536a42d290f7704a0?s=96&d=mm&r=g","url":"https:\/\/secure.gravatar.com\/avatar\/7902f906289926289cbcda644b5197c796b893c6ffd7b9a536a42d290f7704a0?s=96&d=mm&r=g","contentUrl":"https:\/\/secure.gravatar.com\/avatar\/7902f906289926289cbcda644b5197c796b893c6ffd7b9a536a42d290f7704a0?s=96&d=mm&r=g","caption":"Eduardo Mart\u00ednez"}}]}},"amp_enabled":true,"_links":{"self":[{"href":"https:\/\/www.notibras.com\/site\/wp-json\/wp\/v2\/posts\/380812","targetHints":{"allow":["GET"]}}],"collection":[{"href":"https:\/\/www.notibras.com\/site\/wp-json\/wp\/v2\/posts"}],"about":[{"href":"https:\/\/www.notibras.com\/site\/wp-json\/wp\/v2\/types\/post"}],"author":[{"embeddable":true,"href":"https:\/\/www.notibras.com\/site\/wp-json\/wp\/v2\/users\/21"}],"replies":[{"embeddable":true,"href":"https:\/\/www.notibras.com\/site\/wp-json\/wp\/v2\/comments?post=380812"}],"version-history":[{"count":5,"href":"https:\/\/www.notibras.com\/site\/wp-json\/wp\/v2\/posts\/380812\/revisions"}],"predecessor-version":[{"id":380858,"href":"https:\/\/www.notibras.com\/site\/wp-json\/wp\/v2\/posts\/380812\/revisions\/380858"}],"wp:featuredmedia":[{"embeddable":true,"href":"https:\/\/www.notibras.com\/site\/wp-json\/wp\/v2\/media\/380813"}],"wp:attachment":[{"href":"https:\/\/www.notibras.com\/site\/wp-json\/wp\/v2\/media?parent=380812"}],"wp:term":[{"taxonomy":"category","embeddable":true,"href":"https:\/\/www.notibras.com\/site\/wp-json\/wp\/v2\/categories?post=380812"},{"taxonomy":"post_tag","embeddable":true,"href":"https:\/\/www.notibras.com\/site\/wp-json\/wp\/v2\/tags?post=380812"}],"curies":[{"name":"wp","href":"https:\/\/api.w.org\/{rel}","templated":true}]}}