{"id":380816,"date":"2026-01-28T01:00:34","date_gmt":"2026-01-28T04:00:34","guid":{"rendered":"https:\/\/www.notibras.com\/site\/?p=380816"},"modified":"2026-01-27T21:53:33","modified_gmt":"2026-01-28T00:53:33","slug":"meninada-acessa-via-do-metro-para-pegar-pipa-e-causa-atraso-de-20-minutos","status":"publish","type":"post","link":"https:\/\/www.notibras.com\/site\/meninada-acessa-via-do-metro-para-pegar-pipa-e-causa-atraso-de-20-minutos\/","title":{"rendered":"Meninada acessa via do metr\u00f4 para pegar pipa e causa atraso de 20 minutos"},"content":{"rendered":"<p>Energia foi cortada at\u00e9 o Metr\u00f4 confirmar que n\u00e3o havia mais ningu\u00e9m nos trilhos. Passageiros relataram atraso maior, de quase 30 minutos.<\/p>\n<p>Crian\u00e7as que acessaram indevidamente a linha do Metr\u00f4 do Distrito Federal para recuperar uma pipa causaram atraso no Terminal Ceil\u00e2ndia no in\u00edcio da tarde desta ter\u00e7a-feira (27).<\/p>\n<p>O caso ocorreu nas proximidades da Esta\u00e7\u00e3o Guariroba, na Ceil\u00e2ndia. O Metr\u00f4 informou uma interrup\u00e7\u00e3o de 20 minutos, mas passageiros afirmaram que o servi\u00e7o ficou quase meia hora parado.<\/p>\n<p>&#8220;Por se tratar de uma situa\u00e7\u00e3o de risco, foi necess\u00e1ria a desenergiza\u00e7\u00e3o da via, o que ocasionou a reten\u00e7\u00e3o tempor\u00e1ria dos trens no ramal Ceil\u00e2ndia&#8221;, informou a empresa.<\/p>\n<p>Em nota, o Metr\u00f4-DF disse que o Centro de Controle Operacional (CCO) foi informado do acesso irregular \u00e0s 12h03.<\/p>\n<p>A energia foi restabelecida por volta das 12h11, ap\u00f3s a confirma\u00e7\u00e3o pelo Corpo de Seguran\u00e7a Operacional de que n\u00e3o havia mais ningu\u00e9m na via.<\/p>\n<p>&#8220;A ocorr\u00eancia resultou em um atraso, de aproximadamente, 20 minutos no Terminal Ceil\u00e2ndia&#8221;, finalizou a nota.<\/p>\n<p>O Metr\u00f4-DF reitera que o acesso a via-f\u00e9rrea \u00e9 extremamente perigoso e proibido, lembrando que a linha \u00e9 eletrificada e o risco de atropelamento \u00e9 alto.<\/p>\n","protected":false},"excerpt":{"rendered":"<p>Energia foi cortada at\u00e9 o Metr\u00f4 confirmar que n\u00e3o havia mais ningu\u00e9m nos trilhos. Passageiros relataram atraso maior, de quase 30 minutos. Crian\u00e7as que acessaram indevidamente a linha do Metr\u00f4 do Distrito Federal para recuperar uma pipa causaram atraso no Terminal Ceil\u00e2ndia no in\u00edcio da tarde desta ter\u00e7a-feira (27). O caso ocorreu nas proximidades da [&hellip;]<\/p>\n","protected":false},"author":21,"featured_media":380818,"comment_status":"closed","ping_status":"closed","sticky":false,"template":"","format":"standard","meta":{"_acf_changed":false,"footnotes":""},"categories":[161],"tags":[],"class_list":["post-380816","post","type-post","status-publish","format-standard","has-post-thumbnail","hentry","category-quadradinho-em-foco"],"acf":[],"yoast_head":"<!-- This site is optimized with the Yoast SEO plugin v27.2 - https:\/\/yoast.com\/product\/yoast-seo-wordpress\/ -->\n<title>Meninada acessa via do metr\u00f4 para pegar pipa e causa atraso de 20 minutos - Notibras<\/title>\n<meta name=\"robots\" content=\"index, follow, max-snippet:-1, max-image-preview:large, max-video-preview:-1\" \/>\n<link rel=\"canonical\" href=\"https:\/\/www.notibras.com\/site\/meninada-acessa-via-do-metro-para-pegar-pipa-e-causa-atraso-de-20-minutos\/\" \/>\n<meta property=\"og:locale\" content=\"pt_BR\" \/>\n<meta property=\"og:type\" content=\"article\" \/>\n<meta property=\"og:title\" content=\"Meninada acessa via do metr\u00f4 para pegar pipa e causa atraso de 20 minutos - Notibras\" \/>\n<meta property=\"og:description\" content=\"Energia foi cortada at\u00e9 o Metr\u00f4 confirmar que n\u00e3o havia mais ningu\u00e9m nos trilhos. Passageiros relataram atraso maior, de quase 30 minutos. Crian\u00e7as que acessaram indevidamente a linha do Metr\u00f4 do Distrito Federal para recuperar uma pipa causaram atraso no Terminal Ceil\u00e2ndia no in\u00edcio da tarde desta ter\u00e7a-feira (27). O caso ocorreu nas proximidades da [&hellip;]\" \/>\n<meta property=\"og:url\" content=\"https:\/\/www.notibras.com\/site\/meninada-acessa-via-do-metro-para-pegar-pipa-e-causa-atraso-de-20-minutos\/\" \/>\n<meta property=\"og:site_name\" content=\"Notibras\" \/>\n<meta property=\"article:publisher\" content=\"https:\/\/www.facebook.com\/notibras\/\" \/>\n<meta property=\"article:published_time\" content=\"2026-01-28T04:00:34+00:00\" \/>\n<meta property=\"og:image\" content=\"https:\/\/www.notibras.com\/site\/wp-content\/uploads\/2026\/01\/Enlight28.jpg\" \/>\n\t<meta property=\"og:image:width\" content=\"1014\" \/>\n\t<meta property=\"og:image:height\" content=\"570\" \/>\n\t<meta property=\"og:image:type\" content=\"image\/jpeg\" \/>\n<meta name=\"author\" content=\"Eduardo Mart\u00ednez\" \/>\n<meta name=\"twitter:card\" content=\"summary_large_image\" \/>\n<meta name=\"twitter:creator\" content=\"@Notibras\" \/>\n<meta name=\"twitter:site\" content=\"@Notibras\" \/>\n<meta name=\"twitter:label1\" content=\"Escrito por\" \/>\n\t<meta name=\"twitter:data1\" content=\"Eduardo Mart\u00ednez\" \/>\n\t<meta name=\"twitter:label2\" content=\"Est. tempo de leitura\" \/>\n\t<meta name=\"twitter:data2\" content=\"2 minutos\" \/>\n<script type=\"application\/ld+json\" class=\"yoast-schema-graph\">{\"@context\":\"https:\/\/schema.org\",\"@graph\":[{\"@type\":\"Article\",\"@id\":\"https:\/\/www.notibras.com\/site\/meninada-acessa-via-do-metro-para-pegar-pipa-e-causa-atraso-de-20-minutos\/#article\",\"isPartOf\":{\"@id\":\"https:\/\/www.notibras.com\/site\/meninada-acessa-via-do-metro-para-pegar-pipa-e-causa-atraso-de-20-minutos\/\"},\"author\":{\"name\":\"Eduardo Mart\u00ednez\",\"@id\":\"https:\/\/www.notibras.com\/site\/#\/schema\/person\/5b7fabf2aedc3ada2105f03b22b4d3dd\"},\"headline\":\"Meninada acessa via do metr\u00f4 para pegar pipa e causa atraso de 20 minutos\",\"datePublished\":\"2026-01-28T04:00:34+00:00\",\"mainEntityOfPage\":{\"@id\":\"https:\/\/www.notibras.com\/site\/meninada-acessa-via-do-metro-para-pegar-pipa-e-causa-atraso-de-20-minutos\/\"},\"wordCount\":223,\"publisher\":{\"@id\":\"https:\/\/www.notibras.com\/site\/#organization\"},\"image\":{\"@id\":\"https:\/\/www.notibras.com\/site\/meninada-acessa-via-do-metro-para-pegar-pipa-e-causa-atraso-de-20-minutos\/#primaryimage\"},\"thumbnailUrl\":\"https:\/\/www.notibras.com\/site\/wp-content\/uploads\/2026\/01\/Enlight28.jpg\",\"articleSection\":[\"Quadradinho em Foco\"],\"inLanguage\":\"pt-BR\"},{\"@type\":\"WebPage\",\"@id\":\"https:\/\/www.notibras.com\/site\/meninada-acessa-via-do-metro-para-pegar-pipa-e-causa-atraso-de-20-minutos\/\",\"url\":\"https:\/\/www.notibras.com\/site\/meninada-acessa-via-do-metro-para-pegar-pipa-e-causa-atraso-de-20-minutos\/\",\"name\":\"Meninada acessa via do metr\u00f4 para pegar pipa e causa atraso de 20 minutos - Notibras\",\"isPartOf\":{\"@id\":\"https:\/\/www.notibras.com\/site\/#website\"},\"primaryImageOfPage\":{\"@id\":\"https:\/\/www.notibras.com\/site\/meninada-acessa-via-do-metro-para-pegar-pipa-e-causa-atraso-de-20-minutos\/#primaryimage\"},\"image\":{\"@id\":\"https:\/\/www.notibras.com\/site\/meninada-acessa-via-do-metro-para-pegar-pipa-e-causa-atraso-de-20-minutos\/#primaryimage\"},\"thumbnailUrl\":\"https:\/\/www.notibras.com\/site\/wp-content\/uploads\/2026\/01\/Enlight28.jpg\",\"datePublished\":\"2026-01-28T04:00:34+00:00\",\"breadcrumb\":{\"@id\":\"https:\/\/www.notibras.com\/site\/meninada-acessa-via-do-metro-para-pegar-pipa-e-causa-atraso-de-20-minutos\/#breadcrumb\"},\"inLanguage\":\"pt-BR\",\"potentialAction\":[{\"@type\":\"ReadAction\",\"target\":[\"https:\/\/www.notibras.com\/site\/meninada-acessa-via-do-metro-para-pegar-pipa-e-causa-atraso-de-20-minutos\/\"]}]},{\"@type\":\"ImageObject\",\"inLanguage\":\"pt-BR\",\"@id\":\"https:\/\/www.notibras.com\/site\/meninada-acessa-via-do-metro-para-pegar-pipa-e-causa-atraso-de-20-minutos\/#primaryimage\",\"url\":\"https:\/\/www.notibras.com\/site\/wp-content\/uploads\/2026\/01\/Enlight28.jpg\",\"contentUrl\":\"https:\/\/www.notibras.com\/site\/wp-content\/uploads\/2026\/01\/Enlight28.jpg\",\"width\":1014,\"height\":570,\"caption\":\"created by dji camera\"},{\"@type\":\"BreadcrumbList\",\"@id\":\"https:\/\/www.notibras.com\/site\/meninada-acessa-via-do-metro-para-pegar-pipa-e-causa-atraso-de-20-minutos\/#breadcrumb\",\"itemListElement\":[{\"@type\":\"ListItem\",\"position\":1,\"name\":\"In\u00edcio\",\"item\":\"https:\/\/www.notibras.com\/site\/\"},{\"@type\":\"ListItem\",\"position\":2,\"name\":\"Meninada acessa via do metr\u00f4 para pegar pipa e causa atraso de 20 minutos\"}]},{\"@type\":\"WebSite\",\"@id\":\"https:\/\/www.notibras.com\/site\/#website\",\"url\":\"https:\/\/www.notibras.com\/site\/\",\"name\":\"Notibras\",\"description\":\"Not\u00edcias de Bras\u00edlia, do Brasil e do Mundo\",\"publisher\":{\"@id\":\"https:\/\/www.notibras.com\/site\/#organization\"},\"potentialAction\":[{\"@type\":\"SearchAction\",\"target\":{\"@type\":\"EntryPoint\",\"urlTemplate\":\"https:\/\/www.notibras.com\/site\/?s={search_term_string}\"},\"query-input\":{\"@type\":\"PropertyValueSpecification\",\"valueRequired\":true,\"valueName\":\"search_term_string\"}}],\"inLanguage\":\"pt-BR\"},{\"@type\":\"Organization\",\"@id\":\"https:\/\/www.notibras.com\/site\/#organization\",\"name\":\"Grupo Notibras de Comunica\u00e7\u00e3o\",\"url\":\"https:\/\/www.notibras.com\/site\/\",\"logo\":{\"@type\":\"ImageObject\",\"inLanguage\":\"pt-BR\",\"@id\":\"https:\/\/www.notibras.com\/site\/#\/schema\/logo\/image\/\",\"url\":\"https:\/\/www.notibras.com\/site\/wp-content\/uploads\/2023\/01\/notibras23.png\",\"contentUrl\":\"https:\/\/www.notibras.com\/site\/wp-content\/uploads\/2023\/01\/notibras23.png\",\"width\":350,\"height\":87,\"caption\":\"Grupo Notibras de Comunica\u00e7\u00e3o\"},\"image\":{\"@id\":\"https:\/\/www.notibras.com\/site\/#\/schema\/logo\/image\/\"},\"sameAs\":[\"https:\/\/www.facebook.com\/notibras\/\",\"https:\/\/x.com\/Notibras\",\"https:\/\/www.instagram.com\/notibras\/\"]},{\"@type\":\"Person\",\"@id\":\"https:\/\/www.notibras.com\/site\/#\/schema\/person\/5b7fabf2aedc3ada2105f03b22b4d3dd\",\"name\":\"Eduardo Mart\u00ednez\",\"image\":{\"@type\":\"ImageObject\",\"inLanguage\":\"pt-BR\",\"@id\":\"https:\/\/secure.gravatar.com\/avatar\/7902f906289926289cbcda644b5197c796b893c6ffd7b9a536a42d290f7704a0?s=96&d=mm&r=g\",\"url\":\"https:\/\/secure.gravatar.com\/avatar\/7902f906289926289cbcda644b5197c796b893c6ffd7b9a536a42d290f7704a0?s=96&d=mm&r=g\",\"contentUrl\":\"https:\/\/secure.gravatar.com\/avatar\/7902f906289926289cbcda644b5197c796b893c6ffd7b9a536a42d290f7704a0?s=96&d=mm&r=g\",\"caption\":\"Eduardo Mart\u00ednez\"}}]}<\/script>\n<!-- \/ Yoast SEO plugin. -->","yoast_head_json":{"title":"Meninada acessa via do metr\u00f4 para pegar pipa e causa atraso de 20 minutos - Notibras","robots":{"index":"index","follow":"follow","max-snippet":"max-snippet:-1","max-image-preview":"max-image-preview:large","max-video-preview":"max-video-preview:-1"},"canonical":"https:\/\/www.notibras.com\/site\/meninada-acessa-via-do-metro-para-pegar-pipa-e-causa-atraso-de-20-minutos\/","og_locale":"pt_BR","og_type":"article","og_title":"Meninada acessa via do metr\u00f4 para pegar pipa e causa atraso de 20 minutos - Notibras","og_description":"Energia foi cortada at\u00e9 o Metr\u00f4 confirmar que n\u00e3o havia mais ningu\u00e9m nos trilhos. Passageiros relataram atraso maior, de quase 30 minutos. Crian\u00e7as que acessaram indevidamente a linha do Metr\u00f4 do Distrito Federal para recuperar uma pipa causaram atraso no Terminal Ceil\u00e2ndia no in\u00edcio da tarde desta ter\u00e7a-feira (27). O caso ocorreu nas proximidades da [&hellip;]","og_url":"https:\/\/www.notibras.com\/site\/meninada-acessa-via-do-metro-para-pegar-pipa-e-causa-atraso-de-20-minutos\/","og_site_name":"Notibras","article_publisher":"https:\/\/www.facebook.com\/notibras\/","article_published_time":"2026-01-28T04:00:34+00:00","og_image":[{"width":1014,"height":570,"url":"https:\/\/www.notibras.com\/site\/wp-content\/uploads\/2026\/01\/Enlight28.jpg","type":"image\/jpeg"}],"author":"Eduardo Mart\u00ednez","twitter_card":"summary_large_image","twitter_creator":"@Notibras","twitter_site":"@Notibras","twitter_misc":{"Escrito por":"Eduardo Mart\u00ednez","Est. tempo de leitura":"2 minutos"},"schema":{"@context":"https:\/\/schema.org","@graph":[{"@type":"Article","@id":"https:\/\/www.notibras.com\/site\/meninada-acessa-via-do-metro-para-pegar-pipa-e-causa-atraso-de-20-minutos\/#article","isPartOf":{"@id":"https:\/\/www.notibras.com\/site\/meninada-acessa-via-do-metro-para-pegar-pipa-e-causa-atraso-de-20-minutos\/"},"author":{"name":"Eduardo Mart\u00ednez","@id":"https:\/\/www.notibras.com\/site\/#\/schema\/person\/5b7fabf2aedc3ada2105f03b22b4d3dd"},"headline":"Meninada acessa via do metr\u00f4 para pegar pipa e causa atraso de 20 minutos","datePublished":"2026-01-28T04:00:34+00:00","mainEntityOfPage":{"@id":"https:\/\/www.notibras.com\/site\/meninada-acessa-via-do-metro-para-pegar-pipa-e-causa-atraso-de-20-minutos\/"},"wordCount":223,"publisher":{"@id":"https:\/\/www.notibras.com\/site\/#organization"},"image":{"@id":"https:\/\/www.notibras.com\/site\/meninada-acessa-via-do-metro-para-pegar-pipa-e-causa-atraso-de-20-minutos\/#primaryimage"},"thumbnailUrl":"https:\/\/www.notibras.com\/site\/wp-content\/uploads\/2026\/01\/Enlight28.jpg","articleSection":["Quadradinho em Foco"],"inLanguage":"pt-BR"},{"@type":"WebPage","@id":"https:\/\/www.notibras.com\/site\/meninada-acessa-via-do-metro-para-pegar-pipa-e-causa-atraso-de-20-minutos\/","url":"https:\/\/www.notibras.com\/site\/meninada-acessa-via-do-metro-para-pegar-pipa-e-causa-atraso-de-20-minutos\/","name":"Meninada acessa via do metr\u00f4 para pegar pipa e causa atraso de 20 minutos - Notibras","isPartOf":{"@id":"https:\/\/www.notibras.com\/site\/#website"},"primaryImageOfPage":{"@id":"https:\/\/www.notibras.com\/site\/meninada-acessa-via-do-metro-para-pegar-pipa-e-causa-atraso-de-20-minutos\/#primaryimage"},"image":{"@id":"https:\/\/www.notibras.com\/site\/meninada-acessa-via-do-metro-para-pegar-pipa-e-causa-atraso-de-20-minutos\/#primaryimage"},"thumbnailUrl":"https:\/\/www.notibras.com\/site\/wp-content\/uploads\/2026\/01\/Enlight28.jpg","datePublished":"2026-01-28T04:00:34+00:00","breadcrumb":{"@id":"https:\/\/www.notibras.com\/site\/meninada-acessa-via-do-metro-para-pegar-pipa-e-causa-atraso-de-20-minutos\/#breadcrumb"},"inLanguage":"pt-BR","potentialAction":[{"@type":"ReadAction","target":["https:\/\/www.notibras.com\/site\/meninada-acessa-via-do-metro-para-pegar-pipa-e-causa-atraso-de-20-minutos\/"]}]},{"@type":"ImageObject","inLanguage":"pt-BR","@id":"https:\/\/www.notibras.com\/site\/meninada-acessa-via-do-metro-para-pegar-pipa-e-causa-atraso-de-20-minutos\/#primaryimage","url":"https:\/\/www.notibras.com\/site\/wp-content\/uploads\/2026\/01\/Enlight28.jpg","contentUrl":"https:\/\/www.notibras.com\/site\/wp-content\/uploads\/2026\/01\/Enlight28.jpg","width":1014,"height":570,"caption":"created by dji camera"},{"@type":"BreadcrumbList","@id":"https:\/\/www.notibras.com\/site\/meninada-acessa-via-do-metro-para-pegar-pipa-e-causa-atraso-de-20-minutos\/#breadcrumb","itemListElement":[{"@type":"ListItem","position":1,"name":"In\u00edcio","item":"https:\/\/www.notibras.com\/site\/"},{"@type":"ListItem","position":2,"name":"Meninada acessa via do metr\u00f4 para pegar pipa e causa atraso de 20 minutos"}]},{"@type":"WebSite","@id":"https:\/\/www.notibras.com\/site\/#website","url":"https:\/\/www.notibras.com\/site\/","name":"Notibras","description":"Not\u00edcias de Bras\u00edlia, do Brasil e do Mundo","publisher":{"@id":"https:\/\/www.notibras.com\/site\/#organization"},"potentialAction":[{"@type":"SearchAction","target":{"@type":"EntryPoint","urlTemplate":"https:\/\/www.notibras.com\/site\/?s={search_term_string}"},"query-input":{"@type":"PropertyValueSpecification","valueRequired":true,"valueName":"search_term_string"}}],"inLanguage":"pt-BR"},{"@type":"Organization","@id":"https:\/\/www.notibras.com\/site\/#organization","name":"Grupo Notibras de Comunica\u00e7\u00e3o","url":"https:\/\/www.notibras.com\/site\/","logo":{"@type":"ImageObject","inLanguage":"pt-BR","@id":"https:\/\/www.notibras.com\/site\/#\/schema\/logo\/image\/","url":"https:\/\/www.notibras.com\/site\/wp-content\/uploads\/2023\/01\/notibras23.png","contentUrl":"https:\/\/www.notibras.com\/site\/wp-content\/uploads\/2023\/01\/notibras23.png","width":350,"height":87,"caption":"Grupo Notibras de Comunica\u00e7\u00e3o"},"image":{"@id":"https:\/\/www.notibras.com\/site\/#\/schema\/logo\/image\/"},"sameAs":["https:\/\/www.facebook.com\/notibras\/","https:\/\/x.com\/Notibras","https:\/\/www.instagram.com\/notibras\/"]},{"@type":"Person","@id":"https:\/\/www.notibras.com\/site\/#\/schema\/person\/5b7fabf2aedc3ada2105f03b22b4d3dd","name":"Eduardo Mart\u00ednez","image":{"@type":"ImageObject","inLanguage":"pt-BR","@id":"https:\/\/secure.gravatar.com\/avatar\/7902f906289926289cbcda644b5197c796b893c6ffd7b9a536a42d290f7704a0?s=96&d=mm&r=g","url":"https:\/\/secure.gravatar.com\/avatar\/7902f906289926289cbcda644b5197c796b893c6ffd7b9a536a42d290f7704a0?s=96&d=mm&r=g","contentUrl":"https:\/\/secure.gravatar.com\/avatar\/7902f906289926289cbcda644b5197c796b893c6ffd7b9a536a42d290f7704a0?s=96&d=mm&r=g","caption":"Eduardo Mart\u00ednez"}}]}},"amp_enabled":true,"_links":{"self":[{"href":"https:\/\/www.notibras.com\/site\/wp-json\/wp\/v2\/posts\/380816","targetHints":{"allow":["GET"]}}],"collection":[{"href":"https:\/\/www.notibras.com\/site\/wp-json\/wp\/v2\/posts"}],"about":[{"href":"https:\/\/www.notibras.com\/site\/wp-json\/wp\/v2\/types\/post"}],"author":[{"embeddable":true,"href":"https:\/\/www.notibras.com\/site\/wp-json\/wp\/v2\/users\/21"}],"replies":[{"embeddable":true,"href":"https:\/\/www.notibras.com\/site\/wp-json\/wp\/v2\/comments?post=380816"}],"version-history":[{"count":3,"href":"https:\/\/www.notibras.com\/site\/wp-json\/wp\/v2\/posts\/380816\/revisions"}],"predecessor-version":[{"id":380820,"href":"https:\/\/www.notibras.com\/site\/wp-json\/wp\/v2\/posts\/380816\/revisions\/380820"}],"wp:featuredmedia":[{"embeddable":true,"href":"https:\/\/www.notibras.com\/site\/wp-json\/wp\/v2\/media\/380818"}],"wp:attachment":[{"href":"https:\/\/www.notibras.com\/site\/wp-json\/wp\/v2\/media?parent=380816"}],"wp:term":[{"taxonomy":"category","embeddable":true,"href":"https:\/\/www.notibras.com\/site\/wp-json\/wp\/v2\/categories?post=380816"},{"taxonomy":"post_tag","embeddable":true,"href":"https:\/\/www.notibras.com\/site\/wp-json\/wp\/v2\/tags?post=380816"}],"curies":[{"name":"wp","href":"https:\/\/api.w.org\/{rel}","templated":true}]}}