{"id":380822,"date":"2026-01-28T00:15:52","date_gmt":"2026-01-28T03:15:52","guid":{"rendered":"https:\/\/www.notibras.com\/site\/?p=380822"},"modified":"2026-01-27T22:20:51","modified_gmt":"2026-01-28T01:20:51","slug":"entrega-de-kits-da-corrida-de-reis-bate-recorde-ja-no-primeiro-dia","status":"publish","type":"post","link":"https:\/\/www.notibras.com\/site\/entrega-de-kits-da-corrida-de-reis-bate-recorde-ja-no-primeiro-dia\/","title":{"rendered":"Entrega de kits da Corrida de Reis bate recorde j\u00e1 no primeiro dia"},"content":{"rendered":"<p>A entrega de kits da 53\u00aa Corrida de Reis de Bras\u00edlia superou as expectativas, bateu recorde e alcan\u00e7ou a marca de mais de 7 mil kits entregues em apenas um dia. O grande volume de atendimento foi marcado por um intenso movimento no per\u00edodo da manh\u00e3, quando a maioria dos atletas compareceu ao local para retirar o material da prova.<\/p>\n<p>A alta procura logo nas primeiras horas evidenciou o engajamento dos corredores e a for\u00e7a da Corrida de Reis, considerada a prova mais tradicional do Distrito Federal. Mesmo com o fluxo elevado, o atendimento ocorreu de forma organizada e eficiente, garantindo agilidade na retirada dos kits.<\/p>\n<p>A estrutura montada contou com equipes refor\u00e7adas, sinaliza\u00e7\u00e3o adequada e apoio log\u00edstico para atender o p\u00fablico, contribuindo para a fluidez do processo, mesmo diante de uma demanda acima do esperado.<\/p>\n<p>Para o secret\u00e1rio de Esporte e Lazer do DF, Renato Junqueira, o recorde na entrega de kits reflete o crescimento do evento e o interesse da popula\u00e7\u00e3o pelo esporte.<\/p>\n<p>\u201cA Corrida de Reis \u00e9 um patrim\u00f4nio esportivo de Bras\u00edlia, e esses n\u00fameros mostram o quanto ela cresce a cada edi\u00e7\u00e3o. A entrega de mais de 7 mil kits em um \u00fanico dia, com grande concentra\u00e7\u00e3o de atletas pela manh\u00e3, comprova a confian\u00e7a do p\u00fablico na organiza\u00e7\u00e3o e a for\u00e7a do esporte como ferramenta de mobiliza\u00e7\u00e3o social\u201d, destacou o secret\u00e1rio.<\/p>\n<p>A entrega dos kits segue at\u00e9 sexta-feira, das 9h \u00e0s 19h, no Pavilh\u00e3o de Exposi\u00e7\u00f5es do Parque da Cidade, conforme o cronograma oficial. A 53\u00aa Corrida de Reis re\u00fane milhares de participantes e consolida mais uma edi\u00e7\u00e3o hist\u00f3rica, marcada por recordes, inclus\u00e3o e ampla participa\u00e7\u00e3o popular.<\/p>\n<p><strong>Entrega de kits para a Corrida de Reis<\/strong><\/p>\n<p>Local: Pavilh\u00e3o de Exposi\u00e7\u00f5es do Parque da Cidade<\/p>\n<p>Data: at\u00e9 sexta-feira<\/p>\n<p>Hor\u00e1rio: das 9h \u00e0s 19h<\/p>\n<p>Documentos necess\u00e1rios:<\/p>\n<p>Documento oficial com foto;<\/p>\n<p>Retirada por terceiros: c\u00f3pia do documento do atleta + documento do respons\u00e1vel e <a href=\"https:\/\/midia.recebedigital.com.br\/brasilcorrida\/eventos\/041b777360b0801c4ff89e96f658618d2ee7280e.pdf\">termo de Autoriza\u00e7\u00e3o de retirada por terceiros assinado<\/a>.<\/p>\n","protected":false},"excerpt":{"rendered":"<p>A entrega de kits da 53\u00aa Corrida de Reis de Bras\u00edlia superou as expectativas, bateu recorde e alcan\u00e7ou a marca de mais de 7 mil kits entregues em apenas um dia. O grande volume de atendimento foi marcado por um intenso movimento no per\u00edodo da manh\u00e3, quando a maioria dos atletas compareceu ao local para [&hellip;]<\/p>\n","protected":false},"author":21,"featured_media":380823,"comment_status":"closed","ping_status":"closed","sticky":false,"template":"","format":"standard","meta":{"_acf_changed":false,"footnotes":""},"categories":[161],"tags":[],"class_list":["post-380822","post","type-post","status-publish","format-standard","has-post-thumbnail","hentry","category-quadradinho-em-foco"],"acf":[],"yoast_head":"<!-- This site is optimized with the Yoast SEO plugin v27.2 - https:\/\/yoast.com\/product\/yoast-seo-wordpress\/ -->\n<title>Entrega de kits da Corrida de Reis bate recorde j\u00e1 no primeiro dia - Notibras<\/title>\n<meta name=\"robots\" content=\"index, follow, max-snippet:-1, max-image-preview:large, max-video-preview:-1\" \/>\n<link rel=\"canonical\" href=\"https:\/\/www.notibras.com\/site\/entrega-de-kits-da-corrida-de-reis-bate-recorde-ja-no-primeiro-dia\/\" \/>\n<meta property=\"og:locale\" content=\"pt_BR\" \/>\n<meta property=\"og:type\" content=\"article\" \/>\n<meta property=\"og:title\" content=\"Entrega de kits da Corrida de Reis bate recorde j\u00e1 no primeiro dia - Notibras\" \/>\n<meta property=\"og:description\" content=\"A entrega de kits da 53\u00aa Corrida de Reis de Bras\u00edlia superou as expectativas, bateu recorde e alcan\u00e7ou a marca de mais de 7 mil kits entregues em apenas um dia. O grande volume de atendimento foi marcado por um intenso movimento no per\u00edodo da manh\u00e3, quando a maioria dos atletas compareceu ao local para [&hellip;]\" \/>\n<meta property=\"og:url\" content=\"https:\/\/www.notibras.com\/site\/entrega-de-kits-da-corrida-de-reis-bate-recorde-ja-no-primeiro-dia\/\" \/>\n<meta property=\"og:site_name\" content=\"Notibras\" \/>\n<meta property=\"article:publisher\" content=\"https:\/\/www.facebook.com\/notibras\/\" \/>\n<meta property=\"article:published_time\" content=\"2026-01-28T03:15:52+00:00\" \/>\n<meta property=\"og:image\" content=\"https:\/\/www.notibras.com\/site\/wp-content\/uploads\/2026\/01\/71ed1c0e-39b5-4aa4-8296-8622872b4816.jpeg\" \/>\n\t<meta property=\"og:image:width\" content=\"2560\" \/>\n\t<meta property=\"og:image:height\" content=\"1706\" \/>\n\t<meta property=\"og:image:type\" content=\"image\/jpeg\" \/>\n<meta name=\"author\" content=\"Eduardo Mart\u00ednez\" \/>\n<meta name=\"twitter:card\" content=\"summary_large_image\" \/>\n<meta name=\"twitter:creator\" content=\"@Notibras\" \/>\n<meta name=\"twitter:site\" content=\"@Notibras\" \/>\n<meta name=\"twitter:label1\" content=\"Escrito por\" \/>\n\t<meta name=\"twitter:data1\" content=\"Eduardo Mart\u00ednez\" \/>\n\t<meta name=\"twitter:label2\" content=\"Est. tempo de leitura\" \/>\n\t<meta name=\"twitter:data2\" content=\"3 minutos\" \/>\n<script type=\"application\/ld+json\" class=\"yoast-schema-graph\">{\"@context\":\"https:\/\/schema.org\",\"@graph\":[{\"@type\":\"Article\",\"@id\":\"https:\/\/www.notibras.com\/site\/entrega-de-kits-da-corrida-de-reis-bate-recorde-ja-no-primeiro-dia\/#article\",\"isPartOf\":{\"@id\":\"https:\/\/www.notibras.com\/site\/entrega-de-kits-da-corrida-de-reis-bate-recorde-ja-no-primeiro-dia\/\"},\"author\":{\"name\":\"Eduardo Mart\u00ednez\",\"@id\":\"https:\/\/www.notibras.com\/site\/#\/schema\/person\/5b7fabf2aedc3ada2105f03b22b4d3dd\"},\"headline\":\"Entrega de kits da Corrida de Reis bate recorde j\u00e1 no primeiro dia\",\"datePublished\":\"2026-01-28T03:15:52+00:00\",\"mainEntityOfPage\":{\"@id\":\"https:\/\/www.notibras.com\/site\/entrega-de-kits-da-corrida-de-reis-bate-recorde-ja-no-primeiro-dia\/\"},\"wordCount\":364,\"publisher\":{\"@id\":\"https:\/\/www.notibras.com\/site\/#organization\"},\"image\":{\"@id\":\"https:\/\/www.notibras.com\/site\/entrega-de-kits-da-corrida-de-reis-bate-recorde-ja-no-primeiro-dia\/#primaryimage\"},\"thumbnailUrl\":\"https:\/\/www.notibras.com\/site\/wp-content\/uploads\/2026\/01\/71ed1c0e-39b5-4aa4-8296-8622872b4816.jpeg\",\"articleSection\":[\"Quadradinho em Foco\"],\"inLanguage\":\"pt-BR\"},{\"@type\":\"WebPage\",\"@id\":\"https:\/\/www.notibras.com\/site\/entrega-de-kits-da-corrida-de-reis-bate-recorde-ja-no-primeiro-dia\/\",\"url\":\"https:\/\/www.notibras.com\/site\/entrega-de-kits-da-corrida-de-reis-bate-recorde-ja-no-primeiro-dia\/\",\"name\":\"Entrega de kits da Corrida de Reis bate recorde j\u00e1 no primeiro dia - Notibras\",\"isPartOf\":{\"@id\":\"https:\/\/www.notibras.com\/site\/#website\"},\"primaryImageOfPage\":{\"@id\":\"https:\/\/www.notibras.com\/site\/entrega-de-kits-da-corrida-de-reis-bate-recorde-ja-no-primeiro-dia\/#primaryimage\"},\"image\":{\"@id\":\"https:\/\/www.notibras.com\/site\/entrega-de-kits-da-corrida-de-reis-bate-recorde-ja-no-primeiro-dia\/#primaryimage\"},\"thumbnailUrl\":\"https:\/\/www.notibras.com\/site\/wp-content\/uploads\/2026\/01\/71ed1c0e-39b5-4aa4-8296-8622872b4816.jpeg\",\"datePublished\":\"2026-01-28T03:15:52+00:00\",\"breadcrumb\":{\"@id\":\"https:\/\/www.notibras.com\/site\/entrega-de-kits-da-corrida-de-reis-bate-recorde-ja-no-primeiro-dia\/#breadcrumb\"},\"inLanguage\":\"pt-BR\",\"potentialAction\":[{\"@type\":\"ReadAction\",\"target\":[\"https:\/\/www.notibras.com\/site\/entrega-de-kits-da-corrida-de-reis-bate-recorde-ja-no-primeiro-dia\/\"]}]},{\"@type\":\"ImageObject\",\"inLanguage\":\"pt-BR\",\"@id\":\"https:\/\/www.notibras.com\/site\/entrega-de-kits-da-corrida-de-reis-bate-recorde-ja-no-primeiro-dia\/#primaryimage\",\"url\":\"https:\/\/www.notibras.com\/site\/wp-content\/uploads\/2026\/01\/71ed1c0e-39b5-4aa4-8296-8622872b4816.jpeg\",\"contentUrl\":\"https:\/\/www.notibras.com\/site\/wp-content\/uploads\/2026\/01\/71ed1c0e-39b5-4aa4-8296-8622872b4816.jpeg\",\"width\":2560,\"height\":1706},{\"@type\":\"BreadcrumbList\",\"@id\":\"https:\/\/www.notibras.com\/site\/entrega-de-kits-da-corrida-de-reis-bate-recorde-ja-no-primeiro-dia\/#breadcrumb\",\"itemListElement\":[{\"@type\":\"ListItem\",\"position\":1,\"name\":\"In\u00edcio\",\"item\":\"https:\/\/www.notibras.com\/site\/\"},{\"@type\":\"ListItem\",\"position\":2,\"name\":\"Entrega de kits da Corrida de Reis bate recorde j\u00e1 no primeiro dia\"}]},{\"@type\":\"WebSite\",\"@id\":\"https:\/\/www.notibras.com\/site\/#website\",\"url\":\"https:\/\/www.notibras.com\/site\/\",\"name\":\"Notibras\",\"description\":\"Not\u00edcias de Bras\u00edlia, do Brasil e do Mundo\",\"publisher\":{\"@id\":\"https:\/\/www.notibras.com\/site\/#organization\"},\"potentialAction\":[{\"@type\":\"SearchAction\",\"target\":{\"@type\":\"EntryPoint\",\"urlTemplate\":\"https:\/\/www.notibras.com\/site\/?s={search_term_string}\"},\"query-input\":{\"@type\":\"PropertyValueSpecification\",\"valueRequired\":true,\"valueName\":\"search_term_string\"}}],\"inLanguage\":\"pt-BR\"},{\"@type\":\"Organization\",\"@id\":\"https:\/\/www.notibras.com\/site\/#organization\",\"name\":\"Grupo Notibras de Comunica\u00e7\u00e3o\",\"url\":\"https:\/\/www.notibras.com\/site\/\",\"logo\":{\"@type\":\"ImageObject\",\"inLanguage\":\"pt-BR\",\"@id\":\"https:\/\/www.notibras.com\/site\/#\/schema\/logo\/image\/\",\"url\":\"https:\/\/www.notibras.com\/site\/wp-content\/uploads\/2023\/01\/notibras23.png\",\"contentUrl\":\"https:\/\/www.notibras.com\/site\/wp-content\/uploads\/2023\/01\/notibras23.png\",\"width\":350,\"height\":87,\"caption\":\"Grupo Notibras de Comunica\u00e7\u00e3o\"},\"image\":{\"@id\":\"https:\/\/www.notibras.com\/site\/#\/schema\/logo\/image\/\"},\"sameAs\":[\"https:\/\/www.facebook.com\/notibras\/\",\"https:\/\/x.com\/Notibras\",\"https:\/\/www.instagram.com\/notibras\/\"]},{\"@type\":\"Person\",\"@id\":\"https:\/\/www.notibras.com\/site\/#\/schema\/person\/5b7fabf2aedc3ada2105f03b22b4d3dd\",\"name\":\"Eduardo Mart\u00ednez\",\"image\":{\"@type\":\"ImageObject\",\"inLanguage\":\"pt-BR\",\"@id\":\"https:\/\/secure.gravatar.com\/avatar\/7902f906289926289cbcda644b5197c796b893c6ffd7b9a536a42d290f7704a0?s=96&d=mm&r=g\",\"url\":\"https:\/\/secure.gravatar.com\/avatar\/7902f906289926289cbcda644b5197c796b893c6ffd7b9a536a42d290f7704a0?s=96&d=mm&r=g\",\"contentUrl\":\"https:\/\/secure.gravatar.com\/avatar\/7902f906289926289cbcda644b5197c796b893c6ffd7b9a536a42d290f7704a0?s=96&d=mm&r=g\",\"caption\":\"Eduardo Mart\u00ednez\"}}]}<\/script>\n<!-- \/ Yoast SEO plugin. -->","yoast_head_json":{"title":"Entrega de kits da Corrida de Reis bate recorde j\u00e1 no primeiro dia - Notibras","robots":{"index":"index","follow":"follow","max-snippet":"max-snippet:-1","max-image-preview":"max-image-preview:large","max-video-preview":"max-video-preview:-1"},"canonical":"https:\/\/www.notibras.com\/site\/entrega-de-kits-da-corrida-de-reis-bate-recorde-ja-no-primeiro-dia\/","og_locale":"pt_BR","og_type":"article","og_title":"Entrega de kits da Corrida de Reis bate recorde j\u00e1 no primeiro dia - Notibras","og_description":"A entrega de kits da 53\u00aa Corrida de Reis de Bras\u00edlia superou as expectativas, bateu recorde e alcan\u00e7ou a marca de mais de 7 mil kits entregues em apenas um dia. O grande volume de atendimento foi marcado por um intenso movimento no per\u00edodo da manh\u00e3, quando a maioria dos atletas compareceu ao local para [&hellip;]","og_url":"https:\/\/www.notibras.com\/site\/entrega-de-kits-da-corrida-de-reis-bate-recorde-ja-no-primeiro-dia\/","og_site_name":"Notibras","article_publisher":"https:\/\/www.facebook.com\/notibras\/","article_published_time":"2026-01-28T03:15:52+00:00","og_image":[{"width":2560,"height":1706,"url":"https:\/\/www.notibras.com\/site\/wp-content\/uploads\/2026\/01\/71ed1c0e-39b5-4aa4-8296-8622872b4816.jpeg","type":"image\/jpeg"}],"author":"Eduardo Mart\u00ednez","twitter_card":"summary_large_image","twitter_creator":"@Notibras","twitter_site":"@Notibras","twitter_misc":{"Escrito por":"Eduardo Mart\u00ednez","Est. tempo de leitura":"3 minutos"},"schema":{"@context":"https:\/\/schema.org","@graph":[{"@type":"Article","@id":"https:\/\/www.notibras.com\/site\/entrega-de-kits-da-corrida-de-reis-bate-recorde-ja-no-primeiro-dia\/#article","isPartOf":{"@id":"https:\/\/www.notibras.com\/site\/entrega-de-kits-da-corrida-de-reis-bate-recorde-ja-no-primeiro-dia\/"},"author":{"name":"Eduardo Mart\u00ednez","@id":"https:\/\/www.notibras.com\/site\/#\/schema\/person\/5b7fabf2aedc3ada2105f03b22b4d3dd"},"headline":"Entrega de kits da Corrida de Reis bate recorde j\u00e1 no primeiro dia","datePublished":"2026-01-28T03:15:52+00:00","mainEntityOfPage":{"@id":"https:\/\/www.notibras.com\/site\/entrega-de-kits-da-corrida-de-reis-bate-recorde-ja-no-primeiro-dia\/"},"wordCount":364,"publisher":{"@id":"https:\/\/www.notibras.com\/site\/#organization"},"image":{"@id":"https:\/\/www.notibras.com\/site\/entrega-de-kits-da-corrida-de-reis-bate-recorde-ja-no-primeiro-dia\/#primaryimage"},"thumbnailUrl":"https:\/\/www.notibras.com\/site\/wp-content\/uploads\/2026\/01\/71ed1c0e-39b5-4aa4-8296-8622872b4816.jpeg","articleSection":["Quadradinho em Foco"],"inLanguage":"pt-BR"},{"@type":"WebPage","@id":"https:\/\/www.notibras.com\/site\/entrega-de-kits-da-corrida-de-reis-bate-recorde-ja-no-primeiro-dia\/","url":"https:\/\/www.notibras.com\/site\/entrega-de-kits-da-corrida-de-reis-bate-recorde-ja-no-primeiro-dia\/","name":"Entrega de kits da Corrida de Reis bate recorde j\u00e1 no primeiro dia - Notibras","isPartOf":{"@id":"https:\/\/www.notibras.com\/site\/#website"},"primaryImageOfPage":{"@id":"https:\/\/www.notibras.com\/site\/entrega-de-kits-da-corrida-de-reis-bate-recorde-ja-no-primeiro-dia\/#primaryimage"},"image":{"@id":"https:\/\/www.notibras.com\/site\/entrega-de-kits-da-corrida-de-reis-bate-recorde-ja-no-primeiro-dia\/#primaryimage"},"thumbnailUrl":"https:\/\/www.notibras.com\/site\/wp-content\/uploads\/2026\/01\/71ed1c0e-39b5-4aa4-8296-8622872b4816.jpeg","datePublished":"2026-01-28T03:15:52+00:00","breadcrumb":{"@id":"https:\/\/www.notibras.com\/site\/entrega-de-kits-da-corrida-de-reis-bate-recorde-ja-no-primeiro-dia\/#breadcrumb"},"inLanguage":"pt-BR","potentialAction":[{"@type":"ReadAction","target":["https:\/\/www.notibras.com\/site\/entrega-de-kits-da-corrida-de-reis-bate-recorde-ja-no-primeiro-dia\/"]}]},{"@type":"ImageObject","inLanguage":"pt-BR","@id":"https:\/\/www.notibras.com\/site\/entrega-de-kits-da-corrida-de-reis-bate-recorde-ja-no-primeiro-dia\/#primaryimage","url":"https:\/\/www.notibras.com\/site\/wp-content\/uploads\/2026\/01\/71ed1c0e-39b5-4aa4-8296-8622872b4816.jpeg","contentUrl":"https:\/\/www.notibras.com\/site\/wp-content\/uploads\/2026\/01\/71ed1c0e-39b5-4aa4-8296-8622872b4816.jpeg","width":2560,"height":1706},{"@type":"BreadcrumbList","@id":"https:\/\/www.notibras.com\/site\/entrega-de-kits-da-corrida-de-reis-bate-recorde-ja-no-primeiro-dia\/#breadcrumb","itemListElement":[{"@type":"ListItem","position":1,"name":"In\u00edcio","item":"https:\/\/www.notibras.com\/site\/"},{"@type":"ListItem","position":2,"name":"Entrega de kits da Corrida de Reis bate recorde j\u00e1 no primeiro dia"}]},{"@type":"WebSite","@id":"https:\/\/www.notibras.com\/site\/#website","url":"https:\/\/www.notibras.com\/site\/","name":"Notibras","description":"Not\u00edcias de Bras\u00edlia, do Brasil e do Mundo","publisher":{"@id":"https:\/\/www.notibras.com\/site\/#organization"},"potentialAction":[{"@type":"SearchAction","target":{"@type":"EntryPoint","urlTemplate":"https:\/\/www.notibras.com\/site\/?s={search_term_string}"},"query-input":{"@type":"PropertyValueSpecification","valueRequired":true,"valueName":"search_term_string"}}],"inLanguage":"pt-BR"},{"@type":"Organization","@id":"https:\/\/www.notibras.com\/site\/#organization","name":"Grupo Notibras de Comunica\u00e7\u00e3o","url":"https:\/\/www.notibras.com\/site\/","logo":{"@type":"ImageObject","inLanguage":"pt-BR","@id":"https:\/\/www.notibras.com\/site\/#\/schema\/logo\/image\/","url":"https:\/\/www.notibras.com\/site\/wp-content\/uploads\/2023\/01\/notibras23.png","contentUrl":"https:\/\/www.notibras.com\/site\/wp-content\/uploads\/2023\/01\/notibras23.png","width":350,"height":87,"caption":"Grupo Notibras de Comunica\u00e7\u00e3o"},"image":{"@id":"https:\/\/www.notibras.com\/site\/#\/schema\/logo\/image\/"},"sameAs":["https:\/\/www.facebook.com\/notibras\/","https:\/\/x.com\/Notibras","https:\/\/www.instagram.com\/notibras\/"]},{"@type":"Person","@id":"https:\/\/www.notibras.com\/site\/#\/schema\/person\/5b7fabf2aedc3ada2105f03b22b4d3dd","name":"Eduardo Mart\u00ednez","image":{"@type":"ImageObject","inLanguage":"pt-BR","@id":"https:\/\/secure.gravatar.com\/avatar\/7902f906289926289cbcda644b5197c796b893c6ffd7b9a536a42d290f7704a0?s=96&d=mm&r=g","url":"https:\/\/secure.gravatar.com\/avatar\/7902f906289926289cbcda644b5197c796b893c6ffd7b9a536a42d290f7704a0?s=96&d=mm&r=g","contentUrl":"https:\/\/secure.gravatar.com\/avatar\/7902f906289926289cbcda644b5197c796b893c6ffd7b9a536a42d290f7704a0?s=96&d=mm&r=g","caption":"Eduardo Mart\u00ednez"}}]}},"amp_enabled":true,"_links":{"self":[{"href":"https:\/\/www.notibras.com\/site\/wp-json\/wp\/v2\/posts\/380822","targetHints":{"allow":["GET"]}}],"collection":[{"href":"https:\/\/www.notibras.com\/site\/wp-json\/wp\/v2\/posts"}],"about":[{"href":"https:\/\/www.notibras.com\/site\/wp-json\/wp\/v2\/types\/post"}],"author":[{"embeddable":true,"href":"https:\/\/www.notibras.com\/site\/wp-json\/wp\/v2\/users\/21"}],"replies":[{"embeddable":true,"href":"https:\/\/www.notibras.com\/site\/wp-json\/wp\/v2\/comments?post=380822"}],"version-history":[{"count":4,"href":"https:\/\/www.notibras.com\/site\/wp-json\/wp\/v2\/posts\/380822\/revisions"}],"predecessor-version":[{"id":380827,"href":"https:\/\/www.notibras.com\/site\/wp-json\/wp\/v2\/posts\/380822\/revisions\/380827"}],"wp:featuredmedia":[{"embeddable":true,"href":"https:\/\/www.notibras.com\/site\/wp-json\/wp\/v2\/media\/380823"}],"wp:attachment":[{"href":"https:\/\/www.notibras.com\/site\/wp-json\/wp\/v2\/media?parent=380822"}],"wp:term":[{"taxonomy":"category","embeddable":true,"href":"https:\/\/www.notibras.com\/site\/wp-json\/wp\/v2\/categories?post=380822"},{"taxonomy":"post_tag","embeddable":true,"href":"https:\/\/www.notibras.com\/site\/wp-json\/wp\/v2\/tags?post=380822"}],"curies":[{"name":"wp","href":"https:\/\/api.w.org\/{rel}","templated":true}]}}