{"id":380828,"date":"2026-01-28T00:30:59","date_gmt":"2026-01-28T03:30:59","guid":{"rendered":"https:\/\/www.notibras.com\/site\/?p=380828"},"modified":"2026-01-27T23:05:11","modified_gmt":"2026-01-28T02:05:11","slug":"740-vagas-de-emprego-disponiveis-nesta-quarta-feira-28","status":"publish","type":"post","link":"https:\/\/www.notibras.com\/site\/740-vagas-de-emprego-disponiveis-nesta-quarta-feira-28\/","title":{"rendered":"740 vagas de emprego dispon\u00edveis nesta quarta-feira (28)"},"content":{"rendered":"<p>As ag\u00eancias do trabalhador do Distrito Federal est\u00e3o com <a href=\"https:\/\/www.agenciabrasilia.df.gov.br\/documents\/d\/guest\/vagas-abertas-01-2026-27-01-pdf\">740 oportunidades profissionais dispon\u00edveis<\/a> nesta quinta-feira (28). O maior sal\u00e1rio \u00e9 de R$ 2,8 mil, encontrado em uma vaga para pedreiro, no Guar\u00e1, e em uma para t\u00e9cnico em seguran\u00e7a do trabalho, no Cruzeiro. Tamb\u00e9m se destacam dez chances para a\u00e7ougueiro, tr\u00eas para serrador de m\u00e1rmore, duas para eletricista, uma para soldador e uma para marceneiro, que contam com rendimentos de mais de R$ 2,4 mil.<\/p>\n<p>Al\u00e9m disso, est\u00e3o abertas 104 postos para atendimento ao p\u00fablico em padarias, lanchonetes, cafeterias e lojas em geral. Destas, 20 s\u00e3o para est\u00e1gio, com oferta de R$ 653,72, e as demais oferecem sal\u00e1rios a partir de R$ 1.621. Na mesma faixa de remunera\u00e7\u00e3o, outro setor com demanda para novos funcion\u00e1rios \u00e9 o de estoque, com 119 oportunidades para repositor de mercadorias em \u00c1guas Claras, Sobradinho, Vicente Pires, Gama e sem ponto fixo de atua\u00e7\u00e3o.<\/p>\n<p>Todos os postos oferecem benef\u00edcios. Para participar dos processos seletivos, basta cadastrar o curr\u00edculo no aplicativo da Carteira de Trabalho Digital (CTPS) ou ir a uma das 16 ag\u00eancias do trabalhador, das 8h \u00e0s 17h, durante a semana. Mesmo que nenhuma das chances do dia seja atraente ao candidato, o cadastro vale para oportunidades futuras, j\u00e1 que o sistema cruza dados dos concorrentes com o perfil que as empresas procuram.<\/p>\n<p>Empregadores e empreendedores que desejem ofertar vagas ou utilizar o espa\u00e7o das <a href=\"https:\/\/sedet.df.gov.br\/agencias\">ag\u00eancias do trabalhador<\/a> para as entrevistas podem se cadastrar pessoalmente nas unidades ou pelo e-mail gcv@sedet.df.gov.br. Pode ser utilizado, ainda, o <a href=\"https:\/\/sedet.df.gov.br\/canal-do-empregador\">Canal do Empregador<\/a>, no site da Secretaria de Desenvolvimento Econ\u00f4mico, Trabalho e Renda (Sedet-DF).<\/p>\n","protected":false},"excerpt":{"rendered":"<p>As ag\u00eancias do trabalhador do Distrito Federal est\u00e3o com 740 oportunidades profissionais dispon\u00edveis nesta quinta-feira (28). O maior sal\u00e1rio \u00e9 de R$ 2,8 mil, encontrado em uma vaga para pedreiro, no Guar\u00e1, e em uma para t\u00e9cnico em seguran\u00e7a do trabalho, no Cruzeiro. Tamb\u00e9m se destacam dez chances para a\u00e7ougueiro, tr\u00eas para serrador de m\u00e1rmore, [&hellip;]<\/p>\n","protected":false},"author":21,"featured_media":380831,"comment_status":"closed","ping_status":"closed","sticky":false,"template":"","format":"standard","meta":{"_acf_changed":false,"footnotes":""},"categories":[161],"tags":[],"class_list":["post-380828","post","type-post","status-publish","format-standard","has-post-thumbnail","hentry","category-quadradinho-em-foco"],"acf":[],"yoast_head":"<!-- This site is optimized with the Yoast SEO plugin v27.2 - https:\/\/yoast.com\/product\/yoast-seo-wordpress\/ -->\n<title>740 vagas de emprego dispon\u00edveis nesta quarta-feira (28) - Notibras<\/title>\n<meta name=\"robots\" content=\"index, follow, max-snippet:-1, max-image-preview:large, max-video-preview:-1\" \/>\n<link rel=\"canonical\" href=\"https:\/\/www.notibras.com\/site\/740-vagas-de-emprego-disponiveis-nesta-quarta-feira-28\/\" \/>\n<meta property=\"og:locale\" content=\"pt_BR\" \/>\n<meta property=\"og:type\" content=\"article\" \/>\n<meta property=\"og:title\" content=\"740 vagas de emprego dispon\u00edveis nesta quarta-feira (28) - Notibras\" \/>\n<meta property=\"og:description\" content=\"As ag\u00eancias do trabalhador do Distrito Federal est\u00e3o com 740 oportunidades profissionais dispon\u00edveis nesta quinta-feira (28). O maior sal\u00e1rio \u00e9 de R$ 2,8 mil, encontrado em uma vaga para pedreiro, no Guar\u00e1, e em uma para t\u00e9cnico em seguran\u00e7a do trabalho, no Cruzeiro. Tamb\u00e9m se destacam dez chances para a\u00e7ougueiro, tr\u00eas para serrador de m\u00e1rmore, [&hellip;]\" \/>\n<meta property=\"og:url\" content=\"https:\/\/www.notibras.com\/site\/740-vagas-de-emprego-disponiveis-nesta-quarta-feira-28\/\" \/>\n<meta property=\"og:site_name\" content=\"Notibras\" \/>\n<meta property=\"article:publisher\" content=\"https:\/\/www.facebook.com\/notibras\/\" \/>\n<meta property=\"article:published_time\" content=\"2026-01-28T03:30:59+00:00\" \/>\n<meta property=\"og:image\" content=\"https:\/\/www.notibras.com\/site\/wp-content\/uploads\/2026\/01\/Arquivo-Agencia-Brasilia-84-1.jpg\" \/>\n\t<meta property=\"og:image:width\" content=\"1181\" \/>\n\t<meta property=\"og:image:height\" content=\"787\" \/>\n\t<meta property=\"og:image:type\" content=\"image\/jpeg\" \/>\n<meta name=\"author\" content=\"Eduardo Mart\u00ednez\" \/>\n<meta name=\"twitter:card\" content=\"summary_large_image\" \/>\n<meta name=\"twitter:creator\" content=\"@Notibras\" \/>\n<meta name=\"twitter:site\" content=\"@Notibras\" \/>\n<meta name=\"twitter:label1\" content=\"Escrito por\" \/>\n\t<meta name=\"twitter:data1\" content=\"Eduardo Mart\u00ednez\" \/>\n\t<meta name=\"twitter:label2\" content=\"Est. tempo de leitura\" \/>\n\t<meta name=\"twitter:data2\" content=\"2 minutos\" \/>\n<script type=\"application\/ld+json\" class=\"yoast-schema-graph\">{\"@context\":\"https:\/\/schema.org\",\"@graph\":[{\"@type\":\"Article\",\"@id\":\"https:\/\/www.notibras.com\/site\/740-vagas-de-emprego-disponiveis-nesta-quarta-feira-28\/#article\",\"isPartOf\":{\"@id\":\"https:\/\/www.notibras.com\/site\/740-vagas-de-emprego-disponiveis-nesta-quarta-feira-28\/\"},\"author\":{\"name\":\"Eduardo Mart\u00ednez\",\"@id\":\"https:\/\/www.notibras.com\/site\/#\/schema\/person\/5b7fabf2aedc3ada2105f03b22b4d3dd\"},\"headline\":\"740 vagas de emprego dispon\u00edveis nesta quarta-feira (28)\",\"datePublished\":\"2026-01-28T03:30:59+00:00\",\"mainEntityOfPage\":{\"@id\":\"https:\/\/www.notibras.com\/site\/740-vagas-de-emprego-disponiveis-nesta-quarta-feira-28\/\"},\"wordCount\":290,\"publisher\":{\"@id\":\"https:\/\/www.notibras.com\/site\/#organization\"},\"image\":{\"@id\":\"https:\/\/www.notibras.com\/site\/740-vagas-de-emprego-disponiveis-nesta-quarta-feira-28\/#primaryimage\"},\"thumbnailUrl\":\"https:\/\/www.notibras.com\/site\/wp-content\/uploads\/2026\/01\/Arquivo-Agencia-Brasilia-84-1.jpg\",\"articleSection\":[\"Quadradinho em Foco\"],\"inLanguage\":\"pt-BR\"},{\"@type\":\"WebPage\",\"@id\":\"https:\/\/www.notibras.com\/site\/740-vagas-de-emprego-disponiveis-nesta-quarta-feira-28\/\",\"url\":\"https:\/\/www.notibras.com\/site\/740-vagas-de-emprego-disponiveis-nesta-quarta-feira-28\/\",\"name\":\"740 vagas de emprego dispon\u00edveis nesta quarta-feira (28) - Notibras\",\"isPartOf\":{\"@id\":\"https:\/\/www.notibras.com\/site\/#website\"},\"primaryImageOfPage\":{\"@id\":\"https:\/\/www.notibras.com\/site\/740-vagas-de-emprego-disponiveis-nesta-quarta-feira-28\/#primaryimage\"},\"image\":{\"@id\":\"https:\/\/www.notibras.com\/site\/740-vagas-de-emprego-disponiveis-nesta-quarta-feira-28\/#primaryimage\"},\"thumbnailUrl\":\"https:\/\/www.notibras.com\/site\/wp-content\/uploads\/2026\/01\/Arquivo-Agencia-Brasilia-84-1.jpg\",\"datePublished\":\"2026-01-28T03:30:59+00:00\",\"breadcrumb\":{\"@id\":\"https:\/\/www.notibras.com\/site\/740-vagas-de-emprego-disponiveis-nesta-quarta-feira-28\/#breadcrumb\"},\"inLanguage\":\"pt-BR\",\"potentialAction\":[{\"@type\":\"ReadAction\",\"target\":[\"https:\/\/www.notibras.com\/site\/740-vagas-de-emprego-disponiveis-nesta-quarta-feira-28\/\"]}]},{\"@type\":\"ImageObject\",\"inLanguage\":\"pt-BR\",\"@id\":\"https:\/\/www.notibras.com\/site\/740-vagas-de-emprego-disponiveis-nesta-quarta-feira-28\/#primaryimage\",\"url\":\"https:\/\/www.notibras.com\/site\/wp-content\/uploads\/2026\/01\/Arquivo-Agencia-Brasilia-84-1.jpg\",\"contentUrl\":\"https:\/\/www.notibras.com\/site\/wp-content\/uploads\/2026\/01\/Arquivo-Agencia-Brasilia-84-1.jpg\",\"width\":1181,\"height\":787},{\"@type\":\"BreadcrumbList\",\"@id\":\"https:\/\/www.notibras.com\/site\/740-vagas-de-emprego-disponiveis-nesta-quarta-feira-28\/#breadcrumb\",\"itemListElement\":[{\"@type\":\"ListItem\",\"position\":1,\"name\":\"In\u00edcio\",\"item\":\"https:\/\/www.notibras.com\/site\/\"},{\"@type\":\"ListItem\",\"position\":2,\"name\":\"740 vagas de emprego dispon\u00edveis nesta quarta-feira (28)\"}]},{\"@type\":\"WebSite\",\"@id\":\"https:\/\/www.notibras.com\/site\/#website\",\"url\":\"https:\/\/www.notibras.com\/site\/\",\"name\":\"Notibras\",\"description\":\"Not\u00edcias de Bras\u00edlia, do Brasil e do Mundo\",\"publisher\":{\"@id\":\"https:\/\/www.notibras.com\/site\/#organization\"},\"potentialAction\":[{\"@type\":\"SearchAction\",\"target\":{\"@type\":\"EntryPoint\",\"urlTemplate\":\"https:\/\/www.notibras.com\/site\/?s={search_term_string}\"},\"query-input\":{\"@type\":\"PropertyValueSpecification\",\"valueRequired\":true,\"valueName\":\"search_term_string\"}}],\"inLanguage\":\"pt-BR\"},{\"@type\":\"Organization\",\"@id\":\"https:\/\/www.notibras.com\/site\/#organization\",\"name\":\"Grupo Notibras de Comunica\u00e7\u00e3o\",\"url\":\"https:\/\/www.notibras.com\/site\/\",\"logo\":{\"@type\":\"ImageObject\",\"inLanguage\":\"pt-BR\",\"@id\":\"https:\/\/www.notibras.com\/site\/#\/schema\/logo\/image\/\",\"url\":\"https:\/\/www.notibras.com\/site\/wp-content\/uploads\/2023\/01\/notibras23.png\",\"contentUrl\":\"https:\/\/www.notibras.com\/site\/wp-content\/uploads\/2023\/01\/notibras23.png\",\"width\":350,\"height\":87,\"caption\":\"Grupo Notibras de Comunica\u00e7\u00e3o\"},\"image\":{\"@id\":\"https:\/\/www.notibras.com\/site\/#\/schema\/logo\/image\/\"},\"sameAs\":[\"https:\/\/www.facebook.com\/notibras\/\",\"https:\/\/x.com\/Notibras\",\"https:\/\/www.instagram.com\/notibras\/\"]},{\"@type\":\"Person\",\"@id\":\"https:\/\/www.notibras.com\/site\/#\/schema\/person\/5b7fabf2aedc3ada2105f03b22b4d3dd\",\"name\":\"Eduardo Mart\u00ednez\",\"image\":{\"@type\":\"ImageObject\",\"inLanguage\":\"pt-BR\",\"@id\":\"https:\/\/secure.gravatar.com\/avatar\/7902f906289926289cbcda644b5197c796b893c6ffd7b9a536a42d290f7704a0?s=96&d=mm&r=g\",\"url\":\"https:\/\/secure.gravatar.com\/avatar\/7902f906289926289cbcda644b5197c796b893c6ffd7b9a536a42d290f7704a0?s=96&d=mm&r=g\",\"contentUrl\":\"https:\/\/secure.gravatar.com\/avatar\/7902f906289926289cbcda644b5197c796b893c6ffd7b9a536a42d290f7704a0?s=96&d=mm&r=g\",\"caption\":\"Eduardo Mart\u00ednez\"}}]}<\/script>\n<!-- \/ Yoast SEO plugin. -->","yoast_head_json":{"title":"740 vagas de emprego dispon\u00edveis nesta quarta-feira (28) - Notibras","robots":{"index":"index","follow":"follow","max-snippet":"max-snippet:-1","max-image-preview":"max-image-preview:large","max-video-preview":"max-video-preview:-1"},"canonical":"https:\/\/www.notibras.com\/site\/740-vagas-de-emprego-disponiveis-nesta-quarta-feira-28\/","og_locale":"pt_BR","og_type":"article","og_title":"740 vagas de emprego dispon\u00edveis nesta quarta-feira (28) - Notibras","og_description":"As ag\u00eancias do trabalhador do Distrito Federal est\u00e3o com 740 oportunidades profissionais dispon\u00edveis nesta quinta-feira (28). O maior sal\u00e1rio \u00e9 de R$ 2,8 mil, encontrado em uma vaga para pedreiro, no Guar\u00e1, e em uma para t\u00e9cnico em seguran\u00e7a do trabalho, no Cruzeiro. Tamb\u00e9m se destacam dez chances para a\u00e7ougueiro, tr\u00eas para serrador de m\u00e1rmore, [&hellip;]","og_url":"https:\/\/www.notibras.com\/site\/740-vagas-de-emprego-disponiveis-nesta-quarta-feira-28\/","og_site_name":"Notibras","article_publisher":"https:\/\/www.facebook.com\/notibras\/","article_published_time":"2026-01-28T03:30:59+00:00","og_image":[{"width":1181,"height":787,"url":"https:\/\/www.notibras.com\/site\/wp-content\/uploads\/2026\/01\/Arquivo-Agencia-Brasilia-84-1.jpg","type":"image\/jpeg"}],"author":"Eduardo Mart\u00ednez","twitter_card":"summary_large_image","twitter_creator":"@Notibras","twitter_site":"@Notibras","twitter_misc":{"Escrito por":"Eduardo Mart\u00ednez","Est. tempo de leitura":"2 minutos"},"schema":{"@context":"https:\/\/schema.org","@graph":[{"@type":"Article","@id":"https:\/\/www.notibras.com\/site\/740-vagas-de-emprego-disponiveis-nesta-quarta-feira-28\/#article","isPartOf":{"@id":"https:\/\/www.notibras.com\/site\/740-vagas-de-emprego-disponiveis-nesta-quarta-feira-28\/"},"author":{"name":"Eduardo Mart\u00ednez","@id":"https:\/\/www.notibras.com\/site\/#\/schema\/person\/5b7fabf2aedc3ada2105f03b22b4d3dd"},"headline":"740 vagas de emprego dispon\u00edveis nesta quarta-feira (28)","datePublished":"2026-01-28T03:30:59+00:00","mainEntityOfPage":{"@id":"https:\/\/www.notibras.com\/site\/740-vagas-de-emprego-disponiveis-nesta-quarta-feira-28\/"},"wordCount":290,"publisher":{"@id":"https:\/\/www.notibras.com\/site\/#organization"},"image":{"@id":"https:\/\/www.notibras.com\/site\/740-vagas-de-emprego-disponiveis-nesta-quarta-feira-28\/#primaryimage"},"thumbnailUrl":"https:\/\/www.notibras.com\/site\/wp-content\/uploads\/2026\/01\/Arquivo-Agencia-Brasilia-84-1.jpg","articleSection":["Quadradinho em Foco"],"inLanguage":"pt-BR"},{"@type":"WebPage","@id":"https:\/\/www.notibras.com\/site\/740-vagas-de-emprego-disponiveis-nesta-quarta-feira-28\/","url":"https:\/\/www.notibras.com\/site\/740-vagas-de-emprego-disponiveis-nesta-quarta-feira-28\/","name":"740 vagas de emprego dispon\u00edveis nesta quarta-feira (28) - Notibras","isPartOf":{"@id":"https:\/\/www.notibras.com\/site\/#website"},"primaryImageOfPage":{"@id":"https:\/\/www.notibras.com\/site\/740-vagas-de-emprego-disponiveis-nesta-quarta-feira-28\/#primaryimage"},"image":{"@id":"https:\/\/www.notibras.com\/site\/740-vagas-de-emprego-disponiveis-nesta-quarta-feira-28\/#primaryimage"},"thumbnailUrl":"https:\/\/www.notibras.com\/site\/wp-content\/uploads\/2026\/01\/Arquivo-Agencia-Brasilia-84-1.jpg","datePublished":"2026-01-28T03:30:59+00:00","breadcrumb":{"@id":"https:\/\/www.notibras.com\/site\/740-vagas-de-emprego-disponiveis-nesta-quarta-feira-28\/#breadcrumb"},"inLanguage":"pt-BR","potentialAction":[{"@type":"ReadAction","target":["https:\/\/www.notibras.com\/site\/740-vagas-de-emprego-disponiveis-nesta-quarta-feira-28\/"]}]},{"@type":"ImageObject","inLanguage":"pt-BR","@id":"https:\/\/www.notibras.com\/site\/740-vagas-de-emprego-disponiveis-nesta-quarta-feira-28\/#primaryimage","url":"https:\/\/www.notibras.com\/site\/wp-content\/uploads\/2026\/01\/Arquivo-Agencia-Brasilia-84-1.jpg","contentUrl":"https:\/\/www.notibras.com\/site\/wp-content\/uploads\/2026\/01\/Arquivo-Agencia-Brasilia-84-1.jpg","width":1181,"height":787},{"@type":"BreadcrumbList","@id":"https:\/\/www.notibras.com\/site\/740-vagas-de-emprego-disponiveis-nesta-quarta-feira-28\/#breadcrumb","itemListElement":[{"@type":"ListItem","position":1,"name":"In\u00edcio","item":"https:\/\/www.notibras.com\/site\/"},{"@type":"ListItem","position":2,"name":"740 vagas de emprego dispon\u00edveis nesta quarta-feira (28)"}]},{"@type":"WebSite","@id":"https:\/\/www.notibras.com\/site\/#website","url":"https:\/\/www.notibras.com\/site\/","name":"Notibras","description":"Not\u00edcias de Bras\u00edlia, do Brasil e do Mundo","publisher":{"@id":"https:\/\/www.notibras.com\/site\/#organization"},"potentialAction":[{"@type":"SearchAction","target":{"@type":"EntryPoint","urlTemplate":"https:\/\/www.notibras.com\/site\/?s={search_term_string}"},"query-input":{"@type":"PropertyValueSpecification","valueRequired":true,"valueName":"search_term_string"}}],"inLanguage":"pt-BR"},{"@type":"Organization","@id":"https:\/\/www.notibras.com\/site\/#organization","name":"Grupo Notibras de Comunica\u00e7\u00e3o","url":"https:\/\/www.notibras.com\/site\/","logo":{"@type":"ImageObject","inLanguage":"pt-BR","@id":"https:\/\/www.notibras.com\/site\/#\/schema\/logo\/image\/","url":"https:\/\/www.notibras.com\/site\/wp-content\/uploads\/2023\/01\/notibras23.png","contentUrl":"https:\/\/www.notibras.com\/site\/wp-content\/uploads\/2023\/01\/notibras23.png","width":350,"height":87,"caption":"Grupo Notibras de Comunica\u00e7\u00e3o"},"image":{"@id":"https:\/\/www.notibras.com\/site\/#\/schema\/logo\/image\/"},"sameAs":["https:\/\/www.facebook.com\/notibras\/","https:\/\/x.com\/Notibras","https:\/\/www.instagram.com\/notibras\/"]},{"@type":"Person","@id":"https:\/\/www.notibras.com\/site\/#\/schema\/person\/5b7fabf2aedc3ada2105f03b22b4d3dd","name":"Eduardo Mart\u00ednez","image":{"@type":"ImageObject","inLanguage":"pt-BR","@id":"https:\/\/secure.gravatar.com\/avatar\/7902f906289926289cbcda644b5197c796b893c6ffd7b9a536a42d290f7704a0?s=96&d=mm&r=g","url":"https:\/\/secure.gravatar.com\/avatar\/7902f906289926289cbcda644b5197c796b893c6ffd7b9a536a42d290f7704a0?s=96&d=mm&r=g","contentUrl":"https:\/\/secure.gravatar.com\/avatar\/7902f906289926289cbcda644b5197c796b893c6ffd7b9a536a42d290f7704a0?s=96&d=mm&r=g","caption":"Eduardo Mart\u00ednez"}}]}},"amp_enabled":true,"_links":{"self":[{"href":"https:\/\/www.notibras.com\/site\/wp-json\/wp\/v2\/posts\/380828","targetHints":{"allow":["GET"]}}],"collection":[{"href":"https:\/\/www.notibras.com\/site\/wp-json\/wp\/v2\/posts"}],"about":[{"href":"https:\/\/www.notibras.com\/site\/wp-json\/wp\/v2\/types\/post"}],"author":[{"embeddable":true,"href":"https:\/\/www.notibras.com\/site\/wp-json\/wp\/v2\/users\/21"}],"replies":[{"embeddable":true,"href":"https:\/\/www.notibras.com\/site\/wp-json\/wp\/v2\/comments?post=380828"}],"version-history":[{"count":4,"href":"https:\/\/www.notibras.com\/site\/wp-json\/wp\/v2\/posts\/380828\/revisions"}],"predecessor-version":[{"id":380833,"href":"https:\/\/www.notibras.com\/site\/wp-json\/wp\/v2\/posts\/380828\/revisions\/380833"}],"wp:featuredmedia":[{"embeddable":true,"href":"https:\/\/www.notibras.com\/site\/wp-json\/wp\/v2\/media\/380831"}],"wp:attachment":[{"href":"https:\/\/www.notibras.com\/site\/wp-json\/wp\/v2\/media?parent=380828"}],"wp:term":[{"taxonomy":"category","embeddable":true,"href":"https:\/\/www.notibras.com\/site\/wp-json\/wp\/v2\/categories?post=380828"},{"taxonomy":"post_tag","embeddable":true,"href":"https:\/\/www.notibras.com\/site\/wp-json\/wp\/v2\/tags?post=380828"}],"curies":[{"name":"wp","href":"https:\/\/api.w.org\/{rel}","templated":true}]}}