{"id":380834,"date":"2026-01-28T00:45:53","date_gmt":"2026-01-28T03:45:53","guid":{"rendered":"https:\/\/www.notibras.com\/site\/?p=380834"},"modified":"2026-01-28T00:02:05","modified_gmt":"2026-01-28T03:02:05","slug":"novos-membros-do-conselho-distrital-de-promocao-da-igualdade-racial","status":"publish","type":"post","link":"https:\/\/www.notibras.com\/site\/novos-membros-do-conselho-distrital-de-promocao-da-igualdade-racial\/","title":{"rendered":"Novos membros do Conselho Distrital de Promo\u00e7\u00e3o da Igualdade Racial"},"content":{"rendered":"<p>A Secretaria de Justi\u00e7a e Cidadania do Distrito Federal (Sejus-DF) realizou, na tarde desta ter\u00e7a-feira (27), no Sal\u00e3o Nobre do Pal\u00e1cio do Buriti, a cerim\u00f4nia de posse dos 42 membros do Conselho Distrital de Promo\u00e7\u00e3o da Igualdade Racial (Codipir) para o bi\u00eanio 2025\/2027, com representantes do poder p\u00fablico e da sociedade civil. O \u00f3rg\u00e3o \u00e9 consultivo e deliberativo e atua na formula\u00e7\u00e3o, acompanhamento e monitoramento de pol\u00edticas p\u00fablicas voltadas ao combate ao racismo, \u00e0 promo\u00e7\u00e3o da igualdade racial e \u00e0 garantia de direitos da popula\u00e7\u00e3o negra no Distrito Federal.<\/p>\n<p>Durante a solenidade, o subsecret\u00e1rio de Direitos Humanos e Igualdade Racial da Sejus-DF, Juvenal Ara\u00fajo, destacou o papel estrat\u00e9gico do conselho na constru\u00e7\u00e3o de pol\u00edticas p\u00fablicas permanentes e efetivas. \u201cO Codipir \u00e9 um espa\u00e7o fundamental de di\u00e1logo entre o poder p\u00fablico e a sociedade civil, onde demandas se transformam em propostas concretas para promover justi\u00e7a social e combater o racismo estrutural\u201d, afirmou.<\/p>\n<p>Empossado como conselheiro titular e presidente do Codipir nesta gest\u00e3o, Diego Moreno destacou a import\u00e2ncia de ampliar a presen\u00e7a do conselho nos territ\u00f3rios, fortalecer a participa\u00e7\u00e3o da sociedade civil e garantir que o Codipir seja um espa\u00e7o acess\u00edvel e de acolhimento \u00e0s v\u00edtimas de racismo. \u201cQueremos um conselho mais pr\u00f3ximo da popula\u00e7\u00e3o, atuante e comprometido em acompanhar a execu\u00e7\u00e3o das pol\u00edticas p\u00fablicas e fortalecer as a\u00e7\u00f5es afirmativas no Distrito Federal\u201d, ressaltou.<\/p>\n<p><strong>Compromisso da sociedade civil<\/strong><\/p>\n<p>Representando as entidades da sociedade civil, a conselheira titular Anaildes Gomes da Hora (M\u00e3e Ana), da entidade Il\u00e8 \u00c0s\u00e8 \u00d3m\u00ec L\u00e1y\u00f2, refor\u00e7ou a import\u00e2ncia de uma atua\u00e7\u00e3o efetiva e respons\u00e1vel do colegiado. \u201cO Codipir precisa ser um conselho vivo, presente e comprometido, com participa\u00e7\u00e3o ativa dos conselheiros para que as decis\u00f5es avancem e a pauta da igualdade racial seja fortalecida\u201d, afirmou.<\/p>\n<p>O Codipir seguir\u00e1 atuando como inst\u00e2ncia fundamental de participa\u00e7\u00e3o social e controle democr\u00e1tico, contribuindo para a constru\u00e7\u00e3o de um Distrito Federal mais justo, inclusivo e livre de discrimina\u00e7\u00f5es raciais.<\/p>\n","protected":false},"excerpt":{"rendered":"<p>A Secretaria de Justi\u00e7a e Cidadania do Distrito Federal (Sejus-DF) realizou, na tarde desta ter\u00e7a-feira (27), no Sal\u00e3o Nobre do Pal\u00e1cio do Buriti, a cerim\u00f4nia de posse dos 42 membros do Conselho Distrital de Promo\u00e7\u00e3o da Igualdade Racial (Codipir) para o bi\u00eanio 2025\/2027, com representantes do poder p\u00fablico e da sociedade civil. O \u00f3rg\u00e3o \u00e9 [&hellip;]<\/p>\n","protected":false},"author":21,"featured_media":380835,"comment_status":"closed","ping_status":"closed","sticky":false,"template":"","format":"standard","meta":{"_acf_changed":false,"footnotes":""},"categories":[161],"tags":[],"class_list":["post-380834","post","type-post","status-publish","format-standard","has-post-thumbnail","hentry","category-quadradinho-em-foco"],"acf":[],"yoast_head":"<!-- This site is optimized with the Yoast SEO plugin v27.2 - https:\/\/yoast.com\/product\/yoast-seo-wordpress\/ -->\n<title>Novos membros do Conselho Distrital de Promo\u00e7\u00e3o da Igualdade Racial - Notibras<\/title>\n<meta name=\"robots\" content=\"index, follow, max-snippet:-1, max-image-preview:large, max-video-preview:-1\" \/>\n<link rel=\"canonical\" href=\"https:\/\/www.notibras.com\/site\/novos-membros-do-conselho-distrital-de-promocao-da-igualdade-racial\/\" \/>\n<meta property=\"og:locale\" content=\"pt_BR\" \/>\n<meta property=\"og:type\" content=\"article\" \/>\n<meta property=\"og:title\" content=\"Novos membros do Conselho Distrital de Promo\u00e7\u00e3o da Igualdade Racial - Notibras\" \/>\n<meta property=\"og:description\" content=\"A Secretaria de Justi\u00e7a e Cidadania do Distrito Federal (Sejus-DF) realizou, na tarde desta ter\u00e7a-feira (27), no Sal\u00e3o Nobre do Pal\u00e1cio do Buriti, a cerim\u00f4nia de posse dos 42 membros do Conselho Distrital de Promo\u00e7\u00e3o da Igualdade Racial (Codipir) para o bi\u00eanio 2025\/2027, com representantes do poder p\u00fablico e da sociedade civil. O \u00f3rg\u00e3o \u00e9 [&hellip;]\" \/>\n<meta property=\"og:url\" content=\"https:\/\/www.notibras.com\/site\/novos-membros-do-conselho-distrital-de-promocao-da-igualdade-racial\/\" \/>\n<meta property=\"og:site_name\" content=\"Notibras\" \/>\n<meta property=\"article:publisher\" content=\"https:\/\/www.facebook.com\/notibras\/\" \/>\n<meta property=\"article:published_time\" content=\"2026-01-28T03:45:53+00:00\" \/>\n<meta property=\"og:image\" content=\"https:\/\/www.notibras.com\/site\/wp-content\/uploads\/2026\/01\/WhatsApp-Image-2026-01-27-at-17.19.29.jpeg\" \/>\n\t<meta property=\"og:image:width\" content=\"1280\" \/>\n\t<meta property=\"og:image:height\" content=\"854\" \/>\n\t<meta property=\"og:image:type\" content=\"image\/jpeg\" \/>\n<meta name=\"author\" content=\"Eduardo Mart\u00ednez\" \/>\n<meta name=\"twitter:card\" content=\"summary_large_image\" \/>\n<meta name=\"twitter:creator\" content=\"@Notibras\" \/>\n<meta name=\"twitter:site\" content=\"@Notibras\" \/>\n<meta name=\"twitter:label1\" content=\"Escrito por\" \/>\n\t<meta name=\"twitter:data1\" content=\"Eduardo Mart\u00ednez\" \/>\n\t<meta name=\"twitter:label2\" content=\"Est. tempo de leitura\" \/>\n\t<meta name=\"twitter:data2\" content=\"2 minutos\" \/>\n<script type=\"application\/ld+json\" class=\"yoast-schema-graph\">{\"@context\":\"https:\/\/schema.org\",\"@graph\":[{\"@type\":\"Article\",\"@id\":\"https:\/\/www.notibras.com\/site\/novos-membros-do-conselho-distrital-de-promocao-da-igualdade-racial\/#article\",\"isPartOf\":{\"@id\":\"https:\/\/www.notibras.com\/site\/novos-membros-do-conselho-distrital-de-promocao-da-igualdade-racial\/\"},\"author\":{\"name\":\"Eduardo Mart\u00ednez\",\"@id\":\"https:\/\/www.notibras.com\/site\/#\/schema\/person\/5b7fabf2aedc3ada2105f03b22b4d3dd\"},\"headline\":\"Novos membros do Conselho Distrital de Promo\u00e7\u00e3o da Igualdade Racial\",\"datePublished\":\"2026-01-28T03:45:53+00:00\",\"mainEntityOfPage\":{\"@id\":\"https:\/\/www.notibras.com\/site\/novos-membros-do-conselho-distrital-de-promocao-da-igualdade-racial\/\"},\"wordCount\":371,\"publisher\":{\"@id\":\"https:\/\/www.notibras.com\/site\/#organization\"},\"image\":{\"@id\":\"https:\/\/www.notibras.com\/site\/novos-membros-do-conselho-distrital-de-promocao-da-igualdade-racial\/#primaryimage\"},\"thumbnailUrl\":\"https:\/\/www.notibras.com\/site\/wp-content\/uploads\/2026\/01\/WhatsApp-Image-2026-01-27-at-17.19.29.jpeg\",\"articleSection\":[\"Quadradinho em Foco\"],\"inLanguage\":\"pt-BR\"},{\"@type\":\"WebPage\",\"@id\":\"https:\/\/www.notibras.com\/site\/novos-membros-do-conselho-distrital-de-promocao-da-igualdade-racial\/\",\"url\":\"https:\/\/www.notibras.com\/site\/novos-membros-do-conselho-distrital-de-promocao-da-igualdade-racial\/\",\"name\":\"Novos membros do Conselho Distrital de Promo\u00e7\u00e3o da Igualdade Racial - Notibras\",\"isPartOf\":{\"@id\":\"https:\/\/www.notibras.com\/site\/#website\"},\"primaryImageOfPage\":{\"@id\":\"https:\/\/www.notibras.com\/site\/novos-membros-do-conselho-distrital-de-promocao-da-igualdade-racial\/#primaryimage\"},\"image\":{\"@id\":\"https:\/\/www.notibras.com\/site\/novos-membros-do-conselho-distrital-de-promocao-da-igualdade-racial\/#primaryimage\"},\"thumbnailUrl\":\"https:\/\/www.notibras.com\/site\/wp-content\/uploads\/2026\/01\/WhatsApp-Image-2026-01-27-at-17.19.29.jpeg\",\"datePublished\":\"2026-01-28T03:45:53+00:00\",\"breadcrumb\":{\"@id\":\"https:\/\/www.notibras.com\/site\/novos-membros-do-conselho-distrital-de-promocao-da-igualdade-racial\/#breadcrumb\"},\"inLanguage\":\"pt-BR\",\"potentialAction\":[{\"@type\":\"ReadAction\",\"target\":[\"https:\/\/www.notibras.com\/site\/novos-membros-do-conselho-distrital-de-promocao-da-igualdade-racial\/\"]}]},{\"@type\":\"ImageObject\",\"inLanguage\":\"pt-BR\",\"@id\":\"https:\/\/www.notibras.com\/site\/novos-membros-do-conselho-distrital-de-promocao-da-igualdade-racial\/#primaryimage\",\"url\":\"https:\/\/www.notibras.com\/site\/wp-content\/uploads\/2026\/01\/WhatsApp-Image-2026-01-27-at-17.19.29.jpeg\",\"contentUrl\":\"https:\/\/www.notibras.com\/site\/wp-content\/uploads\/2026\/01\/WhatsApp-Image-2026-01-27-at-17.19.29.jpeg\",\"width\":1280,\"height\":854},{\"@type\":\"BreadcrumbList\",\"@id\":\"https:\/\/www.notibras.com\/site\/novos-membros-do-conselho-distrital-de-promocao-da-igualdade-racial\/#breadcrumb\",\"itemListElement\":[{\"@type\":\"ListItem\",\"position\":1,\"name\":\"In\u00edcio\",\"item\":\"https:\/\/www.notibras.com\/site\/\"},{\"@type\":\"ListItem\",\"position\":2,\"name\":\"Novos membros do Conselho Distrital de Promo\u00e7\u00e3o da Igualdade Racial\"}]},{\"@type\":\"WebSite\",\"@id\":\"https:\/\/www.notibras.com\/site\/#website\",\"url\":\"https:\/\/www.notibras.com\/site\/\",\"name\":\"Notibras\",\"description\":\"Not\u00edcias de Bras\u00edlia, do Brasil e do Mundo\",\"publisher\":{\"@id\":\"https:\/\/www.notibras.com\/site\/#organization\"},\"potentialAction\":[{\"@type\":\"SearchAction\",\"target\":{\"@type\":\"EntryPoint\",\"urlTemplate\":\"https:\/\/www.notibras.com\/site\/?s={search_term_string}\"},\"query-input\":{\"@type\":\"PropertyValueSpecification\",\"valueRequired\":true,\"valueName\":\"search_term_string\"}}],\"inLanguage\":\"pt-BR\"},{\"@type\":\"Organization\",\"@id\":\"https:\/\/www.notibras.com\/site\/#organization\",\"name\":\"Grupo Notibras de Comunica\u00e7\u00e3o\",\"url\":\"https:\/\/www.notibras.com\/site\/\",\"logo\":{\"@type\":\"ImageObject\",\"inLanguage\":\"pt-BR\",\"@id\":\"https:\/\/www.notibras.com\/site\/#\/schema\/logo\/image\/\",\"url\":\"https:\/\/www.notibras.com\/site\/wp-content\/uploads\/2023\/01\/notibras23.png\",\"contentUrl\":\"https:\/\/www.notibras.com\/site\/wp-content\/uploads\/2023\/01\/notibras23.png\",\"width\":350,\"height\":87,\"caption\":\"Grupo Notibras de Comunica\u00e7\u00e3o\"},\"image\":{\"@id\":\"https:\/\/www.notibras.com\/site\/#\/schema\/logo\/image\/\"},\"sameAs\":[\"https:\/\/www.facebook.com\/notibras\/\",\"https:\/\/x.com\/Notibras\",\"https:\/\/www.instagram.com\/notibras\/\"]},{\"@type\":\"Person\",\"@id\":\"https:\/\/www.notibras.com\/site\/#\/schema\/person\/5b7fabf2aedc3ada2105f03b22b4d3dd\",\"name\":\"Eduardo Mart\u00ednez\",\"image\":{\"@type\":\"ImageObject\",\"inLanguage\":\"pt-BR\",\"@id\":\"https:\/\/secure.gravatar.com\/avatar\/7902f906289926289cbcda644b5197c796b893c6ffd7b9a536a42d290f7704a0?s=96&d=mm&r=g\",\"url\":\"https:\/\/secure.gravatar.com\/avatar\/7902f906289926289cbcda644b5197c796b893c6ffd7b9a536a42d290f7704a0?s=96&d=mm&r=g\",\"contentUrl\":\"https:\/\/secure.gravatar.com\/avatar\/7902f906289926289cbcda644b5197c796b893c6ffd7b9a536a42d290f7704a0?s=96&d=mm&r=g\",\"caption\":\"Eduardo Mart\u00ednez\"}}]}<\/script>\n<!-- \/ Yoast SEO plugin. -->","yoast_head_json":{"title":"Novos membros do Conselho Distrital de Promo\u00e7\u00e3o da Igualdade Racial - Notibras","robots":{"index":"index","follow":"follow","max-snippet":"max-snippet:-1","max-image-preview":"max-image-preview:large","max-video-preview":"max-video-preview:-1"},"canonical":"https:\/\/www.notibras.com\/site\/novos-membros-do-conselho-distrital-de-promocao-da-igualdade-racial\/","og_locale":"pt_BR","og_type":"article","og_title":"Novos membros do Conselho Distrital de Promo\u00e7\u00e3o da Igualdade Racial - Notibras","og_description":"A Secretaria de Justi\u00e7a e Cidadania do Distrito Federal (Sejus-DF) realizou, na tarde desta ter\u00e7a-feira (27), no Sal\u00e3o Nobre do Pal\u00e1cio do Buriti, a cerim\u00f4nia de posse dos 42 membros do Conselho Distrital de Promo\u00e7\u00e3o da Igualdade Racial (Codipir) para o bi\u00eanio 2025\/2027, com representantes do poder p\u00fablico e da sociedade civil. O \u00f3rg\u00e3o \u00e9 [&hellip;]","og_url":"https:\/\/www.notibras.com\/site\/novos-membros-do-conselho-distrital-de-promocao-da-igualdade-racial\/","og_site_name":"Notibras","article_publisher":"https:\/\/www.facebook.com\/notibras\/","article_published_time":"2026-01-28T03:45:53+00:00","og_image":[{"width":1280,"height":854,"url":"https:\/\/www.notibras.com\/site\/wp-content\/uploads\/2026\/01\/WhatsApp-Image-2026-01-27-at-17.19.29.jpeg","type":"image\/jpeg"}],"author":"Eduardo Mart\u00ednez","twitter_card":"summary_large_image","twitter_creator":"@Notibras","twitter_site":"@Notibras","twitter_misc":{"Escrito por":"Eduardo Mart\u00ednez","Est. tempo de leitura":"2 minutos"},"schema":{"@context":"https:\/\/schema.org","@graph":[{"@type":"Article","@id":"https:\/\/www.notibras.com\/site\/novos-membros-do-conselho-distrital-de-promocao-da-igualdade-racial\/#article","isPartOf":{"@id":"https:\/\/www.notibras.com\/site\/novos-membros-do-conselho-distrital-de-promocao-da-igualdade-racial\/"},"author":{"name":"Eduardo Mart\u00ednez","@id":"https:\/\/www.notibras.com\/site\/#\/schema\/person\/5b7fabf2aedc3ada2105f03b22b4d3dd"},"headline":"Novos membros do Conselho Distrital de Promo\u00e7\u00e3o da Igualdade Racial","datePublished":"2026-01-28T03:45:53+00:00","mainEntityOfPage":{"@id":"https:\/\/www.notibras.com\/site\/novos-membros-do-conselho-distrital-de-promocao-da-igualdade-racial\/"},"wordCount":371,"publisher":{"@id":"https:\/\/www.notibras.com\/site\/#organization"},"image":{"@id":"https:\/\/www.notibras.com\/site\/novos-membros-do-conselho-distrital-de-promocao-da-igualdade-racial\/#primaryimage"},"thumbnailUrl":"https:\/\/www.notibras.com\/site\/wp-content\/uploads\/2026\/01\/WhatsApp-Image-2026-01-27-at-17.19.29.jpeg","articleSection":["Quadradinho em Foco"],"inLanguage":"pt-BR"},{"@type":"WebPage","@id":"https:\/\/www.notibras.com\/site\/novos-membros-do-conselho-distrital-de-promocao-da-igualdade-racial\/","url":"https:\/\/www.notibras.com\/site\/novos-membros-do-conselho-distrital-de-promocao-da-igualdade-racial\/","name":"Novos membros do Conselho Distrital de Promo\u00e7\u00e3o da Igualdade Racial - Notibras","isPartOf":{"@id":"https:\/\/www.notibras.com\/site\/#website"},"primaryImageOfPage":{"@id":"https:\/\/www.notibras.com\/site\/novos-membros-do-conselho-distrital-de-promocao-da-igualdade-racial\/#primaryimage"},"image":{"@id":"https:\/\/www.notibras.com\/site\/novos-membros-do-conselho-distrital-de-promocao-da-igualdade-racial\/#primaryimage"},"thumbnailUrl":"https:\/\/www.notibras.com\/site\/wp-content\/uploads\/2026\/01\/WhatsApp-Image-2026-01-27-at-17.19.29.jpeg","datePublished":"2026-01-28T03:45:53+00:00","breadcrumb":{"@id":"https:\/\/www.notibras.com\/site\/novos-membros-do-conselho-distrital-de-promocao-da-igualdade-racial\/#breadcrumb"},"inLanguage":"pt-BR","potentialAction":[{"@type":"ReadAction","target":["https:\/\/www.notibras.com\/site\/novos-membros-do-conselho-distrital-de-promocao-da-igualdade-racial\/"]}]},{"@type":"ImageObject","inLanguage":"pt-BR","@id":"https:\/\/www.notibras.com\/site\/novos-membros-do-conselho-distrital-de-promocao-da-igualdade-racial\/#primaryimage","url":"https:\/\/www.notibras.com\/site\/wp-content\/uploads\/2026\/01\/WhatsApp-Image-2026-01-27-at-17.19.29.jpeg","contentUrl":"https:\/\/www.notibras.com\/site\/wp-content\/uploads\/2026\/01\/WhatsApp-Image-2026-01-27-at-17.19.29.jpeg","width":1280,"height":854},{"@type":"BreadcrumbList","@id":"https:\/\/www.notibras.com\/site\/novos-membros-do-conselho-distrital-de-promocao-da-igualdade-racial\/#breadcrumb","itemListElement":[{"@type":"ListItem","position":1,"name":"In\u00edcio","item":"https:\/\/www.notibras.com\/site\/"},{"@type":"ListItem","position":2,"name":"Novos membros do Conselho Distrital de Promo\u00e7\u00e3o da Igualdade Racial"}]},{"@type":"WebSite","@id":"https:\/\/www.notibras.com\/site\/#website","url":"https:\/\/www.notibras.com\/site\/","name":"Notibras","description":"Not\u00edcias de Bras\u00edlia, do Brasil e do Mundo","publisher":{"@id":"https:\/\/www.notibras.com\/site\/#organization"},"potentialAction":[{"@type":"SearchAction","target":{"@type":"EntryPoint","urlTemplate":"https:\/\/www.notibras.com\/site\/?s={search_term_string}"},"query-input":{"@type":"PropertyValueSpecification","valueRequired":true,"valueName":"search_term_string"}}],"inLanguage":"pt-BR"},{"@type":"Organization","@id":"https:\/\/www.notibras.com\/site\/#organization","name":"Grupo Notibras de Comunica\u00e7\u00e3o","url":"https:\/\/www.notibras.com\/site\/","logo":{"@type":"ImageObject","inLanguage":"pt-BR","@id":"https:\/\/www.notibras.com\/site\/#\/schema\/logo\/image\/","url":"https:\/\/www.notibras.com\/site\/wp-content\/uploads\/2023\/01\/notibras23.png","contentUrl":"https:\/\/www.notibras.com\/site\/wp-content\/uploads\/2023\/01\/notibras23.png","width":350,"height":87,"caption":"Grupo Notibras de Comunica\u00e7\u00e3o"},"image":{"@id":"https:\/\/www.notibras.com\/site\/#\/schema\/logo\/image\/"},"sameAs":["https:\/\/www.facebook.com\/notibras\/","https:\/\/x.com\/Notibras","https:\/\/www.instagram.com\/notibras\/"]},{"@type":"Person","@id":"https:\/\/www.notibras.com\/site\/#\/schema\/person\/5b7fabf2aedc3ada2105f03b22b4d3dd","name":"Eduardo Mart\u00ednez","image":{"@type":"ImageObject","inLanguage":"pt-BR","@id":"https:\/\/secure.gravatar.com\/avatar\/7902f906289926289cbcda644b5197c796b893c6ffd7b9a536a42d290f7704a0?s=96&d=mm&r=g","url":"https:\/\/secure.gravatar.com\/avatar\/7902f906289926289cbcda644b5197c796b893c6ffd7b9a536a42d290f7704a0?s=96&d=mm&r=g","contentUrl":"https:\/\/secure.gravatar.com\/avatar\/7902f906289926289cbcda644b5197c796b893c6ffd7b9a536a42d290f7704a0?s=96&d=mm&r=g","caption":"Eduardo Mart\u00ednez"}}]}},"amp_enabled":true,"_links":{"self":[{"href":"https:\/\/www.notibras.com\/site\/wp-json\/wp\/v2\/posts\/380834","targetHints":{"allow":["GET"]}}],"collection":[{"href":"https:\/\/www.notibras.com\/site\/wp-json\/wp\/v2\/posts"}],"about":[{"href":"https:\/\/www.notibras.com\/site\/wp-json\/wp\/v2\/types\/post"}],"author":[{"embeddable":true,"href":"https:\/\/www.notibras.com\/site\/wp-json\/wp\/v2\/users\/21"}],"replies":[{"embeddable":true,"href":"https:\/\/www.notibras.com\/site\/wp-json\/wp\/v2\/comments?post=380834"}],"version-history":[{"count":5,"href":"https:\/\/www.notibras.com\/site\/wp-json\/wp\/v2\/posts\/380834\/revisions"}],"predecessor-version":[{"id":380840,"href":"https:\/\/www.notibras.com\/site\/wp-json\/wp\/v2\/posts\/380834\/revisions\/380840"}],"wp:featuredmedia":[{"embeddable":true,"href":"https:\/\/www.notibras.com\/site\/wp-json\/wp\/v2\/media\/380835"}],"wp:attachment":[{"href":"https:\/\/www.notibras.com\/site\/wp-json\/wp\/v2\/media?parent=380834"}],"wp:term":[{"taxonomy":"category","embeddable":true,"href":"https:\/\/www.notibras.com\/site\/wp-json\/wp\/v2\/categories?post=380834"},{"taxonomy":"post_tag","embeddable":true,"href":"https:\/\/www.notibras.com\/site\/wp-json\/wp\/v2\/tags?post=380834"}],"curies":[{"name":"wp","href":"https:\/\/api.w.org\/{rel}","templated":true}]}}