{"id":380845,"date":"2026-01-28T02:15:52","date_gmt":"2026-01-28T05:15:52","guid":{"rendered":"https:\/\/www.notibras.com\/site\/?p=380845"},"modified":"2026-01-28T00:19:57","modified_gmt":"2026-01-28T03:19:57","slug":"mdb-rompe-com-bolsonarismo-e-deve-apoiar-candidato-do-psd","status":"publish","type":"post","link":"https:\/\/www.notibras.com\/site\/mdb-rompe-com-bolsonarismo-e-deve-apoiar-candidato-do-psd\/","title":{"rendered":"MDB rompe com bolsonarismo e deve apoiar candidato do PSD"},"content":{"rendered":"<p>J\u00e1 faz alguns anos que a direita brasileira foi sequestrada pelo bolsonarismo. O que antes era um campo pol\u00edtico plural, com diferentes correntes conservadoras e liberais, praticamente desapareceu, dando lugar a uma extrema direita que se confunde inteiramente com o projeto pol\u00edtico da fam\u00edlia Bolsonaro. Nesse cen\u00e1rio, qualquer tentativa de autonomia passou a ser vista como trai\u00e7\u00e3o, e a pol\u00edtica virou um jogo de submiss\u00e3o ou exclus\u00e3o.<\/p>\n<p>No entanto, nesta segunda-feira, dia 26, o MDB de Santa Catarina deu um passo importante para romper essa l\u00f3gica. Em reuni\u00e3o do diret\u00f3rio estadual, o partido decidiu oficialmente romper com o governo de Jorginho Mello. A decis\u00e3o veio ap\u00f3s o governador anunciar como seu vice Adriano Silva, prefeito de Joinville e filiado ao partido Novo, al\u00e9m de reafirmar seu alinhamento com a candidatura de Carlos Bolsonaro ao Senado.<\/p>\n<p>A soma desses movimentos tornou a perman\u00eancia do MDB no governo insustent\u00e1vel. De um lado, a escolha de um vice fora da base tradicional de alian\u00e7as; de outro, a submiss\u00e3o pol\u00edtica a um projeto familiar que n\u00e3o dialoga com a hist\u00f3ria nem com a cultura pol\u00edtica do MDB catarinense. O recado foi claro: o partido n\u00e3o aceitar\u00e1 ser figurante em uma disputa marcada por interesses que extrapolam Santa Catarina e atendem a uma l\u00f3gica nacional de radicaliza\u00e7\u00e3o.<\/p>\n<p>Na disputa pelo governo do estado, tudo indica que o MDB dever\u00e1 apoiar Jo\u00e3o Rodrigues, prefeito de Chapec\u00f3 e filiado ao PSD. Trata-se de uma escolha que sinaliza a tentativa de reconstruir um campo pol\u00edtico de centro-direita fora da \u00f3rbita bolsonarista, buscando uma alternativa mais pragm\u00e1tica e menos ideol\u00f3gica.<\/p>\n<p>Com essa movimenta\u00e7\u00e3o, o caminho para a reelei\u00e7\u00e3o de Jorginho Mello tende a se tornar mais dif\u00edcil. A perda do MDB fragiliza sua base pol\u00edtica e amplia o isolamento em torno de um projeto que aposta quase exclusivamente na fidelidade ao bolsonarismo. Em vez de ampliar alian\u00e7as, o governador parece ter optado por estreitar ainda mais seu campo de apoio.<\/p>\n<p>O que acontece em Santa Catarina pode ser um ensaio do que veremos em outros estados: uma direita tentando se reorganizar fora da sombra de Bolsonaro. Resta saber se esse movimento ser\u00e1 suficiente para devolver ao debate pol\u00edtico algum grau de pluralidade ou se a extrema direita continuar\u00e1 falando sozinha em nome de toda a direita brasileira.<\/p>\n","protected":false},"excerpt":{"rendered":"<p>J\u00e1 faz alguns anos que a direita brasileira foi sequestrada pelo bolsonarismo. O que antes era um campo pol\u00edtico plural, com diferentes correntes conservadoras e liberais, praticamente desapareceu, dando lugar a uma extrema direita que se confunde inteiramente com o projeto pol\u00edtico da fam\u00edlia Bolsonaro. Nesse cen\u00e1rio, qualquer tentativa de autonomia passou a ser vista [&hellip;]<\/p>\n","protected":false},"author":21,"featured_media":380846,"comment_status":"closed","ping_status":"closed","sticky":false,"template":"","format":"standard","meta":{"_acf_changed":false,"footnotes":""},"categories":[235],"tags":[],"class_list":["post-380845","post","type-post","status-publish","format-standard","has-post-thumbnail","hentry","category-dona-irene"],"acf":[],"yoast_head":"<!-- This site is optimized with the Yoast SEO plugin v27.2 - https:\/\/yoast.com\/product\/yoast-seo-wordpress\/ -->\n<title>MDB rompe com bolsonarismo e deve apoiar candidato do PSD - Notibras<\/title>\n<meta name=\"robots\" content=\"index, follow, max-snippet:-1, max-image-preview:large, max-video-preview:-1\" \/>\n<link rel=\"canonical\" href=\"https:\/\/www.notibras.com\/site\/mdb-rompe-com-bolsonarismo-e-deve-apoiar-candidato-do-psd\/\" \/>\n<meta property=\"og:locale\" content=\"pt_BR\" \/>\n<meta property=\"og:type\" content=\"article\" \/>\n<meta property=\"og:title\" content=\"MDB rompe com bolsonarismo e deve apoiar candidato do PSD - Notibras\" \/>\n<meta property=\"og:description\" content=\"J\u00e1 faz alguns anos que a direita brasileira foi sequestrada pelo bolsonarismo. O que antes era um campo pol\u00edtico plural, com diferentes correntes conservadoras e liberais, praticamente desapareceu, dando lugar a uma extrema direita que se confunde inteiramente com o projeto pol\u00edtico da fam\u00edlia Bolsonaro. Nesse cen\u00e1rio, qualquer tentativa de autonomia passou a ser vista [&hellip;]\" \/>\n<meta property=\"og:url\" content=\"https:\/\/www.notibras.com\/site\/mdb-rompe-com-bolsonarismo-e-deve-apoiar-candidato-do-psd\/\" \/>\n<meta property=\"og:site_name\" content=\"Notibras\" \/>\n<meta property=\"article:publisher\" content=\"https:\/\/www.facebook.com\/notibras\/\" \/>\n<meta property=\"article:published_time\" content=\"2026-01-28T05:15:52+00:00\" \/>\n<meta property=\"og:image\" content=\"https:\/\/www.notibras.com\/site\/wp-content\/uploads\/2026\/01\/mdb-se-retira-do-governo-de-jorginho-mello-e-estuda-candidatura-propria-em-sc-660x372.jpeg.webp\" \/>\n\t<meta property=\"og:image:width\" content=\"660\" \/>\n\t<meta property=\"og:image:height\" content=\"372\" \/>\n\t<meta property=\"og:image:type\" content=\"image\/webp\" \/>\n<meta name=\"author\" content=\"Eduardo Mart\u00ednez\" \/>\n<meta name=\"twitter:card\" content=\"summary_large_image\" \/>\n<meta name=\"twitter:creator\" content=\"@Notibras\" \/>\n<meta name=\"twitter:site\" content=\"@Notibras\" \/>\n<meta name=\"twitter:label1\" content=\"Escrito por\" \/>\n\t<meta name=\"twitter:data1\" content=\"Eduardo Mart\u00ednez\" \/>\n\t<meta name=\"twitter:label2\" content=\"Est. tempo de leitura\" \/>\n\t<meta name=\"twitter:data2\" content=\"3 minutos\" \/>\n<script type=\"application\/ld+json\" class=\"yoast-schema-graph\">{\"@context\":\"https:\/\/schema.org\",\"@graph\":[{\"@type\":\"Article\",\"@id\":\"https:\/\/www.notibras.com\/site\/mdb-rompe-com-bolsonarismo-e-deve-apoiar-candidato-do-psd\/#article\",\"isPartOf\":{\"@id\":\"https:\/\/www.notibras.com\/site\/mdb-rompe-com-bolsonarismo-e-deve-apoiar-candidato-do-psd\/\"},\"author\":{\"name\":\"Eduardo Mart\u00ednez\",\"@id\":\"https:\/\/www.notibras.com\/site\/#\/schema\/person\/5b7fabf2aedc3ada2105f03b22b4d3dd\"},\"headline\":\"MDB rompe com bolsonarismo e deve apoiar candidato do PSD\",\"datePublished\":\"2026-01-28T05:15:52+00:00\",\"mainEntityOfPage\":{\"@id\":\"https:\/\/www.notibras.com\/site\/mdb-rompe-com-bolsonarismo-e-deve-apoiar-candidato-do-psd\/\"},\"wordCount\":422,\"publisher\":{\"@id\":\"https:\/\/www.notibras.com\/site\/#organization\"},\"image\":{\"@id\":\"https:\/\/www.notibras.com\/site\/mdb-rompe-com-bolsonarismo-e-deve-apoiar-candidato-do-psd\/#primaryimage\"},\"thumbnailUrl\":\"https:\/\/www.notibras.com\/site\/wp-content\/uploads\/2026\/01\/mdb-se-retira-do-governo-de-jorginho-mello-e-estuda-candidatura-propria-em-sc-660x372.jpeg.webp\",\"articleSection\":[\"Dona Irene\"],\"inLanguage\":\"pt-BR\"},{\"@type\":\"WebPage\",\"@id\":\"https:\/\/www.notibras.com\/site\/mdb-rompe-com-bolsonarismo-e-deve-apoiar-candidato-do-psd\/\",\"url\":\"https:\/\/www.notibras.com\/site\/mdb-rompe-com-bolsonarismo-e-deve-apoiar-candidato-do-psd\/\",\"name\":\"MDB rompe com bolsonarismo e deve apoiar candidato do PSD - Notibras\",\"isPartOf\":{\"@id\":\"https:\/\/www.notibras.com\/site\/#website\"},\"primaryImageOfPage\":{\"@id\":\"https:\/\/www.notibras.com\/site\/mdb-rompe-com-bolsonarismo-e-deve-apoiar-candidato-do-psd\/#primaryimage\"},\"image\":{\"@id\":\"https:\/\/www.notibras.com\/site\/mdb-rompe-com-bolsonarismo-e-deve-apoiar-candidato-do-psd\/#primaryimage\"},\"thumbnailUrl\":\"https:\/\/www.notibras.com\/site\/wp-content\/uploads\/2026\/01\/mdb-se-retira-do-governo-de-jorginho-mello-e-estuda-candidatura-propria-em-sc-660x372.jpeg.webp\",\"datePublished\":\"2026-01-28T05:15:52+00:00\",\"breadcrumb\":{\"@id\":\"https:\/\/www.notibras.com\/site\/mdb-rompe-com-bolsonarismo-e-deve-apoiar-candidato-do-psd\/#breadcrumb\"},\"inLanguage\":\"pt-BR\",\"potentialAction\":[{\"@type\":\"ReadAction\",\"target\":[\"https:\/\/www.notibras.com\/site\/mdb-rompe-com-bolsonarismo-e-deve-apoiar-candidato-do-psd\/\"]}]},{\"@type\":\"ImageObject\",\"inLanguage\":\"pt-BR\",\"@id\":\"https:\/\/www.notibras.com\/site\/mdb-rompe-com-bolsonarismo-e-deve-apoiar-candidato-do-psd\/#primaryimage\",\"url\":\"https:\/\/www.notibras.com\/site\/wp-content\/uploads\/2026\/01\/mdb-se-retira-do-governo-de-jorginho-mello-e-estuda-candidatura-propria-em-sc-660x372.jpeg.webp\",\"contentUrl\":\"https:\/\/www.notibras.com\/site\/wp-content\/uploads\/2026\/01\/mdb-se-retira-do-governo-de-jorginho-mello-e-estuda-candidatura-propria-em-sc-660x372.jpeg.webp\",\"width\":660,\"height\":372},{\"@type\":\"BreadcrumbList\",\"@id\":\"https:\/\/www.notibras.com\/site\/mdb-rompe-com-bolsonarismo-e-deve-apoiar-candidato-do-psd\/#breadcrumb\",\"itemListElement\":[{\"@type\":\"ListItem\",\"position\":1,\"name\":\"In\u00edcio\",\"item\":\"https:\/\/www.notibras.com\/site\/\"},{\"@type\":\"ListItem\",\"position\":2,\"name\":\"MDB rompe com bolsonarismo e deve apoiar candidato do PSD\"}]},{\"@type\":\"WebSite\",\"@id\":\"https:\/\/www.notibras.com\/site\/#website\",\"url\":\"https:\/\/www.notibras.com\/site\/\",\"name\":\"Notibras\",\"description\":\"Not\u00edcias de Bras\u00edlia, do Brasil e do Mundo\",\"publisher\":{\"@id\":\"https:\/\/www.notibras.com\/site\/#organization\"},\"potentialAction\":[{\"@type\":\"SearchAction\",\"target\":{\"@type\":\"EntryPoint\",\"urlTemplate\":\"https:\/\/www.notibras.com\/site\/?s={search_term_string}\"},\"query-input\":{\"@type\":\"PropertyValueSpecification\",\"valueRequired\":true,\"valueName\":\"search_term_string\"}}],\"inLanguage\":\"pt-BR\"},{\"@type\":\"Organization\",\"@id\":\"https:\/\/www.notibras.com\/site\/#organization\",\"name\":\"Grupo Notibras de Comunica\u00e7\u00e3o\",\"url\":\"https:\/\/www.notibras.com\/site\/\",\"logo\":{\"@type\":\"ImageObject\",\"inLanguage\":\"pt-BR\",\"@id\":\"https:\/\/www.notibras.com\/site\/#\/schema\/logo\/image\/\",\"url\":\"https:\/\/www.notibras.com\/site\/wp-content\/uploads\/2023\/01\/notibras23.png\",\"contentUrl\":\"https:\/\/www.notibras.com\/site\/wp-content\/uploads\/2023\/01\/notibras23.png\",\"width\":350,\"height\":87,\"caption\":\"Grupo Notibras de Comunica\u00e7\u00e3o\"},\"image\":{\"@id\":\"https:\/\/www.notibras.com\/site\/#\/schema\/logo\/image\/\"},\"sameAs\":[\"https:\/\/www.facebook.com\/notibras\/\",\"https:\/\/x.com\/Notibras\",\"https:\/\/www.instagram.com\/notibras\/\"]},{\"@type\":\"Person\",\"@id\":\"https:\/\/www.notibras.com\/site\/#\/schema\/person\/5b7fabf2aedc3ada2105f03b22b4d3dd\",\"name\":\"Eduardo Mart\u00ednez\",\"image\":{\"@type\":\"ImageObject\",\"inLanguage\":\"pt-BR\",\"@id\":\"https:\/\/secure.gravatar.com\/avatar\/7902f906289926289cbcda644b5197c796b893c6ffd7b9a536a42d290f7704a0?s=96&d=mm&r=g\",\"url\":\"https:\/\/secure.gravatar.com\/avatar\/7902f906289926289cbcda644b5197c796b893c6ffd7b9a536a42d290f7704a0?s=96&d=mm&r=g\",\"contentUrl\":\"https:\/\/secure.gravatar.com\/avatar\/7902f906289926289cbcda644b5197c796b893c6ffd7b9a536a42d290f7704a0?s=96&d=mm&r=g\",\"caption\":\"Eduardo Mart\u00ednez\"}}]}<\/script>\n<!-- \/ Yoast SEO plugin. -->","yoast_head_json":{"title":"MDB rompe com bolsonarismo e deve apoiar candidato do PSD - Notibras","robots":{"index":"index","follow":"follow","max-snippet":"max-snippet:-1","max-image-preview":"max-image-preview:large","max-video-preview":"max-video-preview:-1"},"canonical":"https:\/\/www.notibras.com\/site\/mdb-rompe-com-bolsonarismo-e-deve-apoiar-candidato-do-psd\/","og_locale":"pt_BR","og_type":"article","og_title":"MDB rompe com bolsonarismo e deve apoiar candidato do PSD - Notibras","og_description":"J\u00e1 faz alguns anos que a direita brasileira foi sequestrada pelo bolsonarismo. O que antes era um campo pol\u00edtico plural, com diferentes correntes conservadoras e liberais, praticamente desapareceu, dando lugar a uma extrema direita que se confunde inteiramente com o projeto pol\u00edtico da fam\u00edlia Bolsonaro. Nesse cen\u00e1rio, qualquer tentativa de autonomia passou a ser vista [&hellip;]","og_url":"https:\/\/www.notibras.com\/site\/mdb-rompe-com-bolsonarismo-e-deve-apoiar-candidato-do-psd\/","og_site_name":"Notibras","article_publisher":"https:\/\/www.facebook.com\/notibras\/","article_published_time":"2026-01-28T05:15:52+00:00","og_image":[{"width":660,"height":372,"url":"https:\/\/www.notibras.com\/site\/wp-content\/uploads\/2026\/01\/mdb-se-retira-do-governo-de-jorginho-mello-e-estuda-candidatura-propria-em-sc-660x372.jpeg.webp","type":"image\/webp"}],"author":"Eduardo Mart\u00ednez","twitter_card":"summary_large_image","twitter_creator":"@Notibras","twitter_site":"@Notibras","twitter_misc":{"Escrito por":"Eduardo Mart\u00ednez","Est. tempo de leitura":"3 minutos"},"schema":{"@context":"https:\/\/schema.org","@graph":[{"@type":"Article","@id":"https:\/\/www.notibras.com\/site\/mdb-rompe-com-bolsonarismo-e-deve-apoiar-candidato-do-psd\/#article","isPartOf":{"@id":"https:\/\/www.notibras.com\/site\/mdb-rompe-com-bolsonarismo-e-deve-apoiar-candidato-do-psd\/"},"author":{"name":"Eduardo Mart\u00ednez","@id":"https:\/\/www.notibras.com\/site\/#\/schema\/person\/5b7fabf2aedc3ada2105f03b22b4d3dd"},"headline":"MDB rompe com bolsonarismo e deve apoiar candidato do PSD","datePublished":"2026-01-28T05:15:52+00:00","mainEntityOfPage":{"@id":"https:\/\/www.notibras.com\/site\/mdb-rompe-com-bolsonarismo-e-deve-apoiar-candidato-do-psd\/"},"wordCount":422,"publisher":{"@id":"https:\/\/www.notibras.com\/site\/#organization"},"image":{"@id":"https:\/\/www.notibras.com\/site\/mdb-rompe-com-bolsonarismo-e-deve-apoiar-candidato-do-psd\/#primaryimage"},"thumbnailUrl":"https:\/\/www.notibras.com\/site\/wp-content\/uploads\/2026\/01\/mdb-se-retira-do-governo-de-jorginho-mello-e-estuda-candidatura-propria-em-sc-660x372.jpeg.webp","articleSection":["Dona Irene"],"inLanguage":"pt-BR"},{"@type":"WebPage","@id":"https:\/\/www.notibras.com\/site\/mdb-rompe-com-bolsonarismo-e-deve-apoiar-candidato-do-psd\/","url":"https:\/\/www.notibras.com\/site\/mdb-rompe-com-bolsonarismo-e-deve-apoiar-candidato-do-psd\/","name":"MDB rompe com bolsonarismo e deve apoiar candidato do PSD - Notibras","isPartOf":{"@id":"https:\/\/www.notibras.com\/site\/#website"},"primaryImageOfPage":{"@id":"https:\/\/www.notibras.com\/site\/mdb-rompe-com-bolsonarismo-e-deve-apoiar-candidato-do-psd\/#primaryimage"},"image":{"@id":"https:\/\/www.notibras.com\/site\/mdb-rompe-com-bolsonarismo-e-deve-apoiar-candidato-do-psd\/#primaryimage"},"thumbnailUrl":"https:\/\/www.notibras.com\/site\/wp-content\/uploads\/2026\/01\/mdb-se-retira-do-governo-de-jorginho-mello-e-estuda-candidatura-propria-em-sc-660x372.jpeg.webp","datePublished":"2026-01-28T05:15:52+00:00","breadcrumb":{"@id":"https:\/\/www.notibras.com\/site\/mdb-rompe-com-bolsonarismo-e-deve-apoiar-candidato-do-psd\/#breadcrumb"},"inLanguage":"pt-BR","potentialAction":[{"@type":"ReadAction","target":["https:\/\/www.notibras.com\/site\/mdb-rompe-com-bolsonarismo-e-deve-apoiar-candidato-do-psd\/"]}]},{"@type":"ImageObject","inLanguage":"pt-BR","@id":"https:\/\/www.notibras.com\/site\/mdb-rompe-com-bolsonarismo-e-deve-apoiar-candidato-do-psd\/#primaryimage","url":"https:\/\/www.notibras.com\/site\/wp-content\/uploads\/2026\/01\/mdb-se-retira-do-governo-de-jorginho-mello-e-estuda-candidatura-propria-em-sc-660x372.jpeg.webp","contentUrl":"https:\/\/www.notibras.com\/site\/wp-content\/uploads\/2026\/01\/mdb-se-retira-do-governo-de-jorginho-mello-e-estuda-candidatura-propria-em-sc-660x372.jpeg.webp","width":660,"height":372},{"@type":"BreadcrumbList","@id":"https:\/\/www.notibras.com\/site\/mdb-rompe-com-bolsonarismo-e-deve-apoiar-candidato-do-psd\/#breadcrumb","itemListElement":[{"@type":"ListItem","position":1,"name":"In\u00edcio","item":"https:\/\/www.notibras.com\/site\/"},{"@type":"ListItem","position":2,"name":"MDB rompe com bolsonarismo e deve apoiar candidato do PSD"}]},{"@type":"WebSite","@id":"https:\/\/www.notibras.com\/site\/#website","url":"https:\/\/www.notibras.com\/site\/","name":"Notibras","description":"Not\u00edcias de Bras\u00edlia, do Brasil e do Mundo","publisher":{"@id":"https:\/\/www.notibras.com\/site\/#organization"},"potentialAction":[{"@type":"SearchAction","target":{"@type":"EntryPoint","urlTemplate":"https:\/\/www.notibras.com\/site\/?s={search_term_string}"},"query-input":{"@type":"PropertyValueSpecification","valueRequired":true,"valueName":"search_term_string"}}],"inLanguage":"pt-BR"},{"@type":"Organization","@id":"https:\/\/www.notibras.com\/site\/#organization","name":"Grupo Notibras de Comunica\u00e7\u00e3o","url":"https:\/\/www.notibras.com\/site\/","logo":{"@type":"ImageObject","inLanguage":"pt-BR","@id":"https:\/\/www.notibras.com\/site\/#\/schema\/logo\/image\/","url":"https:\/\/www.notibras.com\/site\/wp-content\/uploads\/2023\/01\/notibras23.png","contentUrl":"https:\/\/www.notibras.com\/site\/wp-content\/uploads\/2023\/01\/notibras23.png","width":350,"height":87,"caption":"Grupo Notibras de Comunica\u00e7\u00e3o"},"image":{"@id":"https:\/\/www.notibras.com\/site\/#\/schema\/logo\/image\/"},"sameAs":["https:\/\/www.facebook.com\/notibras\/","https:\/\/x.com\/Notibras","https:\/\/www.instagram.com\/notibras\/"]},{"@type":"Person","@id":"https:\/\/www.notibras.com\/site\/#\/schema\/person\/5b7fabf2aedc3ada2105f03b22b4d3dd","name":"Eduardo Mart\u00ednez","image":{"@type":"ImageObject","inLanguage":"pt-BR","@id":"https:\/\/secure.gravatar.com\/avatar\/7902f906289926289cbcda644b5197c796b893c6ffd7b9a536a42d290f7704a0?s=96&d=mm&r=g","url":"https:\/\/secure.gravatar.com\/avatar\/7902f906289926289cbcda644b5197c796b893c6ffd7b9a536a42d290f7704a0?s=96&d=mm&r=g","contentUrl":"https:\/\/secure.gravatar.com\/avatar\/7902f906289926289cbcda644b5197c796b893c6ffd7b9a536a42d290f7704a0?s=96&d=mm&r=g","caption":"Eduardo Mart\u00ednez"}}]}},"amp_enabled":true,"_links":{"self":[{"href":"https:\/\/www.notibras.com\/site\/wp-json\/wp\/v2\/posts\/380845","targetHints":{"allow":["GET"]}}],"collection":[{"href":"https:\/\/www.notibras.com\/site\/wp-json\/wp\/v2\/posts"}],"about":[{"href":"https:\/\/www.notibras.com\/site\/wp-json\/wp\/v2\/types\/post"}],"author":[{"embeddable":true,"href":"https:\/\/www.notibras.com\/site\/wp-json\/wp\/v2\/users\/21"}],"replies":[{"embeddable":true,"href":"https:\/\/www.notibras.com\/site\/wp-json\/wp\/v2\/comments?post=380845"}],"version-history":[{"count":3,"href":"https:\/\/www.notibras.com\/site\/wp-json\/wp\/v2\/posts\/380845\/revisions"}],"predecessor-version":[{"id":380849,"href":"https:\/\/www.notibras.com\/site\/wp-json\/wp\/v2\/posts\/380845\/revisions\/380849"}],"wp:featuredmedia":[{"embeddable":true,"href":"https:\/\/www.notibras.com\/site\/wp-json\/wp\/v2\/media\/380846"}],"wp:attachment":[{"href":"https:\/\/www.notibras.com\/site\/wp-json\/wp\/v2\/media?parent=380845"}],"wp:term":[{"taxonomy":"category","embeddable":true,"href":"https:\/\/www.notibras.com\/site\/wp-json\/wp\/v2\/categories?post=380845"},{"taxonomy":"post_tag","embeddable":true,"href":"https:\/\/www.notibras.com\/site\/wp-json\/wp\/v2\/tags?post=380845"}],"curies":[{"name":"wp","href":"https:\/\/api.w.org\/{rel}","templated":true}]}}