{"id":380850,"date":"2026-01-28T02:00:37","date_gmt":"2026-01-28T05:00:37","guid":{"rendered":"https:\/\/www.notibras.com\/site\/?p=380850"},"modified":"2026-01-28T00:28:22","modified_gmt":"2026-01-28T03:28:22","slug":"jorginho-mello-atropela-constituicao-federal-para-agradar-aos-eleitores","status":"publish","type":"post","link":"https:\/\/www.notibras.com\/site\/jorginho-mello-atropela-constituicao-federal-para-agradar-aos-eleitores\/","title":{"rendered":"Jorginho Mello atropela Constitui\u00e7\u00e3o Federal para agradar aos eleitores"},"content":{"rendered":"<p>Jorginho Mello, governador de Santa Catarina pelo PL, j\u00e1 est\u00e1 em campanha pela reelei\u00e7\u00e3o.<\/p>\n<p>N\u00e3o pode dizer isso em voz alta, pois a legisla\u00e7\u00e3o eleitoral n\u00e3o permite. Mas suas atitudes falam por ele.<\/p>\n<p>Nos \u00faltimos meses, o governador tem se esfor\u00e7ado para marcar posi\u00e7\u00e3o junto ao eleitorado mais radicalizado e conservador do estado. Para isso, passou a adotar uma pauta ideol\u00f3gica cada vez mais extremada, ainda que em desacordo com a Constitui\u00e7\u00e3o. N\u00e3o se trata de desconhecimento jur\u00eddico, mas de uma escolha pol\u00edtica: provocar, sinalizar fidelidade a um campo ideol\u00f3gico e colher dividendos eleitorais.<\/p>\n<p>O epis\u00f3dio mais recente \u00e9 exemplar. Nesta semana, Jorginho sancionou uma lei que pro\u00edbe a ado\u00e7\u00e3o de cotas raciais nas universidades p\u00fablicas que recebem recursos estaduais. Trata-se de uma mat\u00e9ria j\u00e1 amplamente pacificada pelo Supremo Tribunal Federal, que reconhece a constitucionalidade das pol\u00edticas de a\u00e7\u00f5es afirmativas. Ou seja, o governador sabia, ou deveria saber, que a lei era flagrantemente inconstitucional.<\/p>\n<p>Ainda assim, preferiu sancion\u00e1-la. N\u00e3o por convic\u00e7\u00e3o jur\u00eddica, mas por c\u00e1lculo pol\u00edtico. A mensagem foi clara: agradar uma parcela do eleitorado que rejeita pol\u00edticas de inclus\u00e3o e enxerga nelas uma amea\u00e7a, mesmo que isso signifique confrontar princ\u00edpios constitucionais e decis\u00f5es consolidadas do Judici\u00e1rio.<\/p>\n<p>Como era previs\u00edvel, a norma n\u00e3o resistiu ao primeiro teste institucional. A lei j\u00e1 foi suspensa por decis\u00e3o liminar, confirmando o que muitos juristas alertavam desde o in\u00edcio: tratava-se de uma iniciativa invi\u00e1vel do ponto de vista legal.<\/p>\n<p>O caso revela mais do que um embate sobre cotas raciais. Mostra um governo disposto a usar a m\u00e1quina p\u00fablica como instrumento de campanha antecipada, explorando temas sens\u00edveis para mobilizar sua base ideol\u00f3gica, ainda que isso gere inseguran\u00e7a jur\u00eddica e desgaste institucional.<\/p>\n<p>Jorginho Mello parece apostar na l\u00f3gica do confronto: cria um fato pol\u00edtico, agrada seu p\u00fablico mais fiel, transfere a responsabilidade para o Judici\u00e1rio e posa de v\u00edtima quando a lei \u00e9 barrada. Uma estrat\u00e9gia conhecida, repetida e perigosa, porque substitui o debate s\u00e9rio por gestos simb\u00f3licos e inconstitucionais.<\/p>\n","protected":false},"excerpt":{"rendered":"<p>Jorginho Mello, governador de Santa Catarina pelo PL, j\u00e1 est\u00e1 em campanha pela reelei\u00e7\u00e3o. N\u00e3o pode dizer isso em voz alta, pois a legisla\u00e7\u00e3o eleitoral n\u00e3o permite. Mas suas atitudes falam por ele. Nos \u00faltimos meses, o governador tem se esfor\u00e7ado para marcar posi\u00e7\u00e3o junto ao eleitorado mais radicalizado e conservador do estado. Para isso, [&hellip;]<\/p>\n","protected":false},"author":21,"featured_media":380853,"comment_status":"closed","ping_status":"closed","sticky":false,"template":"","format":"standard","meta":{"_acf_changed":false,"footnotes":""},"categories":[235],"tags":[],"class_list":["post-380850","post","type-post","status-publish","format-standard","has-post-thumbnail","hentry","category-dona-irene"],"acf":[],"yoast_head":"<!-- This site is optimized with the Yoast SEO plugin v27.2 - https:\/\/yoast.com\/product\/yoast-seo-wordpress\/ -->\n<title>Jorginho Mello atropela Constitui\u00e7\u00e3o Federal para agradar aos eleitores - Notibras<\/title>\n<meta name=\"robots\" content=\"index, follow, max-snippet:-1, max-image-preview:large, max-video-preview:-1\" \/>\n<link rel=\"canonical\" href=\"https:\/\/www.notibras.com\/site\/jorginho-mello-atropela-constituicao-federal-para-agradar-aos-eleitores\/\" \/>\n<meta property=\"og:locale\" content=\"pt_BR\" \/>\n<meta property=\"og:type\" content=\"article\" \/>\n<meta property=\"og:title\" content=\"Jorginho Mello atropela Constitui\u00e7\u00e3o Federal para agradar aos eleitores - Notibras\" \/>\n<meta property=\"og:description\" content=\"Jorginho Mello, governador de Santa Catarina pelo PL, j\u00e1 est\u00e1 em campanha pela reelei\u00e7\u00e3o. N\u00e3o pode dizer isso em voz alta, pois a legisla\u00e7\u00e3o eleitoral n\u00e3o permite. Mas suas atitudes falam por ele. Nos \u00faltimos meses, o governador tem se esfor\u00e7ado para marcar posi\u00e7\u00e3o junto ao eleitorado mais radicalizado e conservador do estado. Para isso, [&hellip;]\" \/>\n<meta property=\"og:url\" content=\"https:\/\/www.notibras.com\/site\/jorginho-mello-atropela-constituicao-federal-para-agradar-aos-eleitores\/\" \/>\n<meta property=\"og:site_name\" content=\"Notibras\" \/>\n<meta property=\"article:publisher\" content=\"https:\/\/www.facebook.com\/notibras\/\" \/>\n<meta property=\"article:published_time\" content=\"2026-01-28T05:00:37+00:00\" \/>\n<meta property=\"og:image\" content=\"https:\/\/www.notibras.com\/site\/wp-content\/uploads\/2026\/01\/images.webp\" \/>\n\t<meta property=\"og:image:width\" content=\"640\" \/>\n\t<meta property=\"og:image:height\" content=\"480\" \/>\n\t<meta property=\"og:image:type\" content=\"image\/webp\" \/>\n<meta name=\"author\" content=\"Eduardo Mart\u00ednez\" \/>\n<meta name=\"twitter:card\" content=\"summary_large_image\" \/>\n<meta name=\"twitter:creator\" content=\"@Notibras\" \/>\n<meta name=\"twitter:site\" content=\"@Notibras\" \/>\n<meta name=\"twitter:label1\" content=\"Escrito por\" \/>\n\t<meta name=\"twitter:data1\" content=\"Eduardo Mart\u00ednez\" \/>\n\t<meta name=\"twitter:label2\" content=\"Est. tempo de leitura\" \/>\n\t<meta name=\"twitter:data2\" content=\"3 minutos\" \/>\n<script type=\"application\/ld+json\" class=\"yoast-schema-graph\">{\"@context\":\"https:\/\/schema.org\",\"@graph\":[{\"@type\":\"Article\",\"@id\":\"https:\/\/www.notibras.com\/site\/jorginho-mello-atropela-constituicao-federal-para-agradar-aos-eleitores\/#article\",\"isPartOf\":{\"@id\":\"https:\/\/www.notibras.com\/site\/jorginho-mello-atropela-constituicao-federal-para-agradar-aos-eleitores\/\"},\"author\":{\"name\":\"Eduardo Mart\u00ednez\",\"@id\":\"https:\/\/www.notibras.com\/site\/#\/schema\/person\/5b7fabf2aedc3ada2105f03b22b4d3dd\"},\"headline\":\"Jorginho Mello atropela Constitui\u00e7\u00e3o Federal para agradar aos eleitores\",\"datePublished\":\"2026-01-28T05:00:37+00:00\",\"mainEntityOfPage\":{\"@id\":\"https:\/\/www.notibras.com\/site\/jorginho-mello-atropela-constituicao-federal-para-agradar-aos-eleitores\/\"},\"wordCount\":383,\"publisher\":{\"@id\":\"https:\/\/www.notibras.com\/site\/#organization\"},\"image\":{\"@id\":\"https:\/\/www.notibras.com\/site\/jorginho-mello-atropela-constituicao-federal-para-agradar-aos-eleitores\/#primaryimage\"},\"thumbnailUrl\":\"https:\/\/www.notibras.com\/site\/wp-content\/uploads\/2026\/01\/images.webp\",\"articleSection\":[\"Dona Irene\"],\"inLanguage\":\"pt-BR\"},{\"@type\":\"WebPage\",\"@id\":\"https:\/\/www.notibras.com\/site\/jorginho-mello-atropela-constituicao-federal-para-agradar-aos-eleitores\/\",\"url\":\"https:\/\/www.notibras.com\/site\/jorginho-mello-atropela-constituicao-federal-para-agradar-aos-eleitores\/\",\"name\":\"Jorginho Mello atropela Constitui\u00e7\u00e3o Federal para agradar aos eleitores - Notibras\",\"isPartOf\":{\"@id\":\"https:\/\/www.notibras.com\/site\/#website\"},\"primaryImageOfPage\":{\"@id\":\"https:\/\/www.notibras.com\/site\/jorginho-mello-atropela-constituicao-federal-para-agradar-aos-eleitores\/#primaryimage\"},\"image\":{\"@id\":\"https:\/\/www.notibras.com\/site\/jorginho-mello-atropela-constituicao-federal-para-agradar-aos-eleitores\/#primaryimage\"},\"thumbnailUrl\":\"https:\/\/www.notibras.com\/site\/wp-content\/uploads\/2026\/01\/images.webp\",\"datePublished\":\"2026-01-28T05:00:37+00:00\",\"breadcrumb\":{\"@id\":\"https:\/\/www.notibras.com\/site\/jorginho-mello-atropela-constituicao-federal-para-agradar-aos-eleitores\/#breadcrumb\"},\"inLanguage\":\"pt-BR\",\"potentialAction\":[{\"@type\":\"ReadAction\",\"target\":[\"https:\/\/www.notibras.com\/site\/jorginho-mello-atropela-constituicao-federal-para-agradar-aos-eleitores\/\"]}]},{\"@type\":\"ImageObject\",\"inLanguage\":\"pt-BR\",\"@id\":\"https:\/\/www.notibras.com\/site\/jorginho-mello-atropela-constituicao-federal-para-agradar-aos-eleitores\/#primaryimage\",\"url\":\"https:\/\/www.notibras.com\/site\/wp-content\/uploads\/2026\/01\/images.webp\",\"contentUrl\":\"https:\/\/www.notibras.com\/site\/wp-content\/uploads\/2026\/01\/images.webp\",\"width\":640,\"height\":480},{\"@type\":\"BreadcrumbList\",\"@id\":\"https:\/\/www.notibras.com\/site\/jorginho-mello-atropela-constituicao-federal-para-agradar-aos-eleitores\/#breadcrumb\",\"itemListElement\":[{\"@type\":\"ListItem\",\"position\":1,\"name\":\"In\u00edcio\",\"item\":\"https:\/\/www.notibras.com\/site\/\"},{\"@type\":\"ListItem\",\"position\":2,\"name\":\"Jorginho Mello atropela Constitui\u00e7\u00e3o Federal para agradar aos eleitores\"}]},{\"@type\":\"WebSite\",\"@id\":\"https:\/\/www.notibras.com\/site\/#website\",\"url\":\"https:\/\/www.notibras.com\/site\/\",\"name\":\"Notibras\",\"description\":\"Not\u00edcias de Bras\u00edlia, do Brasil e do Mundo\",\"publisher\":{\"@id\":\"https:\/\/www.notibras.com\/site\/#organization\"},\"potentialAction\":[{\"@type\":\"SearchAction\",\"target\":{\"@type\":\"EntryPoint\",\"urlTemplate\":\"https:\/\/www.notibras.com\/site\/?s={search_term_string}\"},\"query-input\":{\"@type\":\"PropertyValueSpecification\",\"valueRequired\":true,\"valueName\":\"search_term_string\"}}],\"inLanguage\":\"pt-BR\"},{\"@type\":\"Organization\",\"@id\":\"https:\/\/www.notibras.com\/site\/#organization\",\"name\":\"Grupo Notibras de Comunica\u00e7\u00e3o\",\"url\":\"https:\/\/www.notibras.com\/site\/\",\"logo\":{\"@type\":\"ImageObject\",\"inLanguage\":\"pt-BR\",\"@id\":\"https:\/\/www.notibras.com\/site\/#\/schema\/logo\/image\/\",\"url\":\"https:\/\/www.notibras.com\/site\/wp-content\/uploads\/2023\/01\/notibras23.png\",\"contentUrl\":\"https:\/\/www.notibras.com\/site\/wp-content\/uploads\/2023\/01\/notibras23.png\",\"width\":350,\"height\":87,\"caption\":\"Grupo Notibras de Comunica\u00e7\u00e3o\"},\"image\":{\"@id\":\"https:\/\/www.notibras.com\/site\/#\/schema\/logo\/image\/\"},\"sameAs\":[\"https:\/\/www.facebook.com\/notibras\/\",\"https:\/\/x.com\/Notibras\",\"https:\/\/www.instagram.com\/notibras\/\"]},{\"@type\":\"Person\",\"@id\":\"https:\/\/www.notibras.com\/site\/#\/schema\/person\/5b7fabf2aedc3ada2105f03b22b4d3dd\",\"name\":\"Eduardo Mart\u00ednez\",\"image\":{\"@type\":\"ImageObject\",\"inLanguage\":\"pt-BR\",\"@id\":\"https:\/\/secure.gravatar.com\/avatar\/7902f906289926289cbcda644b5197c796b893c6ffd7b9a536a42d290f7704a0?s=96&d=mm&r=g\",\"url\":\"https:\/\/secure.gravatar.com\/avatar\/7902f906289926289cbcda644b5197c796b893c6ffd7b9a536a42d290f7704a0?s=96&d=mm&r=g\",\"contentUrl\":\"https:\/\/secure.gravatar.com\/avatar\/7902f906289926289cbcda644b5197c796b893c6ffd7b9a536a42d290f7704a0?s=96&d=mm&r=g\",\"caption\":\"Eduardo Mart\u00ednez\"}}]}<\/script>\n<!-- \/ Yoast SEO plugin. -->","yoast_head_json":{"title":"Jorginho Mello atropela Constitui\u00e7\u00e3o Federal para agradar aos eleitores - Notibras","robots":{"index":"index","follow":"follow","max-snippet":"max-snippet:-1","max-image-preview":"max-image-preview:large","max-video-preview":"max-video-preview:-1"},"canonical":"https:\/\/www.notibras.com\/site\/jorginho-mello-atropela-constituicao-federal-para-agradar-aos-eleitores\/","og_locale":"pt_BR","og_type":"article","og_title":"Jorginho Mello atropela Constitui\u00e7\u00e3o Federal para agradar aos eleitores - Notibras","og_description":"Jorginho Mello, governador de Santa Catarina pelo PL, j\u00e1 est\u00e1 em campanha pela reelei\u00e7\u00e3o. N\u00e3o pode dizer isso em voz alta, pois a legisla\u00e7\u00e3o eleitoral n\u00e3o permite. Mas suas atitudes falam por ele. Nos \u00faltimos meses, o governador tem se esfor\u00e7ado para marcar posi\u00e7\u00e3o junto ao eleitorado mais radicalizado e conservador do estado. Para isso, [&hellip;]","og_url":"https:\/\/www.notibras.com\/site\/jorginho-mello-atropela-constituicao-federal-para-agradar-aos-eleitores\/","og_site_name":"Notibras","article_publisher":"https:\/\/www.facebook.com\/notibras\/","article_published_time":"2026-01-28T05:00:37+00:00","og_image":[{"width":640,"height":480,"url":"https:\/\/www.notibras.com\/site\/wp-content\/uploads\/2026\/01\/images.webp","type":"image\/webp"}],"author":"Eduardo Mart\u00ednez","twitter_card":"summary_large_image","twitter_creator":"@Notibras","twitter_site":"@Notibras","twitter_misc":{"Escrito por":"Eduardo Mart\u00ednez","Est. tempo de leitura":"3 minutos"},"schema":{"@context":"https:\/\/schema.org","@graph":[{"@type":"Article","@id":"https:\/\/www.notibras.com\/site\/jorginho-mello-atropela-constituicao-federal-para-agradar-aos-eleitores\/#article","isPartOf":{"@id":"https:\/\/www.notibras.com\/site\/jorginho-mello-atropela-constituicao-federal-para-agradar-aos-eleitores\/"},"author":{"name":"Eduardo Mart\u00ednez","@id":"https:\/\/www.notibras.com\/site\/#\/schema\/person\/5b7fabf2aedc3ada2105f03b22b4d3dd"},"headline":"Jorginho Mello atropela Constitui\u00e7\u00e3o Federal para agradar aos eleitores","datePublished":"2026-01-28T05:00:37+00:00","mainEntityOfPage":{"@id":"https:\/\/www.notibras.com\/site\/jorginho-mello-atropela-constituicao-federal-para-agradar-aos-eleitores\/"},"wordCount":383,"publisher":{"@id":"https:\/\/www.notibras.com\/site\/#organization"},"image":{"@id":"https:\/\/www.notibras.com\/site\/jorginho-mello-atropela-constituicao-federal-para-agradar-aos-eleitores\/#primaryimage"},"thumbnailUrl":"https:\/\/www.notibras.com\/site\/wp-content\/uploads\/2026\/01\/images.webp","articleSection":["Dona Irene"],"inLanguage":"pt-BR"},{"@type":"WebPage","@id":"https:\/\/www.notibras.com\/site\/jorginho-mello-atropela-constituicao-federal-para-agradar-aos-eleitores\/","url":"https:\/\/www.notibras.com\/site\/jorginho-mello-atropela-constituicao-federal-para-agradar-aos-eleitores\/","name":"Jorginho Mello atropela Constitui\u00e7\u00e3o Federal para agradar aos eleitores - Notibras","isPartOf":{"@id":"https:\/\/www.notibras.com\/site\/#website"},"primaryImageOfPage":{"@id":"https:\/\/www.notibras.com\/site\/jorginho-mello-atropela-constituicao-federal-para-agradar-aos-eleitores\/#primaryimage"},"image":{"@id":"https:\/\/www.notibras.com\/site\/jorginho-mello-atropela-constituicao-federal-para-agradar-aos-eleitores\/#primaryimage"},"thumbnailUrl":"https:\/\/www.notibras.com\/site\/wp-content\/uploads\/2026\/01\/images.webp","datePublished":"2026-01-28T05:00:37+00:00","breadcrumb":{"@id":"https:\/\/www.notibras.com\/site\/jorginho-mello-atropela-constituicao-federal-para-agradar-aos-eleitores\/#breadcrumb"},"inLanguage":"pt-BR","potentialAction":[{"@type":"ReadAction","target":["https:\/\/www.notibras.com\/site\/jorginho-mello-atropela-constituicao-federal-para-agradar-aos-eleitores\/"]}]},{"@type":"ImageObject","inLanguage":"pt-BR","@id":"https:\/\/www.notibras.com\/site\/jorginho-mello-atropela-constituicao-federal-para-agradar-aos-eleitores\/#primaryimage","url":"https:\/\/www.notibras.com\/site\/wp-content\/uploads\/2026\/01\/images.webp","contentUrl":"https:\/\/www.notibras.com\/site\/wp-content\/uploads\/2026\/01\/images.webp","width":640,"height":480},{"@type":"BreadcrumbList","@id":"https:\/\/www.notibras.com\/site\/jorginho-mello-atropela-constituicao-federal-para-agradar-aos-eleitores\/#breadcrumb","itemListElement":[{"@type":"ListItem","position":1,"name":"In\u00edcio","item":"https:\/\/www.notibras.com\/site\/"},{"@type":"ListItem","position":2,"name":"Jorginho Mello atropela Constitui\u00e7\u00e3o Federal para agradar aos eleitores"}]},{"@type":"WebSite","@id":"https:\/\/www.notibras.com\/site\/#website","url":"https:\/\/www.notibras.com\/site\/","name":"Notibras","description":"Not\u00edcias de Bras\u00edlia, do Brasil e do Mundo","publisher":{"@id":"https:\/\/www.notibras.com\/site\/#organization"},"potentialAction":[{"@type":"SearchAction","target":{"@type":"EntryPoint","urlTemplate":"https:\/\/www.notibras.com\/site\/?s={search_term_string}"},"query-input":{"@type":"PropertyValueSpecification","valueRequired":true,"valueName":"search_term_string"}}],"inLanguage":"pt-BR"},{"@type":"Organization","@id":"https:\/\/www.notibras.com\/site\/#organization","name":"Grupo Notibras de Comunica\u00e7\u00e3o","url":"https:\/\/www.notibras.com\/site\/","logo":{"@type":"ImageObject","inLanguage":"pt-BR","@id":"https:\/\/www.notibras.com\/site\/#\/schema\/logo\/image\/","url":"https:\/\/www.notibras.com\/site\/wp-content\/uploads\/2023\/01\/notibras23.png","contentUrl":"https:\/\/www.notibras.com\/site\/wp-content\/uploads\/2023\/01\/notibras23.png","width":350,"height":87,"caption":"Grupo Notibras de Comunica\u00e7\u00e3o"},"image":{"@id":"https:\/\/www.notibras.com\/site\/#\/schema\/logo\/image\/"},"sameAs":["https:\/\/www.facebook.com\/notibras\/","https:\/\/x.com\/Notibras","https:\/\/www.instagram.com\/notibras\/"]},{"@type":"Person","@id":"https:\/\/www.notibras.com\/site\/#\/schema\/person\/5b7fabf2aedc3ada2105f03b22b4d3dd","name":"Eduardo Mart\u00ednez","image":{"@type":"ImageObject","inLanguage":"pt-BR","@id":"https:\/\/secure.gravatar.com\/avatar\/7902f906289926289cbcda644b5197c796b893c6ffd7b9a536a42d290f7704a0?s=96&d=mm&r=g","url":"https:\/\/secure.gravatar.com\/avatar\/7902f906289926289cbcda644b5197c796b893c6ffd7b9a536a42d290f7704a0?s=96&d=mm&r=g","contentUrl":"https:\/\/secure.gravatar.com\/avatar\/7902f906289926289cbcda644b5197c796b893c6ffd7b9a536a42d290f7704a0?s=96&d=mm&r=g","caption":"Eduardo Mart\u00ednez"}}]}},"amp_enabled":true,"_links":{"self":[{"href":"https:\/\/www.notibras.com\/site\/wp-json\/wp\/v2\/posts\/380850","targetHints":{"allow":["GET"]}}],"collection":[{"href":"https:\/\/www.notibras.com\/site\/wp-json\/wp\/v2\/posts"}],"about":[{"href":"https:\/\/www.notibras.com\/site\/wp-json\/wp\/v2\/types\/post"}],"author":[{"embeddable":true,"href":"https:\/\/www.notibras.com\/site\/wp-json\/wp\/v2\/users\/21"}],"replies":[{"embeddable":true,"href":"https:\/\/www.notibras.com\/site\/wp-json\/wp\/v2\/comments?post=380850"}],"version-history":[{"count":4,"href":"https:\/\/www.notibras.com\/site\/wp-json\/wp\/v2\/posts\/380850\/revisions"}],"predecessor-version":[{"id":380855,"href":"https:\/\/www.notibras.com\/site\/wp-json\/wp\/v2\/posts\/380850\/revisions\/380855"}],"wp:featuredmedia":[{"embeddable":true,"href":"https:\/\/www.notibras.com\/site\/wp-json\/wp\/v2\/media\/380853"}],"wp:attachment":[{"href":"https:\/\/www.notibras.com\/site\/wp-json\/wp\/v2\/media?parent=380850"}],"wp:term":[{"taxonomy":"category","embeddable":true,"href":"https:\/\/www.notibras.com\/site\/wp-json\/wp\/v2\/categories?post=380850"},{"taxonomy":"post_tag","embeddable":true,"href":"https:\/\/www.notibras.com\/site\/wp-json\/wp\/v2\/tags?post=380850"}],"curies":[{"name":"wp","href":"https:\/\/api.w.org\/{rel}","templated":true}]}}