{"id":380914,"date":"2026-01-28T00:38:59","date_gmt":"2026-01-28T03:38:59","guid":{"rendered":"https:\/\/www.notibras.com\/site\/?p=380914"},"modified":"2026-01-28T07:41:50","modified_gmt":"2026-01-28T10:41:50","slug":"nordestino-acompanha-o-ritmo-da-evolucao-na-educacao","status":"publish","type":"post","link":"https:\/\/www.notibras.com\/site\/nordestino-acompanha-o-ritmo-da-evolucao-na-educacao\/","title":{"rendered":"Nordestino acompanha o ritmo da evolu\u00e7\u00e3o na educa\u00e7\u00e3o"},"content":{"rendered":"<p>Teve um tempo em que a sala de aula no Nordeste era quase sempre a mesma: quadro preto gasto, giz branco rangendo, carteiras enfileiradas e o professor como dono absoluto do saber. O aluno, quieto, aprendia mais a ouvir do que a perguntar. A educa\u00e7\u00e3o seguia dura, repetitiva, muitas vezes distante da realidade do sert\u00e3o, do litoral, das periferias e das comunidades rurais. Ainda assim, foi ali que muita gente aprendeu a ler o mundo, mesmo quando o mundo parecia n\u00e3o caber nos livros.<\/p>\n<p>Hoje, o cen\u00e1rio come\u00e7a a mudar \u2014 n\u00e3o sem trope\u00e7os, \u00e9 verdade. As novas metodologias de ensino chegam como vento novo em casa antiga. Ensino h\u00edbrido, aprendizagem por projetos, uso de tecnologias digitais, aulas mais participativas e uma tentativa, ainda em constru\u00e7\u00e3o, de colocar o estudante no centro do processo. No Nordeste, essas mudan\u00e7as ganham um significado especial: educar deixou de ser apenas transmitir conte\u00fado e passou a ser tamb\u00e9m resistir, adaptar e reinventar.<\/p>\n<p>Em muitas escolas da regi\u00e3o, o celular, antes proibido, virou ferramenta de aprendizado. Professores criativos usam v\u00eddeos, podcasts e plataformas digitais para aproximar o conte\u00fado da realidade do aluno. A hist\u00f3ria local, a cultura popular, o saber do povo e a viv\u00eancia comunit\u00e1ria come\u00e7am, aos poucos, a ocupar espa\u00e7o no curr\u00edculo. \u00c9 a escola tentando dialogar com a vida, e n\u00e3o o contr\u00e1rio.<\/p>\n<p>Mas nem tudo s\u00e3o flores nesse novo caminho. A desigualdade ainda pesa. Enquanto algumas escolas experimentam inova\u00e7\u00e3o, outras lutam com falta de internet, infraestrutura prec\u00e1ria e forma\u00e7\u00e3o continuada insuficiente para os educadores. O desafio do Nordeste \u00e9 fazer com que a moderniza\u00e7\u00e3o da educa\u00e7\u00e3o n\u00e3o seja privil\u00e9gio de poucos, mas um direito de todos.<\/p>\n<p>A educa\u00e7\u00e3o de ontem formou gera\u00e7\u00f5es resistentes, acostumadas a aprender mesmo com pouco. A educa\u00e7\u00e3o de hoje carrega a miss\u00e3o de unir essa resist\u00eancia com novas possibilidades, sem perder a identidade nem ignorar as ra\u00edzes. No Nordeste, ensinar sempre foi um ato de coragem. Agora, \u00e9 tamb\u00e9m um exerc\u00edcio de transforma\u00e7\u00e3o.<\/p>\n<p>Porque, no fim das contas, educar no Nordeste nunca foi s\u00f3 preparar para provas, mas para a vida \u2014 uma vida que exige pensamento cr\u00edtico, consci\u00eancia social e esperan\u00e7a, mesmo em meio \u00e0s secas, desigualdades e desafios di\u00e1rios. E talvez seja justamente essa mistura de passado e futuro que fa\u00e7a da educa\u00e7\u00e3o nordestina uma das mais potentes do pa\u00eds.<\/p>\n","protected":false},"excerpt":{"rendered":"<p>Teve um tempo em que a sala de aula no Nordeste era quase sempre a mesma: quadro preto gasto, giz branco rangendo, carteiras enfileiradas e o professor como dono absoluto do saber. O aluno, quieto, aprendia mais a ouvir do que a perguntar. A educa\u00e7\u00e3o seguia dura, repetitiva, muitas vezes distante da realidade do sert\u00e3o, [&hellip;]<\/p>\n","protected":false},"author":2,"featured_media":171725,"comment_status":"closed","ping_status":"closed","sticky":false,"template":"","format":"standard","meta":{"_acf_changed":false,"footnotes":""},"categories":[165],"tags":[],"class_list":["post-380914","post","type-post","status-publish","format-standard","has-post-thumbnail","hentry","category-nordeste"],"acf":[],"_links":{"self":[{"href":"https:\/\/www.notibras.com\/site\/wp-json\/wp\/v2\/posts\/380914","targetHints":{"allow":["GET"]}}],"collection":[{"href":"https:\/\/www.notibras.com\/site\/wp-json\/wp\/v2\/posts"}],"about":[{"href":"https:\/\/www.notibras.com\/site\/wp-json\/wp\/v2\/types\/post"}],"author":[{"embeddable":true,"href":"https:\/\/www.notibras.com\/site\/wp-json\/wp\/v2\/users\/2"}],"replies":[{"embeddable":true,"href":"https:\/\/www.notibras.com\/site\/wp-json\/wp\/v2\/comments?post=380914"}],"version-history":[{"count":1,"href":"https:\/\/www.notibras.com\/site\/wp-json\/wp\/v2\/posts\/380914\/revisions"}],"predecessor-version":[{"id":380915,"href":"https:\/\/www.notibras.com\/site\/wp-json\/wp\/v2\/posts\/380914\/revisions\/380915"}],"wp:featuredmedia":[{"embeddable":true,"href":"https:\/\/www.notibras.com\/site\/wp-json\/wp\/v2\/media\/171725"}],"wp:attachment":[{"href":"https:\/\/www.notibras.com\/site\/wp-json\/wp\/v2\/media?parent=380914"}],"wp:term":[{"taxonomy":"category","embeddable":true,"href":"https:\/\/www.notibras.com\/site\/wp-json\/wp\/v2\/categories?post=380914"},{"taxonomy":"post_tag","embeddable":true,"href":"https:\/\/www.notibras.com\/site\/wp-json\/wp\/v2\/tags?post=380914"}],"curies":[{"name":"wp","href":"https:\/\/api.w.org\/{rel}","templated":true}]}}