{"id":380916,"date":"2026-01-28T00:00:14","date_gmt":"2026-01-28T03:00:14","guid":{"rendered":"https:\/\/www.notibras.com\/site\/?p=380916"},"modified":"2026-01-28T07:48:57","modified_gmt":"2026-01-28T10:48:57","slug":"mais-de-20-das-criancas-com-microcefalia-desenvolveram-ma-formacao","status":"publish","type":"post","link":"https:\/\/www.notibras.com\/site\/mais-de-20-das-criancas-com-microcefalia-desenvolveram-ma-formacao\/","title":{"rendered":"Mais de 20% das crian\u00e7as com microcefalia t\u00eam m\u00e1-forma\u00e7\u00e3o"},"content":{"rendered":"<p>Dez anos ap\u00f3s a epidemia de zika v\u00edrus que causou uma explos\u00e3o de casos de microcefalia, cientistas da Universidade de Pernambuco (UPE), da Funda\u00e7\u00e3o Oswaldo Cruz (Fiocruz) e da Universidade Federal do Rio de Janeiro (UFRJ) lan\u00e7aram uma pesquisa sobre o perfil das crian\u00e7as que desenvolveram a m\u00e1-forma\u00e7\u00e3o ap\u00f3s o surto da doen\u00e7a.<\/p>\n<p>Os pesquisadores acompanharam 843 meninos e meninas nascidos entre 2015 e 2018 em nove cidades das regi\u00f5es Norte, Nordeste e Sudeste, sendo a maioria de Pernambuco e da Bahia. Segundo o levantamento, 20,4% delas (172) desenvolveram a anomalia depois do nascimento, \u00e0 medida que cresceram.<\/p>\n<p>Al\u00e9m disso, 384 das crian\u00e7as monitoradas (63,9%) t\u00eam microcefalia em grau severo e precisam de cuidados multidisciplinares. Esse \u00e9 o maior estudo j\u00e1 realizado sobre o assunto, de acordo com a UPE.<\/p>\n","protected":false},"excerpt":{"rendered":"<p>Dez anos ap\u00f3s a epidemia de zika v\u00edrus que causou uma explos\u00e3o de casos de microcefalia, cientistas da Universidade de Pernambuco (UPE), da Funda\u00e7\u00e3o Oswaldo Cruz (Fiocruz) e da Universidade Federal do Rio de Janeiro (UFRJ) lan\u00e7aram uma pesquisa sobre o perfil das crian\u00e7as que desenvolveram a m\u00e1-forma\u00e7\u00e3o ap\u00f3s o surto da doen\u00e7a. Os pesquisadores [&hellip;]<\/p>\n","protected":false},"author":2,"featured_media":380917,"comment_status":"closed","ping_status":"closed","sticky":false,"template":"","format":"standard","meta":{"_acf_changed":false,"footnotes":""},"categories":[165],"tags":[],"class_list":["post-380916","post","type-post","status-publish","format-standard","has-post-thumbnail","hentry","category-nordeste"],"acf":[],"_links":{"self":[{"href":"https:\/\/www.notibras.com\/site\/wp-json\/wp\/v2\/posts\/380916","targetHints":{"allow":["GET"]}}],"collection":[{"href":"https:\/\/www.notibras.com\/site\/wp-json\/wp\/v2\/posts"}],"about":[{"href":"https:\/\/www.notibras.com\/site\/wp-json\/wp\/v2\/types\/post"}],"author":[{"embeddable":true,"href":"https:\/\/www.notibras.com\/site\/wp-json\/wp\/v2\/users\/2"}],"replies":[{"embeddable":true,"href":"https:\/\/www.notibras.com\/site\/wp-json\/wp\/v2\/comments?post=380916"}],"version-history":[{"count":3,"href":"https:\/\/www.notibras.com\/site\/wp-json\/wp\/v2\/posts\/380916\/revisions"}],"predecessor-version":[{"id":380920,"href":"https:\/\/www.notibras.com\/site\/wp-json\/wp\/v2\/posts\/380916\/revisions\/380920"}],"wp:featuredmedia":[{"embeddable":true,"href":"https:\/\/www.notibras.com\/site\/wp-json\/wp\/v2\/media\/380917"}],"wp:attachment":[{"href":"https:\/\/www.notibras.com\/site\/wp-json\/wp\/v2\/media?parent=380916"}],"wp:term":[{"taxonomy":"category","embeddable":true,"href":"https:\/\/www.notibras.com\/site\/wp-json\/wp\/v2\/categories?post=380916"},{"taxonomy":"post_tag","embeddable":true,"href":"https:\/\/www.notibras.com\/site\/wp-json\/wp\/v2\/tags?post=380916"}],"curies":[{"name":"wp","href":"https:\/\/api.w.org\/{rel}","templated":true}]}}