{"id":380937,"date":"2026-01-28T13:37:17","date_gmt":"2026-01-28T16:37:17","guid":{"rendered":"https:\/\/www.notibras.com\/site\/?p=380937"},"modified":"2026-01-28T13:37:17","modified_gmt":"2026-01-28T16:37:17","slug":"operacao-mau-negocio","status":"publish","type":"post","link":"https:\/\/www.notibras.com\/site\/operacao-mau-negocio\/","title":{"rendered":"OPERA\u00c7\u00c3O MAU NEG\u00d3CIO"},"content":{"rendered":"<p>A Pol\u00edcia Civil do Distrito Federal (PCDF), por meio da 15\u00aa Delegacia de Pol\u00edcia, deflagrou, na tarde de ontem (27\/01), a Opera\u00e7\u00e3o Mau Neg\u00f3cio, que resultou na pris\u00e3o de um homem de 65 anos, propriet\u00e1rio de um ferro-velho localizado em Ceil\u00e2ndia\/DF, investigado pela pr\u00e1tica do crime de recepta\u00e7\u00e3o qualificada.<\/p>\n<p>A a\u00e7\u00e3o \u00e9 desdobramento de investiga\u00e7\u00e3o iniciada em novembro de 2025, quando o autor teria receptado 10 gradis met\u00e1licos que haviam sido furtados durante a realiza\u00e7\u00e3o de um evento em Ceil\u00e2ndia. \u00c0 \u00e9poca, seis dias ap\u00f3s o furto, o propriet\u00e1rio da empresa v\u00edtima conseguiu localizar os gradis no ferro-velho do investigado, deslocando-se at\u00e9 o local, onde conseguiu recuperar os bens subtra\u00eddos. Os fatos passaram a ser apurados pela 15\u00aa DP desde ent\u00e3o.<\/p>\n<p>Com o avan\u00e7o das investiga\u00e7\u00f5es e diante de ind\u00edcios de que o ferro-velho vinha sendo utilizado de forma reiterada para a aquisi\u00e7\u00e3o, armazenamento e revenda de bens de origem il\u00edcita, a autoridade policial representou pela expedi\u00e7\u00e3o de mandado de busca e apreens\u00e3o em desfavor do investigado.<\/p>\n<p>A medida foi deferida pelo Poder Judici\u00e1rio e cumprida na tarde de ontem (27\/01), no endere\u00e7o onde funciona o ferro-velho e tamb\u00e9m a resid\u00eancia do autor. Durante as buscas, os policiais civis localizaram diversos bens de proced\u00eancia il\u00edcita, incluindo aparelho celular produto de furto, grande quantidade de cabos de cobre e de alum\u00ednio, cabos pertencentes a empresas de telefonia n\u00e3o comercializ\u00e1veis, al\u00e9m de ferramentas, equipamentos el\u00e9tricos, cart\u00f5es banc\u00e1rios em nome de terceiros e outros objetos sem comprova\u00e7\u00e3o de origem l\u00edcita.<\/p>\n<p>Diante do material apreendido e das provas colhidas ao longo da investiga\u00e7\u00e3o, o homem foi preso em flagrante pelo crime de recepta\u00e7\u00e3o qualificada, previsto no artigo 180, \u00a7 1\u00ba, do C\u00f3digo Penal Brasileiro, cuja pena \u00e9 de reclus\u00e3o de tr\u00eas a oito anos, al\u00e9m de multa.<\/p>\n<p>Ap\u00f3s os procedimentos de praxe, o preso foi recolhido \u00e0 carceragem da DCCP, onde permanecer\u00e1 \u00e0 disposi\u00e7\u00e3o do Poder Judici\u00e1rio.<\/p>\n<div style=\"width: 740px;\" class=\"wp-video\"><video class=\"wp-video-shortcode\" id=\"video-380937-1\" width=\"740\" height=\"417\" preload=\"metadata\" controls=\"controls\"><source type=\"video\/mp4\" src=\"https:\/\/www.notibras.com\/site\/wp-content\/uploads\/2026\/01\/WhatsApp-Video-2026-01-28-at-13.20.17.mp4?_=1\" \/><a href=\"https:\/\/www.notibras.com\/site\/wp-content\/uploads\/2026\/01\/WhatsApp-Video-2026-01-28-at-13.20.17.mp4\">https:\/\/www.notibras.com\/site\/wp-content\/uploads\/2026\/01\/WhatsApp-Video-2026-01-28-at-13.20.17.mp4<\/a><\/video><\/div>\n<div style=\"width: 740px;\" class=\"wp-video\"><video class=\"wp-video-shortcode\" id=\"video-380937-2\" width=\"740\" height=\"417\" preload=\"metadata\" controls=\"controls\"><source type=\"video\/mp4\" src=\"https:\/\/www.notibras.com\/site\/wp-content\/uploads\/2026\/01\/WhatsApp-Video-2026-01-28-at-13.20.18.mp4?_=2\" \/><a href=\"https:\/\/www.notibras.com\/site\/wp-content\/uploads\/2026\/01\/WhatsApp-Video-2026-01-28-at-13.20.18.mp4\">https:\/\/www.notibras.com\/site\/wp-content\/uploads\/2026\/01\/WhatsApp-Video-2026-01-28-at-13.20.18.mp4<\/a><\/video><\/div>\n","protected":false},"excerpt":{"rendered":"<p>A Pol\u00edcia Civil do Distrito Federal (PCDF), por meio da 15\u00aa Delegacia de Pol\u00edcia, deflagrou, na tarde de ontem (27\/01), a Opera\u00e7\u00e3o Mau Neg\u00f3cio, que resultou na pris\u00e3o de um homem de 65 anos, propriet\u00e1rio de um ferro-velho localizado em Ceil\u00e2ndia\/DF, investigado pela pr\u00e1tica do crime de recepta\u00e7\u00e3o qualificada. A a\u00e7\u00e3o \u00e9 desdobramento de investiga\u00e7\u00e3o [&hellip;]<\/p>\n","protected":false},"author":21,"featured_media":380938,"comment_status":"closed","ping_status":"closed","sticky":false,"template":"","format":"standard","meta":{"_acf_changed":false,"footnotes":""},"categories":[161],"tags":[],"class_list":["post-380937","post","type-post","status-publish","format-standard","has-post-thumbnail","hentry","category-quadradinho-em-foco"],"acf":[],"yoast_head":"<!-- This site is optimized with the Yoast SEO plugin v27.2 - https:\/\/yoast.com\/product\/yoast-seo-wordpress\/ -->\n<title>OPERA\u00c7\u00c3O MAU NEG\u00d3CIO - Notibras<\/title>\n<meta name=\"robots\" content=\"index, follow, max-snippet:-1, max-image-preview:large, max-video-preview:-1\" \/>\n<link rel=\"canonical\" href=\"https:\/\/www.notibras.com\/site\/operacao-mau-negocio\/\" \/>\n<meta property=\"og:locale\" content=\"pt_BR\" \/>\n<meta property=\"og:type\" content=\"article\" \/>\n<meta property=\"og:title\" content=\"OPERA\u00c7\u00c3O MAU NEG\u00d3CIO - Notibras\" \/>\n<meta property=\"og:description\" content=\"A Pol\u00edcia Civil do Distrito Federal (PCDF), por meio da 15\u00aa Delegacia de Pol\u00edcia, deflagrou, na tarde de ontem (27\/01), a Opera\u00e7\u00e3o Mau Neg\u00f3cio, que resultou na pris\u00e3o de um homem de 65 anos, propriet\u00e1rio de um ferro-velho localizado em Ceil\u00e2ndia\/DF, investigado pela pr\u00e1tica do crime de recepta\u00e7\u00e3o qualificada. A a\u00e7\u00e3o \u00e9 desdobramento de investiga\u00e7\u00e3o [&hellip;]\" \/>\n<meta property=\"og:url\" content=\"https:\/\/www.notibras.com\/site\/operacao-mau-negocio\/\" \/>\n<meta property=\"og:site_name\" content=\"Notibras\" \/>\n<meta property=\"article:publisher\" content=\"https:\/\/www.facebook.com\/notibras\/\" \/>\n<meta property=\"article:published_time\" content=\"2026-01-28T16:37:17+00:00\" \/>\n<meta property=\"og:image\" content=\"https:\/\/www.notibras.com\/site\/wp-content\/uploads\/2026\/01\/WhatsApp-Image-2026-01-28-at-13.20.17.jpeg\" \/>\n\t<meta property=\"og:image:width\" content=\"1600\" \/>\n\t<meta property=\"og:image:height\" content=\"1200\" \/>\n\t<meta property=\"og:image:type\" content=\"image\/jpeg\" \/>\n<meta name=\"author\" content=\"Eduardo Mart\u00ednez\" \/>\n<meta name=\"twitter:card\" content=\"summary_large_image\" \/>\n<meta name=\"twitter:creator\" content=\"@Notibras\" \/>\n<meta name=\"twitter:site\" content=\"@Notibras\" \/>\n<meta name=\"twitter:label1\" content=\"Escrito por\" \/>\n\t<meta name=\"twitter:data1\" content=\"Eduardo Mart\u00ednez\" \/>\n\t<meta name=\"twitter:label2\" content=\"Est. tempo de leitura\" \/>\n\t<meta name=\"twitter:data2\" content=\"3 minutos\" \/>\n<script type=\"application\/ld+json\" class=\"yoast-schema-graph\">{\"@context\":\"https:\/\/schema.org\",\"@graph\":[{\"@type\":\"Article\",\"@id\":\"https:\/\/www.notibras.com\/site\/operacao-mau-negocio\/#article\",\"isPartOf\":{\"@id\":\"https:\/\/www.notibras.com\/site\/operacao-mau-negocio\/\"},\"author\":{\"name\":\"Eduardo Mart\u00ednez\",\"@id\":\"https:\/\/www.notibras.com\/site\/#\/schema\/person\/5b7fabf2aedc3ada2105f03b22b4d3dd\"},\"headline\":\"OPERA\u00c7\u00c3O MAU NEG\u00d3CIO\",\"datePublished\":\"2026-01-28T16:37:17+00:00\",\"mainEntityOfPage\":{\"@id\":\"https:\/\/www.notibras.com\/site\/operacao-mau-negocio\/\"},\"wordCount\":388,\"publisher\":{\"@id\":\"https:\/\/www.notibras.com\/site\/#organization\"},\"image\":{\"@id\":\"https:\/\/www.notibras.com\/site\/operacao-mau-negocio\/#primaryimage\"},\"thumbnailUrl\":\"https:\/\/www.notibras.com\/site\/wp-content\/uploads\/2026\/01\/WhatsApp-Image-2026-01-28-at-13.20.17.jpeg\",\"articleSection\":[\"Quadradinho em Foco\"],\"inLanguage\":\"pt-BR\"},{\"@type\":\"WebPage\",\"@id\":\"https:\/\/www.notibras.com\/site\/operacao-mau-negocio\/\",\"url\":\"https:\/\/www.notibras.com\/site\/operacao-mau-negocio\/\",\"name\":\"OPERA\u00c7\u00c3O MAU NEG\u00d3CIO - Notibras\",\"isPartOf\":{\"@id\":\"https:\/\/www.notibras.com\/site\/#website\"},\"primaryImageOfPage\":{\"@id\":\"https:\/\/www.notibras.com\/site\/operacao-mau-negocio\/#primaryimage\"},\"image\":{\"@id\":\"https:\/\/www.notibras.com\/site\/operacao-mau-negocio\/#primaryimage\"},\"thumbnailUrl\":\"https:\/\/www.notibras.com\/site\/wp-content\/uploads\/2026\/01\/WhatsApp-Image-2026-01-28-at-13.20.17.jpeg\",\"datePublished\":\"2026-01-28T16:37:17+00:00\",\"breadcrumb\":{\"@id\":\"https:\/\/www.notibras.com\/site\/operacao-mau-negocio\/#breadcrumb\"},\"inLanguage\":\"pt-BR\",\"potentialAction\":[{\"@type\":\"ReadAction\",\"target\":[\"https:\/\/www.notibras.com\/site\/operacao-mau-negocio\/\"]}]},{\"@type\":\"ImageObject\",\"inLanguage\":\"pt-BR\",\"@id\":\"https:\/\/www.notibras.com\/site\/operacao-mau-negocio\/#primaryimage\",\"url\":\"https:\/\/www.notibras.com\/site\/wp-content\/uploads\/2026\/01\/WhatsApp-Image-2026-01-28-at-13.20.17.jpeg\",\"contentUrl\":\"https:\/\/www.notibras.com\/site\/wp-content\/uploads\/2026\/01\/WhatsApp-Image-2026-01-28-at-13.20.17.jpeg\",\"width\":1600,\"height\":1200},{\"@type\":\"BreadcrumbList\",\"@id\":\"https:\/\/www.notibras.com\/site\/operacao-mau-negocio\/#breadcrumb\",\"itemListElement\":[{\"@type\":\"ListItem\",\"position\":1,\"name\":\"In\u00edcio\",\"item\":\"https:\/\/www.notibras.com\/site\/\"},{\"@type\":\"ListItem\",\"position\":2,\"name\":\"OPERA\u00c7\u00c3O MAU NEG\u00d3CIO\"}]},{\"@type\":\"WebSite\",\"@id\":\"https:\/\/www.notibras.com\/site\/#website\",\"url\":\"https:\/\/www.notibras.com\/site\/\",\"name\":\"Notibras\",\"description\":\"Not\u00edcias de Bras\u00edlia, do Brasil e do Mundo\",\"publisher\":{\"@id\":\"https:\/\/www.notibras.com\/site\/#organization\"},\"potentialAction\":[{\"@type\":\"SearchAction\",\"target\":{\"@type\":\"EntryPoint\",\"urlTemplate\":\"https:\/\/www.notibras.com\/site\/?s={search_term_string}\"},\"query-input\":{\"@type\":\"PropertyValueSpecification\",\"valueRequired\":true,\"valueName\":\"search_term_string\"}}],\"inLanguage\":\"pt-BR\"},{\"@type\":\"Organization\",\"@id\":\"https:\/\/www.notibras.com\/site\/#organization\",\"name\":\"Grupo Notibras de Comunica\u00e7\u00e3o\",\"url\":\"https:\/\/www.notibras.com\/site\/\",\"logo\":{\"@type\":\"ImageObject\",\"inLanguage\":\"pt-BR\",\"@id\":\"https:\/\/www.notibras.com\/site\/#\/schema\/logo\/image\/\",\"url\":\"https:\/\/www.notibras.com\/site\/wp-content\/uploads\/2023\/01\/notibras23.png\",\"contentUrl\":\"https:\/\/www.notibras.com\/site\/wp-content\/uploads\/2023\/01\/notibras23.png\",\"width\":350,\"height\":87,\"caption\":\"Grupo Notibras de Comunica\u00e7\u00e3o\"},\"image\":{\"@id\":\"https:\/\/www.notibras.com\/site\/#\/schema\/logo\/image\/\"},\"sameAs\":[\"https:\/\/www.facebook.com\/notibras\/\",\"https:\/\/x.com\/Notibras\",\"https:\/\/www.instagram.com\/notibras\/\"]},{\"@type\":\"Person\",\"@id\":\"https:\/\/www.notibras.com\/site\/#\/schema\/person\/5b7fabf2aedc3ada2105f03b22b4d3dd\",\"name\":\"Eduardo Mart\u00ednez\",\"image\":{\"@type\":\"ImageObject\",\"inLanguage\":\"pt-BR\",\"@id\":\"https:\/\/secure.gravatar.com\/avatar\/7902f906289926289cbcda644b5197c796b893c6ffd7b9a536a42d290f7704a0?s=96&d=mm&r=g\",\"url\":\"https:\/\/secure.gravatar.com\/avatar\/7902f906289926289cbcda644b5197c796b893c6ffd7b9a536a42d290f7704a0?s=96&d=mm&r=g\",\"contentUrl\":\"https:\/\/secure.gravatar.com\/avatar\/7902f906289926289cbcda644b5197c796b893c6ffd7b9a536a42d290f7704a0?s=96&d=mm&r=g\",\"caption\":\"Eduardo Mart\u00ednez\"}}]}<\/script>\n<!-- \/ Yoast SEO plugin. -->","yoast_head_json":{"title":"OPERA\u00c7\u00c3O MAU NEG\u00d3CIO - Notibras","robots":{"index":"index","follow":"follow","max-snippet":"max-snippet:-1","max-image-preview":"max-image-preview:large","max-video-preview":"max-video-preview:-1"},"canonical":"https:\/\/www.notibras.com\/site\/operacao-mau-negocio\/","og_locale":"pt_BR","og_type":"article","og_title":"OPERA\u00c7\u00c3O MAU NEG\u00d3CIO - Notibras","og_description":"A Pol\u00edcia Civil do Distrito Federal (PCDF), por meio da 15\u00aa Delegacia de Pol\u00edcia, deflagrou, na tarde de ontem (27\/01), a Opera\u00e7\u00e3o Mau Neg\u00f3cio, que resultou na pris\u00e3o de um homem de 65 anos, propriet\u00e1rio de um ferro-velho localizado em Ceil\u00e2ndia\/DF, investigado pela pr\u00e1tica do crime de recepta\u00e7\u00e3o qualificada. A a\u00e7\u00e3o \u00e9 desdobramento de investiga\u00e7\u00e3o [&hellip;]","og_url":"https:\/\/www.notibras.com\/site\/operacao-mau-negocio\/","og_site_name":"Notibras","article_publisher":"https:\/\/www.facebook.com\/notibras\/","article_published_time":"2026-01-28T16:37:17+00:00","og_image":[{"width":1600,"height":1200,"url":"https:\/\/www.notibras.com\/site\/wp-content\/uploads\/2026\/01\/WhatsApp-Image-2026-01-28-at-13.20.17.jpeg","type":"image\/jpeg"}],"author":"Eduardo Mart\u00ednez","twitter_card":"summary_large_image","twitter_creator":"@Notibras","twitter_site":"@Notibras","twitter_misc":{"Escrito por":"Eduardo Mart\u00ednez","Est. tempo de leitura":"3 minutos"},"schema":{"@context":"https:\/\/schema.org","@graph":[{"@type":"Article","@id":"https:\/\/www.notibras.com\/site\/operacao-mau-negocio\/#article","isPartOf":{"@id":"https:\/\/www.notibras.com\/site\/operacao-mau-negocio\/"},"author":{"name":"Eduardo Mart\u00ednez","@id":"https:\/\/www.notibras.com\/site\/#\/schema\/person\/5b7fabf2aedc3ada2105f03b22b4d3dd"},"headline":"OPERA\u00c7\u00c3O MAU NEG\u00d3CIO","datePublished":"2026-01-28T16:37:17+00:00","mainEntityOfPage":{"@id":"https:\/\/www.notibras.com\/site\/operacao-mau-negocio\/"},"wordCount":388,"publisher":{"@id":"https:\/\/www.notibras.com\/site\/#organization"},"image":{"@id":"https:\/\/www.notibras.com\/site\/operacao-mau-negocio\/#primaryimage"},"thumbnailUrl":"https:\/\/www.notibras.com\/site\/wp-content\/uploads\/2026\/01\/WhatsApp-Image-2026-01-28-at-13.20.17.jpeg","articleSection":["Quadradinho em Foco"],"inLanguage":"pt-BR"},{"@type":"WebPage","@id":"https:\/\/www.notibras.com\/site\/operacao-mau-negocio\/","url":"https:\/\/www.notibras.com\/site\/operacao-mau-negocio\/","name":"OPERA\u00c7\u00c3O MAU NEG\u00d3CIO - Notibras","isPartOf":{"@id":"https:\/\/www.notibras.com\/site\/#website"},"primaryImageOfPage":{"@id":"https:\/\/www.notibras.com\/site\/operacao-mau-negocio\/#primaryimage"},"image":{"@id":"https:\/\/www.notibras.com\/site\/operacao-mau-negocio\/#primaryimage"},"thumbnailUrl":"https:\/\/www.notibras.com\/site\/wp-content\/uploads\/2026\/01\/WhatsApp-Image-2026-01-28-at-13.20.17.jpeg","datePublished":"2026-01-28T16:37:17+00:00","breadcrumb":{"@id":"https:\/\/www.notibras.com\/site\/operacao-mau-negocio\/#breadcrumb"},"inLanguage":"pt-BR","potentialAction":[{"@type":"ReadAction","target":["https:\/\/www.notibras.com\/site\/operacao-mau-negocio\/"]}]},{"@type":"ImageObject","inLanguage":"pt-BR","@id":"https:\/\/www.notibras.com\/site\/operacao-mau-negocio\/#primaryimage","url":"https:\/\/www.notibras.com\/site\/wp-content\/uploads\/2026\/01\/WhatsApp-Image-2026-01-28-at-13.20.17.jpeg","contentUrl":"https:\/\/www.notibras.com\/site\/wp-content\/uploads\/2026\/01\/WhatsApp-Image-2026-01-28-at-13.20.17.jpeg","width":1600,"height":1200},{"@type":"BreadcrumbList","@id":"https:\/\/www.notibras.com\/site\/operacao-mau-negocio\/#breadcrumb","itemListElement":[{"@type":"ListItem","position":1,"name":"In\u00edcio","item":"https:\/\/www.notibras.com\/site\/"},{"@type":"ListItem","position":2,"name":"OPERA\u00c7\u00c3O MAU NEG\u00d3CIO"}]},{"@type":"WebSite","@id":"https:\/\/www.notibras.com\/site\/#website","url":"https:\/\/www.notibras.com\/site\/","name":"Notibras","description":"Not\u00edcias de Bras\u00edlia, do Brasil e do Mundo","publisher":{"@id":"https:\/\/www.notibras.com\/site\/#organization"},"potentialAction":[{"@type":"SearchAction","target":{"@type":"EntryPoint","urlTemplate":"https:\/\/www.notibras.com\/site\/?s={search_term_string}"},"query-input":{"@type":"PropertyValueSpecification","valueRequired":true,"valueName":"search_term_string"}}],"inLanguage":"pt-BR"},{"@type":"Organization","@id":"https:\/\/www.notibras.com\/site\/#organization","name":"Grupo Notibras de Comunica\u00e7\u00e3o","url":"https:\/\/www.notibras.com\/site\/","logo":{"@type":"ImageObject","inLanguage":"pt-BR","@id":"https:\/\/www.notibras.com\/site\/#\/schema\/logo\/image\/","url":"https:\/\/www.notibras.com\/site\/wp-content\/uploads\/2023\/01\/notibras23.png","contentUrl":"https:\/\/www.notibras.com\/site\/wp-content\/uploads\/2023\/01\/notibras23.png","width":350,"height":87,"caption":"Grupo Notibras de Comunica\u00e7\u00e3o"},"image":{"@id":"https:\/\/www.notibras.com\/site\/#\/schema\/logo\/image\/"},"sameAs":["https:\/\/www.facebook.com\/notibras\/","https:\/\/x.com\/Notibras","https:\/\/www.instagram.com\/notibras\/"]},{"@type":"Person","@id":"https:\/\/www.notibras.com\/site\/#\/schema\/person\/5b7fabf2aedc3ada2105f03b22b4d3dd","name":"Eduardo Mart\u00ednez","image":{"@type":"ImageObject","inLanguage":"pt-BR","@id":"https:\/\/secure.gravatar.com\/avatar\/7902f906289926289cbcda644b5197c796b893c6ffd7b9a536a42d290f7704a0?s=96&d=mm&r=g","url":"https:\/\/secure.gravatar.com\/avatar\/7902f906289926289cbcda644b5197c796b893c6ffd7b9a536a42d290f7704a0?s=96&d=mm&r=g","contentUrl":"https:\/\/secure.gravatar.com\/avatar\/7902f906289926289cbcda644b5197c796b893c6ffd7b9a536a42d290f7704a0?s=96&d=mm&r=g","caption":"Eduardo Mart\u00ednez"}}]}},"amp_enabled":true,"_links":{"self":[{"href":"https:\/\/www.notibras.com\/site\/wp-json\/wp\/v2\/posts\/380937","targetHints":{"allow":["GET"]}}],"collection":[{"href":"https:\/\/www.notibras.com\/site\/wp-json\/wp\/v2\/posts"}],"about":[{"href":"https:\/\/www.notibras.com\/site\/wp-json\/wp\/v2\/types\/post"}],"author":[{"embeddable":true,"href":"https:\/\/www.notibras.com\/site\/wp-json\/wp\/v2\/users\/21"}],"replies":[{"embeddable":true,"href":"https:\/\/www.notibras.com\/site\/wp-json\/wp\/v2\/comments?post=380937"}],"version-history":[{"count":2,"href":"https:\/\/www.notibras.com\/site\/wp-json\/wp\/v2\/posts\/380937\/revisions"}],"predecessor-version":[{"id":380942,"href":"https:\/\/www.notibras.com\/site\/wp-json\/wp\/v2\/posts\/380937\/revisions\/380942"}],"wp:featuredmedia":[{"embeddable":true,"href":"https:\/\/www.notibras.com\/site\/wp-json\/wp\/v2\/media\/380938"}],"wp:attachment":[{"href":"https:\/\/www.notibras.com\/site\/wp-json\/wp\/v2\/media?parent=380937"}],"wp:term":[{"taxonomy":"category","embeddable":true,"href":"https:\/\/www.notibras.com\/site\/wp-json\/wp\/v2\/categories?post=380937"},{"taxonomy":"post_tag","embeddable":true,"href":"https:\/\/www.notibras.com\/site\/wp-json\/wp\/v2\/tags?post=380937"}],"curies":[{"name":"wp","href":"https:\/\/api.w.org\/{rel}","templated":true}]}}