{"id":380956,"date":"2026-01-29T00:45:32","date_gmt":"2026-01-29T03:45:32","guid":{"rendered":"https:\/\/www.notibras.com\/site\/?p=380956"},"modified":"2026-01-28T22:41:48","modified_gmt":"2026-01-29T01:41:48","slug":"incendio-em-residencia-deixa-duas-pessoas-em-estado-grave","status":"publish","type":"post","link":"https:\/\/www.notibras.com\/site\/incendio-em-residencia-deixa-duas-pessoas-em-estado-grave\/","title":{"rendered":"Inc\u00eandio em resid\u00eancia deixa duas pessoas em estado grave"},"content":{"rendered":"<p>Um inc\u00eandio em uma casa no Sol Nascente, no Distrito Federal, na noite desta ter\u00e7a-feira (27), deixou quatro pessoas feridas, incluindo duas em estado grave. Moradores da regi\u00e3o relataram ter ouvido uma explos\u00e3o antes do inc\u00eandio.<\/p>\n<p>A suspeita inicial era de que a explos\u00e3o foi causada pelo vazamento de g\u00e1s em um botij\u00e3o usado pela fam\u00edlia, mas os militares desmentiram essa hip\u00f3tese. A per\u00edcia dos bombeiros vai investigar as causas do inc\u00eandio.<\/p>\n<p>As duas v\u00edtimas mais graves, um homem e uma mulher, foram levadas para a ala de queimados do Hospital Regional da Asa Norte (Hran) e est\u00e3o est\u00e1veis, segundo a Secretaria de Sa\u00fade do DF. As outras duas v\u00edtimas tiveram ferimentos leves.<\/p>\n<p>Os vizinhos viram o fogo e arrombaram o port\u00e3o para resgatar a fam\u00edlia que estava dentro da resid\u00eancia. Os bombeiros foram acionados \u00e0s 21h15 e controlaram o inc\u00eandio em cerca de cinco minutos.<\/p>\n<p>Durante as opera\u00e7\u00f5es de rescaldo, os bombeiros encontraram botij\u00f5es de g\u00e1s na parte externa da resid\u00eancia e os retiraram para um local seguro. A Defesa Civil foi acionada para avaliar a estrutura atingida.<\/p>\n","protected":false},"excerpt":{"rendered":"<p>Um inc\u00eandio em uma casa no Sol Nascente, no Distrito Federal, na noite desta ter\u00e7a-feira (27), deixou quatro pessoas feridas, incluindo duas em estado grave. Moradores da regi\u00e3o relataram ter ouvido uma explos\u00e3o antes do inc\u00eandio. A suspeita inicial era de que a explos\u00e3o foi causada pelo vazamento de g\u00e1s em um botij\u00e3o usado pela [&hellip;]<\/p>\n","protected":false},"author":21,"featured_media":380957,"comment_status":"closed","ping_status":"closed","sticky":false,"template":"","format":"standard","meta":{"_acf_changed":false,"footnotes":""},"categories":[161],"tags":[],"class_list":["post-380956","post","type-post","status-publish","format-standard","has-post-thumbnail","hentry","category-quadradinho-em-foco"],"acf":[],"yoast_head":"<!-- This site is optimized with the Yoast SEO plugin v27.2 - https:\/\/yoast.com\/product\/yoast-seo-wordpress\/ -->\n<title>Inc\u00eandio em resid\u00eancia deixa duas pessoas em estado grave - Notibras<\/title>\n<meta name=\"robots\" content=\"index, follow, max-snippet:-1, max-image-preview:large, max-video-preview:-1\" \/>\n<link rel=\"canonical\" href=\"https:\/\/www.notibras.com\/site\/incendio-em-residencia-deixa-duas-pessoas-em-estado-grave\/\" \/>\n<meta property=\"og:locale\" content=\"pt_BR\" \/>\n<meta property=\"og:type\" content=\"article\" \/>\n<meta property=\"og:title\" content=\"Inc\u00eandio em resid\u00eancia deixa duas pessoas em estado grave - Notibras\" \/>\n<meta property=\"og:description\" content=\"Um inc\u00eandio em uma casa no Sol Nascente, no Distrito Federal, na noite desta ter\u00e7a-feira (27), deixou quatro pessoas feridas, incluindo duas em estado grave. Moradores da regi\u00e3o relataram ter ouvido uma explos\u00e3o antes do inc\u00eandio. A suspeita inicial era de que a explos\u00e3o foi causada pelo vazamento de g\u00e1s em um botij\u00e3o usado pela [&hellip;]\" \/>\n<meta property=\"og:url\" content=\"https:\/\/www.notibras.com\/site\/incendio-em-residencia-deixa-duas-pessoas-em-estado-grave\/\" \/>\n<meta property=\"og:site_name\" content=\"Notibras\" \/>\n<meta property=\"article:publisher\" content=\"https:\/\/www.facebook.com\/notibras\/\" \/>\n<meta property=\"article:published_time\" content=\"2026-01-29T03:45:32+00:00\" \/>\n<meta property=\"og:image\" content=\"https:\/\/www.notibras.com\/site\/wp-content\/uploads\/2026\/01\/WhatsApp-Image-2026-01-28-at-22.36.44.jpeg\" \/>\n\t<meta property=\"og:image:width\" content=\"984\" \/>\n\t<meta property=\"og:image:height\" content=\"554\" \/>\n\t<meta property=\"og:image:type\" content=\"image\/jpeg\" \/>\n<meta name=\"author\" content=\"Eduardo Mart\u00ednez\" \/>\n<meta name=\"twitter:card\" content=\"summary_large_image\" \/>\n<meta name=\"twitter:creator\" content=\"@Notibras\" \/>\n<meta name=\"twitter:site\" content=\"@Notibras\" \/>\n<meta name=\"twitter:label1\" content=\"Escrito por\" \/>\n\t<meta name=\"twitter:data1\" content=\"Eduardo Mart\u00ednez\" \/>\n\t<meta name=\"twitter:label2\" content=\"Est. tempo de leitura\" \/>\n\t<meta name=\"twitter:data2\" content=\"2 minutos\" \/>\n<script type=\"application\/ld+json\" class=\"yoast-schema-graph\">{\"@context\":\"https:\/\/schema.org\",\"@graph\":[{\"@type\":\"Article\",\"@id\":\"https:\/\/www.notibras.com\/site\/incendio-em-residencia-deixa-duas-pessoas-em-estado-grave\/#article\",\"isPartOf\":{\"@id\":\"https:\/\/www.notibras.com\/site\/incendio-em-residencia-deixa-duas-pessoas-em-estado-grave\/\"},\"author\":{\"name\":\"Eduardo Mart\u00ednez\",\"@id\":\"https:\/\/www.notibras.com\/site\/#\/schema\/person\/5b7fabf2aedc3ada2105f03b22b4d3dd\"},\"headline\":\"Inc\u00eandio em resid\u00eancia deixa duas pessoas em estado grave\",\"datePublished\":\"2026-01-29T03:45:32+00:00\",\"mainEntityOfPage\":{\"@id\":\"https:\/\/www.notibras.com\/site\/incendio-em-residencia-deixa-duas-pessoas-em-estado-grave\/\"},\"wordCount\":214,\"publisher\":{\"@id\":\"https:\/\/www.notibras.com\/site\/#organization\"},\"image\":{\"@id\":\"https:\/\/www.notibras.com\/site\/incendio-em-residencia-deixa-duas-pessoas-em-estado-grave\/#primaryimage\"},\"thumbnailUrl\":\"https:\/\/www.notibras.com\/site\/wp-content\/uploads\/2026\/01\/WhatsApp-Image-2026-01-28-at-22.36.44.jpeg\",\"articleSection\":[\"Quadradinho em Foco\"],\"inLanguage\":\"pt-BR\"},{\"@type\":\"WebPage\",\"@id\":\"https:\/\/www.notibras.com\/site\/incendio-em-residencia-deixa-duas-pessoas-em-estado-grave\/\",\"url\":\"https:\/\/www.notibras.com\/site\/incendio-em-residencia-deixa-duas-pessoas-em-estado-grave\/\",\"name\":\"Inc\u00eandio em resid\u00eancia deixa duas pessoas em estado grave - Notibras\",\"isPartOf\":{\"@id\":\"https:\/\/www.notibras.com\/site\/#website\"},\"primaryImageOfPage\":{\"@id\":\"https:\/\/www.notibras.com\/site\/incendio-em-residencia-deixa-duas-pessoas-em-estado-grave\/#primaryimage\"},\"image\":{\"@id\":\"https:\/\/www.notibras.com\/site\/incendio-em-residencia-deixa-duas-pessoas-em-estado-grave\/#primaryimage\"},\"thumbnailUrl\":\"https:\/\/www.notibras.com\/site\/wp-content\/uploads\/2026\/01\/WhatsApp-Image-2026-01-28-at-22.36.44.jpeg\",\"datePublished\":\"2026-01-29T03:45:32+00:00\",\"breadcrumb\":{\"@id\":\"https:\/\/www.notibras.com\/site\/incendio-em-residencia-deixa-duas-pessoas-em-estado-grave\/#breadcrumb\"},\"inLanguage\":\"pt-BR\",\"potentialAction\":[{\"@type\":\"ReadAction\",\"target\":[\"https:\/\/www.notibras.com\/site\/incendio-em-residencia-deixa-duas-pessoas-em-estado-grave\/\"]}]},{\"@type\":\"ImageObject\",\"inLanguage\":\"pt-BR\",\"@id\":\"https:\/\/www.notibras.com\/site\/incendio-em-residencia-deixa-duas-pessoas-em-estado-grave\/#primaryimage\",\"url\":\"https:\/\/www.notibras.com\/site\/wp-content\/uploads\/2026\/01\/WhatsApp-Image-2026-01-28-at-22.36.44.jpeg\",\"contentUrl\":\"https:\/\/www.notibras.com\/site\/wp-content\/uploads\/2026\/01\/WhatsApp-Image-2026-01-28-at-22.36.44.jpeg\",\"width\":984,\"height\":554},{\"@type\":\"BreadcrumbList\",\"@id\":\"https:\/\/www.notibras.com\/site\/incendio-em-residencia-deixa-duas-pessoas-em-estado-grave\/#breadcrumb\",\"itemListElement\":[{\"@type\":\"ListItem\",\"position\":1,\"name\":\"In\u00edcio\",\"item\":\"https:\/\/www.notibras.com\/site\/\"},{\"@type\":\"ListItem\",\"position\":2,\"name\":\"Inc\u00eandio em resid\u00eancia deixa duas pessoas em estado grave\"}]},{\"@type\":\"WebSite\",\"@id\":\"https:\/\/www.notibras.com\/site\/#website\",\"url\":\"https:\/\/www.notibras.com\/site\/\",\"name\":\"Notibras\",\"description\":\"Not\u00edcias de Bras\u00edlia, do Brasil e do Mundo\",\"publisher\":{\"@id\":\"https:\/\/www.notibras.com\/site\/#organization\"},\"potentialAction\":[{\"@type\":\"SearchAction\",\"target\":{\"@type\":\"EntryPoint\",\"urlTemplate\":\"https:\/\/www.notibras.com\/site\/?s={search_term_string}\"},\"query-input\":{\"@type\":\"PropertyValueSpecification\",\"valueRequired\":true,\"valueName\":\"search_term_string\"}}],\"inLanguage\":\"pt-BR\"},{\"@type\":\"Organization\",\"@id\":\"https:\/\/www.notibras.com\/site\/#organization\",\"name\":\"Grupo Notibras de Comunica\u00e7\u00e3o\",\"url\":\"https:\/\/www.notibras.com\/site\/\",\"logo\":{\"@type\":\"ImageObject\",\"inLanguage\":\"pt-BR\",\"@id\":\"https:\/\/www.notibras.com\/site\/#\/schema\/logo\/image\/\",\"url\":\"https:\/\/www.notibras.com\/site\/wp-content\/uploads\/2023\/01\/notibras23.png\",\"contentUrl\":\"https:\/\/www.notibras.com\/site\/wp-content\/uploads\/2023\/01\/notibras23.png\",\"width\":350,\"height\":87,\"caption\":\"Grupo Notibras de Comunica\u00e7\u00e3o\"},\"image\":{\"@id\":\"https:\/\/www.notibras.com\/site\/#\/schema\/logo\/image\/\"},\"sameAs\":[\"https:\/\/www.facebook.com\/notibras\/\",\"https:\/\/x.com\/Notibras\",\"https:\/\/www.instagram.com\/notibras\/\"]},{\"@type\":\"Person\",\"@id\":\"https:\/\/www.notibras.com\/site\/#\/schema\/person\/5b7fabf2aedc3ada2105f03b22b4d3dd\",\"name\":\"Eduardo Mart\u00ednez\",\"image\":{\"@type\":\"ImageObject\",\"inLanguage\":\"pt-BR\",\"@id\":\"https:\/\/secure.gravatar.com\/avatar\/7902f906289926289cbcda644b5197c796b893c6ffd7b9a536a42d290f7704a0?s=96&d=mm&r=g\",\"url\":\"https:\/\/secure.gravatar.com\/avatar\/7902f906289926289cbcda644b5197c796b893c6ffd7b9a536a42d290f7704a0?s=96&d=mm&r=g\",\"contentUrl\":\"https:\/\/secure.gravatar.com\/avatar\/7902f906289926289cbcda644b5197c796b893c6ffd7b9a536a42d290f7704a0?s=96&d=mm&r=g\",\"caption\":\"Eduardo Mart\u00ednez\"}}]}<\/script>\n<!-- \/ Yoast SEO plugin. -->","yoast_head_json":{"title":"Inc\u00eandio em resid\u00eancia deixa duas pessoas em estado grave - Notibras","robots":{"index":"index","follow":"follow","max-snippet":"max-snippet:-1","max-image-preview":"max-image-preview:large","max-video-preview":"max-video-preview:-1"},"canonical":"https:\/\/www.notibras.com\/site\/incendio-em-residencia-deixa-duas-pessoas-em-estado-grave\/","og_locale":"pt_BR","og_type":"article","og_title":"Inc\u00eandio em resid\u00eancia deixa duas pessoas em estado grave - Notibras","og_description":"Um inc\u00eandio em uma casa no Sol Nascente, no Distrito Federal, na noite desta ter\u00e7a-feira (27), deixou quatro pessoas feridas, incluindo duas em estado grave. Moradores da regi\u00e3o relataram ter ouvido uma explos\u00e3o antes do inc\u00eandio. A suspeita inicial era de que a explos\u00e3o foi causada pelo vazamento de g\u00e1s em um botij\u00e3o usado pela [&hellip;]","og_url":"https:\/\/www.notibras.com\/site\/incendio-em-residencia-deixa-duas-pessoas-em-estado-grave\/","og_site_name":"Notibras","article_publisher":"https:\/\/www.facebook.com\/notibras\/","article_published_time":"2026-01-29T03:45:32+00:00","og_image":[{"width":984,"height":554,"url":"https:\/\/www.notibras.com\/site\/wp-content\/uploads\/2026\/01\/WhatsApp-Image-2026-01-28-at-22.36.44.jpeg","type":"image\/jpeg"}],"author":"Eduardo Mart\u00ednez","twitter_card":"summary_large_image","twitter_creator":"@Notibras","twitter_site":"@Notibras","twitter_misc":{"Escrito por":"Eduardo Mart\u00ednez","Est. tempo de leitura":"2 minutos"},"schema":{"@context":"https:\/\/schema.org","@graph":[{"@type":"Article","@id":"https:\/\/www.notibras.com\/site\/incendio-em-residencia-deixa-duas-pessoas-em-estado-grave\/#article","isPartOf":{"@id":"https:\/\/www.notibras.com\/site\/incendio-em-residencia-deixa-duas-pessoas-em-estado-grave\/"},"author":{"name":"Eduardo Mart\u00ednez","@id":"https:\/\/www.notibras.com\/site\/#\/schema\/person\/5b7fabf2aedc3ada2105f03b22b4d3dd"},"headline":"Inc\u00eandio em resid\u00eancia deixa duas pessoas em estado grave","datePublished":"2026-01-29T03:45:32+00:00","mainEntityOfPage":{"@id":"https:\/\/www.notibras.com\/site\/incendio-em-residencia-deixa-duas-pessoas-em-estado-grave\/"},"wordCount":214,"publisher":{"@id":"https:\/\/www.notibras.com\/site\/#organization"},"image":{"@id":"https:\/\/www.notibras.com\/site\/incendio-em-residencia-deixa-duas-pessoas-em-estado-grave\/#primaryimage"},"thumbnailUrl":"https:\/\/www.notibras.com\/site\/wp-content\/uploads\/2026\/01\/WhatsApp-Image-2026-01-28-at-22.36.44.jpeg","articleSection":["Quadradinho em Foco"],"inLanguage":"pt-BR"},{"@type":"WebPage","@id":"https:\/\/www.notibras.com\/site\/incendio-em-residencia-deixa-duas-pessoas-em-estado-grave\/","url":"https:\/\/www.notibras.com\/site\/incendio-em-residencia-deixa-duas-pessoas-em-estado-grave\/","name":"Inc\u00eandio em resid\u00eancia deixa duas pessoas em estado grave - Notibras","isPartOf":{"@id":"https:\/\/www.notibras.com\/site\/#website"},"primaryImageOfPage":{"@id":"https:\/\/www.notibras.com\/site\/incendio-em-residencia-deixa-duas-pessoas-em-estado-grave\/#primaryimage"},"image":{"@id":"https:\/\/www.notibras.com\/site\/incendio-em-residencia-deixa-duas-pessoas-em-estado-grave\/#primaryimage"},"thumbnailUrl":"https:\/\/www.notibras.com\/site\/wp-content\/uploads\/2026\/01\/WhatsApp-Image-2026-01-28-at-22.36.44.jpeg","datePublished":"2026-01-29T03:45:32+00:00","breadcrumb":{"@id":"https:\/\/www.notibras.com\/site\/incendio-em-residencia-deixa-duas-pessoas-em-estado-grave\/#breadcrumb"},"inLanguage":"pt-BR","potentialAction":[{"@type":"ReadAction","target":["https:\/\/www.notibras.com\/site\/incendio-em-residencia-deixa-duas-pessoas-em-estado-grave\/"]}]},{"@type":"ImageObject","inLanguage":"pt-BR","@id":"https:\/\/www.notibras.com\/site\/incendio-em-residencia-deixa-duas-pessoas-em-estado-grave\/#primaryimage","url":"https:\/\/www.notibras.com\/site\/wp-content\/uploads\/2026\/01\/WhatsApp-Image-2026-01-28-at-22.36.44.jpeg","contentUrl":"https:\/\/www.notibras.com\/site\/wp-content\/uploads\/2026\/01\/WhatsApp-Image-2026-01-28-at-22.36.44.jpeg","width":984,"height":554},{"@type":"BreadcrumbList","@id":"https:\/\/www.notibras.com\/site\/incendio-em-residencia-deixa-duas-pessoas-em-estado-grave\/#breadcrumb","itemListElement":[{"@type":"ListItem","position":1,"name":"In\u00edcio","item":"https:\/\/www.notibras.com\/site\/"},{"@type":"ListItem","position":2,"name":"Inc\u00eandio em resid\u00eancia deixa duas pessoas em estado grave"}]},{"@type":"WebSite","@id":"https:\/\/www.notibras.com\/site\/#website","url":"https:\/\/www.notibras.com\/site\/","name":"Notibras","description":"Not\u00edcias de Bras\u00edlia, do Brasil e do Mundo","publisher":{"@id":"https:\/\/www.notibras.com\/site\/#organization"},"potentialAction":[{"@type":"SearchAction","target":{"@type":"EntryPoint","urlTemplate":"https:\/\/www.notibras.com\/site\/?s={search_term_string}"},"query-input":{"@type":"PropertyValueSpecification","valueRequired":true,"valueName":"search_term_string"}}],"inLanguage":"pt-BR"},{"@type":"Organization","@id":"https:\/\/www.notibras.com\/site\/#organization","name":"Grupo Notibras de Comunica\u00e7\u00e3o","url":"https:\/\/www.notibras.com\/site\/","logo":{"@type":"ImageObject","inLanguage":"pt-BR","@id":"https:\/\/www.notibras.com\/site\/#\/schema\/logo\/image\/","url":"https:\/\/www.notibras.com\/site\/wp-content\/uploads\/2023\/01\/notibras23.png","contentUrl":"https:\/\/www.notibras.com\/site\/wp-content\/uploads\/2023\/01\/notibras23.png","width":350,"height":87,"caption":"Grupo Notibras de Comunica\u00e7\u00e3o"},"image":{"@id":"https:\/\/www.notibras.com\/site\/#\/schema\/logo\/image\/"},"sameAs":["https:\/\/www.facebook.com\/notibras\/","https:\/\/x.com\/Notibras","https:\/\/www.instagram.com\/notibras\/"]},{"@type":"Person","@id":"https:\/\/www.notibras.com\/site\/#\/schema\/person\/5b7fabf2aedc3ada2105f03b22b4d3dd","name":"Eduardo Mart\u00ednez","image":{"@type":"ImageObject","inLanguage":"pt-BR","@id":"https:\/\/secure.gravatar.com\/avatar\/7902f906289926289cbcda644b5197c796b893c6ffd7b9a536a42d290f7704a0?s=96&d=mm&r=g","url":"https:\/\/secure.gravatar.com\/avatar\/7902f906289926289cbcda644b5197c796b893c6ffd7b9a536a42d290f7704a0?s=96&d=mm&r=g","contentUrl":"https:\/\/secure.gravatar.com\/avatar\/7902f906289926289cbcda644b5197c796b893c6ffd7b9a536a42d290f7704a0?s=96&d=mm&r=g","caption":"Eduardo Mart\u00ednez"}}]}},"amp_enabled":true,"_links":{"self":[{"href":"https:\/\/www.notibras.com\/site\/wp-json\/wp\/v2\/posts\/380956","targetHints":{"allow":["GET"]}}],"collection":[{"href":"https:\/\/www.notibras.com\/site\/wp-json\/wp\/v2\/posts"}],"about":[{"href":"https:\/\/www.notibras.com\/site\/wp-json\/wp\/v2\/types\/post"}],"author":[{"embeddable":true,"href":"https:\/\/www.notibras.com\/site\/wp-json\/wp\/v2\/users\/21"}],"replies":[{"embeddable":true,"href":"https:\/\/www.notibras.com\/site\/wp-json\/wp\/v2\/comments?post=380956"}],"version-history":[{"count":3,"href":"https:\/\/www.notibras.com\/site\/wp-json\/wp\/v2\/posts\/380956\/revisions"}],"predecessor-version":[{"id":380960,"href":"https:\/\/www.notibras.com\/site\/wp-json\/wp\/v2\/posts\/380956\/revisions\/380960"}],"wp:featuredmedia":[{"embeddable":true,"href":"https:\/\/www.notibras.com\/site\/wp-json\/wp\/v2\/media\/380957"}],"wp:attachment":[{"href":"https:\/\/www.notibras.com\/site\/wp-json\/wp\/v2\/media?parent=380956"}],"wp:term":[{"taxonomy":"category","embeddable":true,"href":"https:\/\/www.notibras.com\/site\/wp-json\/wp\/v2\/categories?post=380956"},{"taxonomy":"post_tag","embeddable":true,"href":"https:\/\/www.notibras.com\/site\/wp-json\/wp\/v2\/tags?post=380956"}],"curies":[{"name":"wp","href":"https:\/\/api.w.org\/{rel}","templated":true}]}}