{"id":380967,"date":"2026-01-29T00:30:51","date_gmt":"2026-01-29T03:30:51","guid":{"rendered":"https:\/\/www.notibras.com\/site\/?p=380967"},"modified":"2026-01-28T23:01:10","modified_gmt":"2026-01-29T02:01:10","slug":"dez-mil-vagas-abertas-para-cursos-gratuitos-de-qualificacao-profissional","status":"publish","type":"post","link":"https:\/\/www.notibras.com\/site\/dez-mil-vagas-abertas-para-cursos-gratuitos-de-qualificacao-profissional\/","title":{"rendered":"Dez mil vagas abertas para cursos gratuitos de qualifica\u00e7\u00e3o profissional"},"content":{"rendered":"<p>O Governo do Distrito Federal (GDF), por meio da Secretaria de Desenvolvimento Econ\u00f4mico, Trabalho e Renda do Distrito Federal (Sedet-DF), publicou o Edital de Chamamento P\u00fablico do Programa QualificaDF, que oferece 10 mil vagas gratuitas em cursos de qualifica\u00e7\u00e3o profissional voltados \u00e0 forma\u00e7\u00e3o e inser\u00e7\u00e3o da popula\u00e7\u00e3o no mercado de trabalho.<\/p>\n<p>As inscri\u00e7\u00f5es ser\u00e3o realizadas exclusivamente de forma eletr\u00f4nica, no per\u00edodo de 6 de fevereiro a 2 de mar\u00e7o de 2026, por meio do portal oficial da Sedet-DF, mediante o preenchimento do formul\u00e1rio de inscri\u00e7\u00e3o do programa.<\/p>\n<p>Os cursos ser\u00e3o ofertados em diversas regi\u00f5es administrativas do Distrito Federal, incluindo Ceil\u00e2ndia, Plano Piloto, Parano\u00e1 e Santa Maria, com turmas distribu\u00eddas nos turnos matutino, vespertino e noturno, ampliando o acesso para trabalhadores, estudantes e pessoas em busca de recoloca\u00e7\u00e3o profissional.<\/p>\n<p>Ao todo, as vagas est\u00e3o organizadas em \u00e1reas estrat\u00e9gicas como administrativa, com\u00e9rcio, servi\u00e7os, sa\u00fade, ind\u00fastria, tecnologia da inova\u00e7\u00e3o, agricultura e meio ambiente, contemplando diferentes perfis e n\u00edveis de forma\u00e7\u00e3o.<\/p>\n<p>O Programa QualificaDF reafirma o compromisso do Governo do Distrito Federal com a gera\u00e7\u00e3o de oportunidades, o fortalecimento da empregabilidade e o desenvolvimento econ\u00f4mico e social da popula\u00e7\u00e3o.<\/p>\n","protected":false},"excerpt":{"rendered":"<p>O Governo do Distrito Federal (GDF), por meio da Secretaria de Desenvolvimento Econ\u00f4mico, Trabalho e Renda do Distrito Federal (Sedet-DF), publicou o Edital de Chamamento P\u00fablico do Programa QualificaDF, que oferece 10 mil vagas gratuitas em cursos de qualifica\u00e7\u00e3o profissional voltados \u00e0 forma\u00e7\u00e3o e inser\u00e7\u00e3o da popula\u00e7\u00e3o no mercado de trabalho. As inscri\u00e7\u00f5es ser\u00e3o realizadas [&hellip;]<\/p>\n","protected":false},"author":21,"featured_media":380968,"comment_status":"closed","ping_status":"closed","sticky":false,"template":"","format":"standard","meta":{"_acf_changed":false,"footnotes":""},"categories":[161],"tags":[],"class_list":["post-380967","post","type-post","status-publish","format-standard","has-post-thumbnail","hentry","category-quadradinho-em-foco"],"acf":[],"yoast_head":"<!-- This site is optimized with the Yoast SEO plugin v27.2 - https:\/\/yoast.com\/product\/yoast-seo-wordpress\/ -->\n<title>Dez mil vagas abertas para cursos gratuitos de qualifica\u00e7\u00e3o profissional - Notibras<\/title>\n<meta name=\"robots\" content=\"index, follow, max-snippet:-1, max-image-preview:large, max-video-preview:-1\" \/>\n<link rel=\"canonical\" href=\"https:\/\/www.notibras.com\/site\/dez-mil-vagas-abertas-para-cursos-gratuitos-de-qualificacao-profissional\/\" \/>\n<meta property=\"og:locale\" content=\"pt_BR\" \/>\n<meta property=\"og:type\" content=\"article\" \/>\n<meta property=\"og:title\" content=\"Dez mil vagas abertas para cursos gratuitos de qualifica\u00e7\u00e3o profissional - Notibras\" \/>\n<meta property=\"og:description\" content=\"O Governo do Distrito Federal (GDF), por meio da Secretaria de Desenvolvimento Econ\u00f4mico, Trabalho e Renda do Distrito Federal (Sedet-DF), publicou o Edital de Chamamento P\u00fablico do Programa QualificaDF, que oferece 10 mil vagas gratuitas em cursos de qualifica\u00e7\u00e3o profissional voltados \u00e0 forma\u00e7\u00e3o e inser\u00e7\u00e3o da popula\u00e7\u00e3o no mercado de trabalho. As inscri\u00e7\u00f5es ser\u00e3o realizadas [&hellip;]\" \/>\n<meta property=\"og:url\" content=\"https:\/\/www.notibras.com\/site\/dez-mil-vagas-abertas-para-cursos-gratuitos-de-qualificacao-profissional\/\" \/>\n<meta property=\"og:site_name\" content=\"Notibras\" \/>\n<meta property=\"article:publisher\" content=\"https:\/\/www.facebook.com\/notibras\/\" \/>\n<meta property=\"article:published_time\" content=\"2026-01-29T03:30:51+00:00\" \/>\n<meta property=\"og:image\" content=\"https:\/\/www.notibras.com\/site\/wp-content\/uploads\/2026\/01\/Qualifica-DF-1536x10203333-1.jpg\" \/>\n\t<meta property=\"og:image:width\" content=\"1536\" \/>\n\t<meta property=\"og:image:height\" content=\"1020\" \/>\n\t<meta property=\"og:image:type\" content=\"image\/jpeg\" \/>\n<meta name=\"author\" content=\"Eduardo Mart\u00ednez\" \/>\n<meta name=\"twitter:card\" content=\"summary_large_image\" \/>\n<meta name=\"twitter:creator\" content=\"@Notibras\" \/>\n<meta name=\"twitter:site\" content=\"@Notibras\" \/>\n<meta name=\"twitter:label1\" content=\"Escrito por\" \/>\n\t<meta name=\"twitter:data1\" content=\"Eduardo Mart\u00ednez\" \/>\n\t<meta name=\"twitter:label2\" content=\"Est. tempo de leitura\" \/>\n\t<meta name=\"twitter:data2\" content=\"2 minutos\" \/>\n<script type=\"application\/ld+json\" class=\"yoast-schema-graph\">{\"@context\":\"https:\/\/schema.org\",\"@graph\":[{\"@type\":\"Article\",\"@id\":\"https:\/\/www.notibras.com\/site\/dez-mil-vagas-abertas-para-cursos-gratuitos-de-qualificacao-profissional\/#article\",\"isPartOf\":{\"@id\":\"https:\/\/www.notibras.com\/site\/dez-mil-vagas-abertas-para-cursos-gratuitos-de-qualificacao-profissional\/\"},\"author\":{\"name\":\"Eduardo Mart\u00ednez\",\"@id\":\"https:\/\/www.notibras.com\/site\/#\/schema\/person\/5b7fabf2aedc3ada2105f03b22b4d3dd\"},\"headline\":\"Dez mil vagas abertas para cursos gratuitos de qualifica\u00e7\u00e3o profissional\",\"datePublished\":\"2026-01-29T03:30:51+00:00\",\"mainEntityOfPage\":{\"@id\":\"https:\/\/www.notibras.com\/site\/dez-mil-vagas-abertas-para-cursos-gratuitos-de-qualificacao-profissional\/\"},\"wordCount\":221,\"publisher\":{\"@id\":\"https:\/\/www.notibras.com\/site\/#organization\"},\"image\":{\"@id\":\"https:\/\/www.notibras.com\/site\/dez-mil-vagas-abertas-para-cursos-gratuitos-de-qualificacao-profissional\/#primaryimage\"},\"thumbnailUrl\":\"https:\/\/www.notibras.com\/site\/wp-content\/uploads\/2026\/01\/Qualifica-DF-1536x10203333-1.jpg\",\"articleSection\":[\"Quadradinho em Foco\"],\"inLanguage\":\"pt-BR\"},{\"@type\":\"WebPage\",\"@id\":\"https:\/\/www.notibras.com\/site\/dez-mil-vagas-abertas-para-cursos-gratuitos-de-qualificacao-profissional\/\",\"url\":\"https:\/\/www.notibras.com\/site\/dez-mil-vagas-abertas-para-cursos-gratuitos-de-qualificacao-profissional\/\",\"name\":\"Dez mil vagas abertas para cursos gratuitos de qualifica\u00e7\u00e3o profissional - Notibras\",\"isPartOf\":{\"@id\":\"https:\/\/www.notibras.com\/site\/#website\"},\"primaryImageOfPage\":{\"@id\":\"https:\/\/www.notibras.com\/site\/dez-mil-vagas-abertas-para-cursos-gratuitos-de-qualificacao-profissional\/#primaryimage\"},\"image\":{\"@id\":\"https:\/\/www.notibras.com\/site\/dez-mil-vagas-abertas-para-cursos-gratuitos-de-qualificacao-profissional\/#primaryimage\"},\"thumbnailUrl\":\"https:\/\/www.notibras.com\/site\/wp-content\/uploads\/2026\/01\/Qualifica-DF-1536x10203333-1.jpg\",\"datePublished\":\"2026-01-29T03:30:51+00:00\",\"breadcrumb\":{\"@id\":\"https:\/\/www.notibras.com\/site\/dez-mil-vagas-abertas-para-cursos-gratuitos-de-qualificacao-profissional\/#breadcrumb\"},\"inLanguage\":\"pt-BR\",\"potentialAction\":[{\"@type\":\"ReadAction\",\"target\":[\"https:\/\/www.notibras.com\/site\/dez-mil-vagas-abertas-para-cursos-gratuitos-de-qualificacao-profissional\/\"]}]},{\"@type\":\"ImageObject\",\"inLanguage\":\"pt-BR\",\"@id\":\"https:\/\/www.notibras.com\/site\/dez-mil-vagas-abertas-para-cursos-gratuitos-de-qualificacao-profissional\/#primaryimage\",\"url\":\"https:\/\/www.notibras.com\/site\/wp-content\/uploads\/2026\/01\/Qualifica-DF-1536x10203333-1.jpg\",\"contentUrl\":\"https:\/\/www.notibras.com\/site\/wp-content\/uploads\/2026\/01\/Qualifica-DF-1536x10203333-1.jpg\",\"width\":1536,\"height\":1020},{\"@type\":\"BreadcrumbList\",\"@id\":\"https:\/\/www.notibras.com\/site\/dez-mil-vagas-abertas-para-cursos-gratuitos-de-qualificacao-profissional\/#breadcrumb\",\"itemListElement\":[{\"@type\":\"ListItem\",\"position\":1,\"name\":\"In\u00edcio\",\"item\":\"https:\/\/www.notibras.com\/site\/\"},{\"@type\":\"ListItem\",\"position\":2,\"name\":\"Dez mil vagas abertas para cursos gratuitos de qualifica\u00e7\u00e3o profissional\"}]},{\"@type\":\"WebSite\",\"@id\":\"https:\/\/www.notibras.com\/site\/#website\",\"url\":\"https:\/\/www.notibras.com\/site\/\",\"name\":\"Notibras\",\"description\":\"Not\u00edcias de Bras\u00edlia, do Brasil e do Mundo\",\"publisher\":{\"@id\":\"https:\/\/www.notibras.com\/site\/#organization\"},\"potentialAction\":[{\"@type\":\"SearchAction\",\"target\":{\"@type\":\"EntryPoint\",\"urlTemplate\":\"https:\/\/www.notibras.com\/site\/?s={search_term_string}\"},\"query-input\":{\"@type\":\"PropertyValueSpecification\",\"valueRequired\":true,\"valueName\":\"search_term_string\"}}],\"inLanguage\":\"pt-BR\"},{\"@type\":\"Organization\",\"@id\":\"https:\/\/www.notibras.com\/site\/#organization\",\"name\":\"Grupo Notibras de Comunica\u00e7\u00e3o\",\"url\":\"https:\/\/www.notibras.com\/site\/\",\"logo\":{\"@type\":\"ImageObject\",\"inLanguage\":\"pt-BR\",\"@id\":\"https:\/\/www.notibras.com\/site\/#\/schema\/logo\/image\/\",\"url\":\"https:\/\/www.notibras.com\/site\/wp-content\/uploads\/2023\/01\/notibras23.png\",\"contentUrl\":\"https:\/\/www.notibras.com\/site\/wp-content\/uploads\/2023\/01\/notibras23.png\",\"width\":350,\"height\":87,\"caption\":\"Grupo Notibras de Comunica\u00e7\u00e3o\"},\"image\":{\"@id\":\"https:\/\/www.notibras.com\/site\/#\/schema\/logo\/image\/\"},\"sameAs\":[\"https:\/\/www.facebook.com\/notibras\/\",\"https:\/\/x.com\/Notibras\",\"https:\/\/www.instagram.com\/notibras\/\"]},{\"@type\":\"Person\",\"@id\":\"https:\/\/www.notibras.com\/site\/#\/schema\/person\/5b7fabf2aedc3ada2105f03b22b4d3dd\",\"name\":\"Eduardo Mart\u00ednez\",\"image\":{\"@type\":\"ImageObject\",\"inLanguage\":\"pt-BR\",\"@id\":\"https:\/\/secure.gravatar.com\/avatar\/7902f906289926289cbcda644b5197c796b893c6ffd7b9a536a42d290f7704a0?s=96&d=mm&r=g\",\"url\":\"https:\/\/secure.gravatar.com\/avatar\/7902f906289926289cbcda644b5197c796b893c6ffd7b9a536a42d290f7704a0?s=96&d=mm&r=g\",\"contentUrl\":\"https:\/\/secure.gravatar.com\/avatar\/7902f906289926289cbcda644b5197c796b893c6ffd7b9a536a42d290f7704a0?s=96&d=mm&r=g\",\"caption\":\"Eduardo Mart\u00ednez\"}}]}<\/script>\n<!-- \/ Yoast SEO plugin. -->","yoast_head_json":{"title":"Dez mil vagas abertas para cursos gratuitos de qualifica\u00e7\u00e3o profissional - Notibras","robots":{"index":"index","follow":"follow","max-snippet":"max-snippet:-1","max-image-preview":"max-image-preview:large","max-video-preview":"max-video-preview:-1"},"canonical":"https:\/\/www.notibras.com\/site\/dez-mil-vagas-abertas-para-cursos-gratuitos-de-qualificacao-profissional\/","og_locale":"pt_BR","og_type":"article","og_title":"Dez mil vagas abertas para cursos gratuitos de qualifica\u00e7\u00e3o profissional - Notibras","og_description":"O Governo do Distrito Federal (GDF), por meio da Secretaria de Desenvolvimento Econ\u00f4mico, Trabalho e Renda do Distrito Federal (Sedet-DF), publicou o Edital de Chamamento P\u00fablico do Programa QualificaDF, que oferece 10 mil vagas gratuitas em cursos de qualifica\u00e7\u00e3o profissional voltados \u00e0 forma\u00e7\u00e3o e inser\u00e7\u00e3o da popula\u00e7\u00e3o no mercado de trabalho. As inscri\u00e7\u00f5es ser\u00e3o realizadas [&hellip;]","og_url":"https:\/\/www.notibras.com\/site\/dez-mil-vagas-abertas-para-cursos-gratuitos-de-qualificacao-profissional\/","og_site_name":"Notibras","article_publisher":"https:\/\/www.facebook.com\/notibras\/","article_published_time":"2026-01-29T03:30:51+00:00","og_image":[{"width":1536,"height":1020,"url":"https:\/\/www.notibras.com\/site\/wp-content\/uploads\/2026\/01\/Qualifica-DF-1536x10203333-1.jpg","type":"image\/jpeg"}],"author":"Eduardo Mart\u00ednez","twitter_card":"summary_large_image","twitter_creator":"@Notibras","twitter_site":"@Notibras","twitter_misc":{"Escrito por":"Eduardo Mart\u00ednez","Est. tempo de leitura":"2 minutos"},"schema":{"@context":"https:\/\/schema.org","@graph":[{"@type":"Article","@id":"https:\/\/www.notibras.com\/site\/dez-mil-vagas-abertas-para-cursos-gratuitos-de-qualificacao-profissional\/#article","isPartOf":{"@id":"https:\/\/www.notibras.com\/site\/dez-mil-vagas-abertas-para-cursos-gratuitos-de-qualificacao-profissional\/"},"author":{"name":"Eduardo Mart\u00ednez","@id":"https:\/\/www.notibras.com\/site\/#\/schema\/person\/5b7fabf2aedc3ada2105f03b22b4d3dd"},"headline":"Dez mil vagas abertas para cursos gratuitos de qualifica\u00e7\u00e3o profissional","datePublished":"2026-01-29T03:30:51+00:00","mainEntityOfPage":{"@id":"https:\/\/www.notibras.com\/site\/dez-mil-vagas-abertas-para-cursos-gratuitos-de-qualificacao-profissional\/"},"wordCount":221,"publisher":{"@id":"https:\/\/www.notibras.com\/site\/#organization"},"image":{"@id":"https:\/\/www.notibras.com\/site\/dez-mil-vagas-abertas-para-cursos-gratuitos-de-qualificacao-profissional\/#primaryimage"},"thumbnailUrl":"https:\/\/www.notibras.com\/site\/wp-content\/uploads\/2026\/01\/Qualifica-DF-1536x10203333-1.jpg","articleSection":["Quadradinho em Foco"],"inLanguage":"pt-BR"},{"@type":"WebPage","@id":"https:\/\/www.notibras.com\/site\/dez-mil-vagas-abertas-para-cursos-gratuitos-de-qualificacao-profissional\/","url":"https:\/\/www.notibras.com\/site\/dez-mil-vagas-abertas-para-cursos-gratuitos-de-qualificacao-profissional\/","name":"Dez mil vagas abertas para cursos gratuitos de qualifica\u00e7\u00e3o profissional - Notibras","isPartOf":{"@id":"https:\/\/www.notibras.com\/site\/#website"},"primaryImageOfPage":{"@id":"https:\/\/www.notibras.com\/site\/dez-mil-vagas-abertas-para-cursos-gratuitos-de-qualificacao-profissional\/#primaryimage"},"image":{"@id":"https:\/\/www.notibras.com\/site\/dez-mil-vagas-abertas-para-cursos-gratuitos-de-qualificacao-profissional\/#primaryimage"},"thumbnailUrl":"https:\/\/www.notibras.com\/site\/wp-content\/uploads\/2026\/01\/Qualifica-DF-1536x10203333-1.jpg","datePublished":"2026-01-29T03:30:51+00:00","breadcrumb":{"@id":"https:\/\/www.notibras.com\/site\/dez-mil-vagas-abertas-para-cursos-gratuitos-de-qualificacao-profissional\/#breadcrumb"},"inLanguage":"pt-BR","potentialAction":[{"@type":"ReadAction","target":["https:\/\/www.notibras.com\/site\/dez-mil-vagas-abertas-para-cursos-gratuitos-de-qualificacao-profissional\/"]}]},{"@type":"ImageObject","inLanguage":"pt-BR","@id":"https:\/\/www.notibras.com\/site\/dez-mil-vagas-abertas-para-cursos-gratuitos-de-qualificacao-profissional\/#primaryimage","url":"https:\/\/www.notibras.com\/site\/wp-content\/uploads\/2026\/01\/Qualifica-DF-1536x10203333-1.jpg","contentUrl":"https:\/\/www.notibras.com\/site\/wp-content\/uploads\/2026\/01\/Qualifica-DF-1536x10203333-1.jpg","width":1536,"height":1020},{"@type":"BreadcrumbList","@id":"https:\/\/www.notibras.com\/site\/dez-mil-vagas-abertas-para-cursos-gratuitos-de-qualificacao-profissional\/#breadcrumb","itemListElement":[{"@type":"ListItem","position":1,"name":"In\u00edcio","item":"https:\/\/www.notibras.com\/site\/"},{"@type":"ListItem","position":2,"name":"Dez mil vagas abertas para cursos gratuitos de qualifica\u00e7\u00e3o profissional"}]},{"@type":"WebSite","@id":"https:\/\/www.notibras.com\/site\/#website","url":"https:\/\/www.notibras.com\/site\/","name":"Notibras","description":"Not\u00edcias de Bras\u00edlia, do Brasil e do Mundo","publisher":{"@id":"https:\/\/www.notibras.com\/site\/#organization"},"potentialAction":[{"@type":"SearchAction","target":{"@type":"EntryPoint","urlTemplate":"https:\/\/www.notibras.com\/site\/?s={search_term_string}"},"query-input":{"@type":"PropertyValueSpecification","valueRequired":true,"valueName":"search_term_string"}}],"inLanguage":"pt-BR"},{"@type":"Organization","@id":"https:\/\/www.notibras.com\/site\/#organization","name":"Grupo Notibras de Comunica\u00e7\u00e3o","url":"https:\/\/www.notibras.com\/site\/","logo":{"@type":"ImageObject","inLanguage":"pt-BR","@id":"https:\/\/www.notibras.com\/site\/#\/schema\/logo\/image\/","url":"https:\/\/www.notibras.com\/site\/wp-content\/uploads\/2023\/01\/notibras23.png","contentUrl":"https:\/\/www.notibras.com\/site\/wp-content\/uploads\/2023\/01\/notibras23.png","width":350,"height":87,"caption":"Grupo Notibras de Comunica\u00e7\u00e3o"},"image":{"@id":"https:\/\/www.notibras.com\/site\/#\/schema\/logo\/image\/"},"sameAs":["https:\/\/www.facebook.com\/notibras\/","https:\/\/x.com\/Notibras","https:\/\/www.instagram.com\/notibras\/"]},{"@type":"Person","@id":"https:\/\/www.notibras.com\/site\/#\/schema\/person\/5b7fabf2aedc3ada2105f03b22b4d3dd","name":"Eduardo Mart\u00ednez","image":{"@type":"ImageObject","inLanguage":"pt-BR","@id":"https:\/\/secure.gravatar.com\/avatar\/7902f906289926289cbcda644b5197c796b893c6ffd7b9a536a42d290f7704a0?s=96&d=mm&r=g","url":"https:\/\/secure.gravatar.com\/avatar\/7902f906289926289cbcda644b5197c796b893c6ffd7b9a536a42d290f7704a0?s=96&d=mm&r=g","contentUrl":"https:\/\/secure.gravatar.com\/avatar\/7902f906289926289cbcda644b5197c796b893c6ffd7b9a536a42d290f7704a0?s=96&d=mm&r=g","caption":"Eduardo Mart\u00ednez"}}]}},"amp_enabled":true,"_links":{"self":[{"href":"https:\/\/www.notibras.com\/site\/wp-json\/wp\/v2\/posts\/380967","targetHints":{"allow":["GET"]}}],"collection":[{"href":"https:\/\/www.notibras.com\/site\/wp-json\/wp\/v2\/posts"}],"about":[{"href":"https:\/\/www.notibras.com\/site\/wp-json\/wp\/v2\/types\/post"}],"author":[{"embeddable":true,"href":"https:\/\/www.notibras.com\/site\/wp-json\/wp\/v2\/users\/21"}],"replies":[{"embeddable":true,"href":"https:\/\/www.notibras.com\/site\/wp-json\/wp\/v2\/comments?post=380967"}],"version-history":[{"count":4,"href":"https:\/\/www.notibras.com\/site\/wp-json\/wp\/v2\/posts\/380967\/revisions"}],"predecessor-version":[{"id":380972,"href":"https:\/\/www.notibras.com\/site\/wp-json\/wp\/v2\/posts\/380967\/revisions\/380972"}],"wp:featuredmedia":[{"embeddable":true,"href":"https:\/\/www.notibras.com\/site\/wp-json\/wp\/v2\/media\/380968"}],"wp:attachment":[{"href":"https:\/\/www.notibras.com\/site\/wp-json\/wp\/v2\/media?parent=380967"}],"wp:term":[{"taxonomy":"category","embeddable":true,"href":"https:\/\/www.notibras.com\/site\/wp-json\/wp\/v2\/categories?post=380967"},{"taxonomy":"post_tag","embeddable":true,"href":"https:\/\/www.notibras.com\/site\/wp-json\/wp\/v2\/tags?post=380967"}],"curies":[{"name":"wp","href":"https:\/\/api.w.org\/{rel}","templated":true}]}}