{"id":381010,"date":"2026-01-30T02:00:29","date_gmt":"2026-01-30T05:00:29","guid":{"rendered":"https:\/\/www.notibras.com\/site\/?p=381010"},"modified":"2026-01-29T03:13:52","modified_gmt":"2026-01-29T06:13:52","slug":"inevitavel-desenlace","status":"publish","type":"post","link":"https:\/\/www.notibras.com\/site\/inevitavel-desenlace\/","title":{"rendered":"Inevit\u00e1vel desenlace"},"content":{"rendered":"<p>Jorge, assim que entrou na capela, notou a aus\u00eancia de quem acreditava encontrar ao lado do caix\u00e3o. Nem mesmo Laura, a devota irm\u00e3 do falecido. Teria passado mal diante do inevit\u00e1vel desenlace de todos n\u00f3s, que, na noite anterior, havia acometido o quase sempre risonho parente?<\/p>\n<p>Cumprimentou dois ou tr\u00eas conhecidos at\u00e9 que se aproximou do f\u00e9retro. L\u00e1 estava o seu amigo de sempre, desde os tempos remotos de menino. Jorge percebeu que as gargalhadas de Mariano haviam dado lugar \u00e0quele sorriso de Mona Lisa.<\/p>\n<p>O inevit\u00e1vel toque nas m\u00e3os r\u00edgidas e g\u00e9lidas do defunto foi a confirma\u00e7\u00e3o definitiva de que aquele mundo de fantasias se findara ali. Nada mais de correrias pelo p\u00e1tio da escola, nada mais de ir ao encal\u00e7o da pelota na rua para marcar mais um gol no imagin\u00e1rio Maracan\u00e3.<\/p>\n<p>O homem suspirou, como se quisesse se recompor. Lembrou-se da vez em que tomaram uma surra na sa\u00edda do col\u00e9gio. N\u00e3o deviam ter mais do que 13, 14 anos. E a confus\u00e3o havia sido provocada por ele, j\u00e1 que Mariano, apesar de gaiato, era esperto demais para desafiar o garoto mais parrudo da sala. Como era mesmo o seu nome? Alberto ou Gilberto? N\u00e3o seria L\u00facio? Do nada, chegou-lhe \u00e0 mente Douglas, como se o morto tivesse lhe soprado.<\/p>\n<p>\u2014 Douglas? Voc\u00ea tem certeza, Mariano?<\/p>\n<p>Uma m\u00e3o tocou-lhe no ombro, o que fez com que olhasse assustado para tr\u00e1s.<\/p>\n<p>\u2014 Voc\u00ea est\u00e1 bem, Jorge?<\/p>\n<p>Era a irm\u00e3 do falecido.<\/p>\n<p>\u2014 Oi, Laura! Pensei que voc\u00ea n\u00e3o viesse.<\/p>\n<p>\u2014 E como n\u00e3o vir? Cheguei mais cedo, mas tive que sair para comprar alguma coisa pro povo comer. Tem refrigerante tamb\u00e9m. Quer? Eu pego pra voc\u00ea.<\/p>\n<p>\u2014 N\u00e3o. Estou bem. Sem fome.<\/p>\n<p>Os dois se abra\u00e7aram, enquanto as l\u00e1grimas perderam a cerim\u00f4nia.<\/p>\n<p>\u2014 Caramba, Laura! Ele era mais novo do que eu.<\/p>\n<p>\u2014 Dois meses.<\/p>\n<p>\u2014 Que seja!<\/p>\n<p>\u2014 Acontece. A gente nunca sabe a nossa hora.<\/p>\n<p>\u2014 \u00c9 verdade, Laura. Voc\u00ea tem raz\u00e3o. Mas eu acreditava tanto no que esse filho da m\u00e3e me falava. Ele dizia que a gente ia envelhecer junto, que a gente ia ficar que nem aqueles velhos chatos pra caramba.<\/p>\n<p>\u2014 Bem, Jorge, n\u00e3o sei se isso serve de consolo, mas chatos voc\u00eas sempre foram.<\/p>\n<p>\u2014 \u00c9 verdade! Voc\u00ea tem raz\u00e3o. Mas o seu irm\u00e3o era um chato legal pra ded\u00e9u.<\/p>\n<p>\u2014 Isso \u00e9 coisa de velho.<\/p>\n<p>\u2014 O qu\u00ea?<\/p>\n<p>\u2014 Ded\u00e9u.<\/p>\n<p>Jorge esbo\u00e7ou um leve sorriso e, em seguida, virou-se para Mariano e disse:<\/p>\n<p>\u2014 T\u00e1 vendo, seu filho da m\u00e3e? Voc\u00ea tinha raz\u00e3o! N\u00f3s conseguimos! Conseguimos ser dois velhos chatos pra ded\u00e9u.<\/p>\n<p>E as l\u00e1grimas voltaram a escorrer ainda mais sinceras.<\/p>\n<p><strong>\u2026\u2026\u2026\u2026\u2026\u2026\u2026\u2026<\/strong><\/p>\n<p><strong>Eduardo Mart\u00ednez \u00e9 autor do livro \u201957 Contos e Cr\u00f4nicas por um Autor Muito Velho\u2019 (Vencedor do Pr\u00eamio Liter\u00e1rio Clarice Lispector \u2013 2025 na categoria livro de contos).<\/strong><\/p>\n<p><strong>Compre aqui<\/strong><\/p>\n<p><a href=\"https:\/\/www.joanineditora.com.br\/57-contos-e-cronicas-por-um-autor-muito-velho\"><strong>https:\/\/www.joanineditora.com.br\/57-contos-e-cronicas-por-um-autor-muito-velho<\/strong><\/a><\/p>\n","protected":false},"excerpt":{"rendered":"<p>Jorge, assim que entrou na capela, notou a aus\u00eancia de quem acreditava encontrar ao lado do caix\u00e3o. Nem mesmo Laura, a devota irm\u00e3 do falecido. Teria passado mal diante do inevit\u00e1vel desenlace de todos n\u00f3s, que, na noite anterior, havia acometido o quase sempre risonho parente? Cumprimentou dois ou tr\u00eas conhecidos at\u00e9 que se aproximou [&hellip;]<\/p>\n","protected":false},"author":21,"featured_media":381011,"comment_status":"closed","ping_status":"closed","sticky":false,"template":"","format":"standard","meta":{"_acf_changed":false,"footnotes":""},"categories":[161],"tags":[],"class_list":["post-381010","post","type-post","status-publish","format-standard","has-post-thumbnail","hentry","category-quadradinho-em-foco"],"acf":[],"yoast_head":"<!-- This site is optimized with the Yoast SEO plugin v27.2 - https:\/\/yoast.com\/product\/yoast-seo-wordpress\/ -->\n<title>Inevit\u00e1vel desenlace - Notibras<\/title>\n<meta name=\"robots\" content=\"index, follow, max-snippet:-1, max-image-preview:large, max-video-preview:-1\" \/>\n<link rel=\"canonical\" href=\"https:\/\/www.notibras.com\/site\/inevitavel-desenlace\/\" \/>\n<meta property=\"og:locale\" content=\"pt_BR\" \/>\n<meta property=\"og:type\" content=\"article\" \/>\n<meta property=\"og:title\" content=\"Inevit\u00e1vel desenlace - Notibras\" \/>\n<meta property=\"og:description\" content=\"Jorge, assim que entrou na capela, notou a aus\u00eancia de quem acreditava encontrar ao lado do caix\u00e3o. Nem mesmo Laura, a devota irm\u00e3 do falecido. Teria passado mal diante do inevit\u00e1vel desenlace de todos n\u00f3s, que, na noite anterior, havia acometido o quase sempre risonho parente? Cumprimentou dois ou tr\u00eas conhecidos at\u00e9 que se aproximou [&hellip;]\" \/>\n<meta property=\"og:url\" content=\"https:\/\/www.notibras.com\/site\/inevitavel-desenlace\/\" \/>\n<meta property=\"og:site_name\" content=\"Notibras\" \/>\n<meta property=\"article:publisher\" content=\"https:\/\/www.facebook.com\/notibras\/\" \/>\n<meta property=\"article:published_time\" content=\"2026-01-30T05:00:29+00:00\" \/>\n<meta property=\"og:image\" content=\"https:\/\/www.notibras.com\/site\/wp-content\/uploads\/2026\/01\/IMG_0725.jpg\" \/>\n\t<meta property=\"og:image:width\" content=\"1023\" \/>\n\t<meta property=\"og:image:height\" content=\"935\" \/>\n\t<meta property=\"og:image:type\" content=\"image\/jpeg\" \/>\n<meta name=\"author\" content=\"Eduardo Mart\u00ednez\" \/>\n<meta name=\"twitter:card\" content=\"summary_large_image\" \/>\n<meta name=\"twitter:creator\" content=\"@Notibras\" \/>\n<meta name=\"twitter:site\" content=\"@Notibras\" \/>\n<meta name=\"twitter:label1\" content=\"Escrito por\" \/>\n\t<meta name=\"twitter:data1\" content=\"Eduardo Mart\u00ednez\" \/>\n\t<meta name=\"twitter:label2\" content=\"Est. tempo de leitura\" \/>\n\t<meta name=\"twitter:data2\" content=\"3 minutos\" \/>\n<script type=\"application\/ld+json\" class=\"yoast-schema-graph\">{\"@context\":\"https:\/\/schema.org\",\"@graph\":[{\"@type\":\"Article\",\"@id\":\"https:\/\/www.notibras.com\/site\/inevitavel-desenlace\/#article\",\"isPartOf\":{\"@id\":\"https:\/\/www.notibras.com\/site\/inevitavel-desenlace\/\"},\"author\":{\"name\":\"Eduardo Mart\u00ednez\",\"@id\":\"https:\/\/www.notibras.com\/site\/#\/schema\/person\/5b7fabf2aedc3ada2105f03b22b4d3dd\"},\"headline\":\"Inevit\u00e1vel desenlace\",\"datePublished\":\"2026-01-30T05:00:29+00:00\",\"mainEntityOfPage\":{\"@id\":\"https:\/\/www.notibras.com\/site\/inevitavel-desenlace\/\"},\"wordCount\":501,\"publisher\":{\"@id\":\"https:\/\/www.notibras.com\/site\/#organization\"},\"image\":{\"@id\":\"https:\/\/www.notibras.com\/site\/inevitavel-desenlace\/#primaryimage\"},\"thumbnailUrl\":\"https:\/\/www.notibras.com\/site\/wp-content\/uploads\/2026\/01\/IMG_0725.jpg\",\"articleSection\":[\"Quadradinho em Foco\"],\"inLanguage\":\"pt-BR\"},{\"@type\":\"WebPage\",\"@id\":\"https:\/\/www.notibras.com\/site\/inevitavel-desenlace\/\",\"url\":\"https:\/\/www.notibras.com\/site\/inevitavel-desenlace\/\",\"name\":\"Inevit\u00e1vel desenlace - Notibras\",\"isPartOf\":{\"@id\":\"https:\/\/www.notibras.com\/site\/#website\"},\"primaryImageOfPage\":{\"@id\":\"https:\/\/www.notibras.com\/site\/inevitavel-desenlace\/#primaryimage\"},\"image\":{\"@id\":\"https:\/\/www.notibras.com\/site\/inevitavel-desenlace\/#primaryimage\"},\"thumbnailUrl\":\"https:\/\/www.notibras.com\/site\/wp-content\/uploads\/2026\/01\/IMG_0725.jpg\",\"datePublished\":\"2026-01-30T05:00:29+00:00\",\"breadcrumb\":{\"@id\":\"https:\/\/www.notibras.com\/site\/inevitavel-desenlace\/#breadcrumb\"},\"inLanguage\":\"pt-BR\",\"potentialAction\":[{\"@type\":\"ReadAction\",\"target\":[\"https:\/\/www.notibras.com\/site\/inevitavel-desenlace\/\"]}]},{\"@type\":\"ImageObject\",\"inLanguage\":\"pt-BR\",\"@id\":\"https:\/\/www.notibras.com\/site\/inevitavel-desenlace\/#primaryimage\",\"url\":\"https:\/\/www.notibras.com\/site\/wp-content\/uploads\/2026\/01\/IMG_0725.jpg\",\"contentUrl\":\"https:\/\/www.notibras.com\/site\/wp-content\/uploads\/2026\/01\/IMG_0725.jpg\",\"width\":1023,\"height\":935},{\"@type\":\"BreadcrumbList\",\"@id\":\"https:\/\/www.notibras.com\/site\/inevitavel-desenlace\/#breadcrumb\",\"itemListElement\":[{\"@type\":\"ListItem\",\"position\":1,\"name\":\"In\u00edcio\",\"item\":\"https:\/\/www.notibras.com\/site\/\"},{\"@type\":\"ListItem\",\"position\":2,\"name\":\"Inevit\u00e1vel desenlace\"}]},{\"@type\":\"WebSite\",\"@id\":\"https:\/\/www.notibras.com\/site\/#website\",\"url\":\"https:\/\/www.notibras.com\/site\/\",\"name\":\"Notibras\",\"description\":\"Not\u00edcias de Bras\u00edlia, do Brasil e do Mundo\",\"publisher\":{\"@id\":\"https:\/\/www.notibras.com\/site\/#organization\"},\"potentialAction\":[{\"@type\":\"SearchAction\",\"target\":{\"@type\":\"EntryPoint\",\"urlTemplate\":\"https:\/\/www.notibras.com\/site\/?s={search_term_string}\"},\"query-input\":{\"@type\":\"PropertyValueSpecification\",\"valueRequired\":true,\"valueName\":\"search_term_string\"}}],\"inLanguage\":\"pt-BR\"},{\"@type\":\"Organization\",\"@id\":\"https:\/\/www.notibras.com\/site\/#organization\",\"name\":\"Grupo Notibras de Comunica\u00e7\u00e3o\",\"url\":\"https:\/\/www.notibras.com\/site\/\",\"logo\":{\"@type\":\"ImageObject\",\"inLanguage\":\"pt-BR\",\"@id\":\"https:\/\/www.notibras.com\/site\/#\/schema\/logo\/image\/\",\"url\":\"https:\/\/www.notibras.com\/site\/wp-content\/uploads\/2023\/01\/notibras23.png\",\"contentUrl\":\"https:\/\/www.notibras.com\/site\/wp-content\/uploads\/2023\/01\/notibras23.png\",\"width\":350,\"height\":87,\"caption\":\"Grupo Notibras de Comunica\u00e7\u00e3o\"},\"image\":{\"@id\":\"https:\/\/www.notibras.com\/site\/#\/schema\/logo\/image\/\"},\"sameAs\":[\"https:\/\/www.facebook.com\/notibras\/\",\"https:\/\/x.com\/Notibras\",\"https:\/\/www.instagram.com\/notibras\/\"]},{\"@type\":\"Person\",\"@id\":\"https:\/\/www.notibras.com\/site\/#\/schema\/person\/5b7fabf2aedc3ada2105f03b22b4d3dd\",\"name\":\"Eduardo Mart\u00ednez\",\"image\":{\"@type\":\"ImageObject\",\"inLanguage\":\"pt-BR\",\"@id\":\"https:\/\/secure.gravatar.com\/avatar\/7902f906289926289cbcda644b5197c796b893c6ffd7b9a536a42d290f7704a0?s=96&d=mm&r=g\",\"url\":\"https:\/\/secure.gravatar.com\/avatar\/7902f906289926289cbcda644b5197c796b893c6ffd7b9a536a42d290f7704a0?s=96&d=mm&r=g\",\"contentUrl\":\"https:\/\/secure.gravatar.com\/avatar\/7902f906289926289cbcda644b5197c796b893c6ffd7b9a536a42d290f7704a0?s=96&d=mm&r=g\",\"caption\":\"Eduardo Mart\u00ednez\"}}]}<\/script>\n<!-- \/ Yoast SEO plugin. -->","yoast_head_json":{"title":"Inevit\u00e1vel desenlace - Notibras","robots":{"index":"index","follow":"follow","max-snippet":"max-snippet:-1","max-image-preview":"max-image-preview:large","max-video-preview":"max-video-preview:-1"},"canonical":"https:\/\/www.notibras.com\/site\/inevitavel-desenlace\/","og_locale":"pt_BR","og_type":"article","og_title":"Inevit\u00e1vel desenlace - Notibras","og_description":"Jorge, assim que entrou na capela, notou a aus\u00eancia de quem acreditava encontrar ao lado do caix\u00e3o. Nem mesmo Laura, a devota irm\u00e3 do falecido. Teria passado mal diante do inevit\u00e1vel desenlace de todos n\u00f3s, que, na noite anterior, havia acometido o quase sempre risonho parente? Cumprimentou dois ou tr\u00eas conhecidos at\u00e9 que se aproximou [&hellip;]","og_url":"https:\/\/www.notibras.com\/site\/inevitavel-desenlace\/","og_site_name":"Notibras","article_publisher":"https:\/\/www.facebook.com\/notibras\/","article_published_time":"2026-01-30T05:00:29+00:00","og_image":[{"width":1023,"height":935,"url":"https:\/\/www.notibras.com\/site\/wp-content\/uploads\/2026\/01\/IMG_0725.jpg","type":"image\/jpeg"}],"author":"Eduardo Mart\u00ednez","twitter_card":"summary_large_image","twitter_creator":"@Notibras","twitter_site":"@Notibras","twitter_misc":{"Escrito por":"Eduardo Mart\u00ednez","Est. tempo de leitura":"3 minutos"},"schema":{"@context":"https:\/\/schema.org","@graph":[{"@type":"Article","@id":"https:\/\/www.notibras.com\/site\/inevitavel-desenlace\/#article","isPartOf":{"@id":"https:\/\/www.notibras.com\/site\/inevitavel-desenlace\/"},"author":{"name":"Eduardo Mart\u00ednez","@id":"https:\/\/www.notibras.com\/site\/#\/schema\/person\/5b7fabf2aedc3ada2105f03b22b4d3dd"},"headline":"Inevit\u00e1vel desenlace","datePublished":"2026-01-30T05:00:29+00:00","mainEntityOfPage":{"@id":"https:\/\/www.notibras.com\/site\/inevitavel-desenlace\/"},"wordCount":501,"publisher":{"@id":"https:\/\/www.notibras.com\/site\/#organization"},"image":{"@id":"https:\/\/www.notibras.com\/site\/inevitavel-desenlace\/#primaryimage"},"thumbnailUrl":"https:\/\/www.notibras.com\/site\/wp-content\/uploads\/2026\/01\/IMG_0725.jpg","articleSection":["Quadradinho em Foco"],"inLanguage":"pt-BR"},{"@type":"WebPage","@id":"https:\/\/www.notibras.com\/site\/inevitavel-desenlace\/","url":"https:\/\/www.notibras.com\/site\/inevitavel-desenlace\/","name":"Inevit\u00e1vel desenlace - Notibras","isPartOf":{"@id":"https:\/\/www.notibras.com\/site\/#website"},"primaryImageOfPage":{"@id":"https:\/\/www.notibras.com\/site\/inevitavel-desenlace\/#primaryimage"},"image":{"@id":"https:\/\/www.notibras.com\/site\/inevitavel-desenlace\/#primaryimage"},"thumbnailUrl":"https:\/\/www.notibras.com\/site\/wp-content\/uploads\/2026\/01\/IMG_0725.jpg","datePublished":"2026-01-30T05:00:29+00:00","breadcrumb":{"@id":"https:\/\/www.notibras.com\/site\/inevitavel-desenlace\/#breadcrumb"},"inLanguage":"pt-BR","potentialAction":[{"@type":"ReadAction","target":["https:\/\/www.notibras.com\/site\/inevitavel-desenlace\/"]}]},{"@type":"ImageObject","inLanguage":"pt-BR","@id":"https:\/\/www.notibras.com\/site\/inevitavel-desenlace\/#primaryimage","url":"https:\/\/www.notibras.com\/site\/wp-content\/uploads\/2026\/01\/IMG_0725.jpg","contentUrl":"https:\/\/www.notibras.com\/site\/wp-content\/uploads\/2026\/01\/IMG_0725.jpg","width":1023,"height":935},{"@type":"BreadcrumbList","@id":"https:\/\/www.notibras.com\/site\/inevitavel-desenlace\/#breadcrumb","itemListElement":[{"@type":"ListItem","position":1,"name":"In\u00edcio","item":"https:\/\/www.notibras.com\/site\/"},{"@type":"ListItem","position":2,"name":"Inevit\u00e1vel desenlace"}]},{"@type":"WebSite","@id":"https:\/\/www.notibras.com\/site\/#website","url":"https:\/\/www.notibras.com\/site\/","name":"Notibras","description":"Not\u00edcias de Bras\u00edlia, do Brasil e do Mundo","publisher":{"@id":"https:\/\/www.notibras.com\/site\/#organization"},"potentialAction":[{"@type":"SearchAction","target":{"@type":"EntryPoint","urlTemplate":"https:\/\/www.notibras.com\/site\/?s={search_term_string}"},"query-input":{"@type":"PropertyValueSpecification","valueRequired":true,"valueName":"search_term_string"}}],"inLanguage":"pt-BR"},{"@type":"Organization","@id":"https:\/\/www.notibras.com\/site\/#organization","name":"Grupo Notibras de Comunica\u00e7\u00e3o","url":"https:\/\/www.notibras.com\/site\/","logo":{"@type":"ImageObject","inLanguage":"pt-BR","@id":"https:\/\/www.notibras.com\/site\/#\/schema\/logo\/image\/","url":"https:\/\/www.notibras.com\/site\/wp-content\/uploads\/2023\/01\/notibras23.png","contentUrl":"https:\/\/www.notibras.com\/site\/wp-content\/uploads\/2023\/01\/notibras23.png","width":350,"height":87,"caption":"Grupo Notibras de Comunica\u00e7\u00e3o"},"image":{"@id":"https:\/\/www.notibras.com\/site\/#\/schema\/logo\/image\/"},"sameAs":["https:\/\/www.facebook.com\/notibras\/","https:\/\/x.com\/Notibras","https:\/\/www.instagram.com\/notibras\/"]},{"@type":"Person","@id":"https:\/\/www.notibras.com\/site\/#\/schema\/person\/5b7fabf2aedc3ada2105f03b22b4d3dd","name":"Eduardo Mart\u00ednez","image":{"@type":"ImageObject","inLanguage":"pt-BR","@id":"https:\/\/secure.gravatar.com\/avatar\/7902f906289926289cbcda644b5197c796b893c6ffd7b9a536a42d290f7704a0?s=96&d=mm&r=g","url":"https:\/\/secure.gravatar.com\/avatar\/7902f906289926289cbcda644b5197c796b893c6ffd7b9a536a42d290f7704a0?s=96&d=mm&r=g","contentUrl":"https:\/\/secure.gravatar.com\/avatar\/7902f906289926289cbcda644b5197c796b893c6ffd7b9a536a42d290f7704a0?s=96&d=mm&r=g","caption":"Eduardo Mart\u00ednez"}}]}},"amp_enabled":true,"_links":{"self":[{"href":"https:\/\/www.notibras.com\/site\/wp-json\/wp\/v2\/posts\/381010","targetHints":{"allow":["GET"]}}],"collection":[{"href":"https:\/\/www.notibras.com\/site\/wp-json\/wp\/v2\/posts"}],"about":[{"href":"https:\/\/www.notibras.com\/site\/wp-json\/wp\/v2\/types\/post"}],"author":[{"embeddable":true,"href":"https:\/\/www.notibras.com\/site\/wp-json\/wp\/v2\/users\/21"}],"replies":[{"embeddable":true,"href":"https:\/\/www.notibras.com\/site\/wp-json\/wp\/v2\/comments?post=381010"}],"version-history":[{"count":2,"href":"https:\/\/www.notibras.com\/site\/wp-json\/wp\/v2\/posts\/381010\/revisions"}],"predecessor-version":[{"id":381013,"href":"https:\/\/www.notibras.com\/site\/wp-json\/wp\/v2\/posts\/381010\/revisions\/381013"}],"wp:featuredmedia":[{"embeddable":true,"href":"https:\/\/www.notibras.com\/site\/wp-json\/wp\/v2\/media\/381011"}],"wp:attachment":[{"href":"https:\/\/www.notibras.com\/site\/wp-json\/wp\/v2\/media?parent=381010"}],"wp:term":[{"taxonomy":"category","embeddable":true,"href":"https:\/\/www.notibras.com\/site\/wp-json\/wp\/v2\/categories?post=381010"},{"taxonomy":"post_tag","embeddable":true,"href":"https:\/\/www.notibras.com\/site\/wp-json\/wp\/v2\/tags?post=381010"}],"curies":[{"name":"wp","href":"https:\/\/api.w.org\/{rel}","templated":true}]}}