{"id":381029,"date":"2026-01-31T02:00:55","date_gmt":"2026-01-31T05:00:55","guid":{"rendered":"https:\/\/www.notibras.com\/site\/?p=381029"},"modified":"2026-01-29T05:17:05","modified_gmt":"2026-01-29T08:17:05","slug":"familia-e-tudo-igual-mas-a-da-camila-e-muito-pior","status":"publish","type":"post","link":"https:\/\/www.notibras.com\/site\/familia-e-tudo-igual-mas-a-da-camila-e-muito-pior\/","title":{"rendered":"Fam\u00edlia \u00e9 tudo igual, mas a da Camila \u00e9 muito pior"},"content":{"rendered":"<p>Fam\u00edlia \u00e9 uma esp\u00e9cie de fauna que voc\u00ea n\u00e3o tem controle sobre os esp\u00e9cimes raros que aparecem a cada gera\u00e7\u00e3o. Todos n\u00f3s temos um parente ou outro que, temos certeza, j\u00e1 nasceu treinado para constranger os seus. No entanto, no caso da Camila, ela parece ter nascido em uma fam\u00edlia premiada, tamanho o capricho do dedo de Deus.<\/p>\n<p>Jaime, um dos tios, era meio resmung\u00e3o, meio fil\u00f3sofo de botequim, do tipo que quer porque quer encontrar raz\u00e3o at\u00e9 mesmo na quantidade de colheradas de a\u00e7\u00facar que voc\u00ea p\u00f5e ou deixa de colocar no caf\u00e9.<\/p>\n<p>\u2014 Hum! T\u00e1 faltando amor na sua vida. Acertei?<\/p>\n<p>\u2014 O qu\u00ea, tio?<\/p>\n<p>\u2014 Essa sua \u00e2nsia por a\u00e7\u00facar. Quem \u00e9 que coloca quatro colheres cheias de a\u00e7\u00facar no caf\u00e9?<\/p>\n<p>\u2014 \u00c9 proibido agora?<\/p>\n<p>\u2014 Falta de amor, Camila. Eu sabia!<\/p>\n<p>Carlos, o irm\u00e3o, era devagar quase parando. Os pais at\u00e9 suspeitaram de anemia falciforme e levaram o rapaz ao m\u00e9dico. Que nada, o rapaz possu\u00eda mais hem\u00e1cias do que a maioria de todos n\u00f3s.<\/p>\n<p>\u2014 Dona J\u00falia e seu Osmar, voc\u00eas podem ficar despreocupados, que o filho de voc\u00eas \u00e9 normal. Um tiquinho lento, \u00e9 verdade, mas jabuti tamb\u00e9m \u00e9 e vive um mont\u00e3o. N\u00e3o \u00e9 verdade?<\/p>\n<p>Os pais at\u00e9 sentiram certo al\u00edvio, mas ca\u00edram na besteira de comentar sobre o tal epis\u00f3dio em almo\u00e7o de domingo na casa dos av\u00f3s da Camila. Pra qu\u00ea? O av\u00f4 n\u00e3o era f\u00e1cil e j\u00e1 saiu com essa:<\/p>\n<p>\u2014 Ah, J\u00falia, que bom!<\/p>\n<p>\u2014 Tamb\u00e9m achei, papai.<\/p>\n<p>\u2014 E tem mais, minha filha.<\/p>\n<p>\u2014 O qu\u00ea?<\/p>\n<p>\u2014 O Carlos vai arrumar amizade f\u00e1cil, f\u00e1cil.<\/p>\n<p>\u2014 \u00c9?<\/p>\n<p>\u2014 \u00c9!<\/p>\n<p>\u2014 Essa n\u00e3o entendi, papai.<\/p>\n<p>\u2014 \u00c9 que todo mundo vai querer o Carlos por perto numa briga.<\/p>\n<p>\u2014 Briga? Papai, o senhor t\u00e1 louco? E desde quando o Carlos vai se meter em briga?<\/p>\n<p>\u2014 Bem, J\u00falia, se vai se meter em briga por querer, n\u00e3o sei. Mas, que na hora da briga, ele vai ficar pra tr\u00e1s enquanto todos os amigos v\u00e3o dar pinote, ah, isso vai.<\/p>\n<p>Como voc\u00ea j\u00e1 deve imaginar, o av\u00f4 era o engra\u00e7adinho da fam\u00edlia. Quer dizer, ele tentava, pois a av\u00f3 era mais talentosa. Mas n\u00e3o pense voc\u00ea que Camila gostasse disso, mesmo porque, n\u00e3o raro, ela deixava a garota de um jeito que a pobre n\u00e3o sabia onde meter a cara.<\/p>\n<p>N\u00e3o faz muito tempo, l\u00e1 estava a Camila com o Mauro, com quem estava dando uns beijos por a\u00ed. Pense num sujeito bonito. Ali\u00e1s, bonito \u00e9 o Brad Pitt. O Mauro \u00e9 lindo! E, para ser perfeito, s\u00f3 faltava ter nascido com a voz do Milton Nascimento. Mas&#8230;<\/p>\n<p>Pois l\u00e1 estava o casalzinho em um churrasco na casa dos av\u00f3s. Era a primeira vez que a mo\u00e7a levava um rapaz para a fam\u00edlia conhecer. \u00c9 \u00f3bvio que Camila, at\u00e9 por conta de certa vaidade, n\u00e3o via a hora de mostrar para todos que era capaz de conquistar aquele peda\u00e7o de mau caminho.<\/p>\n<p>A parentada toda animada na varanda, eis que os dois pombinhos chegaram de m\u00e3os dadas. A av\u00f3, assim que viu o namorado da neta, exclamou:<\/p>\n<p>\u2014 Camila, que rapag\u00e3o bem-diagramado que voc\u00ea arrumou!<\/p>\n<p>Voc\u00ea j\u00e1 imaginou como \u00e9 que a garota se sentiu, n\u00e9?! Era um misto de orgulho mesclado com falsa timidez. Mas eis que algo inusitado aconteceu.<\/p>\n<p>\u2014 Prazer, sou o Mauro. E a senhora deve ser a dona Martinha. A Camila me fala muito bem da senhora.<\/p>\n<p>Voc\u00ea se lembra de que, para ser a perfei\u00e7\u00e3o em pessoa, bastaria o Mauro ter nascido com a voz do Milton Nascimento? Pois \u00e9, n\u00e3o nasceu. E a vov\u00f3 n\u00e3o perdoou.<\/p>\n<p>\u2014 Mas, Camila, como o seu namorado \u00e9 mal dublado!<\/p>\n<p><strong>\u2026\u2026\u2026\u2026\u2026\u2026\u2026\u2026<\/strong><\/p>\n<p><strong>Eduardo Mart\u00ednez \u00e9 autor do livro \u201957 Contos e Cr\u00f4nicas por um Autor Muito Velho\u2019 (Vencedor do Pr\u00eamio Liter\u00e1rio Clarice Lispector \u2013 2025 na categoria livro de contos).<\/strong><\/p>\n<p><strong>Compre aqui<\/strong><\/p>\n<p><a href=\"https:\/\/www.joanineditora.com.br\/57-contos-e-cronicas-por-um-autor-muito-velho\"><strong>https:\/\/www.joanineditora.com.br\/57-contos-e-cronicas-por-um-autor-muito-velho<\/strong><\/a><\/p>\n","protected":false},"excerpt":{"rendered":"<p>Fam\u00edlia \u00e9 uma esp\u00e9cie de fauna que voc\u00ea n\u00e3o tem controle sobre os esp\u00e9cimes raros que aparecem a cada gera\u00e7\u00e3o. Todos n\u00f3s temos um parente ou outro que, temos certeza, j\u00e1 nasceu treinado para constranger os seus. No entanto, no caso da Camila, ela parece ter nascido em uma fam\u00edlia premiada, tamanho o capricho do [&hellip;]<\/p>\n","protected":false},"author":21,"featured_media":381032,"comment_status":"closed","ping_status":"closed","sticky":false,"template":"","format":"standard","meta":{"_acf_changed":false,"footnotes":""},"categories":[161],"tags":[],"class_list":["post-381029","post","type-post","status-publish","format-standard","has-post-thumbnail","hentry","category-quadradinho-em-foco"],"acf":[],"yoast_head":"<!-- This site is optimized with the Yoast SEO plugin v27.2 - https:\/\/yoast.com\/product\/yoast-seo-wordpress\/ -->\n<title>Fam\u00edlia \u00e9 tudo igual, mas a da Camila \u00e9 muito pior - Notibras<\/title>\n<meta name=\"robots\" content=\"index, follow, max-snippet:-1, max-image-preview:large, max-video-preview:-1\" \/>\n<link rel=\"canonical\" href=\"https:\/\/www.notibras.com\/site\/familia-e-tudo-igual-mas-a-da-camila-e-muito-pior\/\" \/>\n<meta property=\"og:locale\" content=\"pt_BR\" \/>\n<meta property=\"og:type\" content=\"article\" \/>\n<meta property=\"og:title\" content=\"Fam\u00edlia \u00e9 tudo igual, mas a da Camila \u00e9 muito pior - Notibras\" \/>\n<meta property=\"og:description\" content=\"Fam\u00edlia \u00e9 uma esp\u00e9cie de fauna que voc\u00ea n\u00e3o tem controle sobre os esp\u00e9cimes raros que aparecem a cada gera\u00e7\u00e3o. Todos n\u00f3s temos um parente ou outro que, temos certeza, j\u00e1 nasceu treinado para constranger os seus. No entanto, no caso da Camila, ela parece ter nascido em uma fam\u00edlia premiada, tamanho o capricho do [&hellip;]\" \/>\n<meta property=\"og:url\" content=\"https:\/\/www.notibras.com\/site\/familia-e-tudo-igual-mas-a-da-camila-e-muito-pior\/\" \/>\n<meta property=\"og:site_name\" content=\"Notibras\" \/>\n<meta property=\"article:publisher\" content=\"https:\/\/www.facebook.com\/notibras\/\" \/>\n<meta property=\"article:published_time\" content=\"2026-01-31T05:00:55+00:00\" \/>\n<meta property=\"og:image\" content=\"https:\/\/www.notibras.com\/site\/wp-content\/uploads\/2026\/01\/IMG_0727.jpg\" \/>\n\t<meta property=\"og:image:width\" content=\"1023\" \/>\n\t<meta property=\"og:image:height\" content=\"927\" \/>\n\t<meta property=\"og:image:type\" content=\"image\/jpeg\" \/>\n<meta name=\"author\" content=\"Eduardo Mart\u00ednez\" \/>\n<meta name=\"twitter:card\" content=\"summary_large_image\" \/>\n<meta name=\"twitter:creator\" content=\"@Notibras\" \/>\n<meta name=\"twitter:site\" content=\"@Notibras\" \/>\n<meta name=\"twitter:label1\" content=\"Escrito por\" \/>\n\t<meta name=\"twitter:data1\" content=\"Eduardo Mart\u00ednez\" \/>\n\t<meta name=\"twitter:label2\" content=\"Est. tempo de leitura\" \/>\n\t<meta name=\"twitter:data2\" content=\"4 minutos\" \/>\n<script type=\"application\/ld+json\" class=\"yoast-schema-graph\">{\"@context\":\"https:\/\/schema.org\",\"@graph\":[{\"@type\":\"Article\",\"@id\":\"https:\/\/www.notibras.com\/site\/familia-e-tudo-igual-mas-a-da-camila-e-muito-pior\/#article\",\"isPartOf\":{\"@id\":\"https:\/\/www.notibras.com\/site\/familia-e-tudo-igual-mas-a-da-camila-e-muito-pior\/\"},\"author\":{\"name\":\"Eduardo Mart\u00ednez\",\"@id\":\"https:\/\/www.notibras.com\/site\/#\/schema\/person\/5b7fabf2aedc3ada2105f03b22b4d3dd\"},\"headline\":\"Fam\u00edlia \u00e9 tudo igual, mas a da Camila \u00e9 muito pior\",\"datePublished\":\"2026-01-31T05:00:55+00:00\",\"mainEntityOfPage\":{\"@id\":\"https:\/\/www.notibras.com\/site\/familia-e-tudo-igual-mas-a-da-camila-e-muito-pior\/\"},\"wordCount\":680,\"publisher\":{\"@id\":\"https:\/\/www.notibras.com\/site\/#organization\"},\"image\":{\"@id\":\"https:\/\/www.notibras.com\/site\/familia-e-tudo-igual-mas-a-da-camila-e-muito-pior\/#primaryimage\"},\"thumbnailUrl\":\"https:\/\/www.notibras.com\/site\/wp-content\/uploads\/2026\/01\/IMG_0727.jpg\",\"articleSection\":[\"Quadradinho em Foco\"],\"inLanguage\":\"pt-BR\"},{\"@type\":\"WebPage\",\"@id\":\"https:\/\/www.notibras.com\/site\/familia-e-tudo-igual-mas-a-da-camila-e-muito-pior\/\",\"url\":\"https:\/\/www.notibras.com\/site\/familia-e-tudo-igual-mas-a-da-camila-e-muito-pior\/\",\"name\":\"Fam\u00edlia \u00e9 tudo igual, mas a da Camila \u00e9 muito pior - Notibras\",\"isPartOf\":{\"@id\":\"https:\/\/www.notibras.com\/site\/#website\"},\"primaryImageOfPage\":{\"@id\":\"https:\/\/www.notibras.com\/site\/familia-e-tudo-igual-mas-a-da-camila-e-muito-pior\/#primaryimage\"},\"image\":{\"@id\":\"https:\/\/www.notibras.com\/site\/familia-e-tudo-igual-mas-a-da-camila-e-muito-pior\/#primaryimage\"},\"thumbnailUrl\":\"https:\/\/www.notibras.com\/site\/wp-content\/uploads\/2026\/01\/IMG_0727.jpg\",\"datePublished\":\"2026-01-31T05:00:55+00:00\",\"breadcrumb\":{\"@id\":\"https:\/\/www.notibras.com\/site\/familia-e-tudo-igual-mas-a-da-camila-e-muito-pior\/#breadcrumb\"},\"inLanguage\":\"pt-BR\",\"potentialAction\":[{\"@type\":\"ReadAction\",\"target\":[\"https:\/\/www.notibras.com\/site\/familia-e-tudo-igual-mas-a-da-camila-e-muito-pior\/\"]}]},{\"@type\":\"ImageObject\",\"inLanguage\":\"pt-BR\",\"@id\":\"https:\/\/www.notibras.com\/site\/familia-e-tudo-igual-mas-a-da-camila-e-muito-pior\/#primaryimage\",\"url\":\"https:\/\/www.notibras.com\/site\/wp-content\/uploads\/2026\/01\/IMG_0727.jpg\",\"contentUrl\":\"https:\/\/www.notibras.com\/site\/wp-content\/uploads\/2026\/01\/IMG_0727.jpg\",\"width\":1023,\"height\":927},{\"@type\":\"BreadcrumbList\",\"@id\":\"https:\/\/www.notibras.com\/site\/familia-e-tudo-igual-mas-a-da-camila-e-muito-pior\/#breadcrumb\",\"itemListElement\":[{\"@type\":\"ListItem\",\"position\":1,\"name\":\"In\u00edcio\",\"item\":\"https:\/\/www.notibras.com\/site\/\"},{\"@type\":\"ListItem\",\"position\":2,\"name\":\"Fam\u00edlia \u00e9 tudo igual, mas a da Camila \u00e9 muito pior\"}]},{\"@type\":\"WebSite\",\"@id\":\"https:\/\/www.notibras.com\/site\/#website\",\"url\":\"https:\/\/www.notibras.com\/site\/\",\"name\":\"Notibras\",\"description\":\"Not\u00edcias de Bras\u00edlia, do Brasil e do Mundo\",\"publisher\":{\"@id\":\"https:\/\/www.notibras.com\/site\/#organization\"},\"potentialAction\":[{\"@type\":\"SearchAction\",\"target\":{\"@type\":\"EntryPoint\",\"urlTemplate\":\"https:\/\/www.notibras.com\/site\/?s={search_term_string}\"},\"query-input\":{\"@type\":\"PropertyValueSpecification\",\"valueRequired\":true,\"valueName\":\"search_term_string\"}}],\"inLanguage\":\"pt-BR\"},{\"@type\":\"Organization\",\"@id\":\"https:\/\/www.notibras.com\/site\/#organization\",\"name\":\"Grupo Notibras de Comunica\u00e7\u00e3o\",\"url\":\"https:\/\/www.notibras.com\/site\/\",\"logo\":{\"@type\":\"ImageObject\",\"inLanguage\":\"pt-BR\",\"@id\":\"https:\/\/www.notibras.com\/site\/#\/schema\/logo\/image\/\",\"url\":\"https:\/\/www.notibras.com\/site\/wp-content\/uploads\/2023\/01\/notibras23.png\",\"contentUrl\":\"https:\/\/www.notibras.com\/site\/wp-content\/uploads\/2023\/01\/notibras23.png\",\"width\":350,\"height\":87,\"caption\":\"Grupo Notibras de Comunica\u00e7\u00e3o\"},\"image\":{\"@id\":\"https:\/\/www.notibras.com\/site\/#\/schema\/logo\/image\/\"},\"sameAs\":[\"https:\/\/www.facebook.com\/notibras\/\",\"https:\/\/x.com\/Notibras\",\"https:\/\/www.instagram.com\/notibras\/\"]},{\"@type\":\"Person\",\"@id\":\"https:\/\/www.notibras.com\/site\/#\/schema\/person\/5b7fabf2aedc3ada2105f03b22b4d3dd\",\"name\":\"Eduardo Mart\u00ednez\",\"image\":{\"@type\":\"ImageObject\",\"inLanguage\":\"pt-BR\",\"@id\":\"https:\/\/secure.gravatar.com\/avatar\/7902f906289926289cbcda644b5197c796b893c6ffd7b9a536a42d290f7704a0?s=96&d=mm&r=g\",\"url\":\"https:\/\/secure.gravatar.com\/avatar\/7902f906289926289cbcda644b5197c796b893c6ffd7b9a536a42d290f7704a0?s=96&d=mm&r=g\",\"contentUrl\":\"https:\/\/secure.gravatar.com\/avatar\/7902f906289926289cbcda644b5197c796b893c6ffd7b9a536a42d290f7704a0?s=96&d=mm&r=g\",\"caption\":\"Eduardo Mart\u00ednez\"}}]}<\/script>\n<!-- \/ Yoast SEO plugin. -->","yoast_head_json":{"title":"Fam\u00edlia \u00e9 tudo igual, mas a da Camila \u00e9 muito pior - Notibras","robots":{"index":"index","follow":"follow","max-snippet":"max-snippet:-1","max-image-preview":"max-image-preview:large","max-video-preview":"max-video-preview:-1"},"canonical":"https:\/\/www.notibras.com\/site\/familia-e-tudo-igual-mas-a-da-camila-e-muito-pior\/","og_locale":"pt_BR","og_type":"article","og_title":"Fam\u00edlia \u00e9 tudo igual, mas a da Camila \u00e9 muito pior - Notibras","og_description":"Fam\u00edlia \u00e9 uma esp\u00e9cie de fauna que voc\u00ea n\u00e3o tem controle sobre os esp\u00e9cimes raros que aparecem a cada gera\u00e7\u00e3o. Todos n\u00f3s temos um parente ou outro que, temos certeza, j\u00e1 nasceu treinado para constranger os seus. No entanto, no caso da Camila, ela parece ter nascido em uma fam\u00edlia premiada, tamanho o capricho do [&hellip;]","og_url":"https:\/\/www.notibras.com\/site\/familia-e-tudo-igual-mas-a-da-camila-e-muito-pior\/","og_site_name":"Notibras","article_publisher":"https:\/\/www.facebook.com\/notibras\/","article_published_time":"2026-01-31T05:00:55+00:00","og_image":[{"width":1023,"height":927,"url":"https:\/\/www.notibras.com\/site\/wp-content\/uploads\/2026\/01\/IMG_0727.jpg","type":"image\/jpeg"}],"author":"Eduardo Mart\u00ednez","twitter_card":"summary_large_image","twitter_creator":"@Notibras","twitter_site":"@Notibras","twitter_misc":{"Escrito por":"Eduardo Mart\u00ednez","Est. tempo de leitura":"4 minutos"},"schema":{"@context":"https:\/\/schema.org","@graph":[{"@type":"Article","@id":"https:\/\/www.notibras.com\/site\/familia-e-tudo-igual-mas-a-da-camila-e-muito-pior\/#article","isPartOf":{"@id":"https:\/\/www.notibras.com\/site\/familia-e-tudo-igual-mas-a-da-camila-e-muito-pior\/"},"author":{"name":"Eduardo Mart\u00ednez","@id":"https:\/\/www.notibras.com\/site\/#\/schema\/person\/5b7fabf2aedc3ada2105f03b22b4d3dd"},"headline":"Fam\u00edlia \u00e9 tudo igual, mas a da Camila \u00e9 muito pior","datePublished":"2026-01-31T05:00:55+00:00","mainEntityOfPage":{"@id":"https:\/\/www.notibras.com\/site\/familia-e-tudo-igual-mas-a-da-camila-e-muito-pior\/"},"wordCount":680,"publisher":{"@id":"https:\/\/www.notibras.com\/site\/#organization"},"image":{"@id":"https:\/\/www.notibras.com\/site\/familia-e-tudo-igual-mas-a-da-camila-e-muito-pior\/#primaryimage"},"thumbnailUrl":"https:\/\/www.notibras.com\/site\/wp-content\/uploads\/2026\/01\/IMG_0727.jpg","articleSection":["Quadradinho em Foco"],"inLanguage":"pt-BR"},{"@type":"WebPage","@id":"https:\/\/www.notibras.com\/site\/familia-e-tudo-igual-mas-a-da-camila-e-muito-pior\/","url":"https:\/\/www.notibras.com\/site\/familia-e-tudo-igual-mas-a-da-camila-e-muito-pior\/","name":"Fam\u00edlia \u00e9 tudo igual, mas a da Camila \u00e9 muito pior - Notibras","isPartOf":{"@id":"https:\/\/www.notibras.com\/site\/#website"},"primaryImageOfPage":{"@id":"https:\/\/www.notibras.com\/site\/familia-e-tudo-igual-mas-a-da-camila-e-muito-pior\/#primaryimage"},"image":{"@id":"https:\/\/www.notibras.com\/site\/familia-e-tudo-igual-mas-a-da-camila-e-muito-pior\/#primaryimage"},"thumbnailUrl":"https:\/\/www.notibras.com\/site\/wp-content\/uploads\/2026\/01\/IMG_0727.jpg","datePublished":"2026-01-31T05:00:55+00:00","breadcrumb":{"@id":"https:\/\/www.notibras.com\/site\/familia-e-tudo-igual-mas-a-da-camila-e-muito-pior\/#breadcrumb"},"inLanguage":"pt-BR","potentialAction":[{"@type":"ReadAction","target":["https:\/\/www.notibras.com\/site\/familia-e-tudo-igual-mas-a-da-camila-e-muito-pior\/"]}]},{"@type":"ImageObject","inLanguage":"pt-BR","@id":"https:\/\/www.notibras.com\/site\/familia-e-tudo-igual-mas-a-da-camila-e-muito-pior\/#primaryimage","url":"https:\/\/www.notibras.com\/site\/wp-content\/uploads\/2026\/01\/IMG_0727.jpg","contentUrl":"https:\/\/www.notibras.com\/site\/wp-content\/uploads\/2026\/01\/IMG_0727.jpg","width":1023,"height":927},{"@type":"BreadcrumbList","@id":"https:\/\/www.notibras.com\/site\/familia-e-tudo-igual-mas-a-da-camila-e-muito-pior\/#breadcrumb","itemListElement":[{"@type":"ListItem","position":1,"name":"In\u00edcio","item":"https:\/\/www.notibras.com\/site\/"},{"@type":"ListItem","position":2,"name":"Fam\u00edlia \u00e9 tudo igual, mas a da Camila \u00e9 muito pior"}]},{"@type":"WebSite","@id":"https:\/\/www.notibras.com\/site\/#website","url":"https:\/\/www.notibras.com\/site\/","name":"Notibras","description":"Not\u00edcias de Bras\u00edlia, do Brasil e do Mundo","publisher":{"@id":"https:\/\/www.notibras.com\/site\/#organization"},"potentialAction":[{"@type":"SearchAction","target":{"@type":"EntryPoint","urlTemplate":"https:\/\/www.notibras.com\/site\/?s={search_term_string}"},"query-input":{"@type":"PropertyValueSpecification","valueRequired":true,"valueName":"search_term_string"}}],"inLanguage":"pt-BR"},{"@type":"Organization","@id":"https:\/\/www.notibras.com\/site\/#organization","name":"Grupo Notibras de Comunica\u00e7\u00e3o","url":"https:\/\/www.notibras.com\/site\/","logo":{"@type":"ImageObject","inLanguage":"pt-BR","@id":"https:\/\/www.notibras.com\/site\/#\/schema\/logo\/image\/","url":"https:\/\/www.notibras.com\/site\/wp-content\/uploads\/2023\/01\/notibras23.png","contentUrl":"https:\/\/www.notibras.com\/site\/wp-content\/uploads\/2023\/01\/notibras23.png","width":350,"height":87,"caption":"Grupo Notibras de Comunica\u00e7\u00e3o"},"image":{"@id":"https:\/\/www.notibras.com\/site\/#\/schema\/logo\/image\/"},"sameAs":["https:\/\/www.facebook.com\/notibras\/","https:\/\/x.com\/Notibras","https:\/\/www.instagram.com\/notibras\/"]},{"@type":"Person","@id":"https:\/\/www.notibras.com\/site\/#\/schema\/person\/5b7fabf2aedc3ada2105f03b22b4d3dd","name":"Eduardo Mart\u00ednez","image":{"@type":"ImageObject","inLanguage":"pt-BR","@id":"https:\/\/secure.gravatar.com\/avatar\/7902f906289926289cbcda644b5197c796b893c6ffd7b9a536a42d290f7704a0?s=96&d=mm&r=g","url":"https:\/\/secure.gravatar.com\/avatar\/7902f906289926289cbcda644b5197c796b893c6ffd7b9a536a42d290f7704a0?s=96&d=mm&r=g","contentUrl":"https:\/\/secure.gravatar.com\/avatar\/7902f906289926289cbcda644b5197c796b893c6ffd7b9a536a42d290f7704a0?s=96&d=mm&r=g","caption":"Eduardo Mart\u00ednez"}}]}},"amp_enabled":true,"_links":{"self":[{"href":"https:\/\/www.notibras.com\/site\/wp-json\/wp\/v2\/posts\/381029","targetHints":{"allow":["GET"]}}],"collection":[{"href":"https:\/\/www.notibras.com\/site\/wp-json\/wp\/v2\/posts"}],"about":[{"href":"https:\/\/www.notibras.com\/site\/wp-json\/wp\/v2\/types\/post"}],"author":[{"embeddable":true,"href":"https:\/\/www.notibras.com\/site\/wp-json\/wp\/v2\/users\/21"}],"replies":[{"embeddable":true,"href":"https:\/\/www.notibras.com\/site\/wp-json\/wp\/v2\/comments?post=381029"}],"version-history":[{"count":4,"href":"https:\/\/www.notibras.com\/site\/wp-json\/wp\/v2\/posts\/381029\/revisions"}],"predecessor-version":[{"id":381034,"href":"https:\/\/www.notibras.com\/site\/wp-json\/wp\/v2\/posts\/381029\/revisions\/381034"}],"wp:featuredmedia":[{"embeddable":true,"href":"https:\/\/www.notibras.com\/site\/wp-json\/wp\/v2\/media\/381032"}],"wp:attachment":[{"href":"https:\/\/www.notibras.com\/site\/wp-json\/wp\/v2\/media?parent=381029"}],"wp:term":[{"taxonomy":"category","embeddable":true,"href":"https:\/\/www.notibras.com\/site\/wp-json\/wp\/v2\/categories?post=381029"},{"taxonomy":"post_tag","embeddable":true,"href":"https:\/\/www.notibras.com\/site\/wp-json\/wp\/v2\/tags?post=381029"}],"curies":[{"name":"wp","href":"https:\/\/api.w.org\/{rel}","templated":true}]}}