{"id":381061,"date":"2026-01-29T00:07:06","date_gmt":"2026-01-29T03:07:06","guid":{"rendered":"https:\/\/www.notibras.com\/site\/?p=381061"},"modified":"2026-01-29T08:08:49","modified_gmt":"2026-01-29T11:08:49","slug":"buscas-por-criancas-desaparecidas-se-concentram-em-mata-e-rio","status":"publish","type":"post","link":"https:\/\/www.notibras.com\/site\/buscas-por-criancas-desaparecidas-se-concentram-em-mata-e-rio\/","title":{"rendered":"Buscas por crian\u00e7as desaparecidas se concentram em mata e rio"},"content":{"rendered":"<p>Ap\u00f3s mais de tr\u00eas semanas, a Pol\u00edcia Civil do Maranh\u00e3o intensificou o trabalho de investiga\u00e7\u00e3o do desaparecimento e as buscas pelos irm\u00e3os \u00c1gatha Isabelly, de 6 anos, e Allan Michael, de 4 anos, vistos pela \u00faltima vez em 4 de janeiro, no quilombo S\u00e3o Sebasti\u00e3o dos Pretos em Bacabal (MA).<\/p>\n<p>Depois de 25 dias, as buscas est\u00e3o concentradas na mata e na outra margem do Rio Mearim, onde c\u00e3es farejadores sentiram o cheiro das crian\u00e7as.<\/p>\n<p>\u201cAs buscas pelas duas crian\u00e7as continuam em \u00e1reas de mata, rios e lagos, em paralelo a uma investiga\u00e7\u00e3o rigorosa\u201d, disse o secret\u00e1rio de Seguran\u00e7a P\u00fablica do Maranh\u00e3o, Maur\u00edcio Martins, em uma rede social.<\/p>\n<p>O secret\u00e1rio informou que os detalhes das investiga\u00e7\u00f5es n\u00e3o s\u00e3o divulgados para n\u00e3o comprometer o trabalho policial.<\/p>\n<p>Na segunda-feira (26), Martins tamb\u00e9m se manifestou a respeito de uma den\u00fancia de que os irm\u00e3os teriam sido vistos em S\u00e3o Paulo. O secret\u00e1rio disse que a not\u00edcia era falsa e criticou a dissemina\u00e7\u00e3o de fake news sobre o caso.<\/p>\n<p>\u201cFoi verificada a den\u00fancia sobre o poss\u00edvel paradeiro das crian\u00e7as em S\u00e3o Paulo. Uma equipe da comiss\u00e3o de investiga\u00e7\u00e3o foi deslocada e atuou em coopera\u00e7\u00e3o com a Pol\u00edcia Civil do estado, mas a informa\u00e7\u00e3o n\u00e3o se confirmou\u201d, disse.<\/p>\n<p>\u201cAs buscas aos irm\u00e3os continuam, com equipes atuando em \u00e1reas de dif\u00edcil acesso e a Pol\u00edcia Civil conduzindo a investiga\u00e7\u00e3o de forma rigorosa. Refor\u00e7amos que informa\u00e7\u00f5es falsas ampliam a dor da fam\u00edlia e podem configurar crime\u201d, concluiu.<\/p>\n<p>Ainda de acordo com a Secretaria de Seguran\u00e7a P\u00fablica, todos que foram ouvidos at\u00e9 o momento foram chamados na condi\u00e7\u00e3o de testemunhas e que qualquer informa\u00e7\u00e3o diferente disso \u00e9 falsa.<\/p>\n<p><strong>Desaparecimento<\/strong><br \/>\nAs tr\u00eas crian\u00e7as desapareceram, no dia 4 de janeiro, ap\u00f3s sa\u00edrem para brincar no Quilombo de S\u00e3o Sebasti\u00e3o dos Pretos, em Bacabal. No dia 7 de janeiro, Anderson Kauan, de 8 anos e primo das crian\u00e7as, foi encontrado por carroceiros em uma estrada no povoado Santa Rosa, vizinho ao que havia desparecido. Aos profissionais ele afirmou ter deixado os dois primos enquanto buscava ajuda.<\/p>\n<p>Desde o desaparecimento, a \u00e1rea de buscas, de cerca de 54 quil\u00f4metros quadrados, \u00e9 marcada por mata de vegeta\u00e7\u00e3o fechada, terreno \u00e9 irregular, com poucas trilhas, dif\u00edcil acesso, a\u00e7udes, Rio Mearim e lagos.<\/p>\n<p>Na \u00faltima quarta-feira (21), Anderson Kauan auxiliou nas buscas das crian\u00e7as. Ap\u00f3s ter recebido alta hospitalar, depois de 14 dias internado, o garoto mostrou aos policiais o caminho que percorreu com os primos at\u00e9 uma cabana abandonada, pr\u00f3xima \u00e0s margens do Rio Mearim.<\/p>\n<p>Al\u00e9m disso, militares da Marinha est\u00e3o usando o equipamento de sonar para fazer a varredura em trecho de 3 km do Rio Mearim em busca de vest\u00edgios das crian\u00e7as. O equipamento mapeia \u00e1reas submersas, produzindo imagens do fundo do rio ou do mar, mesmo em locais com pouca visibilidade.<\/p>\n<p>\u201cOs trabalhos avan\u00e7am pela regi\u00e3o e, com prioridade, pelo leito do Rio Mearim, com apoio da Marinha e de mergulhadores do Corpo de Bombeiros. Tamb\u00e9m seguimos com as investiga\u00e7\u00f5es para dar uma resposta \u00e0 fam\u00edlia, \u00e0 comunidade de S\u00e3o Sebasti\u00e3o dos Pretos, em Bacabal, e a todos que acompanham o caso\u201d, acrescentou Brand\u00e3o.<\/p>\n","protected":false},"excerpt":{"rendered":"<p>Ap\u00f3s mais de tr\u00eas semanas, a Pol\u00edcia Civil do Maranh\u00e3o intensificou o trabalho de investiga\u00e7\u00e3o do desaparecimento e as buscas pelos irm\u00e3os \u00c1gatha Isabelly, de 6 anos, e Allan Michael, de 4 anos, vistos pela \u00faltima vez em 4 de janeiro, no quilombo S\u00e3o Sebasti\u00e3o dos Pretos em Bacabal (MA). Depois de 25 dias, as [&hellip;]<\/p>\n","protected":false},"author":2,"featured_media":381062,"comment_status":"closed","ping_status":"closed","sticky":false,"template":"","format":"standard","meta":{"_acf_changed":false,"footnotes":""},"categories":[165],"tags":[],"class_list":["post-381061","post","type-post","status-publish","format-standard","has-post-thumbnail","hentry","category-nordeste"],"acf":[],"_links":{"self":[{"href":"https:\/\/www.notibras.com\/site\/wp-json\/wp\/v2\/posts\/381061","targetHints":{"allow":["GET"]}}],"collection":[{"href":"https:\/\/www.notibras.com\/site\/wp-json\/wp\/v2\/posts"}],"about":[{"href":"https:\/\/www.notibras.com\/site\/wp-json\/wp\/v2\/types\/post"}],"author":[{"embeddable":true,"href":"https:\/\/www.notibras.com\/site\/wp-json\/wp\/v2\/users\/2"}],"replies":[{"embeddable":true,"href":"https:\/\/www.notibras.com\/site\/wp-json\/wp\/v2\/comments?post=381061"}],"version-history":[{"count":1,"href":"https:\/\/www.notibras.com\/site\/wp-json\/wp\/v2\/posts\/381061\/revisions"}],"predecessor-version":[{"id":381063,"href":"https:\/\/www.notibras.com\/site\/wp-json\/wp\/v2\/posts\/381061\/revisions\/381063"}],"wp:featuredmedia":[{"embeddable":true,"href":"https:\/\/www.notibras.com\/site\/wp-json\/wp\/v2\/media\/381062"}],"wp:attachment":[{"href":"https:\/\/www.notibras.com\/site\/wp-json\/wp\/v2\/media?parent=381061"}],"wp:term":[{"taxonomy":"category","embeddable":true,"href":"https:\/\/www.notibras.com\/site\/wp-json\/wp\/v2\/categories?post=381061"},{"taxonomy":"post_tag","embeddable":true,"href":"https:\/\/www.notibras.com\/site\/wp-json\/wp\/v2\/tags?post=381061"}],"curies":[{"name":"wp","href":"https:\/\/api.w.org\/{rel}","templated":true}]}}