{"id":381064,"date":"2026-01-29T08:13:47","date_gmt":"2026-01-29T11:13:47","guid":{"rendered":"https:\/\/www.notibras.com\/site\/?p=381064"},"modified":"2026-01-29T08:13:47","modified_gmt":"2026-01-29T11:13:47","slug":"galo-da-madrugada-vai-homenagear-amor-e-saude","status":"publish","type":"post","link":"https:\/\/www.notibras.com\/site\/galo-da-madrugada-vai-homenagear-amor-e-saude\/","title":{"rendered":"Galo da Madrugada vai homenagear amor e sa\u00fade"},"content":{"rendered":"<p>Um dos s\u00edmbolos do carnaval pernambucano, a escultura do Galo da Madrugada, que todos os anos \u00e9 erguida na Ponte Duarte Coelho, no Centro Hist\u00f3rico de Recife, vai celebrar em 2026 a fraternidade e a sa\u00fade mental. O Galo Foli\u00e3o Fraterno, como foi batizada a obra, homenageia o legado de Dom Helder C\u00e2mara, refer\u00eancia religiosa e humanit\u00e1ria, e a psiquiatra Nise da Silveira.<\/p>\n<p>O arcebispo Dom Helder, indicado quatro vezes ao Nobel da Paz, via o Carnaval como uma manifesta\u00e7\u00e3o de f\u00e9, esperan\u00e7a e resist\u00eancia popular. Ao longo de anos de atua\u00e7\u00e3o em Pernambuco, blocos e grupos carnavalescos buscavam as b\u00ean\u00e7\u00e3os do arcebispo nas pr\u00e9vias da festa.<\/p>\n<p>Assinada pelos artistas Leopoldo N\u00f3brega e Germana Xavier, a escultura do Galo de 32 metros de altura est\u00e1 sendo constru\u00edda 100% com materiais reciclados. A alegoria une arte, tecnologia 3D e arteterapia.<\/p>\n<p>O figurino tem colabora\u00e7\u00e3o de pessoas em situa\u00e7\u00e3o de rua e em acompanhamento psiqui\u00e1trico, que utilizam a arteterapia como parte do tratamento; trabalho pioneiro desenvolvido por Nise da Silveira. As 27 estrelas da bandeira s\u00e3o impressas em 3D por jovens de comunidades do Recife, e o peito do Galo traz um Sagrado Cora\u00e7\u00e3o iluminado por LED, em refer\u00eancia \u00e0 sa\u00fade emocional e ao afeto coletivo.<\/p>\n<p>A escultura do Galo deve ter lugar de destaque na Ponte Duarte Coelho entre os dias 11 e 18 de fevereiro.<\/p>\n","protected":false},"excerpt":{"rendered":"<p>Um dos s\u00edmbolos do carnaval pernambucano, a escultura do Galo da Madrugada, que todos os anos \u00e9 erguida na Ponte Duarte Coelho, no Centro Hist\u00f3rico de Recife, vai celebrar em 2026 a fraternidade e a sa\u00fade mental. O Galo Foli\u00e3o Fraterno, como foi batizada a obra, homenageia o legado de Dom Helder C\u00e2mara, refer\u00eancia religiosa [&hellip;]<\/p>\n","protected":false},"author":2,"featured_media":272775,"comment_status":"closed","ping_status":"closed","sticky":false,"template":"","format":"standard","meta":{"_acf_changed":false,"footnotes":""},"categories":[165],"tags":[],"class_list":["post-381064","post","type-post","status-publish","format-standard","has-post-thumbnail","hentry","category-nordeste"],"acf":[],"_links":{"self":[{"href":"https:\/\/www.notibras.com\/site\/wp-json\/wp\/v2\/posts\/381064","targetHints":{"allow":["GET"]}}],"collection":[{"href":"https:\/\/www.notibras.com\/site\/wp-json\/wp\/v2\/posts"}],"about":[{"href":"https:\/\/www.notibras.com\/site\/wp-json\/wp\/v2\/types\/post"}],"author":[{"embeddable":true,"href":"https:\/\/www.notibras.com\/site\/wp-json\/wp\/v2\/users\/2"}],"replies":[{"embeddable":true,"href":"https:\/\/www.notibras.com\/site\/wp-json\/wp\/v2\/comments?post=381064"}],"version-history":[{"count":1,"href":"https:\/\/www.notibras.com\/site\/wp-json\/wp\/v2\/posts\/381064\/revisions"}],"predecessor-version":[{"id":381065,"href":"https:\/\/www.notibras.com\/site\/wp-json\/wp\/v2\/posts\/381064\/revisions\/381065"}],"wp:featuredmedia":[{"embeddable":true,"href":"https:\/\/www.notibras.com\/site\/wp-json\/wp\/v2\/media\/272775"}],"wp:attachment":[{"href":"https:\/\/www.notibras.com\/site\/wp-json\/wp\/v2\/media?parent=381064"}],"wp:term":[{"taxonomy":"category","embeddable":true,"href":"https:\/\/www.notibras.com\/site\/wp-json\/wp\/v2\/categories?post=381064"},{"taxonomy":"post_tag","embeddable":true,"href":"https:\/\/www.notibras.com\/site\/wp-json\/wp\/v2\/tags?post=381064"}],"curies":[{"name":"wp","href":"https:\/\/api.w.org\/{rel}","templated":true}]}}