{"id":381066,"date":"2026-01-29T13:21:07","date_gmt":"2026-01-29T16:21:07","guid":{"rendered":"https:\/\/www.notibras.com\/site\/?p=381066"},"modified":"2026-01-29T13:30:34","modified_gmt":"2026-01-29T16:30:34","slug":"fogueira-da-vaidade-queima-dinheiro-publico-no-sao-joao-do-cerrado","status":"publish","type":"post","link":"https:\/\/www.notibras.com\/site\/fogueira-da-vaidade-queima-dinheiro-publico-no-sao-joao-do-cerrado\/","title":{"rendered":"Fogueira da vaidade queima dinheiro p\u00fablico no S\u00e3o Jo\u00e3o do Cerrado"},"content":{"rendered":"<p>Cl\u00e1udio Abrantes sempre soube escolher bem seus figurinos. Vestiu-se de Jesus Cristo no Morro da Capelinha, ganhou votos, ganhou mandato, ganhou carreira. O problema \u00e9 que, longe do calv\u00e1rio cenogr\u00e1fico e das palmas emocionadas da plateia, a pol\u00edtica cobra pecados bem mais terrenos. E coube ao Tribunal de Contas do Distrito Federal fazer o papel que ningu\u00e9m gosta: o do ap\u00f3stolo que pergunta onde foi parar o dinheiro.<\/p>\n<p>O TCDF fechou o cerco. Desta vez, n\u00e3o \u00e9 persegui\u00e7\u00e3o, n\u00e3o \u00e9 mart\u00edrio, n\u00e3o \u00e9 encena\u00e7\u00e3o. \u00c9 papel, n\u00famero, termo de fomento e R$ 450 mil de recursos p\u00fablicos gastos no chamado \u201cMaior S\u00e3o Jo\u00e3o do Cerrado\u201d, um evento que, segundo a den\u00fancia, virou uma esp\u00e9cie de fogueira da vaidade, com muito brilho, muito artista mas pouca explica\u00e7\u00e3o.<\/p>\n<p>Noventa e cinco por cento do dinheiro teria sido torrado em cach\u00eas art\u00edsticos. Noventa e cinco. A Lei 13.019\/2014, aquela que exige coopera\u00e7\u00e3o real entre Estado e sociedade civil, virou figurante numa pe\u00e7a em que o protagonista \u00e9 o repasse puro e simples. E Abrantes fez o milagre n\u00e3o da multiplica\u00e7\u00e3o dos p\u00e3es, e sim o da velha multiplica\u00e7\u00e3o de contratos.<\/p>\n<p>O detalhe constrangedor \u00e9 que essa hist\u00f3ria n\u00e3o come\u00e7a agora. Em outubro de 2025, o TCDF j\u00e1 havia pedido esclarecimentos. A Secretaria de Cultura simplesmente n\u00e3o respondeu. Preferiu o sil\u00eancio b\u00edblico, aquele que antecede a nega\u00e7\u00e3o de Pedro. Agora, ganhou mais dez dias. Dez. Nem no deserto Mois\u00e9s precisou de tanto prazo para explicar seus atos.<\/p>\n<p>E o problema n\u00e3o \u00e9 s\u00f3 o S\u00e3o Jo\u00e3o de Abrantes. O buraco \u00e9 bem mais fundo \u2014 e coletivo. Em 2023, 79% dos recursos de parcerias culturais simplesmente n\u00e3o foram analisados ou n\u00e3o tiveram presta\u00e7\u00e3o de contas conclu\u00edda. Em 2024, o \u00edndice segue obsceno: 71% do dinheiro p\u00fablico sem comprova\u00e7\u00e3o adequada. O milagre aqui \u00e9 outro: o de fazer sumir n\u00fameros sem precisar de \u00e1gua benta.<\/p>\n<p>A Secretaria de Cultura parece ter transformado a an\u00e1lise de contas numa via-cr\u00facis intermin\u00e1vel, onde processos se acumulam como pecados n\u00e3o confessados. Enquanto isso, os eventos florescem, os palcos crescem, os cach\u00eas engordam e a transpar\u00eancia, que deveria ser sin\u00f4nimo de moralidade, continua crucificada.<\/p>\n<p>Cl\u00e1udio Abrantes, agora no PSD, carrega um peso que nem a cruz cenogr\u00e1fica do Morro da Capelinha ajuda a aliviar. Pelo andar da carruagem \u2014 ou pelo peso da cruz \u2014 nem Jesus faz milagre administrativo. Mesmo porque, o Tribunal de Contas n\u00e3o aceita par\u00e1bola. Quer nota fiscal, planilha, recibo e explica\u00e7\u00e3o.<\/p>\n<p>No fim das contas, o problema n\u00e3o \u00e9 fazer festa. O problema \u00e9 fazer festa com dinheiro p\u00fablico, sem explicar direito, achando que f\u00e9 resolve o que s\u00f3 a contabilidade pode esclarecer. Cl\u00e1udio Abrantes precisa entender que pol\u00edtica n\u00e3o \u00e9 teatro religioso. E o TCDF, definitivamente, n\u00e3o est\u00e1 na plateia para aplaudir.<\/p>\n<p>&#8230;&#8230;&#8230;&#8230;&#8230;&#8230;<\/p>\n<p><strong>Jos\u00e9 Seabra \u00e9 CEO fundador de Notibras<\/strong><\/p>\n","protected":false},"excerpt":{"rendered":"<p>Cl\u00e1udio Abrantes sempre soube escolher bem seus figurinos. Vestiu-se de Jesus Cristo no Morro da Capelinha, ganhou votos, ganhou mandato, ganhou carreira. O problema \u00e9 que, longe do calv\u00e1rio cenogr\u00e1fico e das palmas emocionadas da plateia, a pol\u00edtica cobra pecados bem mais terrenos. E coube ao Tribunal de Contas do Distrito Federal fazer o papel [&hellip;]<\/p>\n","protected":false},"author":2,"featured_media":381067,"comment_status":"closed","ping_status":"closed","sticky":false,"template":"","format":"standard","meta":{"_acf_changed":false,"footnotes":""},"categories":[161],"tags":[95],"class_list":["post-381066","post","type-post","status-publish","format-standard","has-post-thumbnail","hentry","category-quadradinho-em-foco","tag-capa"],"acf":[],"yoast_head":"<!-- This site is optimized with the Yoast SEO plugin v27.2 - https:\/\/yoast.com\/product\/yoast-seo-wordpress\/ -->\n<title>Fogueira da vaidade queima dinheiro p\u00fablico no S\u00e3o Jo\u00e3o do Cerrado - Notibras<\/title>\n<meta name=\"robots\" content=\"index, follow, max-snippet:-1, max-image-preview:large, max-video-preview:-1\" \/>\n<link rel=\"canonical\" href=\"https:\/\/www.notibras.com\/site\/fogueira-da-vaidade-queima-dinheiro-publico-no-sao-joao-do-cerrado\/\" \/>\n<meta property=\"og:locale\" content=\"pt_BR\" \/>\n<meta property=\"og:type\" content=\"article\" \/>\n<meta property=\"og:title\" content=\"Fogueira da vaidade queima dinheiro p\u00fablico no S\u00e3o Jo\u00e3o do Cerrado - Notibras\" \/>\n<meta property=\"og:description\" content=\"Cl\u00e1udio Abrantes sempre soube escolher bem seus figurinos. Vestiu-se de Jesus Cristo no Morro da Capelinha, ganhou votos, ganhou mandato, ganhou carreira. O problema \u00e9 que, longe do calv\u00e1rio cenogr\u00e1fico e das palmas emocionadas da plateia, a pol\u00edtica cobra pecados bem mais terrenos. E coube ao Tribunal de Contas do Distrito Federal fazer o papel [&hellip;]\" \/>\n<meta property=\"og:url\" content=\"https:\/\/www.notibras.com\/site\/fogueira-da-vaidade-queima-dinheiro-publico-no-sao-joao-do-cerrado\/\" \/>\n<meta property=\"og:site_name\" content=\"Notibras\" \/>\n<meta property=\"article:publisher\" content=\"https:\/\/www.facebook.com\/notibras\/\" \/>\n<meta property=\"article:published_time\" content=\"2026-01-29T16:21:07+00:00\" \/>\n<meta property=\"article:modified_time\" content=\"2026-01-29T16:30:34+00:00\" \/>\n<meta property=\"og:image\" content=\"https:\/\/www.notibras.com\/site\/wp-content\/uploads\/2026\/01\/culturatcdf-683x1024.png\" \/>\n\t<meta property=\"og:image:width\" content=\"683\" \/>\n\t<meta property=\"og:image:height\" content=\"1024\" \/>\n\t<meta property=\"og:image:type\" content=\"image\/png\" \/>\n<meta name=\"author\" content=\"Reda\u00e7\u00e3o\" \/>\n<meta name=\"twitter:card\" content=\"summary_large_image\" \/>\n<meta name=\"twitter:creator\" content=\"@Notibras\" \/>\n<meta name=\"twitter:site\" content=\"@Notibras\" \/>\n<meta name=\"twitter:label1\" content=\"Escrito por\" \/>\n\t<meta name=\"twitter:data1\" content=\"Reda\u00e7\u00e3o\" \/>\n\t<meta name=\"twitter:label2\" content=\"Est. tempo de leitura\" \/>\n\t<meta name=\"twitter:data2\" content=\"3 minutos\" \/>\n<script type=\"application\/ld+json\" class=\"yoast-schema-graph\">{\"@context\":\"https:\/\/schema.org\",\"@graph\":[{\"@type\":\"Article\",\"@id\":\"https:\/\/www.notibras.com\/site\/fogueira-da-vaidade-queima-dinheiro-publico-no-sao-joao-do-cerrado\/#article\",\"isPartOf\":{\"@id\":\"https:\/\/www.notibras.com\/site\/fogueira-da-vaidade-queima-dinheiro-publico-no-sao-joao-do-cerrado\/\"},\"author\":{\"name\":\"Reda\u00e7\u00e3o\",\"@id\":\"https:\/\/www.notibras.com\/site\/#\/schema\/person\/36ab0979449956132d3e5b517ea76ac8\"},\"headline\":\"Fogueira da vaidade queima dinheiro p\u00fablico no S\u00e3o Jo\u00e3o do Cerrado\",\"datePublished\":\"2026-01-29T16:21:07+00:00\",\"dateModified\":\"2026-01-29T16:30:34+00:00\",\"mainEntityOfPage\":{\"@id\":\"https:\/\/www.notibras.com\/site\/fogueira-da-vaidade-queima-dinheiro-publico-no-sao-joao-do-cerrado\/\"},\"wordCount\":518,\"publisher\":{\"@id\":\"https:\/\/www.notibras.com\/site\/#organization\"},\"image\":{\"@id\":\"https:\/\/www.notibras.com\/site\/fogueira-da-vaidade-queima-dinheiro-publico-no-sao-joao-do-cerrado\/#primaryimage\"},\"thumbnailUrl\":\"https:\/\/www.notibras.com\/site\/wp-content\/uploads\/2026\/01\/culturatcdf.png\",\"keywords\":[\"capa\"],\"articleSection\":[\"Quadradinho em Foco\"],\"inLanguage\":\"pt-BR\"},{\"@type\":\"WebPage\",\"@id\":\"https:\/\/www.notibras.com\/site\/fogueira-da-vaidade-queima-dinheiro-publico-no-sao-joao-do-cerrado\/\",\"url\":\"https:\/\/www.notibras.com\/site\/fogueira-da-vaidade-queima-dinheiro-publico-no-sao-joao-do-cerrado\/\",\"name\":\"Fogueira da vaidade queima dinheiro p\u00fablico no S\u00e3o Jo\u00e3o do Cerrado - Notibras\",\"isPartOf\":{\"@id\":\"https:\/\/www.notibras.com\/site\/#website\"},\"primaryImageOfPage\":{\"@id\":\"https:\/\/www.notibras.com\/site\/fogueira-da-vaidade-queima-dinheiro-publico-no-sao-joao-do-cerrado\/#primaryimage\"},\"image\":{\"@id\":\"https:\/\/www.notibras.com\/site\/fogueira-da-vaidade-queima-dinheiro-publico-no-sao-joao-do-cerrado\/#primaryimage\"},\"thumbnailUrl\":\"https:\/\/www.notibras.com\/site\/wp-content\/uploads\/2026\/01\/culturatcdf.png\",\"datePublished\":\"2026-01-29T16:21:07+00:00\",\"dateModified\":\"2026-01-29T16:30:34+00:00\",\"breadcrumb\":{\"@id\":\"https:\/\/www.notibras.com\/site\/fogueira-da-vaidade-queima-dinheiro-publico-no-sao-joao-do-cerrado\/#breadcrumb\"},\"inLanguage\":\"pt-BR\",\"potentialAction\":[{\"@type\":\"ReadAction\",\"target\":[\"https:\/\/www.notibras.com\/site\/fogueira-da-vaidade-queima-dinheiro-publico-no-sao-joao-do-cerrado\/\"]}]},{\"@type\":\"ImageObject\",\"inLanguage\":\"pt-BR\",\"@id\":\"https:\/\/www.notibras.com\/site\/fogueira-da-vaidade-queima-dinheiro-publico-no-sao-joao-do-cerrado\/#primaryimage\",\"url\":\"https:\/\/www.notibras.com\/site\/wp-content\/uploads\/2026\/01\/culturatcdf.png\",\"contentUrl\":\"https:\/\/www.notibras.com\/site\/wp-content\/uploads\/2026\/01\/culturatcdf.png\",\"width\":1024,\"height\":1536},{\"@type\":\"BreadcrumbList\",\"@id\":\"https:\/\/www.notibras.com\/site\/fogueira-da-vaidade-queima-dinheiro-publico-no-sao-joao-do-cerrado\/#breadcrumb\",\"itemListElement\":[{\"@type\":\"ListItem\",\"position\":1,\"name\":\"In\u00edcio\",\"item\":\"https:\/\/www.notibras.com\/site\/\"},{\"@type\":\"ListItem\",\"position\":2,\"name\":\"Fogueira da vaidade queima dinheiro p\u00fablico no S\u00e3o Jo\u00e3o do Cerrado\"}]},{\"@type\":\"WebSite\",\"@id\":\"https:\/\/www.notibras.com\/site\/#website\",\"url\":\"https:\/\/www.notibras.com\/site\/\",\"name\":\"Notibras\",\"description\":\"Not\u00edcias de Bras\u00edlia, do Brasil e do Mundo\",\"publisher\":{\"@id\":\"https:\/\/www.notibras.com\/site\/#organization\"},\"potentialAction\":[{\"@type\":\"SearchAction\",\"target\":{\"@type\":\"EntryPoint\",\"urlTemplate\":\"https:\/\/www.notibras.com\/site\/?s={search_term_string}\"},\"query-input\":{\"@type\":\"PropertyValueSpecification\",\"valueRequired\":true,\"valueName\":\"search_term_string\"}}],\"inLanguage\":\"pt-BR\"},{\"@type\":\"Organization\",\"@id\":\"https:\/\/www.notibras.com\/site\/#organization\",\"name\":\"Grupo Notibras de Comunica\u00e7\u00e3o\",\"url\":\"https:\/\/www.notibras.com\/site\/\",\"logo\":{\"@type\":\"ImageObject\",\"inLanguage\":\"pt-BR\",\"@id\":\"https:\/\/www.notibras.com\/site\/#\/schema\/logo\/image\/\",\"url\":\"https:\/\/www.notibras.com\/site\/wp-content\/uploads\/2023\/01\/notibras23.png\",\"contentUrl\":\"https:\/\/www.notibras.com\/site\/wp-content\/uploads\/2023\/01\/notibras23.png\",\"width\":350,\"height\":87,\"caption\":\"Grupo Notibras de Comunica\u00e7\u00e3o\"},\"image\":{\"@id\":\"https:\/\/www.notibras.com\/site\/#\/schema\/logo\/image\/\"},\"sameAs\":[\"https:\/\/www.facebook.com\/notibras\/\",\"https:\/\/x.com\/Notibras\",\"https:\/\/www.instagram.com\/notibras\/\"]},{\"@type\":\"Person\",\"@id\":\"https:\/\/www.notibras.com\/site\/#\/schema\/person\/36ab0979449956132d3e5b517ea76ac8\",\"name\":\"Reda\u00e7\u00e3o\",\"image\":{\"@type\":\"ImageObject\",\"inLanguage\":\"pt-BR\",\"@id\":\"https:\/\/secure.gravatar.com\/avatar\/e0a867bdedb85fd243eadf09663511f96fc81e0720a4a42581f334ad4303aa6b?s=96&d=mm&r=g\",\"url\":\"https:\/\/secure.gravatar.com\/avatar\/e0a867bdedb85fd243eadf09663511f96fc81e0720a4a42581f334ad4303aa6b?s=96&d=mm&r=g\",\"contentUrl\":\"https:\/\/secure.gravatar.com\/avatar\/e0a867bdedb85fd243eadf09663511f96fc81e0720a4a42581f334ad4303aa6b?s=96&d=mm&r=g\",\"caption\":\"Reda\u00e7\u00e3o\"}}]}<\/script>\n<!-- \/ Yoast SEO plugin. -->","yoast_head_json":{"title":"Fogueira da vaidade queima dinheiro p\u00fablico no S\u00e3o Jo\u00e3o do Cerrado - Notibras","robots":{"index":"index","follow":"follow","max-snippet":"max-snippet:-1","max-image-preview":"max-image-preview:large","max-video-preview":"max-video-preview:-1"},"canonical":"https:\/\/www.notibras.com\/site\/fogueira-da-vaidade-queima-dinheiro-publico-no-sao-joao-do-cerrado\/","og_locale":"pt_BR","og_type":"article","og_title":"Fogueira da vaidade queima dinheiro p\u00fablico no S\u00e3o Jo\u00e3o do Cerrado - Notibras","og_description":"Cl\u00e1udio Abrantes sempre soube escolher bem seus figurinos. Vestiu-se de Jesus Cristo no Morro da Capelinha, ganhou votos, ganhou mandato, ganhou carreira. O problema \u00e9 que, longe do calv\u00e1rio cenogr\u00e1fico e das palmas emocionadas da plateia, a pol\u00edtica cobra pecados bem mais terrenos. E coube ao Tribunal de Contas do Distrito Federal fazer o papel [&hellip;]","og_url":"https:\/\/www.notibras.com\/site\/fogueira-da-vaidade-queima-dinheiro-publico-no-sao-joao-do-cerrado\/","og_site_name":"Notibras","article_publisher":"https:\/\/www.facebook.com\/notibras\/","article_published_time":"2026-01-29T16:21:07+00:00","article_modified_time":"2026-01-29T16:30:34+00:00","og_image":[{"width":683,"height":1024,"url":"https:\/\/www.notibras.com\/site\/wp-content\/uploads\/2026\/01\/culturatcdf-683x1024.png","type":"image\/png"}],"author":"Reda\u00e7\u00e3o","twitter_card":"summary_large_image","twitter_creator":"@Notibras","twitter_site":"@Notibras","twitter_misc":{"Escrito por":"Reda\u00e7\u00e3o","Est. tempo de leitura":"3 minutos"},"schema":{"@context":"https:\/\/schema.org","@graph":[{"@type":"Article","@id":"https:\/\/www.notibras.com\/site\/fogueira-da-vaidade-queima-dinheiro-publico-no-sao-joao-do-cerrado\/#article","isPartOf":{"@id":"https:\/\/www.notibras.com\/site\/fogueira-da-vaidade-queima-dinheiro-publico-no-sao-joao-do-cerrado\/"},"author":{"name":"Reda\u00e7\u00e3o","@id":"https:\/\/www.notibras.com\/site\/#\/schema\/person\/36ab0979449956132d3e5b517ea76ac8"},"headline":"Fogueira da vaidade queima dinheiro p\u00fablico no S\u00e3o Jo\u00e3o do Cerrado","datePublished":"2026-01-29T16:21:07+00:00","dateModified":"2026-01-29T16:30:34+00:00","mainEntityOfPage":{"@id":"https:\/\/www.notibras.com\/site\/fogueira-da-vaidade-queima-dinheiro-publico-no-sao-joao-do-cerrado\/"},"wordCount":518,"publisher":{"@id":"https:\/\/www.notibras.com\/site\/#organization"},"image":{"@id":"https:\/\/www.notibras.com\/site\/fogueira-da-vaidade-queima-dinheiro-publico-no-sao-joao-do-cerrado\/#primaryimage"},"thumbnailUrl":"https:\/\/www.notibras.com\/site\/wp-content\/uploads\/2026\/01\/culturatcdf.png","keywords":["capa"],"articleSection":["Quadradinho em Foco"],"inLanguage":"pt-BR"},{"@type":"WebPage","@id":"https:\/\/www.notibras.com\/site\/fogueira-da-vaidade-queima-dinheiro-publico-no-sao-joao-do-cerrado\/","url":"https:\/\/www.notibras.com\/site\/fogueira-da-vaidade-queima-dinheiro-publico-no-sao-joao-do-cerrado\/","name":"Fogueira da vaidade queima dinheiro p\u00fablico no S\u00e3o Jo\u00e3o do Cerrado - Notibras","isPartOf":{"@id":"https:\/\/www.notibras.com\/site\/#website"},"primaryImageOfPage":{"@id":"https:\/\/www.notibras.com\/site\/fogueira-da-vaidade-queima-dinheiro-publico-no-sao-joao-do-cerrado\/#primaryimage"},"image":{"@id":"https:\/\/www.notibras.com\/site\/fogueira-da-vaidade-queima-dinheiro-publico-no-sao-joao-do-cerrado\/#primaryimage"},"thumbnailUrl":"https:\/\/www.notibras.com\/site\/wp-content\/uploads\/2026\/01\/culturatcdf.png","datePublished":"2026-01-29T16:21:07+00:00","dateModified":"2026-01-29T16:30:34+00:00","breadcrumb":{"@id":"https:\/\/www.notibras.com\/site\/fogueira-da-vaidade-queima-dinheiro-publico-no-sao-joao-do-cerrado\/#breadcrumb"},"inLanguage":"pt-BR","potentialAction":[{"@type":"ReadAction","target":["https:\/\/www.notibras.com\/site\/fogueira-da-vaidade-queima-dinheiro-publico-no-sao-joao-do-cerrado\/"]}]},{"@type":"ImageObject","inLanguage":"pt-BR","@id":"https:\/\/www.notibras.com\/site\/fogueira-da-vaidade-queima-dinheiro-publico-no-sao-joao-do-cerrado\/#primaryimage","url":"https:\/\/www.notibras.com\/site\/wp-content\/uploads\/2026\/01\/culturatcdf.png","contentUrl":"https:\/\/www.notibras.com\/site\/wp-content\/uploads\/2026\/01\/culturatcdf.png","width":1024,"height":1536},{"@type":"BreadcrumbList","@id":"https:\/\/www.notibras.com\/site\/fogueira-da-vaidade-queima-dinheiro-publico-no-sao-joao-do-cerrado\/#breadcrumb","itemListElement":[{"@type":"ListItem","position":1,"name":"In\u00edcio","item":"https:\/\/www.notibras.com\/site\/"},{"@type":"ListItem","position":2,"name":"Fogueira da vaidade queima dinheiro p\u00fablico no S\u00e3o Jo\u00e3o do Cerrado"}]},{"@type":"WebSite","@id":"https:\/\/www.notibras.com\/site\/#website","url":"https:\/\/www.notibras.com\/site\/","name":"Notibras","description":"Not\u00edcias de Bras\u00edlia, do Brasil e do Mundo","publisher":{"@id":"https:\/\/www.notibras.com\/site\/#organization"},"potentialAction":[{"@type":"SearchAction","target":{"@type":"EntryPoint","urlTemplate":"https:\/\/www.notibras.com\/site\/?s={search_term_string}"},"query-input":{"@type":"PropertyValueSpecification","valueRequired":true,"valueName":"search_term_string"}}],"inLanguage":"pt-BR"},{"@type":"Organization","@id":"https:\/\/www.notibras.com\/site\/#organization","name":"Grupo Notibras de Comunica\u00e7\u00e3o","url":"https:\/\/www.notibras.com\/site\/","logo":{"@type":"ImageObject","inLanguage":"pt-BR","@id":"https:\/\/www.notibras.com\/site\/#\/schema\/logo\/image\/","url":"https:\/\/www.notibras.com\/site\/wp-content\/uploads\/2023\/01\/notibras23.png","contentUrl":"https:\/\/www.notibras.com\/site\/wp-content\/uploads\/2023\/01\/notibras23.png","width":350,"height":87,"caption":"Grupo Notibras de Comunica\u00e7\u00e3o"},"image":{"@id":"https:\/\/www.notibras.com\/site\/#\/schema\/logo\/image\/"},"sameAs":["https:\/\/www.facebook.com\/notibras\/","https:\/\/x.com\/Notibras","https:\/\/www.instagram.com\/notibras\/"]},{"@type":"Person","@id":"https:\/\/www.notibras.com\/site\/#\/schema\/person\/36ab0979449956132d3e5b517ea76ac8","name":"Reda\u00e7\u00e3o","image":{"@type":"ImageObject","inLanguage":"pt-BR","@id":"https:\/\/secure.gravatar.com\/avatar\/e0a867bdedb85fd243eadf09663511f96fc81e0720a4a42581f334ad4303aa6b?s=96&d=mm&r=g","url":"https:\/\/secure.gravatar.com\/avatar\/e0a867bdedb85fd243eadf09663511f96fc81e0720a4a42581f334ad4303aa6b?s=96&d=mm&r=g","contentUrl":"https:\/\/secure.gravatar.com\/avatar\/e0a867bdedb85fd243eadf09663511f96fc81e0720a4a42581f334ad4303aa6b?s=96&d=mm&r=g","caption":"Reda\u00e7\u00e3o"}}]}},"amp_enabled":true,"_links":{"self":[{"href":"https:\/\/www.notibras.com\/site\/wp-json\/wp\/v2\/posts\/381066","targetHints":{"allow":["GET"]}}],"collection":[{"href":"https:\/\/www.notibras.com\/site\/wp-json\/wp\/v2\/posts"}],"about":[{"href":"https:\/\/www.notibras.com\/site\/wp-json\/wp\/v2\/types\/post"}],"author":[{"embeddable":true,"href":"https:\/\/www.notibras.com\/site\/wp-json\/wp\/v2\/users\/2"}],"replies":[{"embeddable":true,"href":"https:\/\/www.notibras.com\/site\/wp-json\/wp\/v2\/comments?post=381066"}],"version-history":[{"count":3,"href":"https:\/\/www.notibras.com\/site\/wp-json\/wp\/v2\/posts\/381066\/revisions"}],"predecessor-version":[{"id":381070,"href":"https:\/\/www.notibras.com\/site\/wp-json\/wp\/v2\/posts\/381066\/revisions\/381070"}],"wp:featuredmedia":[{"embeddable":true,"href":"https:\/\/www.notibras.com\/site\/wp-json\/wp\/v2\/media\/381067"}],"wp:attachment":[{"href":"https:\/\/www.notibras.com\/site\/wp-json\/wp\/v2\/media?parent=381066"}],"wp:term":[{"taxonomy":"category","embeddable":true,"href":"https:\/\/www.notibras.com\/site\/wp-json\/wp\/v2\/categories?post=381066"},{"taxonomy":"post_tag","embeddable":true,"href":"https:\/\/www.notibras.com\/site\/wp-json\/wp\/v2\/tags?post=381066"}],"curies":[{"name":"wp","href":"https:\/\/api.w.org\/{rel}","templated":true}]}}