{"id":381074,"date":"2026-01-30T01:00:36","date_gmt":"2026-01-30T04:00:36","guid":{"rendered":"https:\/\/www.notibras.com\/site\/?p=381074"},"modified":"2026-01-29T21:33:05","modified_gmt":"2026-01-30T00:33:05","slug":"briga-por-chiclete-e-seus-desdobramentos-ate-o-momento","status":"publish","type":"post","link":"https:\/\/www.notibras.com\/site\/briga-por-chiclete-e-seus-desdobramentos-ate-o-momento\/","title":{"rendered":"Briga por chiclete e seus desdobramentos at\u00e9 o momento"},"content":{"rendered":"<p>Um caso chocante de agress\u00e3o f\u00edsica motivada por um chiclete est\u00e1 abalando o Distrito Federal. Pedro Turra, de 19 anos, \u00e9 acusado de agredir um adolescente de 16 anos, que segue em coma profundo h\u00e1 seis dias. Apesar da gravidade do caso, Turra foi solto ap\u00f3s pagar fian\u00e7a de R$ 24,3 mil.<\/p>\n<p><strong>A Briga<\/strong><\/p>\n<p>A confus\u00e3o come\u00e7ou quando Pedro Turra jogou um chiclete mascado na dire\u00e7\u00e3o de outra pessoa. O adolescente, que n\u00e3o estava envolvido na brincadeira, foi agredido por Turra e sofreu les\u00f5es graves, incluindo um traumatismo craniano.<\/p>\n<p><strong>Investiga\u00e7\u00e3o<\/strong><\/p>\n<p>A Pol\u00edcia Civil est\u00e1 investigando quatro ocorr\u00eancias envolvendo Pedro Turra, incluindo a agress\u00e3o ao adolescente, uma briga em uma pra\u00e7a de \u00c1guas Claras, uma den\u00fancia de agress\u00e3o a um homem de 49 anos em uma briga de tr\u00e2nsito e uma tentativa de dar bebida a uma jovem menor de idade.<\/p>\n<p><strong>Decis\u00e3o Judicial<\/strong><\/p>\n<p>O juiz Wagno Antonio de Souza, da 2\u00aa Vara Criminal de Taguatinga, negou a pris\u00e3o preventiva de Pedro Turra, alegando que a defesa da v\u00edtima n\u00e3o tem legitimidade para pedir medidas \u00e0 Justi\u00e7a durante a fase de investiga\u00e7\u00e3o.<\/p>\n<p><strong>Rea\u00e7\u00f5es<\/strong><\/p>\n<p>A defesa do adolescente pediu que a Pol\u00edcia Civil volte a prender Pedro Turra e que o caso seja investigado como tentativa de homic\u00eddio. O delegado Pablo Aguiar afirmou que a Pol\u00edcia Civil era contra a liberdade provis\u00f3ria de Turra, considerando-o um risco para a sociedade.<\/p>\n<p><strong>Desligamento da F\u00f3rmula Delta<\/strong><\/p>\n<p>Pedro Turra foi desligado do quadro de pilotos da temporada 2026 da F\u00f3rmula Delta, na categoria escola, ap\u00f3s a repercuss\u00e3o da briga.<\/p>\n<p><strong>Pedido de Perd\u00e3o<\/strong><\/p>\n<p>Pedro Turra chegou a fazeer um pedido de perd\u00e3o \u00e0 fam\u00edlia do jovem em coma, afirmando que nunca foi sua inten\u00e7\u00e3o deixar ele daquele jeito.<\/p>\n","protected":false},"excerpt":{"rendered":"<p>Um caso chocante de agress\u00e3o f\u00edsica motivada por um chiclete est\u00e1 abalando o Distrito Federal. Pedro Turra, de 19 anos, \u00e9 acusado de agredir um adolescente de 16 anos, que segue em coma profundo h\u00e1 seis dias. Apesar da gravidade do caso, Turra foi solto ap\u00f3s pagar fian\u00e7a de R$ 24,3 mil. A Briga A [&hellip;]<\/p>\n","protected":false},"author":21,"featured_media":381075,"comment_status":"closed","ping_status":"closed","sticky":false,"template":"","format":"standard","meta":{"_acf_changed":false,"footnotes":""},"categories":[161],"tags":[],"class_list":["post-381074","post","type-post","status-publish","format-standard","has-post-thumbnail","hentry","category-quadradinho-em-foco"],"acf":[],"yoast_head":"<!-- This site is optimized with the Yoast SEO plugin v27.2 - https:\/\/yoast.com\/product\/yoast-seo-wordpress\/ -->\n<title>Briga por chiclete e seus desdobramentos at\u00e9 o momento - Notibras<\/title>\n<meta name=\"robots\" content=\"index, follow, max-snippet:-1, max-image-preview:large, max-video-preview:-1\" \/>\n<link rel=\"canonical\" href=\"https:\/\/www.notibras.com\/site\/briga-por-chiclete-e-seus-desdobramentos-ate-o-momento\/\" \/>\n<meta property=\"og:locale\" content=\"pt_BR\" \/>\n<meta property=\"og:type\" content=\"article\" \/>\n<meta property=\"og:title\" content=\"Briga por chiclete e seus desdobramentos at\u00e9 o momento - Notibras\" \/>\n<meta property=\"og:description\" content=\"Um caso chocante de agress\u00e3o f\u00edsica motivada por um chiclete est\u00e1 abalando o Distrito Federal. Pedro Turra, de 19 anos, \u00e9 acusado de agredir um adolescente de 16 anos, que segue em coma profundo h\u00e1 seis dias. Apesar da gravidade do caso, Turra foi solto ap\u00f3s pagar fian\u00e7a de R$ 24,3 mil. A Briga A [&hellip;]\" \/>\n<meta property=\"og:url\" content=\"https:\/\/www.notibras.com\/site\/briga-por-chiclete-e-seus-desdobramentos-ate-o-momento\/\" \/>\n<meta property=\"og:site_name\" content=\"Notibras\" \/>\n<meta property=\"article:publisher\" content=\"https:\/\/www.facebook.com\/notibras\/\" \/>\n<meta property=\"article:published_time\" content=\"2026-01-30T04:00:36+00:00\" \/>\n<meta property=\"og:image\" content=\"https:\/\/www.notibras.com\/site\/wp-content\/uploads\/2026\/01\/WhatsApp-Image-2026-01-29-at-21.24.32.jpeg\" \/>\n\t<meta property=\"og:image:width\" content=\"1200\" \/>\n\t<meta property=\"og:image:height\" content=\"719\" \/>\n\t<meta property=\"og:image:type\" content=\"image\/jpeg\" \/>\n<meta name=\"author\" content=\"Eduardo Mart\u00ednez\" \/>\n<meta name=\"twitter:card\" content=\"summary_large_image\" \/>\n<meta name=\"twitter:creator\" content=\"@Notibras\" \/>\n<meta name=\"twitter:site\" content=\"@Notibras\" \/>\n<meta name=\"twitter:label1\" content=\"Escrito por\" \/>\n\t<meta name=\"twitter:data1\" content=\"Eduardo Mart\u00ednez\" \/>\n\t<meta name=\"twitter:label2\" content=\"Est. tempo de leitura\" \/>\n\t<meta name=\"twitter:data2\" content=\"2 minutos\" \/>\n<script type=\"application\/ld+json\" class=\"yoast-schema-graph\">{\"@context\":\"https:\/\/schema.org\",\"@graph\":[{\"@type\":\"Article\",\"@id\":\"https:\/\/www.notibras.com\/site\/briga-por-chiclete-e-seus-desdobramentos-ate-o-momento\/#article\",\"isPartOf\":{\"@id\":\"https:\/\/www.notibras.com\/site\/briga-por-chiclete-e-seus-desdobramentos-ate-o-momento\/\"},\"author\":{\"name\":\"Eduardo Mart\u00ednez\",\"@id\":\"https:\/\/www.notibras.com\/site\/#\/schema\/person\/5b7fabf2aedc3ada2105f03b22b4d3dd\"},\"headline\":\"Briga por chiclete e seus desdobramentos at\u00e9 o momento\",\"datePublished\":\"2026-01-30T04:00:36+00:00\",\"mainEntityOfPage\":{\"@id\":\"https:\/\/www.notibras.com\/site\/briga-por-chiclete-e-seus-desdobramentos-ate-o-momento\/\"},\"wordCount\":317,\"publisher\":{\"@id\":\"https:\/\/www.notibras.com\/site\/#organization\"},\"image\":{\"@id\":\"https:\/\/www.notibras.com\/site\/briga-por-chiclete-e-seus-desdobramentos-ate-o-momento\/#primaryimage\"},\"thumbnailUrl\":\"https:\/\/www.notibras.com\/site\/wp-content\/uploads\/2026\/01\/WhatsApp-Image-2026-01-29-at-21.24.32.jpeg\",\"articleSection\":[\"Quadradinho em Foco\"],\"inLanguage\":\"pt-BR\"},{\"@type\":\"WebPage\",\"@id\":\"https:\/\/www.notibras.com\/site\/briga-por-chiclete-e-seus-desdobramentos-ate-o-momento\/\",\"url\":\"https:\/\/www.notibras.com\/site\/briga-por-chiclete-e-seus-desdobramentos-ate-o-momento\/\",\"name\":\"Briga por chiclete e seus desdobramentos at\u00e9 o momento - Notibras\",\"isPartOf\":{\"@id\":\"https:\/\/www.notibras.com\/site\/#website\"},\"primaryImageOfPage\":{\"@id\":\"https:\/\/www.notibras.com\/site\/briga-por-chiclete-e-seus-desdobramentos-ate-o-momento\/#primaryimage\"},\"image\":{\"@id\":\"https:\/\/www.notibras.com\/site\/briga-por-chiclete-e-seus-desdobramentos-ate-o-momento\/#primaryimage\"},\"thumbnailUrl\":\"https:\/\/www.notibras.com\/site\/wp-content\/uploads\/2026\/01\/WhatsApp-Image-2026-01-29-at-21.24.32.jpeg\",\"datePublished\":\"2026-01-30T04:00:36+00:00\",\"breadcrumb\":{\"@id\":\"https:\/\/www.notibras.com\/site\/briga-por-chiclete-e-seus-desdobramentos-ate-o-momento\/#breadcrumb\"},\"inLanguage\":\"pt-BR\",\"potentialAction\":[{\"@type\":\"ReadAction\",\"target\":[\"https:\/\/www.notibras.com\/site\/briga-por-chiclete-e-seus-desdobramentos-ate-o-momento\/\"]}]},{\"@type\":\"ImageObject\",\"inLanguage\":\"pt-BR\",\"@id\":\"https:\/\/www.notibras.com\/site\/briga-por-chiclete-e-seus-desdobramentos-ate-o-momento\/#primaryimage\",\"url\":\"https:\/\/www.notibras.com\/site\/wp-content\/uploads\/2026\/01\/WhatsApp-Image-2026-01-29-at-21.24.32.jpeg\",\"contentUrl\":\"https:\/\/www.notibras.com\/site\/wp-content\/uploads\/2026\/01\/WhatsApp-Image-2026-01-29-at-21.24.32.jpeg\",\"width\":1200,\"height\":719},{\"@type\":\"BreadcrumbList\",\"@id\":\"https:\/\/www.notibras.com\/site\/briga-por-chiclete-e-seus-desdobramentos-ate-o-momento\/#breadcrumb\",\"itemListElement\":[{\"@type\":\"ListItem\",\"position\":1,\"name\":\"In\u00edcio\",\"item\":\"https:\/\/www.notibras.com\/site\/\"},{\"@type\":\"ListItem\",\"position\":2,\"name\":\"Briga por chiclete e seus desdobramentos at\u00e9 o momento\"}]},{\"@type\":\"WebSite\",\"@id\":\"https:\/\/www.notibras.com\/site\/#website\",\"url\":\"https:\/\/www.notibras.com\/site\/\",\"name\":\"Notibras\",\"description\":\"Not\u00edcias de Bras\u00edlia, do Brasil e do Mundo\",\"publisher\":{\"@id\":\"https:\/\/www.notibras.com\/site\/#organization\"},\"potentialAction\":[{\"@type\":\"SearchAction\",\"target\":{\"@type\":\"EntryPoint\",\"urlTemplate\":\"https:\/\/www.notibras.com\/site\/?s={search_term_string}\"},\"query-input\":{\"@type\":\"PropertyValueSpecification\",\"valueRequired\":true,\"valueName\":\"search_term_string\"}}],\"inLanguage\":\"pt-BR\"},{\"@type\":\"Organization\",\"@id\":\"https:\/\/www.notibras.com\/site\/#organization\",\"name\":\"Grupo Notibras de Comunica\u00e7\u00e3o\",\"url\":\"https:\/\/www.notibras.com\/site\/\",\"logo\":{\"@type\":\"ImageObject\",\"inLanguage\":\"pt-BR\",\"@id\":\"https:\/\/www.notibras.com\/site\/#\/schema\/logo\/image\/\",\"url\":\"https:\/\/www.notibras.com\/site\/wp-content\/uploads\/2023\/01\/notibras23.png\",\"contentUrl\":\"https:\/\/www.notibras.com\/site\/wp-content\/uploads\/2023\/01\/notibras23.png\",\"width\":350,\"height\":87,\"caption\":\"Grupo Notibras de Comunica\u00e7\u00e3o\"},\"image\":{\"@id\":\"https:\/\/www.notibras.com\/site\/#\/schema\/logo\/image\/\"},\"sameAs\":[\"https:\/\/www.facebook.com\/notibras\/\",\"https:\/\/x.com\/Notibras\",\"https:\/\/www.instagram.com\/notibras\/\"]},{\"@type\":\"Person\",\"@id\":\"https:\/\/www.notibras.com\/site\/#\/schema\/person\/5b7fabf2aedc3ada2105f03b22b4d3dd\",\"name\":\"Eduardo Mart\u00ednez\",\"image\":{\"@type\":\"ImageObject\",\"inLanguage\":\"pt-BR\",\"@id\":\"https:\/\/secure.gravatar.com\/avatar\/7902f906289926289cbcda644b5197c796b893c6ffd7b9a536a42d290f7704a0?s=96&d=mm&r=g\",\"url\":\"https:\/\/secure.gravatar.com\/avatar\/7902f906289926289cbcda644b5197c796b893c6ffd7b9a536a42d290f7704a0?s=96&d=mm&r=g\",\"contentUrl\":\"https:\/\/secure.gravatar.com\/avatar\/7902f906289926289cbcda644b5197c796b893c6ffd7b9a536a42d290f7704a0?s=96&d=mm&r=g\",\"caption\":\"Eduardo Mart\u00ednez\"}}]}<\/script>\n<!-- \/ Yoast SEO plugin. -->","yoast_head_json":{"title":"Briga por chiclete e seus desdobramentos at\u00e9 o momento - Notibras","robots":{"index":"index","follow":"follow","max-snippet":"max-snippet:-1","max-image-preview":"max-image-preview:large","max-video-preview":"max-video-preview:-1"},"canonical":"https:\/\/www.notibras.com\/site\/briga-por-chiclete-e-seus-desdobramentos-ate-o-momento\/","og_locale":"pt_BR","og_type":"article","og_title":"Briga por chiclete e seus desdobramentos at\u00e9 o momento - Notibras","og_description":"Um caso chocante de agress\u00e3o f\u00edsica motivada por um chiclete est\u00e1 abalando o Distrito Federal. Pedro Turra, de 19 anos, \u00e9 acusado de agredir um adolescente de 16 anos, que segue em coma profundo h\u00e1 seis dias. Apesar da gravidade do caso, Turra foi solto ap\u00f3s pagar fian\u00e7a de R$ 24,3 mil. A Briga A [&hellip;]","og_url":"https:\/\/www.notibras.com\/site\/briga-por-chiclete-e-seus-desdobramentos-ate-o-momento\/","og_site_name":"Notibras","article_publisher":"https:\/\/www.facebook.com\/notibras\/","article_published_time":"2026-01-30T04:00:36+00:00","og_image":[{"width":1200,"height":719,"url":"https:\/\/www.notibras.com\/site\/wp-content\/uploads\/2026\/01\/WhatsApp-Image-2026-01-29-at-21.24.32.jpeg","type":"image\/jpeg"}],"author":"Eduardo Mart\u00ednez","twitter_card":"summary_large_image","twitter_creator":"@Notibras","twitter_site":"@Notibras","twitter_misc":{"Escrito por":"Eduardo Mart\u00ednez","Est. tempo de leitura":"2 minutos"},"schema":{"@context":"https:\/\/schema.org","@graph":[{"@type":"Article","@id":"https:\/\/www.notibras.com\/site\/briga-por-chiclete-e-seus-desdobramentos-ate-o-momento\/#article","isPartOf":{"@id":"https:\/\/www.notibras.com\/site\/briga-por-chiclete-e-seus-desdobramentos-ate-o-momento\/"},"author":{"name":"Eduardo Mart\u00ednez","@id":"https:\/\/www.notibras.com\/site\/#\/schema\/person\/5b7fabf2aedc3ada2105f03b22b4d3dd"},"headline":"Briga por chiclete e seus desdobramentos at\u00e9 o momento","datePublished":"2026-01-30T04:00:36+00:00","mainEntityOfPage":{"@id":"https:\/\/www.notibras.com\/site\/briga-por-chiclete-e-seus-desdobramentos-ate-o-momento\/"},"wordCount":317,"publisher":{"@id":"https:\/\/www.notibras.com\/site\/#organization"},"image":{"@id":"https:\/\/www.notibras.com\/site\/briga-por-chiclete-e-seus-desdobramentos-ate-o-momento\/#primaryimage"},"thumbnailUrl":"https:\/\/www.notibras.com\/site\/wp-content\/uploads\/2026\/01\/WhatsApp-Image-2026-01-29-at-21.24.32.jpeg","articleSection":["Quadradinho em Foco"],"inLanguage":"pt-BR"},{"@type":"WebPage","@id":"https:\/\/www.notibras.com\/site\/briga-por-chiclete-e-seus-desdobramentos-ate-o-momento\/","url":"https:\/\/www.notibras.com\/site\/briga-por-chiclete-e-seus-desdobramentos-ate-o-momento\/","name":"Briga por chiclete e seus desdobramentos at\u00e9 o momento - Notibras","isPartOf":{"@id":"https:\/\/www.notibras.com\/site\/#website"},"primaryImageOfPage":{"@id":"https:\/\/www.notibras.com\/site\/briga-por-chiclete-e-seus-desdobramentos-ate-o-momento\/#primaryimage"},"image":{"@id":"https:\/\/www.notibras.com\/site\/briga-por-chiclete-e-seus-desdobramentos-ate-o-momento\/#primaryimage"},"thumbnailUrl":"https:\/\/www.notibras.com\/site\/wp-content\/uploads\/2026\/01\/WhatsApp-Image-2026-01-29-at-21.24.32.jpeg","datePublished":"2026-01-30T04:00:36+00:00","breadcrumb":{"@id":"https:\/\/www.notibras.com\/site\/briga-por-chiclete-e-seus-desdobramentos-ate-o-momento\/#breadcrumb"},"inLanguage":"pt-BR","potentialAction":[{"@type":"ReadAction","target":["https:\/\/www.notibras.com\/site\/briga-por-chiclete-e-seus-desdobramentos-ate-o-momento\/"]}]},{"@type":"ImageObject","inLanguage":"pt-BR","@id":"https:\/\/www.notibras.com\/site\/briga-por-chiclete-e-seus-desdobramentos-ate-o-momento\/#primaryimage","url":"https:\/\/www.notibras.com\/site\/wp-content\/uploads\/2026\/01\/WhatsApp-Image-2026-01-29-at-21.24.32.jpeg","contentUrl":"https:\/\/www.notibras.com\/site\/wp-content\/uploads\/2026\/01\/WhatsApp-Image-2026-01-29-at-21.24.32.jpeg","width":1200,"height":719},{"@type":"BreadcrumbList","@id":"https:\/\/www.notibras.com\/site\/briga-por-chiclete-e-seus-desdobramentos-ate-o-momento\/#breadcrumb","itemListElement":[{"@type":"ListItem","position":1,"name":"In\u00edcio","item":"https:\/\/www.notibras.com\/site\/"},{"@type":"ListItem","position":2,"name":"Briga por chiclete e seus desdobramentos at\u00e9 o momento"}]},{"@type":"WebSite","@id":"https:\/\/www.notibras.com\/site\/#website","url":"https:\/\/www.notibras.com\/site\/","name":"Notibras","description":"Not\u00edcias de Bras\u00edlia, do Brasil e do Mundo","publisher":{"@id":"https:\/\/www.notibras.com\/site\/#organization"},"potentialAction":[{"@type":"SearchAction","target":{"@type":"EntryPoint","urlTemplate":"https:\/\/www.notibras.com\/site\/?s={search_term_string}"},"query-input":{"@type":"PropertyValueSpecification","valueRequired":true,"valueName":"search_term_string"}}],"inLanguage":"pt-BR"},{"@type":"Organization","@id":"https:\/\/www.notibras.com\/site\/#organization","name":"Grupo Notibras de Comunica\u00e7\u00e3o","url":"https:\/\/www.notibras.com\/site\/","logo":{"@type":"ImageObject","inLanguage":"pt-BR","@id":"https:\/\/www.notibras.com\/site\/#\/schema\/logo\/image\/","url":"https:\/\/www.notibras.com\/site\/wp-content\/uploads\/2023\/01\/notibras23.png","contentUrl":"https:\/\/www.notibras.com\/site\/wp-content\/uploads\/2023\/01\/notibras23.png","width":350,"height":87,"caption":"Grupo Notibras de Comunica\u00e7\u00e3o"},"image":{"@id":"https:\/\/www.notibras.com\/site\/#\/schema\/logo\/image\/"},"sameAs":["https:\/\/www.facebook.com\/notibras\/","https:\/\/x.com\/Notibras","https:\/\/www.instagram.com\/notibras\/"]},{"@type":"Person","@id":"https:\/\/www.notibras.com\/site\/#\/schema\/person\/5b7fabf2aedc3ada2105f03b22b4d3dd","name":"Eduardo Mart\u00ednez","image":{"@type":"ImageObject","inLanguage":"pt-BR","@id":"https:\/\/secure.gravatar.com\/avatar\/7902f906289926289cbcda644b5197c796b893c6ffd7b9a536a42d290f7704a0?s=96&d=mm&r=g","url":"https:\/\/secure.gravatar.com\/avatar\/7902f906289926289cbcda644b5197c796b893c6ffd7b9a536a42d290f7704a0?s=96&d=mm&r=g","contentUrl":"https:\/\/secure.gravatar.com\/avatar\/7902f906289926289cbcda644b5197c796b893c6ffd7b9a536a42d290f7704a0?s=96&d=mm&r=g","caption":"Eduardo Mart\u00ednez"}}]}},"amp_enabled":true,"_links":{"self":[{"href":"https:\/\/www.notibras.com\/site\/wp-json\/wp\/v2\/posts\/381074","targetHints":{"allow":["GET"]}}],"collection":[{"href":"https:\/\/www.notibras.com\/site\/wp-json\/wp\/v2\/posts"}],"about":[{"href":"https:\/\/www.notibras.com\/site\/wp-json\/wp\/v2\/types\/post"}],"author":[{"embeddable":true,"href":"https:\/\/www.notibras.com\/site\/wp-json\/wp\/v2\/users\/21"}],"replies":[{"embeddable":true,"href":"https:\/\/www.notibras.com\/site\/wp-json\/wp\/v2\/comments?post=381074"}],"version-history":[{"count":4,"href":"https:\/\/www.notibras.com\/site\/wp-json\/wp\/v2\/posts\/381074\/revisions"}],"predecessor-version":[{"id":381079,"href":"https:\/\/www.notibras.com\/site\/wp-json\/wp\/v2\/posts\/381074\/revisions\/381079"}],"wp:featuredmedia":[{"embeddable":true,"href":"https:\/\/www.notibras.com\/site\/wp-json\/wp\/v2\/media\/381075"}],"wp:attachment":[{"href":"https:\/\/www.notibras.com\/site\/wp-json\/wp\/v2\/media?parent=381074"}],"wp:term":[{"taxonomy":"category","embeddable":true,"href":"https:\/\/www.notibras.com\/site\/wp-json\/wp\/v2\/categories?post=381074"},{"taxonomy":"post_tag","embeddable":true,"href":"https:\/\/www.notibras.com\/site\/wp-json\/wp\/v2\/tags?post=381074"}],"curies":[{"name":"wp","href":"https:\/\/api.w.org\/{rel}","templated":true}]}}