{"id":381085,"date":"2026-01-30T00:45:50","date_gmt":"2026-01-30T03:45:50","guid":{"rendered":"https:\/\/www.notibras.com\/site\/?p=381085"},"modified":"2026-01-29T22:23:21","modified_gmt":"2026-01-30T01:23:21","slug":"desdobramentos-do-assassinato-da-corretora-de-imoveis","status":"publish","type":"post","link":"https:\/\/www.notibras.com\/site\/desdobramentos-do-assassinato-da-corretora-de-imoveis\/","title":{"rendered":"Desdobramentos do assassinato da corretora de im\u00f3veis"},"content":{"rendered":"<p>Cleber Rosa de Oliveira, de 49 anos, confessou ter matado a corretora de im\u00f3veis Daiane Alves de Souza, de 43 anos, em Caldas Novas, Goi\u00e1s. O crime ocorreu no dia 17 de dezembro de 2025, ap\u00f3s uma discuss\u00e3o entre os dois no subsolo do pr\u00e9dio onde Daiane morava.<\/p>\n<p><strong>Quem \u00e9 Cleber Rosa de Oliveira?<\/strong><\/p>\n<p>Cleber era professor em Catal\u00e3o, Goi\u00e1s, de 2017 a 2020 e tem dois im\u00f3veis na cidade. Ele tamb\u00e9m \u00e9 s\u00edndico do pr\u00e9dio onde Daiane morava e tinha um hist\u00f3rico de conflitos com ela.<\/p>\n<p><strong>Hist\u00f3rico de Conflitos<\/strong><\/p>\n<p>Daiane e Cleber tinham um hist\u00f3rico de brigas e processos na Justi\u00e7a. A m\u00e3e de Daiane, Nilse Alves, disse que Cleber agia como se fosse o &#8220;rei do pr\u00e9dio&#8221; e perseguia a filha h\u00e1 cerca de um ano.<\/p>\n<p><strong>Pris\u00e3o e Confiss\u00e3o<\/strong><\/p>\n<p>Cleber e seu filho, Maicon Douglas de Oliveira, foram presos pela Pol\u00edcia Civil na quarta-feira (28). Cleber confessou ter matado Daiane e levou a pol\u00edcia ao local onde abandonou o corpo, a 15 km de Caldas Novas.<\/p>\n<p><strong>Investiga\u00e7\u00e3o<\/strong><\/p>\n<p>A Pol\u00edcia Civil investiga o caso como homic\u00eddio e oculta\u00e7\u00e3o de cad\u00e1ver. O laudo da necropsia deve sair em 10 dias e a identifica\u00e7\u00e3o do corpo ser\u00e1 feita por tomografia computadorizada, exame da arcada dent\u00e1ria e DNA.<\/p>\n<p><strong>Rea\u00e7\u00f5es<\/strong><\/p>\n<p>A m\u00e3e de Daiane disse que Cleber trocou o &#8220;trono por uma cela&#8221; e que a fam\u00edlia quer um enterro digno para a corretora. O advogado de Cleber disse que a defesa tem postura colaborativa e emitir\u00e1 uma nota quando tiver acesso aos autos do processo.<\/p>\n<p><strong>Audi\u00eancia de Cust\u00f3dia<\/strong><\/p>\n<p>Cleber e Maicon passaram por audi\u00eancia de cust\u00f3dia na quinta-feira (29) e v\u00e3o continuar presos. A decis\u00e3o de manter os investigados presos levou em conta que os mandados de pris\u00e3o e de busca e apreens\u00e3o foram cumpridos dentro da legalidade.<\/p>\n<p><strong>Premedita\u00e7\u00e3o<\/strong><\/p>\n<p>A Pol\u00edcia Civil avalia que h\u00e1 ind\u00edcios de premedita\u00e7\u00e3o no crime, cometido em Caldas Novas. O hist\u00f3rico de conflitos entre o s\u00edndico e a v\u00edtima, somado \u00e0 forma como o crime foi executado, indica que a a\u00e7\u00e3o n\u00e3o foi impulsiva.<\/p>\n<p><strong>Conclus\u00e3o<\/strong><\/p>\n<p>O caso de Daiane Alves de Souza \u00e9 um exemplo tr\u00e1gico de como conflitos pessoais podem levar a consequ\u00eancias devastadoras. A investiga\u00e7\u00e3o continua e a fam\u00edlia da v\u00edtima espera por justi\u00e7a.<\/p>\n","protected":false},"excerpt":{"rendered":"<p>Cleber Rosa de Oliveira, de 49 anos, confessou ter matado a corretora de im\u00f3veis Daiane Alves de Souza, de 43 anos, em Caldas Novas, Goi\u00e1s. O crime ocorreu no dia 17 de dezembro de 2025, ap\u00f3s uma discuss\u00e3o entre os dois no subsolo do pr\u00e9dio onde Daiane morava. Quem \u00e9 Cleber Rosa de Oliveira? Cleber [&hellip;]<\/p>\n","protected":false},"author":21,"featured_media":381087,"comment_status":"closed","ping_status":"closed","sticky":false,"template":"","format":"standard","meta":{"_acf_changed":false,"footnotes":""},"categories":[161],"tags":[],"class_list":["post-381085","post","type-post","status-publish","format-standard","has-post-thumbnail","hentry","category-quadradinho-em-foco"],"acf":[],"yoast_head":"<!-- This site is optimized with the Yoast SEO plugin v27.2 - https:\/\/yoast.com\/product\/yoast-seo-wordpress\/ -->\n<title>Desdobramentos do assassinato da corretora de im\u00f3veis - Notibras<\/title>\n<meta name=\"robots\" content=\"index, follow, max-snippet:-1, max-image-preview:large, max-video-preview:-1\" \/>\n<link rel=\"canonical\" href=\"https:\/\/www.notibras.com\/site\/desdobramentos-do-assassinato-da-corretora-de-imoveis\/\" \/>\n<meta property=\"og:locale\" content=\"pt_BR\" \/>\n<meta property=\"og:type\" content=\"article\" \/>\n<meta property=\"og:title\" content=\"Desdobramentos do assassinato da corretora de im\u00f3veis - Notibras\" \/>\n<meta property=\"og:description\" content=\"Cleber Rosa de Oliveira, de 49 anos, confessou ter matado a corretora de im\u00f3veis Daiane Alves de Souza, de 43 anos, em Caldas Novas, Goi\u00e1s. O crime ocorreu no dia 17 de dezembro de 2025, ap\u00f3s uma discuss\u00e3o entre os dois no subsolo do pr\u00e9dio onde Daiane morava. Quem \u00e9 Cleber Rosa de Oliveira? Cleber [&hellip;]\" \/>\n<meta property=\"og:url\" content=\"https:\/\/www.notibras.com\/site\/desdobramentos-do-assassinato-da-corretora-de-imoveis\/\" \/>\n<meta property=\"og:site_name\" content=\"Notibras\" \/>\n<meta property=\"article:publisher\" content=\"https:\/\/www.facebook.com\/notibras\/\" \/>\n<meta property=\"article:published_time\" content=\"2026-01-30T03:45:50+00:00\" \/>\n<meta property=\"og:image\" content=\"https:\/\/www.notibras.com\/site\/wp-content\/uploads\/2026\/01\/WhatsApp-Image-2026-01-29-at-22.20.41.jpeg\" \/>\n\t<meta property=\"og:image:width\" content=\"984\" \/>\n\t<meta property=\"og:image:height\" content=\"616\" \/>\n\t<meta property=\"og:image:type\" content=\"image\/jpeg\" \/>\n<meta name=\"author\" content=\"Eduardo Mart\u00ednez\" \/>\n<meta name=\"twitter:card\" content=\"summary_large_image\" \/>\n<meta name=\"twitter:creator\" content=\"@Notibras\" \/>\n<meta name=\"twitter:site\" content=\"@Notibras\" \/>\n<meta name=\"twitter:label1\" content=\"Escrito por\" \/>\n\t<meta name=\"twitter:data1\" content=\"Eduardo Mart\u00ednez\" \/>\n\t<meta name=\"twitter:label2\" content=\"Est. tempo de leitura\" \/>\n\t<meta name=\"twitter:data2\" content=\"3 minutos\" \/>\n<script type=\"application\/ld+json\" class=\"yoast-schema-graph\">{\"@context\":\"https:\/\/schema.org\",\"@graph\":[{\"@type\":\"Article\",\"@id\":\"https:\/\/www.notibras.com\/site\/desdobramentos-do-assassinato-da-corretora-de-imoveis\/#article\",\"isPartOf\":{\"@id\":\"https:\/\/www.notibras.com\/site\/desdobramentos-do-assassinato-da-corretora-de-imoveis\/\"},\"author\":{\"name\":\"Eduardo Mart\u00ednez\",\"@id\":\"https:\/\/www.notibras.com\/site\/#\/schema\/person\/5b7fabf2aedc3ada2105f03b22b4d3dd\"},\"headline\":\"Desdobramentos do assassinato da corretora de im\u00f3veis\",\"datePublished\":\"2026-01-30T03:45:50+00:00\",\"mainEntityOfPage\":{\"@id\":\"https:\/\/www.notibras.com\/site\/desdobramentos-do-assassinato-da-corretora-de-imoveis\/\"},\"wordCount\":418,\"publisher\":{\"@id\":\"https:\/\/www.notibras.com\/site\/#organization\"},\"image\":{\"@id\":\"https:\/\/www.notibras.com\/site\/desdobramentos-do-assassinato-da-corretora-de-imoveis\/#primaryimage\"},\"thumbnailUrl\":\"https:\/\/www.notibras.com\/site\/wp-content\/uploads\/2026\/01\/WhatsApp-Image-2026-01-29-at-22.20.41.jpeg\",\"articleSection\":[\"Quadradinho em Foco\"],\"inLanguage\":\"pt-BR\"},{\"@type\":\"WebPage\",\"@id\":\"https:\/\/www.notibras.com\/site\/desdobramentos-do-assassinato-da-corretora-de-imoveis\/\",\"url\":\"https:\/\/www.notibras.com\/site\/desdobramentos-do-assassinato-da-corretora-de-imoveis\/\",\"name\":\"Desdobramentos do assassinato da corretora de im\u00f3veis - Notibras\",\"isPartOf\":{\"@id\":\"https:\/\/www.notibras.com\/site\/#website\"},\"primaryImageOfPage\":{\"@id\":\"https:\/\/www.notibras.com\/site\/desdobramentos-do-assassinato-da-corretora-de-imoveis\/#primaryimage\"},\"image\":{\"@id\":\"https:\/\/www.notibras.com\/site\/desdobramentos-do-assassinato-da-corretora-de-imoveis\/#primaryimage\"},\"thumbnailUrl\":\"https:\/\/www.notibras.com\/site\/wp-content\/uploads\/2026\/01\/WhatsApp-Image-2026-01-29-at-22.20.41.jpeg\",\"datePublished\":\"2026-01-30T03:45:50+00:00\",\"breadcrumb\":{\"@id\":\"https:\/\/www.notibras.com\/site\/desdobramentos-do-assassinato-da-corretora-de-imoveis\/#breadcrumb\"},\"inLanguage\":\"pt-BR\",\"potentialAction\":[{\"@type\":\"ReadAction\",\"target\":[\"https:\/\/www.notibras.com\/site\/desdobramentos-do-assassinato-da-corretora-de-imoveis\/\"]}]},{\"@type\":\"ImageObject\",\"inLanguage\":\"pt-BR\",\"@id\":\"https:\/\/www.notibras.com\/site\/desdobramentos-do-assassinato-da-corretora-de-imoveis\/#primaryimage\",\"url\":\"https:\/\/www.notibras.com\/site\/wp-content\/uploads\/2026\/01\/WhatsApp-Image-2026-01-29-at-22.20.41.jpeg\",\"contentUrl\":\"https:\/\/www.notibras.com\/site\/wp-content\/uploads\/2026\/01\/WhatsApp-Image-2026-01-29-at-22.20.41.jpeg\",\"width\":984,\"height\":616},{\"@type\":\"BreadcrumbList\",\"@id\":\"https:\/\/www.notibras.com\/site\/desdobramentos-do-assassinato-da-corretora-de-imoveis\/#breadcrumb\",\"itemListElement\":[{\"@type\":\"ListItem\",\"position\":1,\"name\":\"In\u00edcio\",\"item\":\"https:\/\/www.notibras.com\/site\/\"},{\"@type\":\"ListItem\",\"position\":2,\"name\":\"Desdobramentos do assassinato da corretora de im\u00f3veis\"}]},{\"@type\":\"WebSite\",\"@id\":\"https:\/\/www.notibras.com\/site\/#website\",\"url\":\"https:\/\/www.notibras.com\/site\/\",\"name\":\"Notibras\",\"description\":\"Not\u00edcias de Bras\u00edlia, do Brasil e do Mundo\",\"publisher\":{\"@id\":\"https:\/\/www.notibras.com\/site\/#organization\"},\"potentialAction\":[{\"@type\":\"SearchAction\",\"target\":{\"@type\":\"EntryPoint\",\"urlTemplate\":\"https:\/\/www.notibras.com\/site\/?s={search_term_string}\"},\"query-input\":{\"@type\":\"PropertyValueSpecification\",\"valueRequired\":true,\"valueName\":\"search_term_string\"}}],\"inLanguage\":\"pt-BR\"},{\"@type\":\"Organization\",\"@id\":\"https:\/\/www.notibras.com\/site\/#organization\",\"name\":\"Grupo Notibras de Comunica\u00e7\u00e3o\",\"url\":\"https:\/\/www.notibras.com\/site\/\",\"logo\":{\"@type\":\"ImageObject\",\"inLanguage\":\"pt-BR\",\"@id\":\"https:\/\/www.notibras.com\/site\/#\/schema\/logo\/image\/\",\"url\":\"https:\/\/www.notibras.com\/site\/wp-content\/uploads\/2023\/01\/notibras23.png\",\"contentUrl\":\"https:\/\/www.notibras.com\/site\/wp-content\/uploads\/2023\/01\/notibras23.png\",\"width\":350,\"height\":87,\"caption\":\"Grupo Notibras de Comunica\u00e7\u00e3o\"},\"image\":{\"@id\":\"https:\/\/www.notibras.com\/site\/#\/schema\/logo\/image\/\"},\"sameAs\":[\"https:\/\/www.facebook.com\/notibras\/\",\"https:\/\/x.com\/Notibras\",\"https:\/\/www.instagram.com\/notibras\/\"]},{\"@type\":\"Person\",\"@id\":\"https:\/\/www.notibras.com\/site\/#\/schema\/person\/5b7fabf2aedc3ada2105f03b22b4d3dd\",\"name\":\"Eduardo Mart\u00ednez\",\"image\":{\"@type\":\"ImageObject\",\"inLanguage\":\"pt-BR\",\"@id\":\"https:\/\/secure.gravatar.com\/avatar\/7902f906289926289cbcda644b5197c796b893c6ffd7b9a536a42d290f7704a0?s=96&d=mm&r=g\",\"url\":\"https:\/\/secure.gravatar.com\/avatar\/7902f906289926289cbcda644b5197c796b893c6ffd7b9a536a42d290f7704a0?s=96&d=mm&r=g\",\"contentUrl\":\"https:\/\/secure.gravatar.com\/avatar\/7902f906289926289cbcda644b5197c796b893c6ffd7b9a536a42d290f7704a0?s=96&d=mm&r=g\",\"caption\":\"Eduardo Mart\u00ednez\"}}]}<\/script>\n<!-- \/ Yoast SEO plugin. -->","yoast_head_json":{"title":"Desdobramentos do assassinato da corretora de im\u00f3veis - Notibras","robots":{"index":"index","follow":"follow","max-snippet":"max-snippet:-1","max-image-preview":"max-image-preview:large","max-video-preview":"max-video-preview:-1"},"canonical":"https:\/\/www.notibras.com\/site\/desdobramentos-do-assassinato-da-corretora-de-imoveis\/","og_locale":"pt_BR","og_type":"article","og_title":"Desdobramentos do assassinato da corretora de im\u00f3veis - Notibras","og_description":"Cleber Rosa de Oliveira, de 49 anos, confessou ter matado a corretora de im\u00f3veis Daiane Alves de Souza, de 43 anos, em Caldas Novas, Goi\u00e1s. O crime ocorreu no dia 17 de dezembro de 2025, ap\u00f3s uma discuss\u00e3o entre os dois no subsolo do pr\u00e9dio onde Daiane morava. Quem \u00e9 Cleber Rosa de Oliveira? Cleber [&hellip;]","og_url":"https:\/\/www.notibras.com\/site\/desdobramentos-do-assassinato-da-corretora-de-imoveis\/","og_site_name":"Notibras","article_publisher":"https:\/\/www.facebook.com\/notibras\/","article_published_time":"2026-01-30T03:45:50+00:00","og_image":[{"width":984,"height":616,"url":"https:\/\/www.notibras.com\/site\/wp-content\/uploads\/2026\/01\/WhatsApp-Image-2026-01-29-at-22.20.41.jpeg","type":"image\/jpeg"}],"author":"Eduardo Mart\u00ednez","twitter_card":"summary_large_image","twitter_creator":"@Notibras","twitter_site":"@Notibras","twitter_misc":{"Escrito por":"Eduardo Mart\u00ednez","Est. tempo de leitura":"3 minutos"},"schema":{"@context":"https:\/\/schema.org","@graph":[{"@type":"Article","@id":"https:\/\/www.notibras.com\/site\/desdobramentos-do-assassinato-da-corretora-de-imoveis\/#article","isPartOf":{"@id":"https:\/\/www.notibras.com\/site\/desdobramentos-do-assassinato-da-corretora-de-imoveis\/"},"author":{"name":"Eduardo Mart\u00ednez","@id":"https:\/\/www.notibras.com\/site\/#\/schema\/person\/5b7fabf2aedc3ada2105f03b22b4d3dd"},"headline":"Desdobramentos do assassinato da corretora de im\u00f3veis","datePublished":"2026-01-30T03:45:50+00:00","mainEntityOfPage":{"@id":"https:\/\/www.notibras.com\/site\/desdobramentos-do-assassinato-da-corretora-de-imoveis\/"},"wordCount":418,"publisher":{"@id":"https:\/\/www.notibras.com\/site\/#organization"},"image":{"@id":"https:\/\/www.notibras.com\/site\/desdobramentos-do-assassinato-da-corretora-de-imoveis\/#primaryimage"},"thumbnailUrl":"https:\/\/www.notibras.com\/site\/wp-content\/uploads\/2026\/01\/WhatsApp-Image-2026-01-29-at-22.20.41.jpeg","articleSection":["Quadradinho em Foco"],"inLanguage":"pt-BR"},{"@type":"WebPage","@id":"https:\/\/www.notibras.com\/site\/desdobramentos-do-assassinato-da-corretora-de-imoveis\/","url":"https:\/\/www.notibras.com\/site\/desdobramentos-do-assassinato-da-corretora-de-imoveis\/","name":"Desdobramentos do assassinato da corretora de im\u00f3veis - Notibras","isPartOf":{"@id":"https:\/\/www.notibras.com\/site\/#website"},"primaryImageOfPage":{"@id":"https:\/\/www.notibras.com\/site\/desdobramentos-do-assassinato-da-corretora-de-imoveis\/#primaryimage"},"image":{"@id":"https:\/\/www.notibras.com\/site\/desdobramentos-do-assassinato-da-corretora-de-imoveis\/#primaryimage"},"thumbnailUrl":"https:\/\/www.notibras.com\/site\/wp-content\/uploads\/2026\/01\/WhatsApp-Image-2026-01-29-at-22.20.41.jpeg","datePublished":"2026-01-30T03:45:50+00:00","breadcrumb":{"@id":"https:\/\/www.notibras.com\/site\/desdobramentos-do-assassinato-da-corretora-de-imoveis\/#breadcrumb"},"inLanguage":"pt-BR","potentialAction":[{"@type":"ReadAction","target":["https:\/\/www.notibras.com\/site\/desdobramentos-do-assassinato-da-corretora-de-imoveis\/"]}]},{"@type":"ImageObject","inLanguage":"pt-BR","@id":"https:\/\/www.notibras.com\/site\/desdobramentos-do-assassinato-da-corretora-de-imoveis\/#primaryimage","url":"https:\/\/www.notibras.com\/site\/wp-content\/uploads\/2026\/01\/WhatsApp-Image-2026-01-29-at-22.20.41.jpeg","contentUrl":"https:\/\/www.notibras.com\/site\/wp-content\/uploads\/2026\/01\/WhatsApp-Image-2026-01-29-at-22.20.41.jpeg","width":984,"height":616},{"@type":"BreadcrumbList","@id":"https:\/\/www.notibras.com\/site\/desdobramentos-do-assassinato-da-corretora-de-imoveis\/#breadcrumb","itemListElement":[{"@type":"ListItem","position":1,"name":"In\u00edcio","item":"https:\/\/www.notibras.com\/site\/"},{"@type":"ListItem","position":2,"name":"Desdobramentos do assassinato da corretora de im\u00f3veis"}]},{"@type":"WebSite","@id":"https:\/\/www.notibras.com\/site\/#website","url":"https:\/\/www.notibras.com\/site\/","name":"Notibras","description":"Not\u00edcias de Bras\u00edlia, do Brasil e do Mundo","publisher":{"@id":"https:\/\/www.notibras.com\/site\/#organization"},"potentialAction":[{"@type":"SearchAction","target":{"@type":"EntryPoint","urlTemplate":"https:\/\/www.notibras.com\/site\/?s={search_term_string}"},"query-input":{"@type":"PropertyValueSpecification","valueRequired":true,"valueName":"search_term_string"}}],"inLanguage":"pt-BR"},{"@type":"Organization","@id":"https:\/\/www.notibras.com\/site\/#organization","name":"Grupo Notibras de Comunica\u00e7\u00e3o","url":"https:\/\/www.notibras.com\/site\/","logo":{"@type":"ImageObject","inLanguage":"pt-BR","@id":"https:\/\/www.notibras.com\/site\/#\/schema\/logo\/image\/","url":"https:\/\/www.notibras.com\/site\/wp-content\/uploads\/2023\/01\/notibras23.png","contentUrl":"https:\/\/www.notibras.com\/site\/wp-content\/uploads\/2023\/01\/notibras23.png","width":350,"height":87,"caption":"Grupo Notibras de Comunica\u00e7\u00e3o"},"image":{"@id":"https:\/\/www.notibras.com\/site\/#\/schema\/logo\/image\/"},"sameAs":["https:\/\/www.facebook.com\/notibras\/","https:\/\/x.com\/Notibras","https:\/\/www.instagram.com\/notibras\/"]},{"@type":"Person","@id":"https:\/\/www.notibras.com\/site\/#\/schema\/person\/5b7fabf2aedc3ada2105f03b22b4d3dd","name":"Eduardo Mart\u00ednez","image":{"@type":"ImageObject","inLanguage":"pt-BR","@id":"https:\/\/secure.gravatar.com\/avatar\/7902f906289926289cbcda644b5197c796b893c6ffd7b9a536a42d290f7704a0?s=96&d=mm&r=g","url":"https:\/\/secure.gravatar.com\/avatar\/7902f906289926289cbcda644b5197c796b893c6ffd7b9a536a42d290f7704a0?s=96&d=mm&r=g","contentUrl":"https:\/\/secure.gravatar.com\/avatar\/7902f906289926289cbcda644b5197c796b893c6ffd7b9a536a42d290f7704a0?s=96&d=mm&r=g","caption":"Eduardo Mart\u00ednez"}}]}},"amp_enabled":true,"_links":{"self":[{"href":"https:\/\/www.notibras.com\/site\/wp-json\/wp\/v2\/posts\/381085","targetHints":{"allow":["GET"]}}],"collection":[{"href":"https:\/\/www.notibras.com\/site\/wp-json\/wp\/v2\/posts"}],"about":[{"href":"https:\/\/www.notibras.com\/site\/wp-json\/wp\/v2\/types\/post"}],"author":[{"embeddable":true,"href":"https:\/\/www.notibras.com\/site\/wp-json\/wp\/v2\/users\/21"}],"replies":[{"embeddable":true,"href":"https:\/\/www.notibras.com\/site\/wp-json\/wp\/v2\/comments?post=381085"}],"version-history":[{"count":3,"href":"https:\/\/www.notibras.com\/site\/wp-json\/wp\/v2\/posts\/381085\/revisions"}],"predecessor-version":[{"id":381089,"href":"https:\/\/www.notibras.com\/site\/wp-json\/wp\/v2\/posts\/381085\/revisions\/381089"}],"wp:featuredmedia":[{"embeddable":true,"href":"https:\/\/www.notibras.com\/site\/wp-json\/wp\/v2\/media\/381087"}],"wp:attachment":[{"href":"https:\/\/www.notibras.com\/site\/wp-json\/wp\/v2\/media?parent=381085"}],"wp:term":[{"taxonomy":"category","embeddable":true,"href":"https:\/\/www.notibras.com\/site\/wp-json\/wp\/v2\/categories?post=381085"},{"taxonomy":"post_tag","embeddable":true,"href":"https:\/\/www.notibras.com\/site\/wp-json\/wp\/v2\/tags?post=381085"}],"curies":[{"name":"wp","href":"https:\/\/api.w.org\/{rel}","templated":true}]}}