{"id":381132,"date":"2026-02-01T02:00:59","date_gmt":"2026-02-01T05:00:59","guid":{"rendered":"https:\/\/www.notibras.com\/site\/?p=381132"},"modified":"2026-01-30T01:35:39","modified_gmt":"2026-01-30T04:35:39","slug":"recalque-de-uma-paixao","status":"publish","type":"post","link":"https:\/\/www.notibras.com\/site\/recalque-de-uma-paixao\/","title":{"rendered":"Recalque de uma paix\u00e3o"},"content":{"rendered":"<p>Leopoldo fazia quest\u00e3o de se fechar como ostra. Foi o modo como ele havia encontrado para n\u00e3o revelar as fragilidades que lhes eram pr\u00f3prias. Se fosse ator, seria escada para a estrela de pe\u00e7a ou pel\u00edcula.<\/p>\n<p>Deitado no div\u00e3, o sujeito buscava se entender aos olhos atentos de uma psic\u00f3loga.<\/p>\n<p>\u2014 Voc\u00ea me acha recalcado?<\/p>\n<p>\u2014 Voc\u00ea se considera recalcado?<\/p>\n<p>\u2014 Talvez.<\/p>\n<p>\u2014 \u00c9 assim que voc\u00ea se enxerga?<\/p>\n<p>\u2014 Sou sem gra\u00e7a.<\/p>\n<p>N\u00e3o foi o filho favorito, muito menos o neto. Enjeitado pelas garotas na adolesc\u00eancia, imaginava-se na pele de Augusto, esp\u00e9cie de queridinho da rua. N\u00e3o que fosse feio, mas a compara\u00e7\u00e3o parecia-lhe inevit\u00e1vel.<\/p>\n<p>\u2014 Augusto? E quem \u00e9 Augusto?<\/p>\n<p>\u2014 Um amigo. Quer dizer, nunca fomos amigos, \u00e9ramos mais como conhecidos.<\/p>\n<p>\u2014 Conhecidos?<\/p>\n<p>\u2014 Bem, na verdade, fomos amigos, mas a inveja consumiu nossa amizade. N\u00e3o por culpa do Augusto, que era um cara legal. Mas aquela apar\u00eancia&#8230; Sabe?<\/p>\n<p>\u2014 Como assim?<\/p>\n<p>\u2014 \u00c9 que penso que ningu\u00e9m poderia ser t\u00e3o bonito aos 15, 16 anos. Isso \u00e9 muito injusto com as outras pessoas, que est\u00e3o passando por um monte de problemas. Sabe? Inseguran\u00e7a, espinhas na cara, horm\u00f4nios que transformam crian\u00e7as fofas em monstros.<\/p>\n<p>\u2014 Monstros? Voc\u00ea se acha um monstro, Leopoldo?<\/p>\n<p>\u2014 Bem, hoje n\u00e3o mais. Quer dizer, sei que n\u00e3o sou t\u00e3o bonito, mas aprendi a conviver com o que vejo no espelho. Mas naquela fase&#8230; Puxa, como foi dif\u00edcil!<\/p>\n<p>\u2014 Parece que voc\u00ea ainda n\u00e3o superou isso.<\/p>\n<p>\u2014 N\u00e3o, n\u00e3o! J\u00e1! Quer dizer, n\u00e3o sei ao certo. Cruzei com o Augusto na semana passada, logo que sa\u00ed daqui. Acredita?<\/p>\n<p>\u2014 E como foi esse reencontro com o seu amigo?<\/p>\n<p>\u2014 Bem, na verdade, n\u00e3o foi um reencontro. Creio que ele nem me reconheceu. Foi nessa padaria aqui embaixo. Fui comprar cigarros e l\u00e1 estava ele tomando caf\u00e9. Ele me olhou, mas foi s\u00f3 uma passada de olhos. Sabe? N\u00e3o tem aquela coisa de dar uma conferida no ambiente?<\/p>\n<p>\u2014 Sei.<\/p>\n<p>\u2014 Pois \u00e9, foi assim que aconteceu. Depois fiquei bravo comigo mesmo por n\u00e3o ter ido l\u00e1 falar com ele. Mas talvez tenha sido melhor assim. Sei l\u00e1.<\/p>\n<p>\u2014 A beleza do seu amigo ainda o incomoda?<\/p>\n<p>\u2014 Engra\u00e7ado \u00e9 que ele nem est\u00e1 t\u00e3o bonito assim. Ainda conserva aquele charme. \u00c9, por que estou fazendo isso?<\/p>\n<p>\u2014 Fazendo o qu\u00ea?<\/p>\n<p>\u2014 Mentindo pra mim mesmo.<\/p>\n<p>\u2014 Como assim?<\/p>\n<p>\u2014 O Augusto continua lindo. Puxa vida! Acho que at\u00e9 mais.<\/p>\n<p>\u2014 E isso ainda te incomoda?<\/p>\n<p>\u2014 Talvez. Ningu\u00e9m poderia ser t\u00e3o lindo daquele jeito. Pelo menos n\u00e3o fora das telas de cinema.<\/p>\n<p>\u2014 Voc\u00ea odeia o seu amigo por isso?<\/p>\n<p>\u2014 Odiar? N\u00e3o! Jamais! Eu sempre amei aquele desgra\u00e7ado!<\/p>\n<p><strong>\u2026\u2026\u2026\u2026\u2026\u2026\u2026\u2026<\/strong><\/p>\n<p><strong>Eduardo Mart\u00ednez \u00e9 autor do livro \u201957 Contos e Cr\u00f4nicas por um Autor Muito Velho\u2019 (Vencedor do Pr\u00eamio Liter\u00e1rio Clarice Lispector \u2013 2025 na categoria livro de contos).<\/strong><\/p>\n<p><strong>Compre aqui<\/strong><\/p>\n<p><a href=\"https:\/\/www.joanineditora.com.br\/57-contos-e-cronicas-por-um-autor-muito-velho\"><strong>https:\/\/www.joanineditora.com.br\/57-contos-e-cronicas-por-um-autor-muito-velho<\/strong><\/a><\/p>\n","protected":false},"excerpt":{"rendered":"<p>Leopoldo fazia quest\u00e3o de se fechar como ostra. Foi o modo como ele havia encontrado para n\u00e3o revelar as fragilidades que lhes eram pr\u00f3prias. Se fosse ator, seria escada para a estrela de pe\u00e7a ou pel\u00edcula. Deitado no div\u00e3, o sujeito buscava se entender aos olhos atentos de uma psic\u00f3loga. \u2014 Voc\u00ea me acha recalcado? [&hellip;]<\/p>\n","protected":false},"author":21,"featured_media":381133,"comment_status":"closed","ping_status":"closed","sticky":false,"template":"","format":"standard","meta":{"_acf_changed":false,"footnotes":""},"categories":[161],"tags":[],"class_list":["post-381132","post","type-post","status-publish","format-standard","has-post-thumbnail","hentry","category-quadradinho-em-foco"],"acf":[],"yoast_head":"<!-- This site is optimized with the Yoast SEO plugin v27.2 - https:\/\/yoast.com\/product\/yoast-seo-wordpress\/ -->\n<title>Recalque de uma paix\u00e3o - Notibras<\/title>\n<meta name=\"robots\" content=\"index, follow, max-snippet:-1, max-image-preview:large, max-video-preview:-1\" \/>\n<link rel=\"canonical\" href=\"https:\/\/www.notibras.com\/site\/recalque-de-uma-paixao\/\" \/>\n<meta property=\"og:locale\" content=\"pt_BR\" \/>\n<meta property=\"og:type\" content=\"article\" \/>\n<meta property=\"og:title\" content=\"Recalque de uma paix\u00e3o - Notibras\" \/>\n<meta property=\"og:description\" content=\"Leopoldo fazia quest\u00e3o de se fechar como ostra. Foi o modo como ele havia encontrado para n\u00e3o revelar as fragilidades que lhes eram pr\u00f3prias. Se fosse ator, seria escada para a estrela de pe\u00e7a ou pel\u00edcula. Deitado no div\u00e3, o sujeito buscava se entender aos olhos atentos de uma psic\u00f3loga. \u2014 Voc\u00ea me acha recalcado? [&hellip;]\" \/>\n<meta property=\"og:url\" content=\"https:\/\/www.notibras.com\/site\/recalque-de-uma-paixao\/\" \/>\n<meta property=\"og:site_name\" content=\"Notibras\" \/>\n<meta property=\"article:publisher\" content=\"https:\/\/www.facebook.com\/notibras\/\" \/>\n<meta property=\"article:published_time\" content=\"2026-02-01T05:00:59+00:00\" \/>\n<meta property=\"og:image\" content=\"https:\/\/www.notibras.com\/site\/wp-content\/uploads\/2026\/01\/IMG_0747.jpg\" \/>\n\t<meta property=\"og:image:width\" content=\"1015\" \/>\n\t<meta property=\"og:image:height\" content=\"937\" \/>\n\t<meta property=\"og:image:type\" content=\"image\/jpeg\" \/>\n<meta name=\"author\" content=\"Eduardo Mart\u00ednez\" \/>\n<meta name=\"twitter:card\" content=\"summary_large_image\" \/>\n<meta name=\"twitter:creator\" content=\"@Notibras\" \/>\n<meta name=\"twitter:site\" content=\"@Notibras\" \/>\n<meta name=\"twitter:label1\" content=\"Escrito por\" \/>\n\t<meta name=\"twitter:data1\" content=\"Eduardo Mart\u00ednez\" \/>\n\t<meta name=\"twitter:label2\" content=\"Est. tempo de leitura\" \/>\n\t<meta name=\"twitter:data2\" content=\"3 minutos\" \/>\n<script type=\"application\/ld+json\" class=\"yoast-schema-graph\">{\"@context\":\"https:\/\/schema.org\",\"@graph\":[{\"@type\":\"Article\",\"@id\":\"https:\/\/www.notibras.com\/site\/recalque-de-uma-paixao\/#article\",\"isPartOf\":{\"@id\":\"https:\/\/www.notibras.com\/site\/recalque-de-uma-paixao\/\"},\"author\":{\"name\":\"Eduardo Mart\u00ednez\",\"@id\":\"https:\/\/www.notibras.com\/site\/#\/schema\/person\/5b7fabf2aedc3ada2105f03b22b4d3dd\"},\"headline\":\"Recalque de uma paix\u00e3o\",\"datePublished\":\"2026-02-01T05:00:59+00:00\",\"mainEntityOfPage\":{\"@id\":\"https:\/\/www.notibras.com\/site\/recalque-de-uma-paixao\/\"},\"wordCount\":488,\"publisher\":{\"@id\":\"https:\/\/www.notibras.com\/site\/#organization\"},\"image\":{\"@id\":\"https:\/\/www.notibras.com\/site\/recalque-de-uma-paixao\/#primaryimage\"},\"thumbnailUrl\":\"https:\/\/www.notibras.com\/site\/wp-content\/uploads\/2026\/01\/IMG_0747.jpg\",\"articleSection\":[\"Quadradinho em Foco\"],\"inLanguage\":\"pt-BR\"},{\"@type\":\"WebPage\",\"@id\":\"https:\/\/www.notibras.com\/site\/recalque-de-uma-paixao\/\",\"url\":\"https:\/\/www.notibras.com\/site\/recalque-de-uma-paixao\/\",\"name\":\"Recalque de uma paix\u00e3o - Notibras\",\"isPartOf\":{\"@id\":\"https:\/\/www.notibras.com\/site\/#website\"},\"primaryImageOfPage\":{\"@id\":\"https:\/\/www.notibras.com\/site\/recalque-de-uma-paixao\/#primaryimage\"},\"image\":{\"@id\":\"https:\/\/www.notibras.com\/site\/recalque-de-uma-paixao\/#primaryimage\"},\"thumbnailUrl\":\"https:\/\/www.notibras.com\/site\/wp-content\/uploads\/2026\/01\/IMG_0747.jpg\",\"datePublished\":\"2026-02-01T05:00:59+00:00\",\"breadcrumb\":{\"@id\":\"https:\/\/www.notibras.com\/site\/recalque-de-uma-paixao\/#breadcrumb\"},\"inLanguage\":\"pt-BR\",\"potentialAction\":[{\"@type\":\"ReadAction\",\"target\":[\"https:\/\/www.notibras.com\/site\/recalque-de-uma-paixao\/\"]}]},{\"@type\":\"ImageObject\",\"inLanguage\":\"pt-BR\",\"@id\":\"https:\/\/www.notibras.com\/site\/recalque-de-uma-paixao\/#primaryimage\",\"url\":\"https:\/\/www.notibras.com\/site\/wp-content\/uploads\/2026\/01\/IMG_0747.jpg\",\"contentUrl\":\"https:\/\/www.notibras.com\/site\/wp-content\/uploads\/2026\/01\/IMG_0747.jpg\",\"width\":1015,\"height\":937},{\"@type\":\"BreadcrumbList\",\"@id\":\"https:\/\/www.notibras.com\/site\/recalque-de-uma-paixao\/#breadcrumb\",\"itemListElement\":[{\"@type\":\"ListItem\",\"position\":1,\"name\":\"In\u00edcio\",\"item\":\"https:\/\/www.notibras.com\/site\/\"},{\"@type\":\"ListItem\",\"position\":2,\"name\":\"Recalque de uma paix\u00e3o\"}]},{\"@type\":\"WebSite\",\"@id\":\"https:\/\/www.notibras.com\/site\/#website\",\"url\":\"https:\/\/www.notibras.com\/site\/\",\"name\":\"Notibras\",\"description\":\"Not\u00edcias de Bras\u00edlia, do Brasil e do Mundo\",\"publisher\":{\"@id\":\"https:\/\/www.notibras.com\/site\/#organization\"},\"potentialAction\":[{\"@type\":\"SearchAction\",\"target\":{\"@type\":\"EntryPoint\",\"urlTemplate\":\"https:\/\/www.notibras.com\/site\/?s={search_term_string}\"},\"query-input\":{\"@type\":\"PropertyValueSpecification\",\"valueRequired\":true,\"valueName\":\"search_term_string\"}}],\"inLanguage\":\"pt-BR\"},{\"@type\":\"Organization\",\"@id\":\"https:\/\/www.notibras.com\/site\/#organization\",\"name\":\"Grupo Notibras de Comunica\u00e7\u00e3o\",\"url\":\"https:\/\/www.notibras.com\/site\/\",\"logo\":{\"@type\":\"ImageObject\",\"inLanguage\":\"pt-BR\",\"@id\":\"https:\/\/www.notibras.com\/site\/#\/schema\/logo\/image\/\",\"url\":\"https:\/\/www.notibras.com\/site\/wp-content\/uploads\/2023\/01\/notibras23.png\",\"contentUrl\":\"https:\/\/www.notibras.com\/site\/wp-content\/uploads\/2023\/01\/notibras23.png\",\"width\":350,\"height\":87,\"caption\":\"Grupo Notibras de Comunica\u00e7\u00e3o\"},\"image\":{\"@id\":\"https:\/\/www.notibras.com\/site\/#\/schema\/logo\/image\/\"},\"sameAs\":[\"https:\/\/www.facebook.com\/notibras\/\",\"https:\/\/x.com\/Notibras\",\"https:\/\/www.instagram.com\/notibras\/\"]},{\"@type\":\"Person\",\"@id\":\"https:\/\/www.notibras.com\/site\/#\/schema\/person\/5b7fabf2aedc3ada2105f03b22b4d3dd\",\"name\":\"Eduardo Mart\u00ednez\",\"image\":{\"@type\":\"ImageObject\",\"inLanguage\":\"pt-BR\",\"@id\":\"https:\/\/secure.gravatar.com\/avatar\/7902f906289926289cbcda644b5197c796b893c6ffd7b9a536a42d290f7704a0?s=96&d=mm&r=g\",\"url\":\"https:\/\/secure.gravatar.com\/avatar\/7902f906289926289cbcda644b5197c796b893c6ffd7b9a536a42d290f7704a0?s=96&d=mm&r=g\",\"contentUrl\":\"https:\/\/secure.gravatar.com\/avatar\/7902f906289926289cbcda644b5197c796b893c6ffd7b9a536a42d290f7704a0?s=96&d=mm&r=g\",\"caption\":\"Eduardo Mart\u00ednez\"}}]}<\/script>\n<!-- \/ Yoast SEO plugin. -->","yoast_head_json":{"title":"Recalque de uma paix\u00e3o - Notibras","robots":{"index":"index","follow":"follow","max-snippet":"max-snippet:-1","max-image-preview":"max-image-preview:large","max-video-preview":"max-video-preview:-1"},"canonical":"https:\/\/www.notibras.com\/site\/recalque-de-uma-paixao\/","og_locale":"pt_BR","og_type":"article","og_title":"Recalque de uma paix\u00e3o - Notibras","og_description":"Leopoldo fazia quest\u00e3o de se fechar como ostra. Foi o modo como ele havia encontrado para n\u00e3o revelar as fragilidades que lhes eram pr\u00f3prias. Se fosse ator, seria escada para a estrela de pe\u00e7a ou pel\u00edcula. Deitado no div\u00e3, o sujeito buscava se entender aos olhos atentos de uma psic\u00f3loga. \u2014 Voc\u00ea me acha recalcado? [&hellip;]","og_url":"https:\/\/www.notibras.com\/site\/recalque-de-uma-paixao\/","og_site_name":"Notibras","article_publisher":"https:\/\/www.facebook.com\/notibras\/","article_published_time":"2026-02-01T05:00:59+00:00","og_image":[{"width":1015,"height":937,"url":"https:\/\/www.notibras.com\/site\/wp-content\/uploads\/2026\/01\/IMG_0747.jpg","type":"image\/jpeg"}],"author":"Eduardo Mart\u00ednez","twitter_card":"summary_large_image","twitter_creator":"@Notibras","twitter_site":"@Notibras","twitter_misc":{"Escrito por":"Eduardo Mart\u00ednez","Est. tempo de leitura":"3 minutos"},"schema":{"@context":"https:\/\/schema.org","@graph":[{"@type":"Article","@id":"https:\/\/www.notibras.com\/site\/recalque-de-uma-paixao\/#article","isPartOf":{"@id":"https:\/\/www.notibras.com\/site\/recalque-de-uma-paixao\/"},"author":{"name":"Eduardo Mart\u00ednez","@id":"https:\/\/www.notibras.com\/site\/#\/schema\/person\/5b7fabf2aedc3ada2105f03b22b4d3dd"},"headline":"Recalque de uma paix\u00e3o","datePublished":"2026-02-01T05:00:59+00:00","mainEntityOfPage":{"@id":"https:\/\/www.notibras.com\/site\/recalque-de-uma-paixao\/"},"wordCount":488,"publisher":{"@id":"https:\/\/www.notibras.com\/site\/#organization"},"image":{"@id":"https:\/\/www.notibras.com\/site\/recalque-de-uma-paixao\/#primaryimage"},"thumbnailUrl":"https:\/\/www.notibras.com\/site\/wp-content\/uploads\/2026\/01\/IMG_0747.jpg","articleSection":["Quadradinho em Foco"],"inLanguage":"pt-BR"},{"@type":"WebPage","@id":"https:\/\/www.notibras.com\/site\/recalque-de-uma-paixao\/","url":"https:\/\/www.notibras.com\/site\/recalque-de-uma-paixao\/","name":"Recalque de uma paix\u00e3o - Notibras","isPartOf":{"@id":"https:\/\/www.notibras.com\/site\/#website"},"primaryImageOfPage":{"@id":"https:\/\/www.notibras.com\/site\/recalque-de-uma-paixao\/#primaryimage"},"image":{"@id":"https:\/\/www.notibras.com\/site\/recalque-de-uma-paixao\/#primaryimage"},"thumbnailUrl":"https:\/\/www.notibras.com\/site\/wp-content\/uploads\/2026\/01\/IMG_0747.jpg","datePublished":"2026-02-01T05:00:59+00:00","breadcrumb":{"@id":"https:\/\/www.notibras.com\/site\/recalque-de-uma-paixao\/#breadcrumb"},"inLanguage":"pt-BR","potentialAction":[{"@type":"ReadAction","target":["https:\/\/www.notibras.com\/site\/recalque-de-uma-paixao\/"]}]},{"@type":"ImageObject","inLanguage":"pt-BR","@id":"https:\/\/www.notibras.com\/site\/recalque-de-uma-paixao\/#primaryimage","url":"https:\/\/www.notibras.com\/site\/wp-content\/uploads\/2026\/01\/IMG_0747.jpg","contentUrl":"https:\/\/www.notibras.com\/site\/wp-content\/uploads\/2026\/01\/IMG_0747.jpg","width":1015,"height":937},{"@type":"BreadcrumbList","@id":"https:\/\/www.notibras.com\/site\/recalque-de-uma-paixao\/#breadcrumb","itemListElement":[{"@type":"ListItem","position":1,"name":"In\u00edcio","item":"https:\/\/www.notibras.com\/site\/"},{"@type":"ListItem","position":2,"name":"Recalque de uma paix\u00e3o"}]},{"@type":"WebSite","@id":"https:\/\/www.notibras.com\/site\/#website","url":"https:\/\/www.notibras.com\/site\/","name":"Notibras","description":"Not\u00edcias de Bras\u00edlia, do Brasil e do Mundo","publisher":{"@id":"https:\/\/www.notibras.com\/site\/#organization"},"potentialAction":[{"@type":"SearchAction","target":{"@type":"EntryPoint","urlTemplate":"https:\/\/www.notibras.com\/site\/?s={search_term_string}"},"query-input":{"@type":"PropertyValueSpecification","valueRequired":true,"valueName":"search_term_string"}}],"inLanguage":"pt-BR"},{"@type":"Organization","@id":"https:\/\/www.notibras.com\/site\/#organization","name":"Grupo Notibras de Comunica\u00e7\u00e3o","url":"https:\/\/www.notibras.com\/site\/","logo":{"@type":"ImageObject","inLanguage":"pt-BR","@id":"https:\/\/www.notibras.com\/site\/#\/schema\/logo\/image\/","url":"https:\/\/www.notibras.com\/site\/wp-content\/uploads\/2023\/01\/notibras23.png","contentUrl":"https:\/\/www.notibras.com\/site\/wp-content\/uploads\/2023\/01\/notibras23.png","width":350,"height":87,"caption":"Grupo Notibras de Comunica\u00e7\u00e3o"},"image":{"@id":"https:\/\/www.notibras.com\/site\/#\/schema\/logo\/image\/"},"sameAs":["https:\/\/www.facebook.com\/notibras\/","https:\/\/x.com\/Notibras","https:\/\/www.instagram.com\/notibras\/"]},{"@type":"Person","@id":"https:\/\/www.notibras.com\/site\/#\/schema\/person\/5b7fabf2aedc3ada2105f03b22b4d3dd","name":"Eduardo Mart\u00ednez","image":{"@type":"ImageObject","inLanguage":"pt-BR","@id":"https:\/\/secure.gravatar.com\/avatar\/7902f906289926289cbcda644b5197c796b893c6ffd7b9a536a42d290f7704a0?s=96&d=mm&r=g","url":"https:\/\/secure.gravatar.com\/avatar\/7902f906289926289cbcda644b5197c796b893c6ffd7b9a536a42d290f7704a0?s=96&d=mm&r=g","contentUrl":"https:\/\/secure.gravatar.com\/avatar\/7902f906289926289cbcda644b5197c796b893c6ffd7b9a536a42d290f7704a0?s=96&d=mm&r=g","caption":"Eduardo Mart\u00ednez"}}]}},"amp_enabled":true,"_links":{"self":[{"href":"https:\/\/www.notibras.com\/site\/wp-json\/wp\/v2\/posts\/381132","targetHints":{"allow":["GET"]}}],"collection":[{"href":"https:\/\/www.notibras.com\/site\/wp-json\/wp\/v2\/posts"}],"about":[{"href":"https:\/\/www.notibras.com\/site\/wp-json\/wp\/v2\/types\/post"}],"author":[{"embeddable":true,"href":"https:\/\/www.notibras.com\/site\/wp-json\/wp\/v2\/users\/21"}],"replies":[{"embeddable":true,"href":"https:\/\/www.notibras.com\/site\/wp-json\/wp\/v2\/comments?post=381132"}],"version-history":[{"count":2,"href":"https:\/\/www.notibras.com\/site\/wp-json\/wp\/v2\/posts\/381132\/revisions"}],"predecessor-version":[{"id":381135,"href":"https:\/\/www.notibras.com\/site\/wp-json\/wp\/v2\/posts\/381132\/revisions\/381135"}],"wp:featuredmedia":[{"embeddable":true,"href":"https:\/\/www.notibras.com\/site\/wp-json\/wp\/v2\/media\/381133"}],"wp:attachment":[{"href":"https:\/\/www.notibras.com\/site\/wp-json\/wp\/v2\/media?parent=381132"}],"wp:term":[{"taxonomy":"category","embeddable":true,"href":"https:\/\/www.notibras.com\/site\/wp-json\/wp\/v2\/categories?post=381132"},{"taxonomy":"post_tag","embeddable":true,"href":"https:\/\/www.notibras.com\/site\/wp-json\/wp\/v2\/tags?post=381132"}],"curies":[{"name":"wp","href":"https:\/\/api.w.org\/{rel}","templated":true}]}}