{"id":381191,"date":"2026-01-30T00:00:29","date_gmt":"2026-01-30T03:00:29","guid":{"rendered":"https:\/\/www.notibras.com\/site\/?p=381191"},"modified":"2026-01-30T08:05:58","modified_gmt":"2026-01-30T11:05:58","slug":"interdicao-de-passarelas-na-ponte-da-br-316-preocupa-moradores","status":"publish","type":"post","link":"https:\/\/www.notibras.com\/site\/interdicao-de-passarelas-na-ponte-da-br-316-preocupa-moradores\/","title":{"rendered":"Interdi\u00e7\u00e3o de passarelas na ponte da BR-316 preocupa moradores"},"content":{"rendered":"<p>Moradores de Bacabal, cidade a cerca de 240 km de S\u00e3o Lu\u00eds, relatam preocupa\u00e7\u00e3o com a interdi\u00e7\u00e3o das passarelas laterais da ponte da BR-316, sobre o rio Mearim. As estruturas, cuja constru\u00e7\u00e3o come\u00e7ou em mar\u00e7o de 2023, apresentaram problemas e precisaram ser interditadas.<\/p>\n<p>De acordo com o Departamento Nacional de Infraestrutura de Transportes (DNIT), as passarelas foram projetadas para reduzir os riscos a pedestres e ciclistas, que atualmente precisam dividir espa\u00e7o com o tr\u00e1fego intenso de ve\u00edculos na BR-316.<\/p>\n<p>A comerciante Maria Andrade afirma que, antes mesmo da inaugura\u00e7\u00e3o, as passarelas j\u00e1 vinham sendo utilizadas de forma irregular. Segundo ela, algumas pessoas retiravam as sinaliza\u00e7\u00f5es colocadas pelos bombeiros para impedir o acesso ao local.<\/p>\n<p>\u201cPassava a moto, passava a carro, passava o triciclo, a\u00ed n\u00e3o tinha como. A\u00ed os bombeiros fecharam, os meninos fecharam e eles arrebentavam e passavam novamente.\u201d afirmou a comerciante.<\/p>\n<p>Um dos problemas identificados foi o afundamento da rampa de acesso no sentido centro\u2013bairros, que acabou cedendo e ficando inclinada. Segundo o DNIT, para evitar o agravamento da situa\u00e7\u00e3o, foi necess\u00e1ria a interdi\u00e7\u00e3o das duas passarelas. Uma semana ap\u00f3s a interdi\u00e7\u00e3o, os reparos foram iniciados.<\/p>\n<p>\u201cPorque se tem deixado aprontar, entregar, a\u00ed tudo bem, estava a seguran\u00e7a a mais. Se n\u00e3o, come\u00e7ou a passar at\u00e9 carro, moto, a\u00ed olha o que aconteceu. Est\u00e1 a\u00ed, correndo risco de uma pessoa cair. Se n\u00e3o isola logo a\u00ed, talvez j\u00e1 tinha at\u00e9 ca\u00eddo alguma pessoa a\u00ed dentro.\u201d destacou Evangelista.<\/p>\n<p>O vendedor Evangelista F\u00e9lix, que acompanha diariamente o movimento de pessoas na regi\u00e3o, destacou a import\u00e2ncia do isolamento da \u00e1rea para evitar acidentes.<\/p>\n<p>Em nota, o DNIT informou que a previs\u00e3o \u00e9 de que os servi\u00e7os sejam conclu\u00eddos at\u00e9 o fim de fevereiro. Ap\u00f3s a conclus\u00e3o dos reparos, as passarelas s\u00f3 ser\u00e3o liberadas para uso depois de uma vistoria t\u00e9cnica.<\/p>\n","protected":false},"excerpt":{"rendered":"<p>Moradores de Bacabal, cidade a cerca de 240 km de S\u00e3o Lu\u00eds, relatam preocupa\u00e7\u00e3o com a interdi\u00e7\u00e3o das passarelas laterais da ponte da BR-316, sobre o rio Mearim. As estruturas, cuja constru\u00e7\u00e3o come\u00e7ou em mar\u00e7o de 2023, apresentaram problemas e precisaram ser interditadas. De acordo com o Departamento Nacional de Infraestrutura de Transportes (DNIT), as [&hellip;]<\/p>\n","protected":false},"author":2,"featured_media":381192,"comment_status":"closed","ping_status":"closed","sticky":false,"template":"","format":"standard","meta":{"_acf_changed":false,"footnotes":""},"categories":[165],"tags":[],"class_list":["post-381191","post","type-post","status-publish","format-standard","has-post-thumbnail","hentry","category-nordeste"],"acf":[],"_links":{"self":[{"href":"https:\/\/www.notibras.com\/site\/wp-json\/wp\/v2\/posts\/381191","targetHints":{"allow":["GET"]}}],"collection":[{"href":"https:\/\/www.notibras.com\/site\/wp-json\/wp\/v2\/posts"}],"about":[{"href":"https:\/\/www.notibras.com\/site\/wp-json\/wp\/v2\/types\/post"}],"author":[{"embeddable":true,"href":"https:\/\/www.notibras.com\/site\/wp-json\/wp\/v2\/users\/2"}],"replies":[{"embeddable":true,"href":"https:\/\/www.notibras.com\/site\/wp-json\/wp\/v2\/comments?post=381191"}],"version-history":[{"count":1,"href":"https:\/\/www.notibras.com\/site\/wp-json\/wp\/v2\/posts\/381191\/revisions"}],"predecessor-version":[{"id":381193,"href":"https:\/\/www.notibras.com\/site\/wp-json\/wp\/v2\/posts\/381191\/revisions\/381193"}],"wp:featuredmedia":[{"embeddable":true,"href":"https:\/\/www.notibras.com\/site\/wp-json\/wp\/v2\/media\/381192"}],"wp:attachment":[{"href":"https:\/\/www.notibras.com\/site\/wp-json\/wp\/v2\/media?parent=381191"}],"wp:term":[{"taxonomy":"category","embeddable":true,"href":"https:\/\/www.notibras.com\/site\/wp-json\/wp\/v2\/categories?post=381191"},{"taxonomy":"post_tag","embeddable":true,"href":"https:\/\/www.notibras.com\/site\/wp-json\/wp\/v2\/tags?post=381191"}],"curies":[{"name":"wp","href":"https:\/\/api.w.org\/{rel}","templated":true}]}}