{"id":381194,"date":"2026-01-30T00:00:06","date_gmt":"2026-01-30T03:00:06","guid":{"rendered":"https:\/\/www.notibras.com\/site\/?p=381194"},"modified":"2026-01-30T08:09:07","modified_gmt":"2026-01-30T11:09:07","slug":"ar-condicionado-pega-fogo-e-causa-incendio-na-delegacia-da-mulher","status":"publish","type":"post","link":"https:\/\/www.notibras.com\/site\/ar-condicionado-pega-fogo-e-causa-incendio-na-delegacia-da-mulher\/","title":{"rendered":"Ar-condicionado pega fogo e causa inc\u00eandio na Delegacia da Mulher"},"content":{"rendered":"<p>Um princ\u00edpio de inc\u00eandio atingiu uma Delegacia Especializada no Atendimento \u00e0 Mulher (Deam), em Sousa, no Sert\u00e3o da Para\u00edba, na noite de quarta-feira (28). De acordo com informa\u00e7\u00f5es da Pol\u00edcia Civil, as chamas come\u00e7aram ap\u00f3s um curto-circuito em um ar-condicionado de um dos alojamentos.<\/p>\n<p>Uma per\u00edcia foi realizada na manh\u00e3 seguinte. O per\u00edodo Vin\u00edcius Pinho S\u00e1 informou que houve uma queda de energia na cidade, e o ar-condicionado ligou e desligou v\u00e1rias vezes, gerando um curto-circuito.<\/p>\n<p>\u201cO foco inicial foi em um ar-condicionado antigo, que j\u00e1 apresentava problemas de funcionamento, segundo relatos. Devido a uma falta de energia ontem, no hor\u00e1rio em que aconteceu, esse ar-condicionado desligou e ligou v\u00e1rias vezes, e ocorreu que pegou fogo\u201d.<\/p>\n<p>Um policial que estava na delegacia no momento percebeu a fuma\u00e7a e ligou para o Corpo de Bombeiros, que conseguiu apagar as chamas antes que se espalhassem para todo o pr\u00e9dio. N\u00e3o houve feridos.<\/p>\n","protected":false},"excerpt":{"rendered":"<p>Um princ\u00edpio de inc\u00eandio atingiu uma Delegacia Especializada no Atendimento \u00e0 Mulher (Deam), em Sousa, no Sert\u00e3o da Para\u00edba, na noite de quarta-feira (28). De acordo com informa\u00e7\u00f5es da Pol\u00edcia Civil, as chamas come\u00e7aram ap\u00f3s um curto-circuito em um ar-condicionado de um dos alojamentos. Uma per\u00edcia foi realizada na manh\u00e3 seguinte. O per\u00edodo Vin\u00edcius Pinho [&hellip;]<\/p>\n","protected":false},"author":2,"featured_media":381195,"comment_status":"closed","ping_status":"closed","sticky":false,"template":"","format":"standard","meta":{"_acf_changed":false,"footnotes":""},"categories":[165],"tags":[],"class_list":["post-381194","post","type-post","status-publish","format-standard","has-post-thumbnail","hentry","category-nordeste"],"acf":[],"_links":{"self":[{"href":"https:\/\/www.notibras.com\/site\/wp-json\/wp\/v2\/posts\/381194","targetHints":{"allow":["GET"]}}],"collection":[{"href":"https:\/\/www.notibras.com\/site\/wp-json\/wp\/v2\/posts"}],"about":[{"href":"https:\/\/www.notibras.com\/site\/wp-json\/wp\/v2\/types\/post"}],"author":[{"embeddable":true,"href":"https:\/\/www.notibras.com\/site\/wp-json\/wp\/v2\/users\/2"}],"replies":[{"embeddable":true,"href":"https:\/\/www.notibras.com\/site\/wp-json\/wp\/v2\/comments?post=381194"}],"version-history":[{"count":1,"href":"https:\/\/www.notibras.com\/site\/wp-json\/wp\/v2\/posts\/381194\/revisions"}],"predecessor-version":[{"id":381196,"href":"https:\/\/www.notibras.com\/site\/wp-json\/wp\/v2\/posts\/381194\/revisions\/381196"}],"wp:featuredmedia":[{"embeddable":true,"href":"https:\/\/www.notibras.com\/site\/wp-json\/wp\/v2\/media\/381195"}],"wp:attachment":[{"href":"https:\/\/www.notibras.com\/site\/wp-json\/wp\/v2\/media?parent=381194"}],"wp:term":[{"taxonomy":"category","embeddable":true,"href":"https:\/\/www.notibras.com\/site\/wp-json\/wp\/v2\/categories?post=381194"},{"taxonomy":"post_tag","embeddable":true,"href":"https:\/\/www.notibras.com\/site\/wp-json\/wp\/v2\/tags?post=381194"}],"curies":[{"name":"wp","href":"https:\/\/api.w.org\/{rel}","templated":true}]}}