{"id":381197,"date":"2026-01-30T00:01:19","date_gmt":"2026-01-30T03:01:19","guid":{"rendered":"https:\/\/www.notibras.com\/site\/?p=381197"},"modified":"2026-01-30T08:13:04","modified_gmt":"2026-01-30T11:13:04","slug":"policia-rodoviaria-apreende-500-mil-cigarros-contrabandeados","status":"publish","type":"post","link":"https:\/\/www.notibras.com\/site\/policia-rodoviaria-apreende-500-mil-cigarros-contrabandeados\/","title":{"rendered":"Pol\u00edcia Rodovi\u00e1ria apreende 500 mil cigarros contrabandeados"},"content":{"rendered":"<p>A Pol\u00edcia Rodovi\u00e1ria Federal (PRF) apreendeu na noite da quinta-feira (29), 500 mil cigarros contrabandeados em um carro em Rio Largo, na Regi\u00e3o Metropolitana de Macei\u00f3. A carga, que n\u00e3o teve o valor avaliado, estava distribu\u00edda em 50 caixas do produto.<\/p>\n<p>O motorista do ve\u00edculo informou \u00e0 PRF que pegou o carro com a carga em um posto de combust\u00edvel localizado em Panelas (PE).<\/p>\n<p>Ainda de acordo com ele, os cigarros seriam deixados \u00e0s margens da rodovia federal pr\u00f3xima ao Aeroporto Internacional Zumbi dos Palmares. Ele recebeu R$ 300 pelo transporte.<\/p>\n<p>Os agentes informaram que o homem n\u00e3o disse os dados do propriet\u00e1rio do ve\u00edculo e nem forneceu informa\u00e7\u00f5es que possibilitassem a identifica\u00e7\u00e3o do destinat\u00e1rio da carga.<\/p>\n<p>As caixas com cigarros foram apreendidas e encaminhadas \u00e0 Superintend\u00eancia da Pol\u00edcia Federal, em Macei\u00f3. N\u00e3o h\u00e1 informa\u00e7\u00f5es se o homem ficou preso pelo transporte da carga clandestina.<\/p>\n","protected":false},"excerpt":{"rendered":"<p>A Pol\u00edcia Rodovi\u00e1ria Federal (PRF) apreendeu na noite da quinta-feira (29), 500 mil cigarros contrabandeados em um carro em Rio Largo, na Regi\u00e3o Metropolitana de Macei\u00f3. A carga, que n\u00e3o teve o valor avaliado, estava distribu\u00edda em 50 caixas do produto. O motorista do ve\u00edculo informou \u00e0 PRF que pegou o carro com a carga [&hellip;]<\/p>\n","protected":false},"author":2,"featured_media":381198,"comment_status":"closed","ping_status":"closed","sticky":false,"template":"","format":"standard","meta":{"_acf_changed":false,"footnotes":""},"categories":[165],"tags":[],"class_list":["post-381197","post","type-post","status-publish","format-standard","has-post-thumbnail","hentry","category-nordeste"],"acf":[],"_links":{"self":[{"href":"https:\/\/www.notibras.com\/site\/wp-json\/wp\/v2\/posts\/381197","targetHints":{"allow":["GET"]}}],"collection":[{"href":"https:\/\/www.notibras.com\/site\/wp-json\/wp\/v2\/posts"}],"about":[{"href":"https:\/\/www.notibras.com\/site\/wp-json\/wp\/v2\/types\/post"}],"author":[{"embeddable":true,"href":"https:\/\/www.notibras.com\/site\/wp-json\/wp\/v2\/users\/2"}],"replies":[{"embeddable":true,"href":"https:\/\/www.notibras.com\/site\/wp-json\/wp\/v2\/comments?post=381197"}],"version-history":[{"count":1,"href":"https:\/\/www.notibras.com\/site\/wp-json\/wp\/v2\/posts\/381197\/revisions"}],"predecessor-version":[{"id":381199,"href":"https:\/\/www.notibras.com\/site\/wp-json\/wp\/v2\/posts\/381197\/revisions\/381199"}],"wp:featuredmedia":[{"embeddable":true,"href":"https:\/\/www.notibras.com\/site\/wp-json\/wp\/v2\/media\/381198"}],"wp:attachment":[{"href":"https:\/\/www.notibras.com\/site\/wp-json\/wp\/v2\/media?parent=381197"}],"wp:term":[{"taxonomy":"category","embeddable":true,"href":"https:\/\/www.notibras.com\/site\/wp-json\/wp\/v2\/categories?post=381197"},{"taxonomy":"post_tag","embeddable":true,"href":"https:\/\/www.notibras.com\/site\/wp-json\/wp\/v2\/tags?post=381197"}],"curies":[{"name":"wp","href":"https:\/\/api.w.org\/{rel}","templated":true}]}}